{"id":6571,"date":"2023-06-07T07:09:23","date_gmt":"2023-06-07T10:09:23","guid":{"rendered":"https:\/\/brasilnoticias.org\/site\/?p=6571"},"modified":"2023-06-07T07:17:12","modified_gmt":"2023-06-07T10:17:12","slug":"vitoria-vence-mais-uma-fora-de-casa-e-mantem-lideranca-da-serie-b","status":"publish","type":"post","link":"https:\/\/brasilnoticias.org\/site\/vitoria-vence-mais-uma-fora-de-casa-e-mantem-lideranca-da-serie-b\/","title":{"rendered":"Vit\u00f3ria vence mais uma fora de casa e mant\u00e9m lideran\u00e7a da S\u00e9rie B"},"content":{"rendered":"<p>O Vit\u00f3ria conseguiu mais uma vit\u00f3ria fora de casa, a quarta nesta S\u00e9rie B, na noite desta ter\u00e7a-feira (6), contra o Tombense. Com o resultado, o rubro negro baiano mant\u00e9m a lideran\u00e7a do campeonato pelo menos at\u00e9 o fim desta d\u00e9cima primeira rodada, j\u00e1 que n\u00e3o pode ser ultrapassado por nenhum time. O jogo terminou com o placar de 2&#215;1, com gols marcados por Wellington Nem, no 1\u00ba tempo, e Santiago Tr\u00e9llez, na segunda etapa de p\u00eanalti. O gol do Tombense foi marcado por Marcelinho.<\/p>\n<p>O Vit\u00f3ria come\u00e7ou o jogo ditando o ritmo da partida e teve sua primeira chance aos 4&#8242;, com Osvaldo entrando na \u00e1rea e finalizando, o goleiro Felipe Garcia deu rebote, mas Tr\u00e9llez n\u00e3o conseguiu chegar. A segunda chance veio novamente com Osvaldo, aos 16&#8242;, o camisa 11 cortou para dentro e finalizou de fora da \u00e1rea, a bola passou perto do travess\u00e3o. O gol do Le\u00e3o veio aos 22&#8242;, com Wellington Nem experimentando de fora da \u00e1rea e acertando o canto do gol advers\u00e1rio.<\/p>\n<p>Aos 26&#8242; quase que o rubro negro amplia, ap\u00f3s linda trama ofensiva com Tr\u00e9llez e Wellington Nem, Osvaldo recebeu dentro da \u00e1rea e finaizou colocado, a bola raspou a trave. A primeira chance do Tombense veio aos 28&#8242;, com Fernan\u00e3o acertando uma linda bicicleta dentro da \u00e1rea e obrigando Thiago Rodrigues a salvar o Vit\u00f3ria. Aos 36&#8242; mais uma chance do time mineiro, dessa vez Marcelinho recebeu dentro da \u00e1rea e finalizou forte, a boal explodiu na trave.<\/p>\n<p>SEGUNDO TEMPO<\/p>\n<p>No segundo tempo o Vit\u00f3ria voltou mais uma vez tentando dominar a partida e logo aos 5&#8242; teve um p\u00eanalti marcada ao seu favor ap\u00f3s Roger Carvalho botar a m\u00e3o na bola dentro da \u00e1rea. Na cobran\u00e7a, Santiago Tr\u00e9llez cobrou forte e alto, sem chance para Felipe Garcia. Al\u00e9m do p\u00eanalti, o zagueiro do Tombense foi expulso pelo segundo cart\u00e3o amarelo. O Le\u00e3o passou a dominar a posse de bola, mas sem assustar o time mineiro.<\/p>\n<p>O Tombense come\u00e7ou a gostar do jogo e levou perigo ao gol de Thiago Rodrigues aos 29&#8242;, com Matheus Frizzo cobrando falta frontal pr\u00f3ximo do travess\u00e3o. O Vit\u00f3ria teve a chance de matar o jogo aos 36&#8242;, com Railan recebendo um lindo passe de Osvlado dentro da \u00e1rea, mas isolou a finaliza\u00e7\u00e3o. O Tombense conseguiu marcar seu gol aos 40&#8242;, com Marcelinho acertando um lindo chute de fora da \u00e1rea sem chances de defesa.<\/p>\n<p><iframe loading=\"lazy\" width=\"507\" height=\"285\" src=\"https:\/\/www.youtube.com\/embed\/1kSegRN732M\" title=\"TOMBENSE 1 X 2 VIT\u00d3RIA | MELHORES MOMENTOS | 11\u00aa RODADA BRASILEIR\u00c3O S\u00c9RIE B 2023 | ge.globo\" frameborder=\"0\" allow=\"accelerometer; autoplay; clipboard-write; encrypted-media; gyroscope; picture-in-picture; web-share\" allowfullscreen><\/iframe><\/p>\n<p>BNews<br \/>\nFoto: Victor Ferreira\/EC Vit\u00f3ria<\/p>\n","protected":false},"excerpt":{"rendered":"<p>O Vit\u00f3ria conseguiu mais uma vit\u00f3ria fora de casa, a quarta nesta S\u00e9rie B, na noite desta ter\u00e7a-feira (6), contra<\/p>\n","protected":false},"author":1,"featured_media":6572,"comment_status":"open","ping_status":"open","sticky":false,"template":"","format":"standard","meta":{"colormag_page_container_layout":"default_layout","colormag_page_sidebar_layout":"default_layout","_FSMCFIC_featured_image_caption":"","_FSMCFIC_featured_image_nocaption":"","_FSMCFIC_featured_image_hide":"","footnotes":""},"categories":[4,1],"tags":[],"class_list":["post-6571","post","type-post","status-publish","format-standard","has-post-thumbnail","hentry","category-esporte","category-ultimas"],"yoast_head":"<!-- This site is optimized with the Yoast SEO plugin v27.1.1 - https:\/\/yoast.com\/product\/yoast-seo-wordpress\/ -->\n<title>Vit\u00f3ria vence mais uma fora de casa e mant\u00e9m lideran\u00e7a da S\u00e9rie B - Brasil not\u00edcias<\/title>\n<meta name=\"robots\" content=\"index, follow, max-snippet:-1, max-image-preview:large, max-video-preview:-1\" \/>\n<link rel=\"canonical\" href=\"https:\/\/brasilnoticias.org\/site\/vitoria-vence-mais-uma-fora-de-casa-e-mantem-lideranca-da-serie-b\/\" \/>\n<meta property=\"og:locale\" content=\"pt_PT\" \/>\n<meta property=\"og:type\" content=\"article\" \/>\n<meta property=\"og:title\" content=\"Vit\u00f3ria vence mais uma fora de casa e mant\u00e9m lideran\u00e7a da S\u00e9rie B - Brasil not\u00edcias\" \/>\n<meta property=\"og:description\" content=\"O Vit\u00f3ria conseguiu mais uma vit\u00f3ria fora de casa, a quarta nesta S\u00e9rie B, na noite desta ter\u00e7a-feira (6), contra\" \/>\n<meta property=\"og:url\" content=\"https:\/\/brasilnoticias.org\/site\/vitoria-vence-mais-uma-fora-de-casa-e-mantem-lideranca-da-serie-b\/\" \/>\n<meta property=\"og:site_name\" content=\"Brasil not\u00edcias\" \/>\n<meta property=\"article:published_time\" content=\"2023-06-07T10:09:23+00:00\" \/>\n<meta property=\"article:modified_time\" content=\"2023-06-07T10:17:12+00:00\" \/>\n<meta property=\"og:image\" content=\"https:\/\/brasilnoticias.org\/site\/wp-content\/uploads\/2023\/06\/vic_4673_widelg.jpg\" \/>\n\t<meta property=\"og:image:width\" content=\"800\" \/>\n\t<meta property=\"og:image:height\" content=\"450\" \/>\n\t<meta property=\"og:image:type\" content=\"image\/jpeg\" \/>\n<meta name=\"author\" content=\"Reda\u00e7\u00e3o\" \/>\n<meta name=\"twitter:card\" content=\"summary_large_image\" \/>\n<meta name=\"twitter:label1\" content=\"Escrito por\" \/>\n\t<meta name=\"twitter:data1\" content=\"Reda\u00e7\u00e3o\" \/>\n\t<meta name=\"twitter:label2\" content=\"Tempo estimado de leitura\" \/>\n\t<meta name=\"twitter:data2\" content=\"3 minutos\" \/>\n<script type=\"application\/ld+json\" class=\"yoast-schema-graph\">{\"@context\":\"https:\/\/schema.org\",\"@graph\":[{\"@type\":\"Article\",\"@id\":\"https:\/\/brasilnoticias.org\/site\/vitoria-vence-mais-uma-fora-de-casa-e-mantem-lideranca-da-serie-b\/#article\",\"isPartOf\":{\"@id\":\"https:\/\/brasilnoticias.org\/site\/vitoria-vence-mais-uma-fora-de-casa-e-mantem-lideranca-da-serie-b\/\"},\"author\":{\"name\":\"Reda\u00e7\u00e3o\",\"@id\":\"https:\/\/brasilnoticias.org\/site\/#\/schema\/person\/a0e05b973ec4d15c658d51911e53507b\"},\"headline\":\"Vit\u00f3ria vence mais uma fora de casa e mant\u00e9m lideran\u00e7a da S\u00e9rie B\",\"datePublished\":\"2023-06-07T10:09:23+00:00\",\"dateModified\":\"2023-06-07T10:17:12+00:00\",\"mainEntityOfPage\":{\"@id\":\"https:\/\/brasilnoticias.org\/site\/vitoria-vence-mais-uma-fora-de-casa-e-mantem-lideranca-da-serie-b\/\"},\"wordCount\":456,\"commentCount\":0,\"publisher\":{\"@id\":\"https:\/\/brasilnoticias.org\/site\/#organization\"},\"image\":{\"@id\":\"https:\/\/brasilnoticias.org\/site\/vitoria-vence-mais-uma-fora-de-casa-e-mantem-lideranca-da-serie-b\/#primaryimage\"},\"thumbnailUrl\":\"https:\/\/brasilnoticias.org\/site\/wp-content\/uploads\/2023\/06\/vic_4673_widelg.jpg\",\"articleSection\":[\"Esporte\",\"\u00daltimas\"],\"inLanguage\":\"pt-PT\",\"potentialAction\":[{\"@type\":\"CommentAction\",\"name\":\"Comment\",\"target\":[\"https:\/\/brasilnoticias.org\/site\/vitoria-vence-mais-uma-fora-de-casa-e-mantem-lideranca-da-serie-b\/#respond\"]}]},{\"@type\":\"WebPage\",\"@id\":\"https:\/\/brasilnoticias.org\/site\/vitoria-vence-mais-uma-fora-de-casa-e-mantem-lideranca-da-serie-b\/\",\"url\":\"https:\/\/brasilnoticias.org\/site\/vitoria-vence-mais-uma-fora-de-casa-e-mantem-lideranca-da-serie-b\/\",\"name\":\"Vit\u00f3ria vence mais uma fora de casa e mant\u00e9m lideran\u00e7a da S\u00e9rie B - Brasil not\u00edcias\",\"isPartOf\":{\"@id\":\"https:\/\/brasilnoticias.org\/site\/#website\"},\"primaryImageOfPage\":{\"@id\":\"https:\/\/brasilnoticias.org\/site\/vitoria-vence-mais-uma-fora-de-casa-e-mantem-lideranca-da-serie-b\/#primaryimage\"},\"image\":{\"@id\":\"https:\/\/brasilnoticias.org\/site\/vitoria-vence-mais-uma-fora-de-casa-e-mantem-lideranca-da-serie-b\/#primaryimage\"},\"thumbnailUrl\":\"https:\/\/brasilnoticias.org\/site\/wp-content\/uploads\/2023\/06\/vic_4673_widelg.jpg\",\"datePublished\":\"2023-06-07T10:09:23+00:00\",\"dateModified\":\"2023-06-07T10:17:12+00:00\",\"breadcrumb\":{\"@id\":\"https:\/\/brasilnoticias.org\/site\/vitoria-vence-mais-uma-fora-de-casa-e-mantem-lideranca-da-serie-b\/#breadcrumb\"},\"inLanguage\":\"pt-PT\",\"potentialAction\":[{\"@type\":\"ReadAction\",\"target\":[\"https:\/\/brasilnoticias.org\/site\/vitoria-vence-mais-uma-fora-de-casa-e-mantem-lideranca-da-serie-b\/\"]}]},{\"@type\":\"ImageObject\",\"inLanguage\":\"pt-PT\",\"@id\":\"https:\/\/brasilnoticias.org\/site\/vitoria-vence-mais-uma-fora-de-casa-e-mantem-lideranca-da-serie-b\/#primaryimage\",\"url\":\"https:\/\/brasilnoticias.org\/site\/wp-content\/uploads\/2023\/06\/vic_4673_widelg.jpg\",\"contentUrl\":\"https:\/\/brasilnoticias.org\/site\/wp-content\/uploads\/2023\/06\/vic_4673_widelg.jpg\",\"width\":800,\"height\":450},{\"@type\":\"BreadcrumbList\",\"@id\":\"https:\/\/brasilnoticias.org\/site\/vitoria-vence-mais-uma-fora-de-casa-e-mantem-lideranca-da-serie-b\/#breadcrumb\",\"itemListElement\":[{\"@type\":\"ListItem\",\"position\":1,\"name\":\"In\u00edcio\",\"item\":\"https:\/\/brasilnoticias.org\/site\/\"},{\"@type\":\"ListItem\",\"position\":2,\"name\":\"Vit\u00f3ria vence mais uma fora de casa e mant\u00e9m lideran\u00e7a da S\u00e9rie B\"}]},{\"@type\":\"WebSite\",\"@id\":\"https:\/\/brasilnoticias.org\/site\/#website\",\"url\":\"https:\/\/brasilnoticias.org\/site\/\",\"name\":\"Brasil not\u00edcias\",\"description\":\"Brasil not\u00edcias\",\"publisher\":{\"@id\":\"https:\/\/brasilnoticias.org\/site\/#organization\"},\"potentialAction\":[{\"@type\":\"SearchAction\",\"target\":{\"@type\":\"EntryPoint\",\"urlTemplate\":\"https:\/\/brasilnoticias.org\/site\/?s={search_term_string}\"},\"query-input\":{\"@type\":\"PropertyValueSpecification\",\"valueRequired\":true,\"valueName\":\"search_term_string\"}}],\"inLanguage\":\"pt-PT\"},{\"@type\":\"Organization\",\"@id\":\"https:\/\/brasilnoticias.org\/site\/#organization\",\"name\":\"Brasil not\u00edcias\",\"url\":\"https:\/\/brasilnoticias.org\/site\/\",\"logo\":{\"@type\":\"ImageObject\",\"inLanguage\":\"pt-PT\",\"@id\":\"https:\/\/brasilnoticias.org\/site\/#\/schema\/logo\/image\/\",\"url\":\"https:\/\/brasilnoticias.org\/site\/wp-content\/uploads\/2022\/05\/cropped-brasilnoticias-mini.jpg\",\"contentUrl\":\"https:\/\/brasilnoticias.org\/site\/wp-content\/uploads\/2022\/05\/cropped-brasilnoticias-mini.jpg\",\"width\":314,\"height\":86,\"caption\":\"Brasil not\u00edcias\"},\"image\":{\"@id\":\"https:\/\/brasilnoticias.org\/site\/#\/schema\/logo\/image\/\"}},{\"@type\":\"Person\",\"@id\":\"https:\/\/brasilnoticias.org\/site\/#\/schema\/person\/a0e05b973ec4d15c658d51911e53507b\",\"name\":\"Reda\u00e7\u00e3o\",\"image\":{\"@type\":\"ImageObject\",\"inLanguage\":\"pt-PT\",\"@id\":\"https:\/\/brasilnoticias.org\/site\/#\/schema\/person\/image\/\",\"url\":\"https:\/\/secure.gravatar.com\/avatar\/75d8b050df2de108b08ae78dfb8e374892df24a383c67db9c46a9c604f6aee9c?s=96&d=mm&r=g\",\"contentUrl\":\"https:\/\/secure.gravatar.com\/avatar\/75d8b050df2de108b08ae78dfb8e374892df24a383c67db9c46a9c604f6aee9c?s=96&d=mm&r=g\",\"caption\":\"Reda\u00e7\u00e3o\"},\"sameAs\":[\"https:\/\/brasilnoticias.org\/site\"],\"url\":\"https:\/\/brasilnoticias.org\/site\/author\/fernandozsngmail-com\/\"}]}<\/script>\n<!-- \/ Yoast SEO plugin. -->","yoast_head_json":{"title":"Vit\u00f3ria vence mais uma fora de casa e mant\u00e9m lideran\u00e7a da S\u00e9rie B - Brasil not\u00edcias","robots":{"index":"index","follow":"follow","max-snippet":"max-snippet:-1","max-image-preview":"max-image-preview:large","max-video-preview":"max-video-preview:-1"},"canonical":"https:\/\/brasilnoticias.org\/site\/vitoria-vence-mais-uma-fora-de-casa-e-mantem-lideranca-da-serie-b\/","og_locale":"pt_PT","og_type":"article","og_title":"Vit\u00f3ria vence mais uma fora de casa e mant\u00e9m lideran\u00e7a da S\u00e9rie B - Brasil not\u00edcias","og_description":"O Vit\u00f3ria conseguiu mais uma vit\u00f3ria fora de casa, a quarta nesta S\u00e9rie B, na noite desta ter\u00e7a-feira (6), contra","og_url":"https:\/\/brasilnoticias.org\/site\/vitoria-vence-mais-uma-fora-de-casa-e-mantem-lideranca-da-serie-b\/","og_site_name":"Brasil not\u00edcias","article_published_time":"2023-06-07T10:09:23+00:00","article_modified_time":"2023-06-07T10:17:12+00:00","og_image":[{"width":800,"height":450,"url":"https:\/\/brasilnoticias.org\/site\/wp-content\/uploads\/2023\/06\/vic_4673_widelg.jpg","type":"image\/jpeg"}],"author":"Reda\u00e7\u00e3o","twitter_card":"summary_large_image","twitter_misc":{"Escrito por":"Reda\u00e7\u00e3o","Tempo estimado de leitura":"3 minutos"},"schema":{"@context":"https:\/\/schema.org","@graph":[{"@type":"Article","@id":"https:\/\/brasilnoticias.org\/site\/vitoria-vence-mais-uma-fora-de-casa-e-mantem-lideranca-da-serie-b\/#article","isPartOf":{"@id":"https:\/\/brasilnoticias.org\/site\/vitoria-vence-mais-uma-fora-de-casa-e-mantem-lideranca-da-serie-b\/"},"author":{"name":"Reda\u00e7\u00e3o","@id":"https:\/\/brasilnoticias.org\/site\/#\/schema\/person\/a0e05b973ec4d15c658d51911e53507b"},"headline":"Vit\u00f3ria vence mais uma fora de casa e mant\u00e9m lideran\u00e7a da S\u00e9rie B","datePublished":"2023-06-07T10:09:23+00:00","dateModified":"2023-06-07T10:17:12+00:00","mainEntityOfPage":{"@id":"https:\/\/brasilnoticias.org\/site\/vitoria-vence-mais-uma-fora-de-casa-e-mantem-lideranca-da-serie-b\/"},"wordCount":456,"commentCount":0,"publisher":{"@id":"https:\/\/brasilnoticias.org\/site\/#organization"},"image":{"@id":"https:\/\/brasilnoticias.org\/site\/vitoria-vence-mais-uma-fora-de-casa-e-mantem-lideranca-da-serie-b\/#primaryimage"},"thumbnailUrl":"https:\/\/brasilnoticias.org\/site\/wp-content\/uploads\/2023\/06\/vic_4673_widelg.jpg","articleSection":["Esporte","\u00daltimas"],"inLanguage":"pt-PT","potentialAction":[{"@type":"CommentAction","name":"Comment","target":["https:\/\/brasilnoticias.org\/site\/vitoria-vence-mais-uma-fora-de-casa-e-mantem-lideranca-da-serie-b\/#respond"]}]},{"@type":"WebPage","@id":"https:\/\/brasilnoticias.org\/site\/vitoria-vence-mais-uma-fora-de-casa-e-mantem-lideranca-da-serie-b\/","url":"https:\/\/brasilnoticias.org\/site\/vitoria-vence-mais-uma-fora-de-casa-e-mantem-lideranca-da-serie-b\/","name":"Vit\u00f3ria vence mais uma fora de casa e mant\u00e9m lideran\u00e7a da S\u00e9rie B - Brasil not\u00edcias","isPartOf":{"@id":"https:\/\/brasilnoticias.org\/site\/#website"},"primaryImageOfPage":{"@id":"https:\/\/brasilnoticias.org\/site\/vitoria-vence-mais-uma-fora-de-casa-e-mantem-lideranca-da-serie-b\/#primaryimage"},"image":{"@id":"https:\/\/brasilnoticias.org\/site\/vitoria-vence-mais-uma-fora-de-casa-e-mantem-lideranca-da-serie-b\/#primaryimage"},"thumbnailUrl":"https:\/\/brasilnoticias.org\/site\/wp-content\/uploads\/2023\/06\/vic_4673_widelg.jpg","datePublished":"2023-06-07T10:09:23+00:00","dateModified":"2023-06-07T10:17:12+00:00","breadcrumb":{"@id":"https:\/\/brasilnoticias.org\/site\/vitoria-vence-mais-uma-fora-de-casa-e-mantem-lideranca-da-serie-b\/#breadcrumb"},"inLanguage":"pt-PT","potentialAction":[{"@type":"ReadAction","target":["https:\/\/brasilnoticias.org\/site\/vitoria-vence-mais-uma-fora-de-casa-e-mantem-lideranca-da-serie-b\/"]}]},{"@type":"ImageObject","inLanguage":"pt-PT","@id":"https:\/\/brasilnoticias.org\/site\/vitoria-vence-mais-uma-fora-de-casa-e-mantem-lideranca-da-serie-b\/#primaryimage","url":"https:\/\/brasilnoticias.org\/site\/wp-content\/uploads\/2023\/06\/vic_4673_widelg.jpg","contentUrl":"https:\/\/brasilnoticias.org\/site\/wp-content\/uploads\/2023\/06\/vic_4673_widelg.jpg","width":800,"height":450},{"@type":"BreadcrumbList","@id":"https:\/\/brasilnoticias.org\/site\/vitoria-vence-mais-uma-fora-de-casa-e-mantem-lideranca-da-serie-b\/#breadcrumb","itemListElement":[{"@type":"ListItem","position":1,"name":"In\u00edcio","item":"https:\/\/brasilnoticias.org\/site\/"},{"@type":"ListItem","position":2,"name":"Vit\u00f3ria vence mais uma fora de casa e mant\u00e9m lideran\u00e7a da S\u00e9rie B"}]},{"@type":"WebSite","@id":"https:\/\/brasilnoticias.org\/site\/#website","url":"https:\/\/brasilnoticias.org\/site\/","name":"Brasil not\u00edcias","description":"Brasil not\u00edcias","publisher":{"@id":"https:\/\/brasilnoticias.org\/site\/#organization"},"potentialAction":[{"@type":"SearchAction","target":{"@type":"EntryPoint","urlTemplate":"https:\/\/brasilnoticias.org\/site\/?s={search_term_string}"},"query-input":{"@type":"PropertyValueSpecification","valueRequired":true,"valueName":"search_term_string"}}],"inLanguage":"pt-PT"},{"@type":"Organization","@id":"https:\/\/brasilnoticias.org\/site\/#organization","name":"Brasil not\u00edcias","url":"https:\/\/brasilnoticias.org\/site\/","logo":{"@type":"ImageObject","inLanguage":"pt-PT","@id":"https:\/\/brasilnoticias.org\/site\/#\/schema\/logo\/image\/","url":"https:\/\/brasilnoticias.org\/site\/wp-content\/uploads\/2022\/05\/cropped-brasilnoticias-mini.jpg","contentUrl":"https:\/\/brasilnoticias.org\/site\/wp-content\/uploads\/2022\/05\/cropped-brasilnoticias-mini.jpg","width":314,"height":86,"caption":"Brasil not\u00edcias"},"image":{"@id":"https:\/\/brasilnoticias.org\/site\/#\/schema\/logo\/image\/"}},{"@type":"Person","@id":"https:\/\/brasilnoticias.org\/site\/#\/schema\/person\/a0e05b973ec4d15c658d51911e53507b","name":"Reda\u00e7\u00e3o","image":{"@type":"ImageObject","inLanguage":"pt-PT","@id":"https:\/\/brasilnoticias.org\/site\/#\/schema\/person\/image\/","url":"https:\/\/secure.gravatar.com\/avatar\/75d8b050df2de108b08ae78dfb8e374892df24a383c67db9c46a9c604f6aee9c?s=96&d=mm&r=g","contentUrl":"https:\/\/secure.gravatar.com\/avatar\/75d8b050df2de108b08ae78dfb8e374892df24a383c67db9c46a9c604f6aee9c?s=96&d=mm&r=g","caption":"Reda\u00e7\u00e3o"},"sameAs":["https:\/\/brasilnoticias.org\/site"],"url":"https:\/\/brasilnoticias.org\/site\/author\/fernandozsngmail-com\/"}]}},"_links":{"self":[{"href":"https:\/\/brasilnoticias.org\/site\/wp-json\/wp\/v2\/posts\/6571","targetHints":{"allow":["GET"]}}],"collection":[{"href":"https:\/\/brasilnoticias.org\/site\/wp-json\/wp\/v2\/posts"}],"about":[{"href":"https:\/\/brasilnoticias.org\/site\/wp-json\/wp\/v2\/types\/post"}],"author":[{"embeddable":true,"href":"https:\/\/brasilnoticias.org\/site\/wp-json\/wp\/v2\/users\/1"}],"replies":[{"embeddable":true,"href":"https:\/\/brasilnoticias.org\/site\/wp-json\/wp\/v2\/comments?post=6571"}],"version-history":[{"count":2,"href":"https:\/\/brasilnoticias.org\/site\/wp-json\/wp\/v2\/posts\/6571\/revisions"}],"predecessor-version":[{"id":6574,"href":"https:\/\/brasilnoticias.org\/site\/wp-json\/wp\/v2\/posts\/6571\/revisions\/6574"}],"wp:featuredmedia":[{"embeddable":true,"href":"https:\/\/brasilnoticias.org\/site\/wp-json\/wp\/v2\/media\/6572"}],"wp:attachment":[{"href":"https:\/\/brasilnoticias.org\/site\/wp-json\/wp\/v2\/media?parent=6571"}],"wp:term":[{"taxonomy":"category","embeddable":true,"href":"https:\/\/brasilnoticias.org\/site\/wp-json\/wp\/v2\/categories?post=6571"},{"taxonomy":"post_tag","embeddable":true,"href":"https:\/\/brasilnoticias.org\/site\/wp-json\/wp\/v2\/tags?post=6571"}],"curies":[{"name":"wp","href":"https:\/\/api.w.org\/{rel}","templated":true}]}}