{"id":6582,"date":"2023-06-07T17:52:43","date_gmt":"2023-06-07T20:52:43","guid":{"rendered":"https:\/\/brasilnoticias.org\/site\/?p=6582"},"modified":"2023-06-07T17:52:43","modified_gmt":"2023-06-07T20:52:43","slug":"empresario-e-baleado-durante-tentativa-de-homicidio-saiba-detalhes","status":"publish","type":"post","link":"https:\/\/brasilnoticias.org\/site\/empresario-e-baleado-durante-tentativa-de-homicidio-saiba-detalhes\/","title":{"rendered":"Empres\u00e1rio \u00e9 baleado durante tentativa de homic\u00eddio, saiba detalhes"},"content":{"rendered":"<p>Um homem de 42 anos, identificado como Antonimar Ara\u00fajo de Oliveira foi baleado nesta segunda-feira (05), durante tentativa de homic\u00eddio em Balsas, munic\u00edpio do Maranh\u00e3o.<\/p>\n<p>A v\u00edtima estava na frente da empresa em que trabalha e foi surpreendido pelos suspeitos, recebendo tr\u00eas tiros.<\/p>\n<p>Segundo informa\u00e7\u00f5es do Tenente-Coronel Rog\u00e9rio Silva, comandante do 4\u00ba BPM, o homem n\u00e3o tem passagens pela pol\u00edcia e nem inimigos. &#8220;Foi feita uma pesquisa da v\u00edtima, n\u00e3o tem passagem pela pol\u00edcia. Segundo a fam\u00edlia, a pessoa n\u00e3o tinha inimigos aparentes, ent\u00e3o toda uma estrutura de investiga\u00e7\u00e3o est\u00e1 sendo montada para consolida\u00e7\u00e3o dos autores do crime&#8221;, explicou.  <\/p>\n<p>Antonimar foi socorrido e levado para um hospital da regi\u00e3o, onde est\u00e1 internado em estado grave. Ap\u00f3s a\u00e7\u00e3o, os suspeitos fugiram do local.<\/p>\n<p>A Pol\u00edcia Civil disse que ainda n\u00e3o se sabe a motiva\u00e7\u00e3o do crime, mas est\u00e3o trabalhando com c\u00e2meras de seguran\u00e7a, para identificar os respons\u00e1veis pelos tiros.<\/p>\n<p>J\u00e1 a Pol\u00edcia Militar relatou que est\u00e1 \u00e0 procura dos culpados e a suspeita \u00e9 que o crime tenha sido premeditado. &#8220;Os autores j\u00e1 conheciam a rotina da v\u00edtima. Ent\u00e3o foi percebido que ele estaria em um certo hor\u00e1rio naquela localidade e foi percebido que a v\u00edtima buscava uma rotina. Em posse dessas informa\u00e7\u00f5es, os autores dois no ve\u00edculo buscaram essa din\u00e2mica para efetivar o crime&#8221;, relataram.<\/p>\n<p>Foto Reprodu\u00e7\u00e3o\/TV Mirante<br \/>\nBNews<\/p>\n","protected":false},"excerpt":{"rendered":"<p>Um homem de 42 anos, identificado como Antonimar Ara\u00fajo de Oliveira foi baleado nesta segunda-feira (05), durante tentativa de homic\u00eddio<\/p>\n","protected":false},"author":1,"featured_media":6584,"comment_status":"open","ping_status":"open","sticky":false,"template":"","format":"standard","meta":{"colormag_page_container_layout":"default_layout","colormag_page_sidebar_layout":"default_layout","_FSMCFIC_featured_image_caption":"","_FSMCFIC_featured_image_nocaption":"","_FSMCFIC_featured_image_hide":"","footnotes":""},"categories":[2,1],"tags":[],"class_list":["post-6582","post","type-post","status-publish","format-standard","has-post-thumbnail","hentry","category-noticias","category-ultimas"],"yoast_head":"<!-- This site is optimized with the Yoast SEO plugin v27.1.1 - https:\/\/yoast.com\/product\/yoast-seo-wordpress\/ -->\n<title>Empres\u00e1rio \u00e9 baleado durante tentativa de homic\u00eddio, saiba detalhes - Brasil not\u00edcias<\/title>\n<meta name=\"robots\" content=\"index, follow, max-snippet:-1, max-image-preview:large, max-video-preview:-1\" \/>\n<link rel=\"canonical\" href=\"https:\/\/brasilnoticias.org\/site\/empresario-e-baleado-durante-tentativa-de-homicidio-saiba-detalhes\/\" \/>\n<meta property=\"og:locale\" content=\"pt_PT\" \/>\n<meta property=\"og:type\" content=\"article\" \/>\n<meta property=\"og:title\" content=\"Empres\u00e1rio \u00e9 baleado durante tentativa de homic\u00eddio, saiba detalhes - Brasil not\u00edcias\" \/>\n<meta property=\"og:description\" content=\"Um homem de 42 anos, identificado como Antonimar Ara\u00fajo de Oliveira foi baleado nesta segunda-feira (05), durante tentativa de homic\u00eddio\" \/>\n<meta property=\"og:url\" content=\"https:\/\/brasilnoticias.org\/site\/empresario-e-baleado-durante-tentativa-de-homicidio-saiba-detalhes\/\" \/>\n<meta property=\"og:site_name\" content=\"Brasil not\u00edcias\" \/>\n<meta property=\"article:published_time\" content=\"2023-06-07T20:52:43+00:00\" \/>\n<meta property=\"og:image\" content=\"https:\/\/brasilnoticias.org\/site\/wp-content\/uploads\/2023\/06\/copia_de_capa_de_materia_LUfboT1_widelg.jpg\" \/>\n\t<meta property=\"og:image:width\" content=\"800\" \/>\n\t<meta property=\"og:image:height\" content=\"450\" \/>\n\t<meta property=\"og:image:type\" content=\"image\/jpeg\" \/>\n<meta name=\"author\" content=\"Reda\u00e7\u00e3o\" \/>\n<meta name=\"twitter:card\" content=\"summary_large_image\" \/>\n<meta name=\"twitter:label1\" content=\"Escrito por\" \/>\n\t<meta name=\"twitter:data1\" content=\"Reda\u00e7\u00e3o\" \/>\n<script type=\"application\/ld+json\" class=\"yoast-schema-graph\">{\"@context\":\"https:\/\/schema.org\",\"@graph\":[{\"@type\":\"Article\",\"@id\":\"https:\/\/brasilnoticias.org\/site\/empresario-e-baleado-durante-tentativa-de-homicidio-saiba-detalhes\/#article\",\"isPartOf\":{\"@id\":\"https:\/\/brasilnoticias.org\/site\/empresario-e-baleado-durante-tentativa-de-homicidio-saiba-detalhes\/\"},\"author\":{\"name\":\"Reda\u00e7\u00e3o\",\"@id\":\"https:\/\/brasilnoticias.org\/site\/#\/schema\/person\/a0e05b973ec4d15c658d51911e53507b\"},\"headline\":\"Empres\u00e1rio \u00e9 baleado durante tentativa de homic\u00eddio, saiba detalhes\",\"datePublished\":\"2023-06-07T20:52:43+00:00\",\"mainEntityOfPage\":{\"@id\":\"https:\/\/brasilnoticias.org\/site\/empresario-e-baleado-durante-tentativa-de-homicidio-saiba-detalhes\/\"},\"wordCount\":262,\"commentCount\":0,\"publisher\":{\"@id\":\"https:\/\/brasilnoticias.org\/site\/#organization\"},\"image\":{\"@id\":\"https:\/\/brasilnoticias.org\/site\/empresario-e-baleado-durante-tentativa-de-homicidio-saiba-detalhes\/#primaryimage\"},\"thumbnailUrl\":\"https:\/\/brasilnoticias.org\/site\/wp-content\/uploads\/2023\/06\/copia_de_capa_de_materia_LUfboT1_widelg.jpg\",\"articleSection\":[\"Not\u00edcias\",\"\u00daltimas\"],\"inLanguage\":\"pt-PT\",\"potentialAction\":[{\"@type\":\"CommentAction\",\"name\":\"Comment\",\"target\":[\"https:\/\/brasilnoticias.org\/site\/empresario-e-baleado-durante-tentativa-de-homicidio-saiba-detalhes\/#respond\"]}]},{\"@type\":\"WebPage\",\"@id\":\"https:\/\/brasilnoticias.org\/site\/empresario-e-baleado-durante-tentativa-de-homicidio-saiba-detalhes\/\",\"url\":\"https:\/\/brasilnoticias.org\/site\/empresario-e-baleado-durante-tentativa-de-homicidio-saiba-detalhes\/\",\"name\":\"Empres\u00e1rio \u00e9 baleado durante tentativa de homic\u00eddio, saiba detalhes - Brasil not\u00edcias\",\"isPartOf\":{\"@id\":\"https:\/\/brasilnoticias.org\/site\/#website\"},\"primaryImageOfPage\":{\"@id\":\"https:\/\/brasilnoticias.org\/site\/empresario-e-baleado-durante-tentativa-de-homicidio-saiba-detalhes\/#primaryimage\"},\"image\":{\"@id\":\"https:\/\/brasilnoticias.org\/site\/empresario-e-baleado-durante-tentativa-de-homicidio-saiba-detalhes\/#primaryimage\"},\"thumbnailUrl\":\"https:\/\/brasilnoticias.org\/site\/wp-content\/uploads\/2023\/06\/copia_de_capa_de_materia_LUfboT1_widelg.jpg\",\"datePublished\":\"2023-06-07T20:52:43+00:00\",\"breadcrumb\":{\"@id\":\"https:\/\/brasilnoticias.org\/site\/empresario-e-baleado-durante-tentativa-de-homicidio-saiba-detalhes\/#breadcrumb\"},\"inLanguage\":\"pt-PT\",\"potentialAction\":[{\"@type\":\"ReadAction\",\"target\":[\"https:\/\/brasilnoticias.org\/site\/empresario-e-baleado-durante-tentativa-de-homicidio-saiba-detalhes\/\"]}]},{\"@type\":\"ImageObject\",\"inLanguage\":\"pt-PT\",\"@id\":\"https:\/\/brasilnoticias.org\/site\/empresario-e-baleado-durante-tentativa-de-homicidio-saiba-detalhes\/#primaryimage\",\"url\":\"https:\/\/brasilnoticias.org\/site\/wp-content\/uploads\/2023\/06\/copia_de_capa_de_materia_LUfboT1_widelg.jpg\",\"contentUrl\":\"https:\/\/brasilnoticias.org\/site\/wp-content\/uploads\/2023\/06\/copia_de_capa_de_materia_LUfboT1_widelg.jpg\",\"width\":800,\"height\":450},{\"@type\":\"BreadcrumbList\",\"@id\":\"https:\/\/brasilnoticias.org\/site\/empresario-e-baleado-durante-tentativa-de-homicidio-saiba-detalhes\/#breadcrumb\",\"itemListElement\":[{\"@type\":\"ListItem\",\"position\":1,\"name\":\"In\u00edcio\",\"item\":\"https:\/\/brasilnoticias.org\/site\/\"},{\"@type\":\"ListItem\",\"position\":2,\"name\":\"Empres\u00e1rio \u00e9 baleado durante tentativa de homic\u00eddio, saiba detalhes\"}]},{\"@type\":\"WebSite\",\"@id\":\"https:\/\/brasilnoticias.org\/site\/#website\",\"url\":\"https:\/\/brasilnoticias.org\/site\/\",\"name\":\"Brasil not\u00edcias\",\"description\":\"Brasil not\u00edcias\",\"publisher\":{\"@id\":\"https:\/\/brasilnoticias.org\/site\/#organization\"},\"potentialAction\":[{\"@type\":\"SearchAction\",\"target\":{\"@type\":\"EntryPoint\",\"urlTemplate\":\"https:\/\/brasilnoticias.org\/site\/?s={search_term_string}\"},\"query-input\":{\"@type\":\"PropertyValueSpecification\",\"valueRequired\":true,\"valueName\":\"search_term_string\"}}],\"inLanguage\":\"pt-PT\"},{\"@type\":\"Organization\",\"@id\":\"https:\/\/brasilnoticias.org\/site\/#organization\",\"name\":\"Brasil not\u00edcias\",\"url\":\"https:\/\/brasilnoticias.org\/site\/\",\"logo\":{\"@type\":\"ImageObject\",\"inLanguage\":\"pt-PT\",\"@id\":\"https:\/\/brasilnoticias.org\/site\/#\/schema\/logo\/image\/\",\"url\":\"https:\/\/brasilnoticias.org\/site\/wp-content\/uploads\/2022\/05\/cropped-brasilnoticias-mini.jpg\",\"contentUrl\":\"https:\/\/brasilnoticias.org\/site\/wp-content\/uploads\/2022\/05\/cropped-brasilnoticias-mini.jpg\",\"width\":314,\"height\":86,\"caption\":\"Brasil not\u00edcias\"},\"image\":{\"@id\":\"https:\/\/brasilnoticias.org\/site\/#\/schema\/logo\/image\/\"}},{\"@type\":\"Person\",\"@id\":\"https:\/\/brasilnoticias.org\/site\/#\/schema\/person\/a0e05b973ec4d15c658d51911e53507b\",\"name\":\"Reda\u00e7\u00e3o\",\"image\":{\"@type\":\"ImageObject\",\"inLanguage\":\"pt-PT\",\"@id\":\"https:\/\/brasilnoticias.org\/site\/#\/schema\/person\/image\/\",\"url\":\"https:\/\/secure.gravatar.com\/avatar\/75d8b050df2de108b08ae78dfb8e374892df24a383c67db9c46a9c604f6aee9c?s=96&d=mm&r=g\",\"contentUrl\":\"https:\/\/secure.gravatar.com\/avatar\/75d8b050df2de108b08ae78dfb8e374892df24a383c67db9c46a9c604f6aee9c?s=96&d=mm&r=g\",\"caption\":\"Reda\u00e7\u00e3o\"},\"sameAs\":[\"https:\/\/brasilnoticias.org\/site\"],\"url\":\"https:\/\/brasilnoticias.org\/site\/author\/fernandozsngmail-com\/\"}]}<\/script>\n<!-- \/ Yoast SEO plugin. -->","yoast_head_json":{"title":"Empres\u00e1rio \u00e9 baleado durante tentativa de homic\u00eddio, saiba detalhes - Brasil not\u00edcias","robots":{"index":"index","follow":"follow","max-snippet":"max-snippet:-1","max-image-preview":"max-image-preview:large","max-video-preview":"max-video-preview:-1"},"canonical":"https:\/\/brasilnoticias.org\/site\/empresario-e-baleado-durante-tentativa-de-homicidio-saiba-detalhes\/","og_locale":"pt_PT","og_type":"article","og_title":"Empres\u00e1rio \u00e9 baleado durante tentativa de homic\u00eddio, saiba detalhes - Brasil not\u00edcias","og_description":"Um homem de 42 anos, identificado como Antonimar Ara\u00fajo de Oliveira foi baleado nesta segunda-feira (05), durante tentativa de homic\u00eddio","og_url":"https:\/\/brasilnoticias.org\/site\/empresario-e-baleado-durante-tentativa-de-homicidio-saiba-detalhes\/","og_site_name":"Brasil not\u00edcias","article_published_time":"2023-06-07T20:52:43+00:00","og_image":[{"width":800,"height":450,"url":"https:\/\/brasilnoticias.org\/site\/wp-content\/uploads\/2023\/06\/copia_de_capa_de_materia_LUfboT1_widelg.jpg","type":"image\/jpeg"}],"author":"Reda\u00e7\u00e3o","twitter_card":"summary_large_image","twitter_misc":{"Escrito por":"Reda\u00e7\u00e3o"},"schema":{"@context":"https:\/\/schema.org","@graph":[{"@type":"Article","@id":"https:\/\/brasilnoticias.org\/site\/empresario-e-baleado-durante-tentativa-de-homicidio-saiba-detalhes\/#article","isPartOf":{"@id":"https:\/\/brasilnoticias.org\/site\/empresario-e-baleado-durante-tentativa-de-homicidio-saiba-detalhes\/"},"author":{"name":"Reda\u00e7\u00e3o","@id":"https:\/\/brasilnoticias.org\/site\/#\/schema\/person\/a0e05b973ec4d15c658d51911e53507b"},"headline":"Empres\u00e1rio \u00e9 baleado durante tentativa de homic\u00eddio, saiba detalhes","datePublished":"2023-06-07T20:52:43+00:00","mainEntityOfPage":{"@id":"https:\/\/brasilnoticias.org\/site\/empresario-e-baleado-durante-tentativa-de-homicidio-saiba-detalhes\/"},"wordCount":262,"commentCount":0,"publisher":{"@id":"https:\/\/brasilnoticias.org\/site\/#organization"},"image":{"@id":"https:\/\/brasilnoticias.org\/site\/empresario-e-baleado-durante-tentativa-de-homicidio-saiba-detalhes\/#primaryimage"},"thumbnailUrl":"https:\/\/brasilnoticias.org\/site\/wp-content\/uploads\/2023\/06\/copia_de_capa_de_materia_LUfboT1_widelg.jpg","articleSection":["Not\u00edcias","\u00daltimas"],"inLanguage":"pt-PT","potentialAction":[{"@type":"CommentAction","name":"Comment","target":["https:\/\/brasilnoticias.org\/site\/empresario-e-baleado-durante-tentativa-de-homicidio-saiba-detalhes\/#respond"]}]},{"@type":"WebPage","@id":"https:\/\/brasilnoticias.org\/site\/empresario-e-baleado-durante-tentativa-de-homicidio-saiba-detalhes\/","url":"https:\/\/brasilnoticias.org\/site\/empresario-e-baleado-durante-tentativa-de-homicidio-saiba-detalhes\/","name":"Empres\u00e1rio \u00e9 baleado durante tentativa de homic\u00eddio, saiba detalhes - Brasil not\u00edcias","isPartOf":{"@id":"https:\/\/brasilnoticias.org\/site\/#website"},"primaryImageOfPage":{"@id":"https:\/\/brasilnoticias.org\/site\/empresario-e-baleado-durante-tentativa-de-homicidio-saiba-detalhes\/#primaryimage"},"image":{"@id":"https:\/\/brasilnoticias.org\/site\/empresario-e-baleado-durante-tentativa-de-homicidio-saiba-detalhes\/#primaryimage"},"thumbnailUrl":"https:\/\/brasilnoticias.org\/site\/wp-content\/uploads\/2023\/06\/copia_de_capa_de_materia_LUfboT1_widelg.jpg","datePublished":"2023-06-07T20:52:43+00:00","breadcrumb":{"@id":"https:\/\/brasilnoticias.org\/site\/empresario-e-baleado-durante-tentativa-de-homicidio-saiba-detalhes\/#breadcrumb"},"inLanguage":"pt-PT","potentialAction":[{"@type":"ReadAction","target":["https:\/\/brasilnoticias.org\/site\/empresario-e-baleado-durante-tentativa-de-homicidio-saiba-detalhes\/"]}]},{"@type":"ImageObject","inLanguage":"pt-PT","@id":"https:\/\/brasilnoticias.org\/site\/empresario-e-baleado-durante-tentativa-de-homicidio-saiba-detalhes\/#primaryimage","url":"https:\/\/brasilnoticias.org\/site\/wp-content\/uploads\/2023\/06\/copia_de_capa_de_materia_LUfboT1_widelg.jpg","contentUrl":"https:\/\/brasilnoticias.org\/site\/wp-content\/uploads\/2023\/06\/copia_de_capa_de_materia_LUfboT1_widelg.jpg","width":800,"height":450},{"@type":"BreadcrumbList","@id":"https:\/\/brasilnoticias.org\/site\/empresario-e-baleado-durante-tentativa-de-homicidio-saiba-detalhes\/#breadcrumb","itemListElement":[{"@type":"ListItem","position":1,"name":"In\u00edcio","item":"https:\/\/brasilnoticias.org\/site\/"},{"@type":"ListItem","position":2,"name":"Empres\u00e1rio \u00e9 baleado durante tentativa de homic\u00eddio, saiba detalhes"}]},{"@type":"WebSite","@id":"https:\/\/brasilnoticias.org\/site\/#website","url":"https:\/\/brasilnoticias.org\/site\/","name":"Brasil not\u00edcias","description":"Brasil not\u00edcias","publisher":{"@id":"https:\/\/brasilnoticias.org\/site\/#organization"},"potentialAction":[{"@type":"SearchAction","target":{"@type":"EntryPoint","urlTemplate":"https:\/\/brasilnoticias.org\/site\/?s={search_term_string}"},"query-input":{"@type":"PropertyValueSpecification","valueRequired":true,"valueName":"search_term_string"}}],"inLanguage":"pt-PT"},{"@type":"Organization","@id":"https:\/\/brasilnoticias.org\/site\/#organization","name":"Brasil not\u00edcias","url":"https:\/\/brasilnoticias.org\/site\/","logo":{"@type":"ImageObject","inLanguage":"pt-PT","@id":"https:\/\/brasilnoticias.org\/site\/#\/schema\/logo\/image\/","url":"https:\/\/brasilnoticias.org\/site\/wp-content\/uploads\/2022\/05\/cropped-brasilnoticias-mini.jpg","contentUrl":"https:\/\/brasilnoticias.org\/site\/wp-content\/uploads\/2022\/05\/cropped-brasilnoticias-mini.jpg","width":314,"height":86,"caption":"Brasil not\u00edcias"},"image":{"@id":"https:\/\/brasilnoticias.org\/site\/#\/schema\/logo\/image\/"}},{"@type":"Person","@id":"https:\/\/brasilnoticias.org\/site\/#\/schema\/person\/a0e05b973ec4d15c658d51911e53507b","name":"Reda\u00e7\u00e3o","image":{"@type":"ImageObject","inLanguage":"pt-PT","@id":"https:\/\/brasilnoticias.org\/site\/#\/schema\/person\/image\/","url":"https:\/\/secure.gravatar.com\/avatar\/75d8b050df2de108b08ae78dfb8e374892df24a383c67db9c46a9c604f6aee9c?s=96&d=mm&r=g","contentUrl":"https:\/\/secure.gravatar.com\/avatar\/75d8b050df2de108b08ae78dfb8e374892df24a383c67db9c46a9c604f6aee9c?s=96&d=mm&r=g","caption":"Reda\u00e7\u00e3o"},"sameAs":["https:\/\/brasilnoticias.org\/site"],"url":"https:\/\/brasilnoticias.org\/site\/author\/fernandozsngmail-com\/"}]}},"_links":{"self":[{"href":"https:\/\/brasilnoticias.org\/site\/wp-json\/wp\/v2\/posts\/6582","targetHints":{"allow":["GET"]}}],"collection":[{"href":"https:\/\/brasilnoticias.org\/site\/wp-json\/wp\/v2\/posts"}],"about":[{"href":"https:\/\/brasilnoticias.org\/site\/wp-json\/wp\/v2\/types\/post"}],"author":[{"embeddable":true,"href":"https:\/\/brasilnoticias.org\/site\/wp-json\/wp\/v2\/users\/1"}],"replies":[{"embeddable":true,"href":"https:\/\/brasilnoticias.org\/site\/wp-json\/wp\/v2\/comments?post=6582"}],"version-history":[{"count":1,"href":"https:\/\/brasilnoticias.org\/site\/wp-json\/wp\/v2\/posts\/6582\/revisions"}],"predecessor-version":[{"id":6585,"href":"https:\/\/brasilnoticias.org\/site\/wp-json\/wp\/v2\/posts\/6582\/revisions\/6585"}],"wp:featuredmedia":[{"embeddable":true,"href":"https:\/\/brasilnoticias.org\/site\/wp-json\/wp\/v2\/media\/6584"}],"wp:attachment":[{"href":"https:\/\/brasilnoticias.org\/site\/wp-json\/wp\/v2\/media?parent=6582"}],"wp:term":[{"taxonomy":"category","embeddable":true,"href":"https:\/\/brasilnoticias.org\/site\/wp-json\/wp\/v2\/categories?post=6582"},{"taxonomy":"post_tag","embeddable":true,"href":"https:\/\/brasilnoticias.org\/site\/wp-json\/wp\/v2\/tags?post=6582"}],"curies":[{"name":"wp","href":"https:\/\/api.w.org\/{rel}","templated":true}]}}