{"id":659,"date":"2022-05-29T18:32:15","date_gmt":"2022-05-29T21:32:15","guid":{"rendered":"https:\/\/brasilnoticias.org\/site\/?p=659"},"modified":"2022-05-29T18:32:15","modified_gmt":"2022-05-29T21:32:15","slug":"chuvas-causam-56-mortes-e-deixam-outros-56-desaparecidos-no-grande-recife","status":"publish","type":"post","link":"https:\/\/brasilnoticias.org\/site\/chuvas-causam-56-mortes-e-deixam-outros-56-desaparecidos-no-grande-recife\/","title":{"rendered":"CHUVAS CAUSAM 56 MORTES E DEIXAM OUTROS 56 DESAPARECIDOS NO GRANDE RECIFE"},"content":{"rendered":"<p>O n\u00famero de mortos pelos estragos provocados pelas chuvas no Grande Recife entre quarta (25) e este domingo (29) subiu para 56, segundo dados atualizados divulgados pelo governo de Pernambuco. Outras 56 pessoas est\u00e3o desaparecidas. H\u00e1 doze pontos de deslizamentos, nos quais os bombeiros realizam as buscas. Os dados s\u00e3o da Central de Opera\u00e7\u00f5es e do Centro Integrado de Comando e Controle Regional (CICCR) do estado.<\/p>\n<p>At\u00e9 o s\u00e1bado (28), os dados oficiais indicavam 35 \u00f3bitos. Dado o grande n\u00famero de desaparecidos, o n\u00famero ainda pode subir mais. Tamb\u00e9m h\u00e1 registro de 3.957 desabrigados, sobretudo nos munic\u00edpios da regi\u00e3o metropolitana do Recife e na Zona da Mata, e 533 desalojados. O impacto causado pelas chuvas levou nove munic\u00edpios a decretarem situa\u00e7\u00e3o de emerg\u00eancia: Recife, Olinda, Jaboat\u00e3o dos Guararapes, S\u00e3o Jos\u00e9 da Coroa Grande, Moreno, Nazar\u00e9 da Mata, Macaparana, Cabo de Santo Agostinho e S\u00e3o Vicente Ferrer.<\/p>\n<p>Mais cedo, o ministro do Desenvolvimento Regional, Daniel Ferreira, deu uma entrevista coletiva na capital pernambucana na qual confirmou as 56 pessoas desaparecidas, al\u00e9m de 25 feridas. \u201cMesmo o governo do estado e o munic\u00edpio tendo as Defesas Civis muito bem estruturadas, s\u00e3o Defesas Civis reconhecidas nacionalmente, uma chuva dessa magnitude causa estragos em qualquer munic\u00edpio do Brasil\u201d, disse Ferreira.<\/p>\n<p>Ele disse que as equipes permanecer\u00e3o na regi\u00e3o enquanto for necess\u00e1rio e que a popula\u00e7\u00e3o deve manter as medidas protetivas, j\u00e1 que h\u00e1 previs\u00e3o de chuva para os pr\u00f3ximos dias tamb\u00e9m. O presidente Jair Bolsonaro (PL), em rede social, disse que o governo disponibilizou todos os meios para socorrer as fam\u00edlias atingidas e que nesta segunda-feira (30) de manh\u00e3 estar\u00e1 no Recife.<\/p>\n<p>O ministro foi \u00e0 capital pernambucana para se reunir com defesas civis locais e estava acompanhado dos ministros Marcelo Queiroga (Sa\u00fade), Carlos Brito (Turismo) e Ronaldo Bento (Cidadania). O grupo sobrevoou as \u00e1reas mais atingidas, como o Jardim Monte Verde, no bairro do Ibura, zona sul da capital, onde 20 pessoas morreram num deslizamento de terra.<\/p>\n<p>A Prefeitura do Recife pediu para 32 mil fam\u00edlias que vivem em \u00e1reas de risco deixarem suas casas e buscarem os abrigos municipais ou irem para resid\u00eancias de amigos ou familiares. Muitas, por\u00e9m, est\u00e3o isoladas e n\u00e3o conseguem deixar suas casas ou n\u00e3o t\u00eam para onde ir.<\/p>\n<p>S\u00f3 entre as 23h desta sexta (27) e as 11h deste s\u00e1bado foram registradas chuvas que chegaram a 236 mil\u00edmetros em alguns pontos da capital pernambucana, de acordo com a Defesa Civil. Isso equivale a mais de 70% do previsto para todo o m\u00eas de maio na cidade, que \u00e9 de 328,9 mil\u00edmetros.<\/p>\n<p>As buscas foram retomadas neste domingo e envolvem equipes do Ex\u00e9rcito, do Corpo de Bombeiros, das prefeituras e do governo do estado, al\u00e9m de volunt\u00e1rios. A primeira das 44 mortes foi registrada na quarta-feira.<\/p>\n<p>&nbsp;<\/p>\n<p><span class=\"assinatura_exclusiva\">Marcelo Toledo e Jos\u00e9 Matheus Santos \/ Folhapress<\/span><\/p>\n","protected":false},"excerpt":{"rendered":"<p>O n\u00famero de mortos pelos estragos provocados pelas chuvas no Grande Recife entre quarta (25) e este domingo (29) subiu<\/p>\n","protected":false},"author":2,"featured_media":660,"comment_status":"open","ping_status":"open","sticky":false,"template":"","format":"standard","meta":{"colormag_page_container_layout":"default_layout","colormag_page_sidebar_layout":"default_layout","_FSMCFIC_featured_image_caption":"","_FSMCFIC_featured_image_nocaption":"","_FSMCFIC_featured_image_hide":"","footnotes":""},"categories":[2,1],"tags":[],"class_list":["post-659","post","type-post","status-publish","format-standard","has-post-thumbnail","hentry","category-noticias","category-ultimas"],"yoast_head":"<!-- This site is optimized with the Yoast SEO plugin v27.1.1 - https:\/\/yoast.com\/product\/yoast-seo-wordpress\/ -->\n<title>CHUVAS CAUSAM 56 MORTES E DEIXAM OUTROS 56 DESAPARECIDOS NO GRANDE RECIFE - Brasil not\u00edcias<\/title>\n<meta name=\"robots\" content=\"index, follow, max-snippet:-1, max-image-preview:large, max-video-preview:-1\" \/>\n<link rel=\"canonical\" href=\"https:\/\/brasilnoticias.org\/site\/chuvas-causam-56-mortes-e-deixam-outros-56-desaparecidos-no-grande-recife\/\" \/>\n<meta property=\"og:locale\" content=\"pt_PT\" \/>\n<meta property=\"og:type\" content=\"article\" \/>\n<meta property=\"og:title\" content=\"CHUVAS CAUSAM 56 MORTES E DEIXAM OUTROS 56 DESAPARECIDOS NO GRANDE RECIFE - Brasil not\u00edcias\" \/>\n<meta property=\"og:description\" content=\"O n\u00famero de mortos pelos estragos provocados pelas chuvas no Grande Recife entre quarta (25) e este domingo (29) subiu\" \/>\n<meta property=\"og:url\" content=\"https:\/\/brasilnoticias.org\/site\/chuvas-causam-56-mortes-e-deixam-outros-56-desaparecidos-no-grande-recife\/\" \/>\n<meta property=\"og:site_name\" content=\"Brasil not\u00edcias\" \/>\n<meta property=\"article:published_time\" content=\"2022-05-29T21:32:15+00:00\" \/>\n<meta property=\"og:image\" content=\"https:\/\/brasilnoticias.org\/site\/wp-content\/uploads\/2022\/05\/Screenshot_20220529-181453-923.png\" \/>\n\t<meta property=\"og:image:width\" content=\"720\" \/>\n\t<meta property=\"og:image:height\" content=\"697\" \/>\n\t<meta property=\"og:image:type\" content=\"image\/png\" \/>\n<meta name=\"author\" content=\"Reda\u00e7\u00e3o\" \/>\n<meta name=\"twitter:card\" content=\"summary_large_image\" \/>\n<meta name=\"twitter:label1\" content=\"Escrito por\" \/>\n\t<meta name=\"twitter:data1\" content=\"Reda\u00e7\u00e3o\" \/>\n\t<meta name=\"twitter:label2\" content=\"Tempo estimado de leitura\" \/>\n\t<meta name=\"twitter:data2\" content=\"2 minutos\" \/>\n<script type=\"application\/ld+json\" class=\"yoast-schema-graph\">{\"@context\":\"https:\/\/schema.org\",\"@graph\":[{\"@type\":\"Article\",\"@id\":\"https:\/\/brasilnoticias.org\/site\/chuvas-causam-56-mortes-e-deixam-outros-56-desaparecidos-no-grande-recife\/#article\",\"isPartOf\":{\"@id\":\"https:\/\/brasilnoticias.org\/site\/chuvas-causam-56-mortes-e-deixam-outros-56-desaparecidos-no-grande-recife\/\"},\"author\":{\"name\":\"Reda\u00e7\u00e3o\",\"@id\":\"https:\/\/brasilnoticias.org\/site\/#\/schema\/person\/f609fa847b5314f1c8b983342f34c798\"},\"headline\":\"CHUVAS CAUSAM 56 MORTES E DEIXAM OUTROS 56 DESAPARECIDOS NO GRANDE RECIFE\",\"datePublished\":\"2022-05-29T21:32:15+00:00\",\"mainEntityOfPage\":{\"@id\":\"https:\/\/brasilnoticias.org\/site\/chuvas-causam-56-mortes-e-deixam-outros-56-desaparecidos-no-grande-recife\/\"},\"wordCount\":499,\"commentCount\":0,\"publisher\":{\"@id\":\"https:\/\/brasilnoticias.org\/site\/#organization\"},\"image\":{\"@id\":\"https:\/\/brasilnoticias.org\/site\/chuvas-causam-56-mortes-e-deixam-outros-56-desaparecidos-no-grande-recife\/#primaryimage\"},\"thumbnailUrl\":\"https:\/\/brasilnoticias.org\/site\/wp-content\/uploads\/2022\/05\/Screenshot_20220529-181453-923.png\",\"articleSection\":[\"Not\u00edcias\",\"\u00daltimas\"],\"inLanguage\":\"pt-PT\",\"potentialAction\":[{\"@type\":\"CommentAction\",\"name\":\"Comment\",\"target\":[\"https:\/\/brasilnoticias.org\/site\/chuvas-causam-56-mortes-e-deixam-outros-56-desaparecidos-no-grande-recife\/#respond\"]}]},{\"@type\":\"WebPage\",\"@id\":\"https:\/\/brasilnoticias.org\/site\/chuvas-causam-56-mortes-e-deixam-outros-56-desaparecidos-no-grande-recife\/\",\"url\":\"https:\/\/brasilnoticias.org\/site\/chuvas-causam-56-mortes-e-deixam-outros-56-desaparecidos-no-grande-recife\/\",\"name\":\"CHUVAS CAUSAM 56 MORTES E DEIXAM OUTROS 56 DESAPARECIDOS NO GRANDE RECIFE - Brasil not\u00edcias\",\"isPartOf\":{\"@id\":\"https:\/\/brasilnoticias.org\/site\/#website\"},\"primaryImageOfPage\":{\"@id\":\"https:\/\/brasilnoticias.org\/site\/chuvas-causam-56-mortes-e-deixam-outros-56-desaparecidos-no-grande-recife\/#primaryimage\"},\"image\":{\"@id\":\"https:\/\/brasilnoticias.org\/site\/chuvas-causam-56-mortes-e-deixam-outros-56-desaparecidos-no-grande-recife\/#primaryimage\"},\"thumbnailUrl\":\"https:\/\/brasilnoticias.org\/site\/wp-content\/uploads\/2022\/05\/Screenshot_20220529-181453-923.png\",\"datePublished\":\"2022-05-29T21:32:15+00:00\",\"breadcrumb\":{\"@id\":\"https:\/\/brasilnoticias.org\/site\/chuvas-causam-56-mortes-e-deixam-outros-56-desaparecidos-no-grande-recife\/#breadcrumb\"},\"inLanguage\":\"pt-PT\",\"potentialAction\":[{\"@type\":\"ReadAction\",\"target\":[\"https:\/\/brasilnoticias.org\/site\/chuvas-causam-56-mortes-e-deixam-outros-56-desaparecidos-no-grande-recife\/\"]}]},{\"@type\":\"ImageObject\",\"inLanguage\":\"pt-PT\",\"@id\":\"https:\/\/brasilnoticias.org\/site\/chuvas-causam-56-mortes-e-deixam-outros-56-desaparecidos-no-grande-recife\/#primaryimage\",\"url\":\"https:\/\/brasilnoticias.org\/site\/wp-content\/uploads\/2022\/05\/Screenshot_20220529-181453-923.png\",\"contentUrl\":\"https:\/\/brasilnoticias.org\/site\/wp-content\/uploads\/2022\/05\/Screenshot_20220529-181453-923.png\",\"width\":720,\"height\":697},{\"@type\":\"BreadcrumbList\",\"@id\":\"https:\/\/brasilnoticias.org\/site\/chuvas-causam-56-mortes-e-deixam-outros-56-desaparecidos-no-grande-recife\/#breadcrumb\",\"itemListElement\":[{\"@type\":\"ListItem\",\"position\":1,\"name\":\"In\u00edcio\",\"item\":\"https:\/\/brasilnoticias.org\/site\/\"},{\"@type\":\"ListItem\",\"position\":2,\"name\":\"CHUVAS CAUSAM 56 MORTES E DEIXAM OUTROS 56 DESAPARECIDOS NO GRANDE RECIFE\"}]},{\"@type\":\"WebSite\",\"@id\":\"https:\/\/brasilnoticias.org\/site\/#website\",\"url\":\"https:\/\/brasilnoticias.org\/site\/\",\"name\":\"Brasil not\u00edcias\",\"description\":\"Brasil not\u00edcias\",\"publisher\":{\"@id\":\"https:\/\/brasilnoticias.org\/site\/#organization\"},\"potentialAction\":[{\"@type\":\"SearchAction\",\"target\":{\"@type\":\"EntryPoint\",\"urlTemplate\":\"https:\/\/brasilnoticias.org\/site\/?s={search_term_string}\"},\"query-input\":{\"@type\":\"PropertyValueSpecification\",\"valueRequired\":true,\"valueName\":\"search_term_string\"}}],\"inLanguage\":\"pt-PT\"},{\"@type\":\"Organization\",\"@id\":\"https:\/\/brasilnoticias.org\/site\/#organization\",\"name\":\"Brasil not\u00edcias\",\"url\":\"https:\/\/brasilnoticias.org\/site\/\",\"logo\":{\"@type\":\"ImageObject\",\"inLanguage\":\"pt-PT\",\"@id\":\"https:\/\/brasilnoticias.org\/site\/#\/schema\/logo\/image\/\",\"url\":\"https:\/\/brasilnoticias.org\/site\/wp-content\/uploads\/2022\/05\/cropped-brasilnoticias-mini.jpg\",\"contentUrl\":\"https:\/\/brasilnoticias.org\/site\/wp-content\/uploads\/2022\/05\/cropped-brasilnoticias-mini.jpg\",\"width\":314,\"height\":86,\"caption\":\"Brasil not\u00edcias\"},\"image\":{\"@id\":\"https:\/\/brasilnoticias.org\/site\/#\/schema\/logo\/image\/\"}},{\"@type\":\"Person\",\"@id\":\"https:\/\/brasilnoticias.org\/site\/#\/schema\/person\/f609fa847b5314f1c8b983342f34c798\",\"name\":\"Reda\u00e7\u00e3o\",\"image\":{\"@type\":\"ImageObject\",\"inLanguage\":\"pt-PT\",\"@id\":\"https:\/\/brasilnoticias.org\/site\/#\/schema\/person\/image\/\",\"url\":\"https:\/\/secure.gravatar.com\/avatar\/447284c06c1ad8b46465a36de9cd0d8326b73387a22799b8b1ffb1fbcff2ed0c?s=96&d=mm&r=g\",\"contentUrl\":\"https:\/\/secure.gravatar.com\/avatar\/447284c06c1ad8b46465a36de9cd0d8326b73387a22799b8b1ffb1fbcff2ed0c?s=96&d=mm&r=g\",\"caption\":\"Reda\u00e7\u00e3o\"},\"url\":\"https:\/\/brasilnoticias.org\/site\/author\/redacao\/\"}]}<\/script>\n<!-- \/ Yoast SEO plugin. -->","yoast_head_json":{"title":"CHUVAS CAUSAM 56 MORTES E DEIXAM OUTROS 56 DESAPARECIDOS NO GRANDE RECIFE - Brasil not\u00edcias","robots":{"index":"index","follow":"follow","max-snippet":"max-snippet:-1","max-image-preview":"max-image-preview:large","max-video-preview":"max-video-preview:-1"},"canonical":"https:\/\/brasilnoticias.org\/site\/chuvas-causam-56-mortes-e-deixam-outros-56-desaparecidos-no-grande-recife\/","og_locale":"pt_PT","og_type":"article","og_title":"CHUVAS CAUSAM 56 MORTES E DEIXAM OUTROS 56 DESAPARECIDOS NO GRANDE RECIFE - Brasil not\u00edcias","og_description":"O n\u00famero de mortos pelos estragos provocados pelas chuvas no Grande Recife entre quarta (25) e este domingo (29) subiu","og_url":"https:\/\/brasilnoticias.org\/site\/chuvas-causam-56-mortes-e-deixam-outros-56-desaparecidos-no-grande-recife\/","og_site_name":"Brasil not\u00edcias","article_published_time":"2022-05-29T21:32:15+00:00","og_image":[{"width":720,"height":697,"url":"https:\/\/brasilnoticias.org\/site\/wp-content\/uploads\/2022\/05\/Screenshot_20220529-181453-923.png","type":"image\/png"}],"author":"Reda\u00e7\u00e3o","twitter_card":"summary_large_image","twitter_misc":{"Escrito por":"Reda\u00e7\u00e3o","Tempo estimado de leitura":"2 minutos"},"schema":{"@context":"https:\/\/schema.org","@graph":[{"@type":"Article","@id":"https:\/\/brasilnoticias.org\/site\/chuvas-causam-56-mortes-e-deixam-outros-56-desaparecidos-no-grande-recife\/#article","isPartOf":{"@id":"https:\/\/brasilnoticias.org\/site\/chuvas-causam-56-mortes-e-deixam-outros-56-desaparecidos-no-grande-recife\/"},"author":{"name":"Reda\u00e7\u00e3o","@id":"https:\/\/brasilnoticias.org\/site\/#\/schema\/person\/f609fa847b5314f1c8b983342f34c798"},"headline":"CHUVAS CAUSAM 56 MORTES E DEIXAM OUTROS 56 DESAPARECIDOS NO GRANDE RECIFE","datePublished":"2022-05-29T21:32:15+00:00","mainEntityOfPage":{"@id":"https:\/\/brasilnoticias.org\/site\/chuvas-causam-56-mortes-e-deixam-outros-56-desaparecidos-no-grande-recife\/"},"wordCount":499,"commentCount":0,"publisher":{"@id":"https:\/\/brasilnoticias.org\/site\/#organization"},"image":{"@id":"https:\/\/brasilnoticias.org\/site\/chuvas-causam-56-mortes-e-deixam-outros-56-desaparecidos-no-grande-recife\/#primaryimage"},"thumbnailUrl":"https:\/\/brasilnoticias.org\/site\/wp-content\/uploads\/2022\/05\/Screenshot_20220529-181453-923.png","articleSection":["Not\u00edcias","\u00daltimas"],"inLanguage":"pt-PT","potentialAction":[{"@type":"CommentAction","name":"Comment","target":["https:\/\/brasilnoticias.org\/site\/chuvas-causam-56-mortes-e-deixam-outros-56-desaparecidos-no-grande-recife\/#respond"]}]},{"@type":"WebPage","@id":"https:\/\/brasilnoticias.org\/site\/chuvas-causam-56-mortes-e-deixam-outros-56-desaparecidos-no-grande-recife\/","url":"https:\/\/brasilnoticias.org\/site\/chuvas-causam-56-mortes-e-deixam-outros-56-desaparecidos-no-grande-recife\/","name":"CHUVAS CAUSAM 56 MORTES E DEIXAM OUTROS 56 DESAPARECIDOS NO GRANDE RECIFE - Brasil not\u00edcias","isPartOf":{"@id":"https:\/\/brasilnoticias.org\/site\/#website"},"primaryImageOfPage":{"@id":"https:\/\/brasilnoticias.org\/site\/chuvas-causam-56-mortes-e-deixam-outros-56-desaparecidos-no-grande-recife\/#primaryimage"},"image":{"@id":"https:\/\/brasilnoticias.org\/site\/chuvas-causam-56-mortes-e-deixam-outros-56-desaparecidos-no-grande-recife\/#primaryimage"},"thumbnailUrl":"https:\/\/brasilnoticias.org\/site\/wp-content\/uploads\/2022\/05\/Screenshot_20220529-181453-923.png","datePublished":"2022-05-29T21:32:15+00:00","breadcrumb":{"@id":"https:\/\/brasilnoticias.org\/site\/chuvas-causam-56-mortes-e-deixam-outros-56-desaparecidos-no-grande-recife\/#breadcrumb"},"inLanguage":"pt-PT","potentialAction":[{"@type":"ReadAction","target":["https:\/\/brasilnoticias.org\/site\/chuvas-causam-56-mortes-e-deixam-outros-56-desaparecidos-no-grande-recife\/"]}]},{"@type":"ImageObject","inLanguage":"pt-PT","@id":"https:\/\/brasilnoticias.org\/site\/chuvas-causam-56-mortes-e-deixam-outros-56-desaparecidos-no-grande-recife\/#primaryimage","url":"https:\/\/brasilnoticias.org\/site\/wp-content\/uploads\/2022\/05\/Screenshot_20220529-181453-923.png","contentUrl":"https:\/\/brasilnoticias.org\/site\/wp-content\/uploads\/2022\/05\/Screenshot_20220529-181453-923.png","width":720,"height":697},{"@type":"BreadcrumbList","@id":"https:\/\/brasilnoticias.org\/site\/chuvas-causam-56-mortes-e-deixam-outros-56-desaparecidos-no-grande-recife\/#breadcrumb","itemListElement":[{"@type":"ListItem","position":1,"name":"In\u00edcio","item":"https:\/\/brasilnoticias.org\/site\/"},{"@type":"ListItem","position":2,"name":"CHUVAS CAUSAM 56 MORTES E DEIXAM OUTROS 56 DESAPARECIDOS NO GRANDE RECIFE"}]},{"@type":"WebSite","@id":"https:\/\/brasilnoticias.org\/site\/#website","url":"https:\/\/brasilnoticias.org\/site\/","name":"Brasil not\u00edcias","description":"Brasil not\u00edcias","publisher":{"@id":"https:\/\/brasilnoticias.org\/site\/#organization"},"potentialAction":[{"@type":"SearchAction","target":{"@type":"EntryPoint","urlTemplate":"https:\/\/brasilnoticias.org\/site\/?s={search_term_string}"},"query-input":{"@type":"PropertyValueSpecification","valueRequired":true,"valueName":"search_term_string"}}],"inLanguage":"pt-PT"},{"@type":"Organization","@id":"https:\/\/brasilnoticias.org\/site\/#organization","name":"Brasil not\u00edcias","url":"https:\/\/brasilnoticias.org\/site\/","logo":{"@type":"ImageObject","inLanguage":"pt-PT","@id":"https:\/\/brasilnoticias.org\/site\/#\/schema\/logo\/image\/","url":"https:\/\/brasilnoticias.org\/site\/wp-content\/uploads\/2022\/05\/cropped-brasilnoticias-mini.jpg","contentUrl":"https:\/\/brasilnoticias.org\/site\/wp-content\/uploads\/2022\/05\/cropped-brasilnoticias-mini.jpg","width":314,"height":86,"caption":"Brasil not\u00edcias"},"image":{"@id":"https:\/\/brasilnoticias.org\/site\/#\/schema\/logo\/image\/"}},{"@type":"Person","@id":"https:\/\/brasilnoticias.org\/site\/#\/schema\/person\/f609fa847b5314f1c8b983342f34c798","name":"Reda\u00e7\u00e3o","image":{"@type":"ImageObject","inLanguage":"pt-PT","@id":"https:\/\/brasilnoticias.org\/site\/#\/schema\/person\/image\/","url":"https:\/\/secure.gravatar.com\/avatar\/447284c06c1ad8b46465a36de9cd0d8326b73387a22799b8b1ffb1fbcff2ed0c?s=96&d=mm&r=g","contentUrl":"https:\/\/secure.gravatar.com\/avatar\/447284c06c1ad8b46465a36de9cd0d8326b73387a22799b8b1ffb1fbcff2ed0c?s=96&d=mm&r=g","caption":"Reda\u00e7\u00e3o"},"url":"https:\/\/brasilnoticias.org\/site\/author\/redacao\/"}]}},"_links":{"self":[{"href":"https:\/\/brasilnoticias.org\/site\/wp-json\/wp\/v2\/posts\/659","targetHints":{"allow":["GET"]}}],"collection":[{"href":"https:\/\/brasilnoticias.org\/site\/wp-json\/wp\/v2\/posts"}],"about":[{"href":"https:\/\/brasilnoticias.org\/site\/wp-json\/wp\/v2\/types\/post"}],"author":[{"embeddable":true,"href":"https:\/\/brasilnoticias.org\/site\/wp-json\/wp\/v2\/users\/2"}],"replies":[{"embeddable":true,"href":"https:\/\/brasilnoticias.org\/site\/wp-json\/wp\/v2\/comments?post=659"}],"version-history":[{"count":1,"href":"https:\/\/brasilnoticias.org\/site\/wp-json\/wp\/v2\/posts\/659\/revisions"}],"predecessor-version":[{"id":661,"href":"https:\/\/brasilnoticias.org\/site\/wp-json\/wp\/v2\/posts\/659\/revisions\/661"}],"wp:featuredmedia":[{"embeddable":true,"href":"https:\/\/brasilnoticias.org\/site\/wp-json\/wp\/v2\/media\/660"}],"wp:attachment":[{"href":"https:\/\/brasilnoticias.org\/site\/wp-json\/wp\/v2\/media?parent=659"}],"wp:term":[{"taxonomy":"category","embeddable":true,"href":"https:\/\/brasilnoticias.org\/site\/wp-json\/wp\/v2\/categories?post=659"},{"taxonomy":"post_tag","embeddable":true,"href":"https:\/\/brasilnoticias.org\/site\/wp-json\/wp\/v2\/tags?post=659"}],"curies":[{"name":"wp","href":"https:\/\/api.w.org\/{rel}","templated":true}]}}