{"id":6592,"date":"2023-06-08T07:10:10","date_gmt":"2023-06-08T10:10:10","guid":{"rendered":"https:\/\/brasilnoticias.org\/site\/?p=6592"},"modified":"2023-06-07T20:49:52","modified_gmt":"2023-06-07T23:49:52","slug":"ministerio-da-agricultura-apreende-mais-de-200-mil-litros-de-bebidas-adulteradas-e-fecha-tres-fabricas","status":"publish","type":"post","link":"https:\/\/brasilnoticias.org\/site\/ministerio-da-agricultura-apreende-mais-de-200-mil-litros-de-bebidas-adulteradas-e-fecha-tres-fabricas\/","title":{"rendered":"Minist\u00e9rio da Agricultura apreende mais de 200 mil litros de bebidas adulteradas e fecha tr\u00eas f\u00e1bricas"},"content":{"rendered":"<p>O Minist\u00e9rio da Agricultura e Pecu\u00e1ria (Mapa) informou, nesta quarta-feira (7), que apreendeu mais de 200 mil litros de bebidas adulteradas e fechou tr\u00eas f\u00e1bricas, ap\u00f3s novas opera\u00e7\u00f5es de fiscaliza\u00e7\u00e3o. As marcas envolvidas e os locais da apreens\u00e3o n\u00e3o foram divulgados.<\/p>\n<p>A a\u00e7\u00e3o foi feita em atendimento ao Programa Nacional de Preven\u00e7\u00e3o e Combate \u00e0 Fraude e Clandestinidade em Produtos de Origem Vegetal.<\/p>\n<p>Os auditores fiscais visitaram f\u00e1bricas de sucos, n\u00e9ctares, vinagre, vinho, aguardente, cacha\u00e7a e \u00e1gua de coco; onde foram apreendidos produtos com ind\u00edcios de adultera\u00e7\u00e3o e fora dos requisitos de identidade e qualidade.<\/p>\n<p>Segundo o Mapa, as equipes encontraram irregularidades como:<\/p>\n<p>adi\u00e7\u00e3o de a\u00e7\u00facar de cana n\u00e3o autorizada ou acima dos limites legais permitido a sucos, \u00e1gua de coco e vinhos;<br \/>\ndilui\u00e7\u00e3o com \u00e1gua em excesso;<br \/>\nuso de corantes e edulcorantes (ado\u00e7antes) como forma de mascarar o produto ao consumidor;<br \/>\npropaganda irregular;<br \/>\ntransporte de bebidas em condi\u00e7\u00f5es inadequadas e irregulares;<br \/>\ncondi\u00e7\u00f5es de produ\u00e7\u00e3o inadequadas.<br \/>\nNo total, foram apreendidos:<\/p>\n<p>65 mil litros de \u00e1gua de coco;<br \/>\n64 mil litros de vinagre bals\u00e2mico;<br \/>\n64,8 mil litros de refrigerante de fruta;<br \/>\n20,6 quilos de suco concentrado;<br \/>\n10.156 quilos entre suco desidratado, preparador s\u00f3lido, extrato e aromas de sabores de diversas frutas;<br \/>\n4.554 litros de aguardente de cana;<br \/>\n2.689 litros de vinho tinto.<br \/>\nO \u00f3rg\u00e3o informou ainda que, al\u00e9m das apreens\u00f5es, vai adotar medidas legais contra as empresas envolvidas nas irregularidades. A puni\u00e7\u00e3o pode incluir multas, interdi\u00e7\u00e3o das instala\u00e7\u00f5es, cassa\u00e7\u00e3o do registro de produtos e estabelecimentos e at\u00e9 mesmo processos criminais contra as empresas e respons\u00e1veis, dependendo da gravidade das infra\u00e7\u00f5es constatadas.<\/p>\n<p>Segundo o Mapa, os consumidores precisam desconfiar de produtos ofertados em pre\u00e7os muito abaixo da concorr\u00eancia e denunciar qualquer suspeita de irregularidade.<\/p>\n<p>Foto: Mapa\/Divulga\u00e7\u00e3o<br \/>\nG1<\/p>\n","protected":false},"excerpt":{"rendered":"<p>O Minist\u00e9rio da Agricultura e Pecu\u00e1ria (Mapa) informou, nesta quarta-feira (7), que apreendeu mais de 200 mil litros de bebidas<\/p>\n","protected":false},"author":1,"featured_media":6593,"comment_status":"open","ping_status":"open","sticky":false,"template":"","format":"standard","meta":{"colormag_page_container_layout":"default_layout","colormag_page_sidebar_layout":"default_layout","_FSMCFIC_featured_image_caption":"","_FSMCFIC_featured_image_nocaption":"","_FSMCFIC_featured_image_hide":"","footnotes":""},"categories":[2,1],"tags":[],"class_list":["post-6592","post","type-post","status-publish","format-standard","has-post-thumbnail","hentry","category-noticias","category-ultimas"],"yoast_head":"<!-- This site is optimized with the Yoast SEO plugin v27.1.1 - https:\/\/yoast.com\/product\/yoast-seo-wordpress\/ -->\n<title>Minist\u00e9rio da Agricultura apreende mais de 200 mil litros de bebidas adulteradas e fecha tr\u00eas f\u00e1bricas - Brasil not\u00edcias<\/title>\n<meta name=\"robots\" content=\"index, follow, max-snippet:-1, max-image-preview:large, max-video-preview:-1\" \/>\n<link rel=\"canonical\" href=\"https:\/\/brasilnoticias.org\/site\/ministerio-da-agricultura-apreende-mais-de-200-mil-litros-de-bebidas-adulteradas-e-fecha-tres-fabricas\/\" \/>\n<meta property=\"og:locale\" content=\"pt_PT\" \/>\n<meta property=\"og:type\" content=\"article\" \/>\n<meta property=\"og:title\" content=\"Minist\u00e9rio da Agricultura apreende mais de 200 mil litros de bebidas adulteradas e fecha tr\u00eas f\u00e1bricas - Brasil not\u00edcias\" \/>\n<meta property=\"og:description\" content=\"O Minist\u00e9rio da Agricultura e Pecu\u00e1ria (Mapa) informou, nesta quarta-feira (7), que apreendeu mais de 200 mil litros de bebidas\" \/>\n<meta property=\"og:url\" content=\"https:\/\/brasilnoticias.org\/site\/ministerio-da-agricultura-apreende-mais-de-200-mil-litros-de-bebidas-adulteradas-e-fecha-tres-fabricas\/\" \/>\n<meta property=\"og:site_name\" content=\"Brasil not\u00edcias\" \/>\n<meta property=\"article:published_time\" content=\"2023-06-08T10:10:10+00:00\" \/>\n<meta property=\"og:image\" content=\"https:\/\/brasilnoticias.org\/site\/wp-content\/uploads\/2023\/06\/08fcb75d-85c3-45ff-86de-de3292d355db.webp\" \/>\n\t<meta property=\"og:image:width\" content=\"600\" \/>\n\t<meta property=\"og:image:height\" content=\"450\" \/>\n\t<meta property=\"og:image:type\" content=\"image\/webp\" \/>\n<meta name=\"author\" content=\"Reda\u00e7\u00e3o\" \/>\n<meta name=\"twitter:card\" content=\"summary_large_image\" \/>\n<meta name=\"twitter:label1\" content=\"Escrito por\" \/>\n\t<meta name=\"twitter:data1\" content=\"Reda\u00e7\u00e3o\" \/>\n<script type=\"application\/ld+json\" class=\"yoast-schema-graph\">{\"@context\":\"https:\/\/schema.org\",\"@graph\":[{\"@type\":\"Article\",\"@id\":\"https:\/\/brasilnoticias.org\/site\/ministerio-da-agricultura-apreende-mais-de-200-mil-litros-de-bebidas-adulteradas-e-fecha-tres-fabricas\/#article\",\"isPartOf\":{\"@id\":\"https:\/\/brasilnoticias.org\/site\/ministerio-da-agricultura-apreende-mais-de-200-mil-litros-de-bebidas-adulteradas-e-fecha-tres-fabricas\/\"},\"author\":{\"name\":\"Reda\u00e7\u00e3o\",\"@id\":\"https:\/\/brasilnoticias.org\/site\/#\/schema\/person\/a0e05b973ec4d15c658d51911e53507b\"},\"headline\":\"Minist\u00e9rio da Agricultura apreende mais de 200 mil litros de bebidas adulteradas e fecha tr\u00eas f\u00e1bricas\",\"datePublished\":\"2023-06-08T10:10:10+00:00\",\"mainEntityOfPage\":{\"@id\":\"https:\/\/brasilnoticias.org\/site\/ministerio-da-agricultura-apreende-mais-de-200-mil-litros-de-bebidas-adulteradas-e-fecha-tres-fabricas\/\"},\"wordCount\":332,\"commentCount\":0,\"publisher\":{\"@id\":\"https:\/\/brasilnoticias.org\/site\/#organization\"},\"image\":{\"@id\":\"https:\/\/brasilnoticias.org\/site\/ministerio-da-agricultura-apreende-mais-de-200-mil-litros-de-bebidas-adulteradas-e-fecha-tres-fabricas\/#primaryimage\"},\"thumbnailUrl\":\"https:\/\/brasilnoticias.org\/site\/wp-content\/uploads\/2023\/06\/08fcb75d-85c3-45ff-86de-de3292d355db.webp\",\"articleSection\":[\"Not\u00edcias\",\"\u00daltimas\"],\"inLanguage\":\"pt-PT\",\"potentialAction\":[{\"@type\":\"CommentAction\",\"name\":\"Comment\",\"target\":[\"https:\/\/brasilnoticias.org\/site\/ministerio-da-agricultura-apreende-mais-de-200-mil-litros-de-bebidas-adulteradas-e-fecha-tres-fabricas\/#respond\"]}]},{\"@type\":\"WebPage\",\"@id\":\"https:\/\/brasilnoticias.org\/site\/ministerio-da-agricultura-apreende-mais-de-200-mil-litros-de-bebidas-adulteradas-e-fecha-tres-fabricas\/\",\"url\":\"https:\/\/brasilnoticias.org\/site\/ministerio-da-agricultura-apreende-mais-de-200-mil-litros-de-bebidas-adulteradas-e-fecha-tres-fabricas\/\",\"name\":\"Minist\u00e9rio da Agricultura apreende mais de 200 mil litros de bebidas adulteradas e fecha tr\u00eas f\u00e1bricas - Brasil not\u00edcias\",\"isPartOf\":{\"@id\":\"https:\/\/brasilnoticias.org\/site\/#website\"},\"primaryImageOfPage\":{\"@id\":\"https:\/\/brasilnoticias.org\/site\/ministerio-da-agricultura-apreende-mais-de-200-mil-litros-de-bebidas-adulteradas-e-fecha-tres-fabricas\/#primaryimage\"},\"image\":{\"@id\":\"https:\/\/brasilnoticias.org\/site\/ministerio-da-agricultura-apreende-mais-de-200-mil-litros-de-bebidas-adulteradas-e-fecha-tres-fabricas\/#primaryimage\"},\"thumbnailUrl\":\"https:\/\/brasilnoticias.org\/site\/wp-content\/uploads\/2023\/06\/08fcb75d-85c3-45ff-86de-de3292d355db.webp\",\"datePublished\":\"2023-06-08T10:10:10+00:00\",\"breadcrumb\":{\"@id\":\"https:\/\/brasilnoticias.org\/site\/ministerio-da-agricultura-apreende-mais-de-200-mil-litros-de-bebidas-adulteradas-e-fecha-tres-fabricas\/#breadcrumb\"},\"inLanguage\":\"pt-PT\",\"potentialAction\":[{\"@type\":\"ReadAction\",\"target\":[\"https:\/\/brasilnoticias.org\/site\/ministerio-da-agricultura-apreende-mais-de-200-mil-litros-de-bebidas-adulteradas-e-fecha-tres-fabricas\/\"]}]},{\"@type\":\"ImageObject\",\"inLanguage\":\"pt-PT\",\"@id\":\"https:\/\/brasilnoticias.org\/site\/ministerio-da-agricultura-apreende-mais-de-200-mil-litros-de-bebidas-adulteradas-e-fecha-tres-fabricas\/#primaryimage\",\"url\":\"https:\/\/brasilnoticias.org\/site\/wp-content\/uploads\/2023\/06\/08fcb75d-85c3-45ff-86de-de3292d355db.webp\",\"contentUrl\":\"https:\/\/brasilnoticias.org\/site\/wp-content\/uploads\/2023\/06\/08fcb75d-85c3-45ff-86de-de3292d355db.webp\",\"width\":600,\"height\":450},{\"@type\":\"BreadcrumbList\",\"@id\":\"https:\/\/brasilnoticias.org\/site\/ministerio-da-agricultura-apreende-mais-de-200-mil-litros-de-bebidas-adulteradas-e-fecha-tres-fabricas\/#breadcrumb\",\"itemListElement\":[{\"@type\":\"ListItem\",\"position\":1,\"name\":\"In\u00edcio\",\"item\":\"https:\/\/brasilnoticias.org\/site\/\"},{\"@type\":\"ListItem\",\"position\":2,\"name\":\"Minist\u00e9rio da Agricultura apreende mais de 200 mil litros de bebidas adulteradas e fecha tr\u00eas f\u00e1bricas\"}]},{\"@type\":\"WebSite\",\"@id\":\"https:\/\/brasilnoticias.org\/site\/#website\",\"url\":\"https:\/\/brasilnoticias.org\/site\/\",\"name\":\"Brasil not\u00edcias\",\"description\":\"Brasil not\u00edcias\",\"publisher\":{\"@id\":\"https:\/\/brasilnoticias.org\/site\/#organization\"},\"potentialAction\":[{\"@type\":\"SearchAction\",\"target\":{\"@type\":\"EntryPoint\",\"urlTemplate\":\"https:\/\/brasilnoticias.org\/site\/?s={search_term_string}\"},\"query-input\":{\"@type\":\"PropertyValueSpecification\",\"valueRequired\":true,\"valueName\":\"search_term_string\"}}],\"inLanguage\":\"pt-PT\"},{\"@type\":\"Organization\",\"@id\":\"https:\/\/brasilnoticias.org\/site\/#organization\",\"name\":\"Brasil not\u00edcias\",\"url\":\"https:\/\/brasilnoticias.org\/site\/\",\"logo\":{\"@type\":\"ImageObject\",\"inLanguage\":\"pt-PT\",\"@id\":\"https:\/\/brasilnoticias.org\/site\/#\/schema\/logo\/image\/\",\"url\":\"https:\/\/brasilnoticias.org\/site\/wp-content\/uploads\/2022\/05\/cropped-brasilnoticias-mini.jpg\",\"contentUrl\":\"https:\/\/brasilnoticias.org\/site\/wp-content\/uploads\/2022\/05\/cropped-brasilnoticias-mini.jpg\",\"width\":314,\"height\":86,\"caption\":\"Brasil not\u00edcias\"},\"image\":{\"@id\":\"https:\/\/brasilnoticias.org\/site\/#\/schema\/logo\/image\/\"}},{\"@type\":\"Person\",\"@id\":\"https:\/\/brasilnoticias.org\/site\/#\/schema\/person\/a0e05b973ec4d15c658d51911e53507b\",\"name\":\"Reda\u00e7\u00e3o\",\"image\":{\"@type\":\"ImageObject\",\"inLanguage\":\"pt-PT\",\"@id\":\"https:\/\/brasilnoticias.org\/site\/#\/schema\/person\/image\/\",\"url\":\"https:\/\/secure.gravatar.com\/avatar\/75d8b050df2de108b08ae78dfb8e374892df24a383c67db9c46a9c604f6aee9c?s=96&d=mm&r=g\",\"contentUrl\":\"https:\/\/secure.gravatar.com\/avatar\/75d8b050df2de108b08ae78dfb8e374892df24a383c67db9c46a9c604f6aee9c?s=96&d=mm&r=g\",\"caption\":\"Reda\u00e7\u00e3o\"},\"sameAs\":[\"https:\/\/brasilnoticias.org\/site\"],\"url\":\"https:\/\/brasilnoticias.org\/site\/author\/fernandozsngmail-com\/\"}]}<\/script>\n<!-- \/ Yoast SEO plugin. -->","yoast_head_json":{"title":"Minist\u00e9rio da Agricultura apreende mais de 200 mil litros de bebidas adulteradas e fecha tr\u00eas f\u00e1bricas - Brasil not\u00edcias","robots":{"index":"index","follow":"follow","max-snippet":"max-snippet:-1","max-image-preview":"max-image-preview:large","max-video-preview":"max-video-preview:-1"},"canonical":"https:\/\/brasilnoticias.org\/site\/ministerio-da-agricultura-apreende-mais-de-200-mil-litros-de-bebidas-adulteradas-e-fecha-tres-fabricas\/","og_locale":"pt_PT","og_type":"article","og_title":"Minist\u00e9rio da Agricultura apreende mais de 200 mil litros de bebidas adulteradas e fecha tr\u00eas f\u00e1bricas - Brasil not\u00edcias","og_description":"O Minist\u00e9rio da Agricultura e Pecu\u00e1ria (Mapa) informou, nesta quarta-feira (7), que apreendeu mais de 200 mil litros de bebidas","og_url":"https:\/\/brasilnoticias.org\/site\/ministerio-da-agricultura-apreende-mais-de-200-mil-litros-de-bebidas-adulteradas-e-fecha-tres-fabricas\/","og_site_name":"Brasil not\u00edcias","article_published_time":"2023-06-08T10:10:10+00:00","og_image":[{"width":600,"height":450,"url":"https:\/\/brasilnoticias.org\/site\/wp-content\/uploads\/2023\/06\/08fcb75d-85c3-45ff-86de-de3292d355db.webp","type":"image\/webp"}],"author":"Reda\u00e7\u00e3o","twitter_card":"summary_large_image","twitter_misc":{"Escrito por":"Reda\u00e7\u00e3o"},"schema":{"@context":"https:\/\/schema.org","@graph":[{"@type":"Article","@id":"https:\/\/brasilnoticias.org\/site\/ministerio-da-agricultura-apreende-mais-de-200-mil-litros-de-bebidas-adulteradas-e-fecha-tres-fabricas\/#article","isPartOf":{"@id":"https:\/\/brasilnoticias.org\/site\/ministerio-da-agricultura-apreende-mais-de-200-mil-litros-de-bebidas-adulteradas-e-fecha-tres-fabricas\/"},"author":{"name":"Reda\u00e7\u00e3o","@id":"https:\/\/brasilnoticias.org\/site\/#\/schema\/person\/a0e05b973ec4d15c658d51911e53507b"},"headline":"Minist\u00e9rio da Agricultura apreende mais de 200 mil litros de bebidas adulteradas e fecha tr\u00eas f\u00e1bricas","datePublished":"2023-06-08T10:10:10+00:00","mainEntityOfPage":{"@id":"https:\/\/brasilnoticias.org\/site\/ministerio-da-agricultura-apreende-mais-de-200-mil-litros-de-bebidas-adulteradas-e-fecha-tres-fabricas\/"},"wordCount":332,"commentCount":0,"publisher":{"@id":"https:\/\/brasilnoticias.org\/site\/#organization"},"image":{"@id":"https:\/\/brasilnoticias.org\/site\/ministerio-da-agricultura-apreende-mais-de-200-mil-litros-de-bebidas-adulteradas-e-fecha-tres-fabricas\/#primaryimage"},"thumbnailUrl":"https:\/\/brasilnoticias.org\/site\/wp-content\/uploads\/2023\/06\/08fcb75d-85c3-45ff-86de-de3292d355db.webp","articleSection":["Not\u00edcias","\u00daltimas"],"inLanguage":"pt-PT","potentialAction":[{"@type":"CommentAction","name":"Comment","target":["https:\/\/brasilnoticias.org\/site\/ministerio-da-agricultura-apreende-mais-de-200-mil-litros-de-bebidas-adulteradas-e-fecha-tres-fabricas\/#respond"]}]},{"@type":"WebPage","@id":"https:\/\/brasilnoticias.org\/site\/ministerio-da-agricultura-apreende-mais-de-200-mil-litros-de-bebidas-adulteradas-e-fecha-tres-fabricas\/","url":"https:\/\/brasilnoticias.org\/site\/ministerio-da-agricultura-apreende-mais-de-200-mil-litros-de-bebidas-adulteradas-e-fecha-tres-fabricas\/","name":"Minist\u00e9rio da Agricultura apreende mais de 200 mil litros de bebidas adulteradas e fecha tr\u00eas f\u00e1bricas - Brasil not\u00edcias","isPartOf":{"@id":"https:\/\/brasilnoticias.org\/site\/#website"},"primaryImageOfPage":{"@id":"https:\/\/brasilnoticias.org\/site\/ministerio-da-agricultura-apreende-mais-de-200-mil-litros-de-bebidas-adulteradas-e-fecha-tres-fabricas\/#primaryimage"},"image":{"@id":"https:\/\/brasilnoticias.org\/site\/ministerio-da-agricultura-apreende-mais-de-200-mil-litros-de-bebidas-adulteradas-e-fecha-tres-fabricas\/#primaryimage"},"thumbnailUrl":"https:\/\/brasilnoticias.org\/site\/wp-content\/uploads\/2023\/06\/08fcb75d-85c3-45ff-86de-de3292d355db.webp","datePublished":"2023-06-08T10:10:10+00:00","breadcrumb":{"@id":"https:\/\/brasilnoticias.org\/site\/ministerio-da-agricultura-apreende-mais-de-200-mil-litros-de-bebidas-adulteradas-e-fecha-tres-fabricas\/#breadcrumb"},"inLanguage":"pt-PT","potentialAction":[{"@type":"ReadAction","target":["https:\/\/brasilnoticias.org\/site\/ministerio-da-agricultura-apreende-mais-de-200-mil-litros-de-bebidas-adulteradas-e-fecha-tres-fabricas\/"]}]},{"@type":"ImageObject","inLanguage":"pt-PT","@id":"https:\/\/brasilnoticias.org\/site\/ministerio-da-agricultura-apreende-mais-de-200-mil-litros-de-bebidas-adulteradas-e-fecha-tres-fabricas\/#primaryimage","url":"https:\/\/brasilnoticias.org\/site\/wp-content\/uploads\/2023\/06\/08fcb75d-85c3-45ff-86de-de3292d355db.webp","contentUrl":"https:\/\/brasilnoticias.org\/site\/wp-content\/uploads\/2023\/06\/08fcb75d-85c3-45ff-86de-de3292d355db.webp","width":600,"height":450},{"@type":"BreadcrumbList","@id":"https:\/\/brasilnoticias.org\/site\/ministerio-da-agricultura-apreende-mais-de-200-mil-litros-de-bebidas-adulteradas-e-fecha-tres-fabricas\/#breadcrumb","itemListElement":[{"@type":"ListItem","position":1,"name":"In\u00edcio","item":"https:\/\/brasilnoticias.org\/site\/"},{"@type":"ListItem","position":2,"name":"Minist\u00e9rio da Agricultura apreende mais de 200 mil litros de bebidas adulteradas e fecha tr\u00eas f\u00e1bricas"}]},{"@type":"WebSite","@id":"https:\/\/brasilnoticias.org\/site\/#website","url":"https:\/\/brasilnoticias.org\/site\/","name":"Brasil not\u00edcias","description":"Brasil not\u00edcias","publisher":{"@id":"https:\/\/brasilnoticias.org\/site\/#organization"},"potentialAction":[{"@type":"SearchAction","target":{"@type":"EntryPoint","urlTemplate":"https:\/\/brasilnoticias.org\/site\/?s={search_term_string}"},"query-input":{"@type":"PropertyValueSpecification","valueRequired":true,"valueName":"search_term_string"}}],"inLanguage":"pt-PT"},{"@type":"Organization","@id":"https:\/\/brasilnoticias.org\/site\/#organization","name":"Brasil not\u00edcias","url":"https:\/\/brasilnoticias.org\/site\/","logo":{"@type":"ImageObject","inLanguage":"pt-PT","@id":"https:\/\/brasilnoticias.org\/site\/#\/schema\/logo\/image\/","url":"https:\/\/brasilnoticias.org\/site\/wp-content\/uploads\/2022\/05\/cropped-brasilnoticias-mini.jpg","contentUrl":"https:\/\/brasilnoticias.org\/site\/wp-content\/uploads\/2022\/05\/cropped-brasilnoticias-mini.jpg","width":314,"height":86,"caption":"Brasil not\u00edcias"},"image":{"@id":"https:\/\/brasilnoticias.org\/site\/#\/schema\/logo\/image\/"}},{"@type":"Person","@id":"https:\/\/brasilnoticias.org\/site\/#\/schema\/person\/a0e05b973ec4d15c658d51911e53507b","name":"Reda\u00e7\u00e3o","image":{"@type":"ImageObject","inLanguage":"pt-PT","@id":"https:\/\/brasilnoticias.org\/site\/#\/schema\/person\/image\/","url":"https:\/\/secure.gravatar.com\/avatar\/75d8b050df2de108b08ae78dfb8e374892df24a383c67db9c46a9c604f6aee9c?s=96&d=mm&r=g","contentUrl":"https:\/\/secure.gravatar.com\/avatar\/75d8b050df2de108b08ae78dfb8e374892df24a383c67db9c46a9c604f6aee9c?s=96&d=mm&r=g","caption":"Reda\u00e7\u00e3o"},"sameAs":["https:\/\/brasilnoticias.org\/site"],"url":"https:\/\/brasilnoticias.org\/site\/author\/fernandozsngmail-com\/"}]}},"_links":{"self":[{"href":"https:\/\/brasilnoticias.org\/site\/wp-json\/wp\/v2\/posts\/6592","targetHints":{"allow":["GET"]}}],"collection":[{"href":"https:\/\/brasilnoticias.org\/site\/wp-json\/wp\/v2\/posts"}],"about":[{"href":"https:\/\/brasilnoticias.org\/site\/wp-json\/wp\/v2\/types\/post"}],"author":[{"embeddable":true,"href":"https:\/\/brasilnoticias.org\/site\/wp-json\/wp\/v2\/users\/1"}],"replies":[{"embeddable":true,"href":"https:\/\/brasilnoticias.org\/site\/wp-json\/wp\/v2\/comments?post=6592"}],"version-history":[{"count":1,"href":"https:\/\/brasilnoticias.org\/site\/wp-json\/wp\/v2\/posts\/6592\/revisions"}],"predecessor-version":[{"id":6594,"href":"https:\/\/brasilnoticias.org\/site\/wp-json\/wp\/v2\/posts\/6592\/revisions\/6594"}],"wp:featuredmedia":[{"embeddable":true,"href":"https:\/\/brasilnoticias.org\/site\/wp-json\/wp\/v2\/media\/6593"}],"wp:attachment":[{"href":"https:\/\/brasilnoticias.org\/site\/wp-json\/wp\/v2\/media?parent=6592"}],"wp:term":[{"taxonomy":"category","embeddable":true,"href":"https:\/\/brasilnoticias.org\/site\/wp-json\/wp\/v2\/categories?post=6592"},{"taxonomy":"post_tag","embeddable":true,"href":"https:\/\/brasilnoticias.org\/site\/wp-json\/wp\/v2\/tags?post=6592"}],"curies":[{"name":"wp","href":"https:\/\/api.w.org\/{rel}","templated":true}]}}