{"id":662,"date":"2022-05-29T18:33:39","date_gmt":"2022-05-29T21:33:39","guid":{"rendered":"https:\/\/brasilnoticias.org\/site\/?p=662"},"modified":"2022-05-29T18:33:39","modified_gmt":"2022-05-29T21:33:39","slug":"ex-assessor-que-denunciou-o-vereador-gabriel-monteiro-morre-em-acidente-no-rio-de-janeiro","status":"publish","type":"post","link":"https:\/\/brasilnoticias.org\/site\/ex-assessor-que-denunciou-o-vereador-gabriel-monteiro-morre-em-acidente-no-rio-de-janeiro\/","title":{"rendered":"EX-ASSESSOR QUE DENUNCIOU O VEREADOR GABRIEL MONTEIRO MORRE EM ACIDENTE NO RIO DE JANEIRO"},"content":{"rendered":"<p>Ex-assessor do vereador\u00a0<a href=\"https:\/\/www.bnews.com.br\/tags\/gabriel-monteiro\" target=\"_blank\" rel=\"noopener\">Gabriel Monteiro (PSD-RJ), V<\/a>in\u00edcius Hayden Witeze, que\u00a0<a href=\"https:\/\/www.bnews.com.br\/noticias\/politica\/vereador-gabriel-monteiro-exibia-videos-de-sexo-com-menores-como-se-fossem-trofeus-revela-assessor.html\" target=\"_blank\" rel=\"noopener\">denunciou o parlamentar e ex-policial militar por ass\u00e9dio moral e sexual<\/a>,\u00a0morreu na noite de s\u00e1bado (28), num acidente de tr\u00e2nsito em Teres\u00f3polis, na Regi\u00e3o Serrana do Rio de Janeiro.<\/p>\n<p>Hayden estava num ve\u00edculo que capotou na RJ-130, que liga a cidade de Teres\u00f3polis a Nova Friburgo. Ele morreu na hora.<\/p>\n<p>De acordo com a Revista F\u00f3rum, a mulher que estava com ele, que ainda n\u00e3o foi identificada, foi levada para o hospital de Teres\u00f3polis.<\/p>\n<p>Hayden prestou depoimento contra o vereador no Conselho de \u00c9tica da C\u00e2mara do Rio na \u00faltima quarta-feira (25). Na oportunidade, ele\u00a0chegou ao local usando colete \u00e0 prova de balas e disse que estava andando com escolta e sofrendo amea\u00e7as.<\/p>\n<p>Em seu depoimento \u00e0 pol\u00edcia, ele afirmou que Gabriel n\u00e3o ligava para a pol\u00edtica e que seu foco principal era a produ\u00e7\u00e3o de v\u00eddeos para ganhar dinheiro na internet. O ex-assessor tamb\u00e9m contou que o vereador sabia que a menina que aparece em um v\u00eddeo fazendo sexo com ele era menor de idade.<\/p>\n<p>&nbsp;<\/p>\n<p>&nbsp;<\/p>\n<p>&nbsp;<\/p>\n<p>&nbsp;<\/p>\n<p>Bnews<\/p>\n","protected":false},"excerpt":{"rendered":"<p>Ex-assessor do vereador\u00a0Gabriel Monteiro (PSD-RJ), Vin\u00edcius Hayden Witeze, que\u00a0denunciou o parlamentar e ex-policial militar por ass\u00e9dio moral e sexual,\u00a0morreu na<\/p>\n","protected":false},"author":2,"featured_media":663,"comment_status":"open","ping_status":"open","sticky":false,"template":"","format":"standard","meta":{"colormag_page_container_layout":"default_layout","colormag_page_sidebar_layout":"default_layout","_FSMCFIC_featured_image_caption":"","_FSMCFIC_featured_image_nocaption":"","_FSMCFIC_featured_image_hide":"","footnotes":""},"categories":[5,1],"tags":[],"class_list":["post-662","post","type-post","status-publish","format-standard","has-post-thumbnail","hentry","category-politica","category-ultimas"],"yoast_head":"<!-- This site is optimized with the Yoast SEO plugin v27.1.1 - https:\/\/yoast.com\/product\/yoast-seo-wordpress\/ -->\n<title>EX-ASSESSOR QUE DENUNCIOU O VEREADOR GABRIEL MONTEIRO MORRE EM ACIDENTE NO RIO DE JANEIRO - Brasil not\u00edcias<\/title>\n<meta name=\"robots\" content=\"index, follow, max-snippet:-1, max-image-preview:large, max-video-preview:-1\" \/>\n<link rel=\"canonical\" href=\"https:\/\/brasilnoticias.org\/site\/ex-assessor-que-denunciou-o-vereador-gabriel-monteiro-morre-em-acidente-no-rio-de-janeiro\/\" \/>\n<meta property=\"og:locale\" content=\"pt_PT\" \/>\n<meta property=\"og:type\" content=\"article\" \/>\n<meta property=\"og:title\" content=\"EX-ASSESSOR QUE DENUNCIOU O VEREADOR GABRIEL MONTEIRO MORRE EM ACIDENTE NO RIO DE JANEIRO - Brasil not\u00edcias\" \/>\n<meta property=\"og:description\" content=\"Ex-assessor do vereador\u00a0Gabriel Monteiro (PSD-RJ), Vin\u00edcius Hayden Witeze, que\u00a0denunciou o parlamentar e ex-policial militar por ass\u00e9dio moral e sexual,\u00a0morreu na\" \/>\n<meta property=\"og:url\" content=\"https:\/\/brasilnoticias.org\/site\/ex-assessor-que-denunciou-o-vereador-gabriel-monteiro-morre-em-acidente-no-rio-de-janeiro\/\" \/>\n<meta property=\"og:site_name\" content=\"Brasil not\u00edcias\" \/>\n<meta property=\"article:published_time\" content=\"2022-05-29T21:33:39+00:00\" \/>\n<meta property=\"og:image\" content=\"https:\/\/brasilnoticias.org\/site\/wp-content\/uploads\/2022\/05\/f960x540-82335_156410_0_widelg-1.png\" \/>\n\t<meta property=\"og:image:width\" content=\"800\" \/>\n\t<meta property=\"og:image:height\" content=\"450\" \/>\n\t<meta property=\"og:image:type\" content=\"image\/png\" \/>\n<meta name=\"author\" content=\"Reda\u00e7\u00e3o\" \/>\n<meta name=\"twitter:card\" content=\"summary_large_image\" \/>\n<meta name=\"twitter:label1\" content=\"Escrito por\" \/>\n\t<meta name=\"twitter:data1\" content=\"Reda\u00e7\u00e3o\" \/>\n\t<meta name=\"twitter:label2\" content=\"Tempo estimado de leitura\" \/>\n\t<meta name=\"twitter:data2\" content=\"1 minuto\" \/>\n<script type=\"application\/ld+json\" class=\"yoast-schema-graph\">{\"@context\":\"https:\/\/schema.org\",\"@graph\":[{\"@type\":\"Article\",\"@id\":\"https:\/\/brasilnoticias.org\/site\/ex-assessor-que-denunciou-o-vereador-gabriel-monteiro-morre-em-acidente-no-rio-de-janeiro\/#article\",\"isPartOf\":{\"@id\":\"https:\/\/brasilnoticias.org\/site\/ex-assessor-que-denunciou-o-vereador-gabriel-monteiro-morre-em-acidente-no-rio-de-janeiro\/\"},\"author\":{\"name\":\"Reda\u00e7\u00e3o\",\"@id\":\"https:\/\/brasilnoticias.org\/site\/#\/schema\/person\/f609fa847b5314f1c8b983342f34c798\"},\"headline\":\"EX-ASSESSOR QUE DENUNCIOU O VEREADOR GABRIEL MONTEIRO MORRE EM ACIDENTE NO RIO DE JANEIRO\",\"datePublished\":\"2022-05-29T21:33:39+00:00\",\"mainEntityOfPage\":{\"@id\":\"https:\/\/brasilnoticias.org\/site\/ex-assessor-que-denunciou-o-vereador-gabriel-monteiro-morre-em-acidente-no-rio-de-janeiro\/\"},\"wordCount\":213,\"commentCount\":0,\"publisher\":{\"@id\":\"https:\/\/brasilnoticias.org\/site\/#organization\"},\"image\":{\"@id\":\"https:\/\/brasilnoticias.org\/site\/ex-assessor-que-denunciou-o-vereador-gabriel-monteiro-morre-em-acidente-no-rio-de-janeiro\/#primaryimage\"},\"thumbnailUrl\":\"https:\/\/brasilnoticias.org\/site\/wp-content\/uploads\/2022\/05\/f960x540-82335_156410_0_widelg-1.png\",\"articleSection\":[\"Pol\u00edtica\",\"\u00daltimas\"],\"inLanguage\":\"pt-PT\",\"potentialAction\":[{\"@type\":\"CommentAction\",\"name\":\"Comment\",\"target\":[\"https:\/\/brasilnoticias.org\/site\/ex-assessor-que-denunciou-o-vereador-gabriel-monteiro-morre-em-acidente-no-rio-de-janeiro\/#respond\"]}]},{\"@type\":\"WebPage\",\"@id\":\"https:\/\/brasilnoticias.org\/site\/ex-assessor-que-denunciou-o-vereador-gabriel-monteiro-morre-em-acidente-no-rio-de-janeiro\/\",\"url\":\"https:\/\/brasilnoticias.org\/site\/ex-assessor-que-denunciou-o-vereador-gabriel-monteiro-morre-em-acidente-no-rio-de-janeiro\/\",\"name\":\"EX-ASSESSOR QUE DENUNCIOU O VEREADOR GABRIEL MONTEIRO MORRE EM ACIDENTE NO RIO DE JANEIRO - Brasil not\u00edcias\",\"isPartOf\":{\"@id\":\"https:\/\/brasilnoticias.org\/site\/#website\"},\"primaryImageOfPage\":{\"@id\":\"https:\/\/brasilnoticias.org\/site\/ex-assessor-que-denunciou-o-vereador-gabriel-monteiro-morre-em-acidente-no-rio-de-janeiro\/#primaryimage\"},\"image\":{\"@id\":\"https:\/\/brasilnoticias.org\/site\/ex-assessor-que-denunciou-o-vereador-gabriel-monteiro-morre-em-acidente-no-rio-de-janeiro\/#primaryimage\"},\"thumbnailUrl\":\"https:\/\/brasilnoticias.org\/site\/wp-content\/uploads\/2022\/05\/f960x540-82335_156410_0_widelg-1.png\",\"datePublished\":\"2022-05-29T21:33:39+00:00\",\"breadcrumb\":{\"@id\":\"https:\/\/brasilnoticias.org\/site\/ex-assessor-que-denunciou-o-vereador-gabriel-monteiro-morre-em-acidente-no-rio-de-janeiro\/#breadcrumb\"},\"inLanguage\":\"pt-PT\",\"potentialAction\":[{\"@type\":\"ReadAction\",\"target\":[\"https:\/\/brasilnoticias.org\/site\/ex-assessor-que-denunciou-o-vereador-gabriel-monteiro-morre-em-acidente-no-rio-de-janeiro\/\"]}]},{\"@type\":\"ImageObject\",\"inLanguage\":\"pt-PT\",\"@id\":\"https:\/\/brasilnoticias.org\/site\/ex-assessor-que-denunciou-o-vereador-gabriel-monteiro-morre-em-acidente-no-rio-de-janeiro\/#primaryimage\",\"url\":\"https:\/\/brasilnoticias.org\/site\/wp-content\/uploads\/2022\/05\/f960x540-82335_156410_0_widelg-1.png\",\"contentUrl\":\"https:\/\/brasilnoticias.org\/site\/wp-content\/uploads\/2022\/05\/f960x540-82335_156410_0_widelg-1.png\",\"width\":800,\"height\":450},{\"@type\":\"BreadcrumbList\",\"@id\":\"https:\/\/brasilnoticias.org\/site\/ex-assessor-que-denunciou-o-vereador-gabriel-monteiro-morre-em-acidente-no-rio-de-janeiro\/#breadcrumb\",\"itemListElement\":[{\"@type\":\"ListItem\",\"position\":1,\"name\":\"In\u00edcio\",\"item\":\"https:\/\/brasilnoticias.org\/site\/\"},{\"@type\":\"ListItem\",\"position\":2,\"name\":\"EX-ASSESSOR QUE DENUNCIOU O VEREADOR GABRIEL MONTEIRO MORRE EM ACIDENTE NO RIO DE JANEIRO\"}]},{\"@type\":\"WebSite\",\"@id\":\"https:\/\/brasilnoticias.org\/site\/#website\",\"url\":\"https:\/\/brasilnoticias.org\/site\/\",\"name\":\"Brasil not\u00edcias\",\"description\":\"Brasil not\u00edcias\",\"publisher\":{\"@id\":\"https:\/\/brasilnoticias.org\/site\/#organization\"},\"potentialAction\":[{\"@type\":\"SearchAction\",\"target\":{\"@type\":\"EntryPoint\",\"urlTemplate\":\"https:\/\/brasilnoticias.org\/site\/?s={search_term_string}\"},\"query-input\":{\"@type\":\"PropertyValueSpecification\",\"valueRequired\":true,\"valueName\":\"search_term_string\"}}],\"inLanguage\":\"pt-PT\"},{\"@type\":\"Organization\",\"@id\":\"https:\/\/brasilnoticias.org\/site\/#organization\",\"name\":\"Brasil not\u00edcias\",\"url\":\"https:\/\/brasilnoticias.org\/site\/\",\"logo\":{\"@type\":\"ImageObject\",\"inLanguage\":\"pt-PT\",\"@id\":\"https:\/\/brasilnoticias.org\/site\/#\/schema\/logo\/image\/\",\"url\":\"https:\/\/brasilnoticias.org\/site\/wp-content\/uploads\/2022\/05\/cropped-brasilnoticias-mini.jpg\",\"contentUrl\":\"https:\/\/brasilnoticias.org\/site\/wp-content\/uploads\/2022\/05\/cropped-brasilnoticias-mini.jpg\",\"width\":314,\"height\":86,\"caption\":\"Brasil not\u00edcias\"},\"image\":{\"@id\":\"https:\/\/brasilnoticias.org\/site\/#\/schema\/logo\/image\/\"}},{\"@type\":\"Person\",\"@id\":\"https:\/\/brasilnoticias.org\/site\/#\/schema\/person\/f609fa847b5314f1c8b983342f34c798\",\"name\":\"Reda\u00e7\u00e3o\",\"image\":{\"@type\":\"ImageObject\",\"inLanguage\":\"pt-PT\",\"@id\":\"https:\/\/brasilnoticias.org\/site\/#\/schema\/person\/image\/\",\"url\":\"https:\/\/secure.gravatar.com\/avatar\/447284c06c1ad8b46465a36de9cd0d8326b73387a22799b8b1ffb1fbcff2ed0c?s=96&d=mm&r=g\",\"contentUrl\":\"https:\/\/secure.gravatar.com\/avatar\/447284c06c1ad8b46465a36de9cd0d8326b73387a22799b8b1ffb1fbcff2ed0c?s=96&d=mm&r=g\",\"caption\":\"Reda\u00e7\u00e3o\"},\"url\":\"https:\/\/brasilnoticias.org\/site\/author\/redacao\/\"}]}<\/script>\n<!-- \/ Yoast SEO plugin. -->","yoast_head_json":{"title":"EX-ASSESSOR QUE DENUNCIOU O VEREADOR GABRIEL MONTEIRO MORRE EM ACIDENTE NO RIO DE JANEIRO - Brasil not\u00edcias","robots":{"index":"index","follow":"follow","max-snippet":"max-snippet:-1","max-image-preview":"max-image-preview:large","max-video-preview":"max-video-preview:-1"},"canonical":"https:\/\/brasilnoticias.org\/site\/ex-assessor-que-denunciou-o-vereador-gabriel-monteiro-morre-em-acidente-no-rio-de-janeiro\/","og_locale":"pt_PT","og_type":"article","og_title":"EX-ASSESSOR QUE DENUNCIOU O VEREADOR GABRIEL MONTEIRO MORRE EM ACIDENTE NO RIO DE JANEIRO - Brasil not\u00edcias","og_description":"Ex-assessor do vereador\u00a0Gabriel Monteiro (PSD-RJ), Vin\u00edcius Hayden Witeze, que\u00a0denunciou o parlamentar e ex-policial militar por ass\u00e9dio moral e sexual,\u00a0morreu na","og_url":"https:\/\/brasilnoticias.org\/site\/ex-assessor-que-denunciou-o-vereador-gabriel-monteiro-morre-em-acidente-no-rio-de-janeiro\/","og_site_name":"Brasil not\u00edcias","article_published_time":"2022-05-29T21:33:39+00:00","og_image":[{"width":800,"height":450,"url":"https:\/\/brasilnoticias.org\/site\/wp-content\/uploads\/2022\/05\/f960x540-82335_156410_0_widelg-1.png","type":"image\/png"}],"author":"Reda\u00e7\u00e3o","twitter_card":"summary_large_image","twitter_misc":{"Escrito por":"Reda\u00e7\u00e3o","Tempo estimado de leitura":"1 minuto"},"schema":{"@context":"https:\/\/schema.org","@graph":[{"@type":"Article","@id":"https:\/\/brasilnoticias.org\/site\/ex-assessor-que-denunciou-o-vereador-gabriel-monteiro-morre-em-acidente-no-rio-de-janeiro\/#article","isPartOf":{"@id":"https:\/\/brasilnoticias.org\/site\/ex-assessor-que-denunciou-o-vereador-gabriel-monteiro-morre-em-acidente-no-rio-de-janeiro\/"},"author":{"name":"Reda\u00e7\u00e3o","@id":"https:\/\/brasilnoticias.org\/site\/#\/schema\/person\/f609fa847b5314f1c8b983342f34c798"},"headline":"EX-ASSESSOR QUE DENUNCIOU O VEREADOR GABRIEL MONTEIRO MORRE EM ACIDENTE NO RIO DE JANEIRO","datePublished":"2022-05-29T21:33:39+00:00","mainEntityOfPage":{"@id":"https:\/\/brasilnoticias.org\/site\/ex-assessor-que-denunciou-o-vereador-gabriel-monteiro-morre-em-acidente-no-rio-de-janeiro\/"},"wordCount":213,"commentCount":0,"publisher":{"@id":"https:\/\/brasilnoticias.org\/site\/#organization"},"image":{"@id":"https:\/\/brasilnoticias.org\/site\/ex-assessor-que-denunciou-o-vereador-gabriel-monteiro-morre-em-acidente-no-rio-de-janeiro\/#primaryimage"},"thumbnailUrl":"https:\/\/brasilnoticias.org\/site\/wp-content\/uploads\/2022\/05\/f960x540-82335_156410_0_widelg-1.png","articleSection":["Pol\u00edtica","\u00daltimas"],"inLanguage":"pt-PT","potentialAction":[{"@type":"CommentAction","name":"Comment","target":["https:\/\/brasilnoticias.org\/site\/ex-assessor-que-denunciou-o-vereador-gabriel-monteiro-morre-em-acidente-no-rio-de-janeiro\/#respond"]}]},{"@type":"WebPage","@id":"https:\/\/brasilnoticias.org\/site\/ex-assessor-que-denunciou-o-vereador-gabriel-monteiro-morre-em-acidente-no-rio-de-janeiro\/","url":"https:\/\/brasilnoticias.org\/site\/ex-assessor-que-denunciou-o-vereador-gabriel-monteiro-morre-em-acidente-no-rio-de-janeiro\/","name":"EX-ASSESSOR QUE DENUNCIOU O VEREADOR GABRIEL MONTEIRO MORRE EM ACIDENTE NO RIO DE JANEIRO - Brasil not\u00edcias","isPartOf":{"@id":"https:\/\/brasilnoticias.org\/site\/#website"},"primaryImageOfPage":{"@id":"https:\/\/brasilnoticias.org\/site\/ex-assessor-que-denunciou-o-vereador-gabriel-monteiro-morre-em-acidente-no-rio-de-janeiro\/#primaryimage"},"image":{"@id":"https:\/\/brasilnoticias.org\/site\/ex-assessor-que-denunciou-o-vereador-gabriel-monteiro-morre-em-acidente-no-rio-de-janeiro\/#primaryimage"},"thumbnailUrl":"https:\/\/brasilnoticias.org\/site\/wp-content\/uploads\/2022\/05\/f960x540-82335_156410_0_widelg-1.png","datePublished":"2022-05-29T21:33:39+00:00","breadcrumb":{"@id":"https:\/\/brasilnoticias.org\/site\/ex-assessor-que-denunciou-o-vereador-gabriel-monteiro-morre-em-acidente-no-rio-de-janeiro\/#breadcrumb"},"inLanguage":"pt-PT","potentialAction":[{"@type":"ReadAction","target":["https:\/\/brasilnoticias.org\/site\/ex-assessor-que-denunciou-o-vereador-gabriel-monteiro-morre-em-acidente-no-rio-de-janeiro\/"]}]},{"@type":"ImageObject","inLanguage":"pt-PT","@id":"https:\/\/brasilnoticias.org\/site\/ex-assessor-que-denunciou-o-vereador-gabriel-monteiro-morre-em-acidente-no-rio-de-janeiro\/#primaryimage","url":"https:\/\/brasilnoticias.org\/site\/wp-content\/uploads\/2022\/05\/f960x540-82335_156410_0_widelg-1.png","contentUrl":"https:\/\/brasilnoticias.org\/site\/wp-content\/uploads\/2022\/05\/f960x540-82335_156410_0_widelg-1.png","width":800,"height":450},{"@type":"BreadcrumbList","@id":"https:\/\/brasilnoticias.org\/site\/ex-assessor-que-denunciou-o-vereador-gabriel-monteiro-morre-em-acidente-no-rio-de-janeiro\/#breadcrumb","itemListElement":[{"@type":"ListItem","position":1,"name":"In\u00edcio","item":"https:\/\/brasilnoticias.org\/site\/"},{"@type":"ListItem","position":2,"name":"EX-ASSESSOR QUE DENUNCIOU O VEREADOR GABRIEL MONTEIRO MORRE EM ACIDENTE NO RIO DE JANEIRO"}]},{"@type":"WebSite","@id":"https:\/\/brasilnoticias.org\/site\/#website","url":"https:\/\/brasilnoticias.org\/site\/","name":"Brasil not\u00edcias","description":"Brasil not\u00edcias","publisher":{"@id":"https:\/\/brasilnoticias.org\/site\/#organization"},"potentialAction":[{"@type":"SearchAction","target":{"@type":"EntryPoint","urlTemplate":"https:\/\/brasilnoticias.org\/site\/?s={search_term_string}"},"query-input":{"@type":"PropertyValueSpecification","valueRequired":true,"valueName":"search_term_string"}}],"inLanguage":"pt-PT"},{"@type":"Organization","@id":"https:\/\/brasilnoticias.org\/site\/#organization","name":"Brasil not\u00edcias","url":"https:\/\/brasilnoticias.org\/site\/","logo":{"@type":"ImageObject","inLanguage":"pt-PT","@id":"https:\/\/brasilnoticias.org\/site\/#\/schema\/logo\/image\/","url":"https:\/\/brasilnoticias.org\/site\/wp-content\/uploads\/2022\/05\/cropped-brasilnoticias-mini.jpg","contentUrl":"https:\/\/brasilnoticias.org\/site\/wp-content\/uploads\/2022\/05\/cropped-brasilnoticias-mini.jpg","width":314,"height":86,"caption":"Brasil not\u00edcias"},"image":{"@id":"https:\/\/brasilnoticias.org\/site\/#\/schema\/logo\/image\/"}},{"@type":"Person","@id":"https:\/\/brasilnoticias.org\/site\/#\/schema\/person\/f609fa847b5314f1c8b983342f34c798","name":"Reda\u00e7\u00e3o","image":{"@type":"ImageObject","inLanguage":"pt-PT","@id":"https:\/\/brasilnoticias.org\/site\/#\/schema\/person\/image\/","url":"https:\/\/secure.gravatar.com\/avatar\/447284c06c1ad8b46465a36de9cd0d8326b73387a22799b8b1ffb1fbcff2ed0c?s=96&d=mm&r=g","contentUrl":"https:\/\/secure.gravatar.com\/avatar\/447284c06c1ad8b46465a36de9cd0d8326b73387a22799b8b1ffb1fbcff2ed0c?s=96&d=mm&r=g","caption":"Reda\u00e7\u00e3o"},"url":"https:\/\/brasilnoticias.org\/site\/author\/redacao\/"}]}},"_links":{"self":[{"href":"https:\/\/brasilnoticias.org\/site\/wp-json\/wp\/v2\/posts\/662","targetHints":{"allow":["GET"]}}],"collection":[{"href":"https:\/\/brasilnoticias.org\/site\/wp-json\/wp\/v2\/posts"}],"about":[{"href":"https:\/\/brasilnoticias.org\/site\/wp-json\/wp\/v2\/types\/post"}],"author":[{"embeddable":true,"href":"https:\/\/brasilnoticias.org\/site\/wp-json\/wp\/v2\/users\/2"}],"replies":[{"embeddable":true,"href":"https:\/\/brasilnoticias.org\/site\/wp-json\/wp\/v2\/comments?post=662"}],"version-history":[{"count":1,"href":"https:\/\/brasilnoticias.org\/site\/wp-json\/wp\/v2\/posts\/662\/revisions"}],"predecessor-version":[{"id":664,"href":"https:\/\/brasilnoticias.org\/site\/wp-json\/wp\/v2\/posts\/662\/revisions\/664"}],"wp:featuredmedia":[{"embeddable":true,"href":"https:\/\/brasilnoticias.org\/site\/wp-json\/wp\/v2\/media\/663"}],"wp:attachment":[{"href":"https:\/\/brasilnoticias.org\/site\/wp-json\/wp\/v2\/media?parent=662"}],"wp:term":[{"taxonomy":"category","embeddable":true,"href":"https:\/\/brasilnoticias.org\/site\/wp-json\/wp\/v2\/categories?post=662"},{"taxonomy":"post_tag","embeddable":true,"href":"https:\/\/brasilnoticias.org\/site\/wp-json\/wp\/v2\/tags?post=662"}],"curies":[{"name":"wp","href":"https:\/\/api.w.org\/{rel}","templated":true}]}}