{"id":6622,"date":"2023-06-13T06:33:29","date_gmt":"2023-06-13T09:33:29","guid":{"rendered":"https:\/\/brasilnoticias.org\/site\/?p=6622"},"modified":"2023-06-13T06:33:29","modified_gmt":"2023-06-13T09:33:29","slug":"adolescentes-caem-de-cachoeira-de-10-metros-e-sao-resgatados-com-vida-em-jacobina","status":"publish","type":"post","link":"https:\/\/brasilnoticias.org\/site\/adolescentes-caem-de-cachoeira-de-10-metros-e-sao-resgatados-com-vida-em-jacobina\/","title":{"rendered":"Adolescentes caem de cachoeira de 10 metros e s\u00e3o resgatados com vida em Jacobina"},"content":{"rendered":"<p>Dois adolescentes, de 15 e 17 anos, respectivamente, foram resgatados ap\u00f3s ca\u00edrem de uma altura de aproximadamente 10 metros, da Cachoeira do An\u00edbal, localizada na cidade de Jacobina, a 340 km de Salvador.<\/p>\n<p>Ambos sofreram fraturas expostas e foram resgatados por equipes do 9\u00ba Batalh\u00e3o de Bombeiros Militar (BBM) e de equipes da 24\u00aa Companhia Independente da Pol\u00edcia Militar (CIPM).<\/p>\n<p>\u201cFomos informados que eles observavam o ambiente de cima da cachoeira, quando escorregaram\u201d, contou o tenente-coronel Nelzito Coelho Oliveira Filho.<\/p>\n<p>Com o local de dif\u00edcil locomo\u00e7\u00e3o, os bombeiros realizaram o atendimento pr\u00e9-hospitalar, enquanto o Servi\u00e7o de Atendimento M\u00f3vel de Urg\u00eancia (Samu), conduziram as v\u00edtimas para a Unidade de Pronto Atendimento da cidade, mas n\u00e3o h\u00e1 detalhes sobre seus estados de sa\u00fade.<\/p>\n<blockquote class=\"twitter-tweet\">\n<p lang=\"pt\" dir=\"ltr\">Cachoeira de 10 metros onde adolescentes ca\u00edram. Confira mais detalhes em instantes! <a href=\"https:\/\/t.co\/KORUXQQjfM\">pic.twitter.com\/KORUXQQjfM<\/a><\/p>\n<p>&mdash; Aratu On (@aratuonline) <a href=\"https:\/\/twitter.com\/aratuonline\/status\/1668369801566199813?ref_src=twsrc%5Etfw\">June 12, 2023<\/a><\/p><\/blockquote>\n<p> <script async src=\"https:\/\/platform.twitter.com\/widgets.js\" charset=\"utf-8\"><\/script><\/p>\n<p>Aratuon<br \/>\nFoto: divulga\u00e7\u00e3o\/M\u00e1rcia Santana<\/p>\n","protected":false},"excerpt":{"rendered":"<p>Dois adolescentes, de 15 e 17 anos, respectivamente, foram resgatados ap\u00f3s ca\u00edrem de uma altura de aproximadamente 10 metros, da<\/p>\n","protected":false},"author":1,"featured_media":6623,"comment_status":"open","ping_status":"open","sticky":false,"template":"","format":"standard","meta":{"colormag_page_container_layout":"default_layout","colormag_page_sidebar_layout":"default_layout","_FSMCFIC_featured_image_caption":"","_FSMCFIC_featured_image_nocaption":"","_FSMCFIC_featured_image_hide":"","footnotes":""},"categories":[2,1],"tags":[],"class_list":["post-6622","post","type-post","status-publish","format-standard","has-post-thumbnail","hentry","category-noticias","category-ultimas"],"yoast_head":"<!-- This site is optimized with the Yoast SEO plugin v27.1.1 - https:\/\/yoast.com\/product\/yoast-seo-wordpress\/ -->\n<title>Adolescentes caem de cachoeira de 10 metros e s\u00e3o resgatados com vida em Jacobina - Brasil not\u00edcias<\/title>\n<meta name=\"robots\" content=\"index, follow, max-snippet:-1, max-image-preview:large, max-video-preview:-1\" \/>\n<link rel=\"canonical\" href=\"https:\/\/brasilnoticias.org\/site\/adolescentes-caem-de-cachoeira-de-10-metros-e-sao-resgatados-com-vida-em-jacobina\/\" \/>\n<meta property=\"og:locale\" content=\"pt_PT\" \/>\n<meta property=\"og:type\" content=\"article\" \/>\n<meta property=\"og:title\" content=\"Adolescentes caem de cachoeira de 10 metros e s\u00e3o resgatados com vida em Jacobina - Brasil not\u00edcias\" \/>\n<meta property=\"og:description\" content=\"Dois adolescentes, de 15 e 17 anos, respectivamente, foram resgatados ap\u00f3s ca\u00edrem de uma altura de aproximadamente 10 metros, da\" \/>\n<meta property=\"og:url\" content=\"https:\/\/brasilnoticias.org\/site\/adolescentes-caem-de-cachoeira-de-10-metros-e-sao-resgatados-com-vida-em-jacobina\/\" \/>\n<meta property=\"og:site_name\" content=\"Brasil not\u00edcias\" \/>\n<meta property=\"article:published_time\" content=\"2023-06-13T09:33:29+00:00\" \/>\n<meta property=\"og:image\" content=\"https:\/\/brasilnoticias.org\/site\/wp-content\/uploads\/2023\/06\/cats-53-740x470-1.jpg\" \/>\n\t<meta property=\"og:image:width\" content=\"740\" \/>\n\t<meta property=\"og:image:height\" content=\"470\" \/>\n\t<meta property=\"og:image:type\" content=\"image\/jpeg\" \/>\n<meta name=\"author\" content=\"Reda\u00e7\u00e3o\" \/>\n<meta name=\"twitter:card\" content=\"summary_large_image\" \/>\n<meta name=\"twitter:label1\" content=\"Escrito por\" \/>\n\t<meta name=\"twitter:data1\" content=\"Reda\u00e7\u00e3o\" \/>\n<script type=\"application\/ld+json\" class=\"yoast-schema-graph\">{\"@context\":\"https:\/\/schema.org\",\"@graph\":[{\"@type\":\"Article\",\"@id\":\"https:\/\/brasilnoticias.org\/site\/adolescentes-caem-de-cachoeira-de-10-metros-e-sao-resgatados-com-vida-em-jacobina\/#article\",\"isPartOf\":{\"@id\":\"https:\/\/brasilnoticias.org\/site\/adolescentes-caem-de-cachoeira-de-10-metros-e-sao-resgatados-com-vida-em-jacobina\/\"},\"author\":{\"name\":\"Reda\u00e7\u00e3o\",\"@id\":\"https:\/\/brasilnoticias.org\/site\/#\/schema\/person\/a0e05b973ec4d15c658d51911e53507b\"},\"headline\":\"Adolescentes caem de cachoeira de 10 metros e s\u00e3o resgatados com vida em Jacobina\",\"datePublished\":\"2023-06-13T09:33:29+00:00\",\"mainEntityOfPage\":{\"@id\":\"https:\/\/brasilnoticias.org\/site\/adolescentes-caem-de-cachoeira-de-10-metros-e-sao-resgatados-com-vida-em-jacobina\/\"},\"wordCount\":171,\"commentCount\":0,\"publisher\":{\"@id\":\"https:\/\/brasilnoticias.org\/site\/#organization\"},\"image\":{\"@id\":\"https:\/\/brasilnoticias.org\/site\/adolescentes-caem-de-cachoeira-de-10-metros-e-sao-resgatados-com-vida-em-jacobina\/#primaryimage\"},\"thumbnailUrl\":\"https:\/\/brasilnoticias.org\/site\/wp-content\/uploads\/2023\/06\/cats-53-740x470-1.jpg\",\"articleSection\":[\"Not\u00edcias\",\"\u00daltimas\"],\"inLanguage\":\"pt-PT\",\"potentialAction\":[{\"@type\":\"CommentAction\",\"name\":\"Comment\",\"target\":[\"https:\/\/brasilnoticias.org\/site\/adolescentes-caem-de-cachoeira-de-10-metros-e-sao-resgatados-com-vida-em-jacobina\/#respond\"]}]},{\"@type\":\"WebPage\",\"@id\":\"https:\/\/brasilnoticias.org\/site\/adolescentes-caem-de-cachoeira-de-10-metros-e-sao-resgatados-com-vida-em-jacobina\/\",\"url\":\"https:\/\/brasilnoticias.org\/site\/adolescentes-caem-de-cachoeira-de-10-metros-e-sao-resgatados-com-vida-em-jacobina\/\",\"name\":\"Adolescentes caem de cachoeira de 10 metros e s\u00e3o resgatados com vida em Jacobina - Brasil not\u00edcias\",\"isPartOf\":{\"@id\":\"https:\/\/brasilnoticias.org\/site\/#website\"},\"primaryImageOfPage\":{\"@id\":\"https:\/\/brasilnoticias.org\/site\/adolescentes-caem-de-cachoeira-de-10-metros-e-sao-resgatados-com-vida-em-jacobina\/#primaryimage\"},\"image\":{\"@id\":\"https:\/\/brasilnoticias.org\/site\/adolescentes-caem-de-cachoeira-de-10-metros-e-sao-resgatados-com-vida-em-jacobina\/#primaryimage\"},\"thumbnailUrl\":\"https:\/\/brasilnoticias.org\/site\/wp-content\/uploads\/2023\/06\/cats-53-740x470-1.jpg\",\"datePublished\":\"2023-06-13T09:33:29+00:00\",\"breadcrumb\":{\"@id\":\"https:\/\/brasilnoticias.org\/site\/adolescentes-caem-de-cachoeira-de-10-metros-e-sao-resgatados-com-vida-em-jacobina\/#breadcrumb\"},\"inLanguage\":\"pt-PT\",\"potentialAction\":[{\"@type\":\"ReadAction\",\"target\":[\"https:\/\/brasilnoticias.org\/site\/adolescentes-caem-de-cachoeira-de-10-metros-e-sao-resgatados-com-vida-em-jacobina\/\"]}]},{\"@type\":\"ImageObject\",\"inLanguage\":\"pt-PT\",\"@id\":\"https:\/\/brasilnoticias.org\/site\/adolescentes-caem-de-cachoeira-de-10-metros-e-sao-resgatados-com-vida-em-jacobina\/#primaryimage\",\"url\":\"https:\/\/brasilnoticias.org\/site\/wp-content\/uploads\/2023\/06\/cats-53-740x470-1.jpg\",\"contentUrl\":\"https:\/\/brasilnoticias.org\/site\/wp-content\/uploads\/2023\/06\/cats-53-740x470-1.jpg\",\"width\":740,\"height\":470},{\"@type\":\"BreadcrumbList\",\"@id\":\"https:\/\/brasilnoticias.org\/site\/adolescentes-caem-de-cachoeira-de-10-metros-e-sao-resgatados-com-vida-em-jacobina\/#breadcrumb\",\"itemListElement\":[{\"@type\":\"ListItem\",\"position\":1,\"name\":\"In\u00edcio\",\"item\":\"https:\/\/brasilnoticias.org\/site\/\"},{\"@type\":\"ListItem\",\"position\":2,\"name\":\"Adolescentes caem de cachoeira de 10 metros e s\u00e3o resgatados com vida em Jacobina\"}]},{\"@type\":\"WebSite\",\"@id\":\"https:\/\/brasilnoticias.org\/site\/#website\",\"url\":\"https:\/\/brasilnoticias.org\/site\/\",\"name\":\"Brasil not\u00edcias\",\"description\":\"Brasil not\u00edcias\",\"publisher\":{\"@id\":\"https:\/\/brasilnoticias.org\/site\/#organization\"},\"potentialAction\":[{\"@type\":\"SearchAction\",\"target\":{\"@type\":\"EntryPoint\",\"urlTemplate\":\"https:\/\/brasilnoticias.org\/site\/?s={search_term_string}\"},\"query-input\":{\"@type\":\"PropertyValueSpecification\",\"valueRequired\":true,\"valueName\":\"search_term_string\"}}],\"inLanguage\":\"pt-PT\"},{\"@type\":\"Organization\",\"@id\":\"https:\/\/brasilnoticias.org\/site\/#organization\",\"name\":\"Brasil not\u00edcias\",\"url\":\"https:\/\/brasilnoticias.org\/site\/\",\"logo\":{\"@type\":\"ImageObject\",\"inLanguage\":\"pt-PT\",\"@id\":\"https:\/\/brasilnoticias.org\/site\/#\/schema\/logo\/image\/\",\"url\":\"https:\/\/brasilnoticias.org\/site\/wp-content\/uploads\/2022\/05\/cropped-brasilnoticias-mini.jpg\",\"contentUrl\":\"https:\/\/brasilnoticias.org\/site\/wp-content\/uploads\/2022\/05\/cropped-brasilnoticias-mini.jpg\",\"width\":314,\"height\":86,\"caption\":\"Brasil not\u00edcias\"},\"image\":{\"@id\":\"https:\/\/brasilnoticias.org\/site\/#\/schema\/logo\/image\/\"}},{\"@type\":\"Person\",\"@id\":\"https:\/\/brasilnoticias.org\/site\/#\/schema\/person\/a0e05b973ec4d15c658d51911e53507b\",\"name\":\"Reda\u00e7\u00e3o\",\"image\":{\"@type\":\"ImageObject\",\"inLanguage\":\"pt-PT\",\"@id\":\"https:\/\/brasilnoticias.org\/site\/#\/schema\/person\/image\/\",\"url\":\"https:\/\/secure.gravatar.com\/avatar\/75d8b050df2de108b08ae78dfb8e374892df24a383c67db9c46a9c604f6aee9c?s=96&d=mm&r=g\",\"contentUrl\":\"https:\/\/secure.gravatar.com\/avatar\/75d8b050df2de108b08ae78dfb8e374892df24a383c67db9c46a9c604f6aee9c?s=96&d=mm&r=g\",\"caption\":\"Reda\u00e7\u00e3o\"},\"sameAs\":[\"https:\/\/brasilnoticias.org\/site\"],\"url\":\"https:\/\/brasilnoticias.org\/site\/author\/fernandozsngmail-com\/\"}]}<\/script>\n<!-- \/ Yoast SEO plugin. -->","yoast_head_json":{"title":"Adolescentes caem de cachoeira de 10 metros e s\u00e3o resgatados com vida em Jacobina - Brasil not\u00edcias","robots":{"index":"index","follow":"follow","max-snippet":"max-snippet:-1","max-image-preview":"max-image-preview:large","max-video-preview":"max-video-preview:-1"},"canonical":"https:\/\/brasilnoticias.org\/site\/adolescentes-caem-de-cachoeira-de-10-metros-e-sao-resgatados-com-vida-em-jacobina\/","og_locale":"pt_PT","og_type":"article","og_title":"Adolescentes caem de cachoeira de 10 metros e s\u00e3o resgatados com vida em Jacobina - Brasil not\u00edcias","og_description":"Dois adolescentes, de 15 e 17 anos, respectivamente, foram resgatados ap\u00f3s ca\u00edrem de uma altura de aproximadamente 10 metros, da","og_url":"https:\/\/brasilnoticias.org\/site\/adolescentes-caem-de-cachoeira-de-10-metros-e-sao-resgatados-com-vida-em-jacobina\/","og_site_name":"Brasil not\u00edcias","article_published_time":"2023-06-13T09:33:29+00:00","og_image":[{"width":740,"height":470,"url":"https:\/\/brasilnoticias.org\/site\/wp-content\/uploads\/2023\/06\/cats-53-740x470-1.jpg","type":"image\/jpeg"}],"author":"Reda\u00e7\u00e3o","twitter_card":"summary_large_image","twitter_misc":{"Escrito por":"Reda\u00e7\u00e3o"},"schema":{"@context":"https:\/\/schema.org","@graph":[{"@type":"Article","@id":"https:\/\/brasilnoticias.org\/site\/adolescentes-caem-de-cachoeira-de-10-metros-e-sao-resgatados-com-vida-em-jacobina\/#article","isPartOf":{"@id":"https:\/\/brasilnoticias.org\/site\/adolescentes-caem-de-cachoeira-de-10-metros-e-sao-resgatados-com-vida-em-jacobina\/"},"author":{"name":"Reda\u00e7\u00e3o","@id":"https:\/\/brasilnoticias.org\/site\/#\/schema\/person\/a0e05b973ec4d15c658d51911e53507b"},"headline":"Adolescentes caem de cachoeira de 10 metros e s\u00e3o resgatados com vida em Jacobina","datePublished":"2023-06-13T09:33:29+00:00","mainEntityOfPage":{"@id":"https:\/\/brasilnoticias.org\/site\/adolescentes-caem-de-cachoeira-de-10-metros-e-sao-resgatados-com-vida-em-jacobina\/"},"wordCount":171,"commentCount":0,"publisher":{"@id":"https:\/\/brasilnoticias.org\/site\/#organization"},"image":{"@id":"https:\/\/brasilnoticias.org\/site\/adolescentes-caem-de-cachoeira-de-10-metros-e-sao-resgatados-com-vida-em-jacobina\/#primaryimage"},"thumbnailUrl":"https:\/\/brasilnoticias.org\/site\/wp-content\/uploads\/2023\/06\/cats-53-740x470-1.jpg","articleSection":["Not\u00edcias","\u00daltimas"],"inLanguage":"pt-PT","potentialAction":[{"@type":"CommentAction","name":"Comment","target":["https:\/\/brasilnoticias.org\/site\/adolescentes-caem-de-cachoeira-de-10-metros-e-sao-resgatados-com-vida-em-jacobina\/#respond"]}]},{"@type":"WebPage","@id":"https:\/\/brasilnoticias.org\/site\/adolescentes-caem-de-cachoeira-de-10-metros-e-sao-resgatados-com-vida-em-jacobina\/","url":"https:\/\/brasilnoticias.org\/site\/adolescentes-caem-de-cachoeira-de-10-metros-e-sao-resgatados-com-vida-em-jacobina\/","name":"Adolescentes caem de cachoeira de 10 metros e s\u00e3o resgatados com vida em Jacobina - Brasil not\u00edcias","isPartOf":{"@id":"https:\/\/brasilnoticias.org\/site\/#website"},"primaryImageOfPage":{"@id":"https:\/\/brasilnoticias.org\/site\/adolescentes-caem-de-cachoeira-de-10-metros-e-sao-resgatados-com-vida-em-jacobina\/#primaryimage"},"image":{"@id":"https:\/\/brasilnoticias.org\/site\/adolescentes-caem-de-cachoeira-de-10-metros-e-sao-resgatados-com-vida-em-jacobina\/#primaryimage"},"thumbnailUrl":"https:\/\/brasilnoticias.org\/site\/wp-content\/uploads\/2023\/06\/cats-53-740x470-1.jpg","datePublished":"2023-06-13T09:33:29+00:00","breadcrumb":{"@id":"https:\/\/brasilnoticias.org\/site\/adolescentes-caem-de-cachoeira-de-10-metros-e-sao-resgatados-com-vida-em-jacobina\/#breadcrumb"},"inLanguage":"pt-PT","potentialAction":[{"@type":"ReadAction","target":["https:\/\/brasilnoticias.org\/site\/adolescentes-caem-de-cachoeira-de-10-metros-e-sao-resgatados-com-vida-em-jacobina\/"]}]},{"@type":"ImageObject","inLanguage":"pt-PT","@id":"https:\/\/brasilnoticias.org\/site\/adolescentes-caem-de-cachoeira-de-10-metros-e-sao-resgatados-com-vida-em-jacobina\/#primaryimage","url":"https:\/\/brasilnoticias.org\/site\/wp-content\/uploads\/2023\/06\/cats-53-740x470-1.jpg","contentUrl":"https:\/\/brasilnoticias.org\/site\/wp-content\/uploads\/2023\/06\/cats-53-740x470-1.jpg","width":740,"height":470},{"@type":"BreadcrumbList","@id":"https:\/\/brasilnoticias.org\/site\/adolescentes-caem-de-cachoeira-de-10-metros-e-sao-resgatados-com-vida-em-jacobina\/#breadcrumb","itemListElement":[{"@type":"ListItem","position":1,"name":"In\u00edcio","item":"https:\/\/brasilnoticias.org\/site\/"},{"@type":"ListItem","position":2,"name":"Adolescentes caem de cachoeira de 10 metros e s\u00e3o resgatados com vida em Jacobina"}]},{"@type":"WebSite","@id":"https:\/\/brasilnoticias.org\/site\/#website","url":"https:\/\/brasilnoticias.org\/site\/","name":"Brasil not\u00edcias","description":"Brasil not\u00edcias","publisher":{"@id":"https:\/\/brasilnoticias.org\/site\/#organization"},"potentialAction":[{"@type":"SearchAction","target":{"@type":"EntryPoint","urlTemplate":"https:\/\/brasilnoticias.org\/site\/?s={search_term_string}"},"query-input":{"@type":"PropertyValueSpecification","valueRequired":true,"valueName":"search_term_string"}}],"inLanguage":"pt-PT"},{"@type":"Organization","@id":"https:\/\/brasilnoticias.org\/site\/#organization","name":"Brasil not\u00edcias","url":"https:\/\/brasilnoticias.org\/site\/","logo":{"@type":"ImageObject","inLanguage":"pt-PT","@id":"https:\/\/brasilnoticias.org\/site\/#\/schema\/logo\/image\/","url":"https:\/\/brasilnoticias.org\/site\/wp-content\/uploads\/2022\/05\/cropped-brasilnoticias-mini.jpg","contentUrl":"https:\/\/brasilnoticias.org\/site\/wp-content\/uploads\/2022\/05\/cropped-brasilnoticias-mini.jpg","width":314,"height":86,"caption":"Brasil not\u00edcias"},"image":{"@id":"https:\/\/brasilnoticias.org\/site\/#\/schema\/logo\/image\/"}},{"@type":"Person","@id":"https:\/\/brasilnoticias.org\/site\/#\/schema\/person\/a0e05b973ec4d15c658d51911e53507b","name":"Reda\u00e7\u00e3o","image":{"@type":"ImageObject","inLanguage":"pt-PT","@id":"https:\/\/brasilnoticias.org\/site\/#\/schema\/person\/image\/","url":"https:\/\/secure.gravatar.com\/avatar\/75d8b050df2de108b08ae78dfb8e374892df24a383c67db9c46a9c604f6aee9c?s=96&d=mm&r=g","contentUrl":"https:\/\/secure.gravatar.com\/avatar\/75d8b050df2de108b08ae78dfb8e374892df24a383c67db9c46a9c604f6aee9c?s=96&d=mm&r=g","caption":"Reda\u00e7\u00e3o"},"sameAs":["https:\/\/brasilnoticias.org\/site"],"url":"https:\/\/brasilnoticias.org\/site\/author\/fernandozsngmail-com\/"}]}},"_links":{"self":[{"href":"https:\/\/brasilnoticias.org\/site\/wp-json\/wp\/v2\/posts\/6622","targetHints":{"allow":["GET"]}}],"collection":[{"href":"https:\/\/brasilnoticias.org\/site\/wp-json\/wp\/v2\/posts"}],"about":[{"href":"https:\/\/brasilnoticias.org\/site\/wp-json\/wp\/v2\/types\/post"}],"author":[{"embeddable":true,"href":"https:\/\/brasilnoticias.org\/site\/wp-json\/wp\/v2\/users\/1"}],"replies":[{"embeddable":true,"href":"https:\/\/brasilnoticias.org\/site\/wp-json\/wp\/v2\/comments?post=6622"}],"version-history":[{"count":1,"href":"https:\/\/brasilnoticias.org\/site\/wp-json\/wp\/v2\/posts\/6622\/revisions"}],"predecessor-version":[{"id":6624,"href":"https:\/\/brasilnoticias.org\/site\/wp-json\/wp\/v2\/posts\/6622\/revisions\/6624"}],"wp:featuredmedia":[{"embeddable":true,"href":"https:\/\/brasilnoticias.org\/site\/wp-json\/wp\/v2\/media\/6623"}],"wp:attachment":[{"href":"https:\/\/brasilnoticias.org\/site\/wp-json\/wp\/v2\/media?parent=6622"}],"wp:term":[{"taxonomy":"category","embeddable":true,"href":"https:\/\/brasilnoticias.org\/site\/wp-json\/wp\/v2\/categories?post=6622"},{"taxonomy":"post_tag","embeddable":true,"href":"https:\/\/brasilnoticias.org\/site\/wp-json\/wp\/v2\/tags?post=6622"}],"curies":[{"name":"wp","href":"https:\/\/api.w.org\/{rel}","templated":true}]}}