{"id":6631,"date":"2023-06-13T06:37:41","date_gmt":"2023-06-13T09:37:41","guid":{"rendered":"https:\/\/brasilnoticias.org\/site\/?p=6631"},"modified":"2023-06-13T06:37:41","modified_gmt":"2023-06-13T09:37:41","slug":"capitao-alden-repudia-intolerancia-religiosa-na-marcha-lgbt-em-sao-paulo","status":"publish","type":"post","link":"https:\/\/brasilnoticias.org\/site\/capitao-alden-repudia-intolerancia-religiosa-na-marcha-lgbt-em-sao-paulo\/","title":{"rendered":"Capit\u00e3o Alden repudia intoler\u00e2ncia religiosa na Marcha LGBT em S\u00e3o Paulo"},"content":{"rendered":"<p>Ao ter acesso a imagens onde se \u00e9 poss\u00edvel notar uma representa\u00e7\u00e3o do uso da Cruz onde Jesus Cristo foi morto na Marcha LGBT na cidade de S\u00e3o Paulo, que foi realizada no \u00faltimo domingo (11), o deputado federal Capit\u00e3o Alden (PL-BA) repudiou o que chamou de intoler\u00e2ncia religiosa a cena que impactou milhares de crist\u00e3os em todo o Brasil. <\/p>\n<p>&#8220;Como sempre, a hipocrisia deles \u00e9 estampada. Dizem que o amor venceu, mas n\u00e3o t\u00eam respeito algum pela religi\u00e3o dos outros. Sabem que temos em Jesus a figura do sagrado, de nosso salvador, mas fazem quest\u00e3o de atingir ao p\u00fablico crist\u00e3o. S\u00e3o hip\u00f3critas! Onde est\u00e1 a Justi\u00e7a para ver isto? Intoler\u00e2ncia Religiosa \u00e9 crime&#8221;, disse o parlamentar. <\/p>\n<p>O C\u00f3digo Penal Brasileiro (Decreto-Lei 2.848\/1940), em seu artigo 208, estabelece que \u00e9 crime \u201cescarnecer de algu\u00e9m publicamente, por motivo de cren\u00e7a ou fun\u00e7\u00e3o religiosa; impedir ou perturbar cerim\u00f4nia ou pr\u00e1tica de culto religioso; vilipendiar publicamente ato ou objeto de culto religioso\u201d.<\/p>\n","protected":false},"excerpt":{"rendered":"<p>Ao ter acesso a imagens onde se \u00e9 poss\u00edvel notar uma representa\u00e7\u00e3o do uso da Cruz onde Jesus Cristo foi<\/p>\n","protected":false},"author":1,"featured_media":6632,"comment_status":"open","ping_status":"open","sticky":false,"template":"","format":"standard","meta":{"colormag_page_container_layout":"default_layout","colormag_page_sidebar_layout":"default_layout","_FSMCFIC_featured_image_caption":"","_FSMCFIC_featured_image_nocaption":"","_FSMCFIC_featured_image_hide":"","footnotes":""},"categories":[5,1],"tags":[],"class_list":["post-6631","post","type-post","status-publish","format-standard","has-post-thumbnail","hentry","category-politica","category-ultimas"],"yoast_head":"<!-- This site is optimized with the Yoast SEO plugin v27.1.1 - https:\/\/yoast.com\/product\/yoast-seo-wordpress\/ -->\n<title>Capit\u00e3o Alden repudia intoler\u00e2ncia religiosa na Marcha LGBT em S\u00e3o Paulo - Brasil not\u00edcias<\/title>\n<meta name=\"robots\" content=\"index, follow, max-snippet:-1, max-image-preview:large, max-video-preview:-1\" \/>\n<link rel=\"canonical\" href=\"https:\/\/brasilnoticias.org\/site\/capitao-alden-repudia-intolerancia-religiosa-na-marcha-lgbt-em-sao-paulo\/\" \/>\n<meta property=\"og:locale\" content=\"pt_PT\" \/>\n<meta property=\"og:type\" content=\"article\" \/>\n<meta property=\"og:title\" content=\"Capit\u00e3o Alden repudia intoler\u00e2ncia religiosa na Marcha LGBT em S\u00e3o Paulo - Brasil not\u00edcias\" \/>\n<meta property=\"og:description\" content=\"Ao ter acesso a imagens onde se \u00e9 poss\u00edvel notar uma representa\u00e7\u00e3o do uso da Cruz onde Jesus Cristo foi\" \/>\n<meta property=\"og:url\" content=\"https:\/\/brasilnoticias.org\/site\/capitao-alden-repudia-intolerancia-religiosa-na-marcha-lgbt-em-sao-paulo\/\" \/>\n<meta property=\"og:site_name\" content=\"Brasil not\u00edcias\" \/>\n<meta property=\"article:published_time\" content=\"2023-06-13T09:37:41+00:00\" \/>\n<meta property=\"og:image\" content=\"https:\/\/brasilnoticias.org\/site\/wp-content\/uploads\/2023\/06\/WhatsApp-Image-2023-06-12-at-15.41.35.jpeg\" \/>\n\t<meta property=\"og:image:width\" content=\"1024\" \/>\n\t<meta property=\"og:image:height\" content=\"683\" \/>\n\t<meta property=\"og:image:type\" content=\"image\/jpeg\" \/>\n<meta name=\"author\" content=\"Reda\u00e7\u00e3o\" \/>\n<meta name=\"twitter:card\" content=\"summary_large_image\" \/>\n<meta name=\"twitter:label1\" content=\"Escrito por\" \/>\n\t<meta name=\"twitter:data1\" content=\"Reda\u00e7\u00e3o\" \/>\n<script type=\"application\/ld+json\" class=\"yoast-schema-graph\">{\"@context\":\"https:\/\/schema.org\",\"@graph\":[{\"@type\":\"Article\",\"@id\":\"https:\/\/brasilnoticias.org\/site\/capitao-alden-repudia-intolerancia-religiosa-na-marcha-lgbt-em-sao-paulo\/#article\",\"isPartOf\":{\"@id\":\"https:\/\/brasilnoticias.org\/site\/capitao-alden-repudia-intolerancia-religiosa-na-marcha-lgbt-em-sao-paulo\/\"},\"author\":{\"name\":\"Reda\u00e7\u00e3o\",\"@id\":\"https:\/\/brasilnoticias.org\/site\/#\/schema\/person\/a0e05b973ec4d15c658d51911e53507b\"},\"headline\":\"Capit\u00e3o Alden repudia intoler\u00e2ncia religiosa na Marcha LGBT em S\u00e3o Paulo\",\"datePublished\":\"2023-06-13T09:37:41+00:00\",\"mainEntityOfPage\":{\"@id\":\"https:\/\/brasilnoticias.org\/site\/capitao-alden-repudia-intolerancia-religiosa-na-marcha-lgbt-em-sao-paulo\/\"},\"wordCount\":188,\"commentCount\":0,\"publisher\":{\"@id\":\"https:\/\/brasilnoticias.org\/site\/#organization\"},\"image\":{\"@id\":\"https:\/\/brasilnoticias.org\/site\/capitao-alden-repudia-intolerancia-religiosa-na-marcha-lgbt-em-sao-paulo\/#primaryimage\"},\"thumbnailUrl\":\"https:\/\/brasilnoticias.org\/site\/wp-content\/uploads\/2023\/06\/WhatsApp-Image-2023-06-12-at-15.41.35.jpeg\",\"articleSection\":[\"Pol\u00edtica\",\"\u00daltimas\"],\"inLanguage\":\"pt-PT\",\"potentialAction\":[{\"@type\":\"CommentAction\",\"name\":\"Comment\",\"target\":[\"https:\/\/brasilnoticias.org\/site\/capitao-alden-repudia-intolerancia-religiosa-na-marcha-lgbt-em-sao-paulo\/#respond\"]}]},{\"@type\":\"WebPage\",\"@id\":\"https:\/\/brasilnoticias.org\/site\/capitao-alden-repudia-intolerancia-religiosa-na-marcha-lgbt-em-sao-paulo\/\",\"url\":\"https:\/\/brasilnoticias.org\/site\/capitao-alden-repudia-intolerancia-religiosa-na-marcha-lgbt-em-sao-paulo\/\",\"name\":\"Capit\u00e3o Alden repudia intoler\u00e2ncia religiosa na Marcha LGBT em S\u00e3o Paulo - Brasil not\u00edcias\",\"isPartOf\":{\"@id\":\"https:\/\/brasilnoticias.org\/site\/#website\"},\"primaryImageOfPage\":{\"@id\":\"https:\/\/brasilnoticias.org\/site\/capitao-alden-repudia-intolerancia-religiosa-na-marcha-lgbt-em-sao-paulo\/#primaryimage\"},\"image\":{\"@id\":\"https:\/\/brasilnoticias.org\/site\/capitao-alden-repudia-intolerancia-religiosa-na-marcha-lgbt-em-sao-paulo\/#primaryimage\"},\"thumbnailUrl\":\"https:\/\/brasilnoticias.org\/site\/wp-content\/uploads\/2023\/06\/WhatsApp-Image-2023-06-12-at-15.41.35.jpeg\",\"datePublished\":\"2023-06-13T09:37:41+00:00\",\"breadcrumb\":{\"@id\":\"https:\/\/brasilnoticias.org\/site\/capitao-alden-repudia-intolerancia-religiosa-na-marcha-lgbt-em-sao-paulo\/#breadcrumb\"},\"inLanguage\":\"pt-PT\",\"potentialAction\":[{\"@type\":\"ReadAction\",\"target\":[\"https:\/\/brasilnoticias.org\/site\/capitao-alden-repudia-intolerancia-religiosa-na-marcha-lgbt-em-sao-paulo\/\"]}]},{\"@type\":\"ImageObject\",\"inLanguage\":\"pt-PT\",\"@id\":\"https:\/\/brasilnoticias.org\/site\/capitao-alden-repudia-intolerancia-religiosa-na-marcha-lgbt-em-sao-paulo\/#primaryimage\",\"url\":\"https:\/\/brasilnoticias.org\/site\/wp-content\/uploads\/2023\/06\/WhatsApp-Image-2023-06-12-at-15.41.35.jpeg\",\"contentUrl\":\"https:\/\/brasilnoticias.org\/site\/wp-content\/uploads\/2023\/06\/WhatsApp-Image-2023-06-12-at-15.41.35.jpeg\",\"width\":1024,\"height\":683},{\"@type\":\"BreadcrumbList\",\"@id\":\"https:\/\/brasilnoticias.org\/site\/capitao-alden-repudia-intolerancia-religiosa-na-marcha-lgbt-em-sao-paulo\/#breadcrumb\",\"itemListElement\":[{\"@type\":\"ListItem\",\"position\":1,\"name\":\"In\u00edcio\",\"item\":\"https:\/\/brasilnoticias.org\/site\/\"},{\"@type\":\"ListItem\",\"position\":2,\"name\":\"Capit\u00e3o Alden repudia intoler\u00e2ncia religiosa na Marcha LGBT em S\u00e3o Paulo\"}]},{\"@type\":\"WebSite\",\"@id\":\"https:\/\/brasilnoticias.org\/site\/#website\",\"url\":\"https:\/\/brasilnoticias.org\/site\/\",\"name\":\"Brasil not\u00edcias\",\"description\":\"Brasil not\u00edcias\",\"publisher\":{\"@id\":\"https:\/\/brasilnoticias.org\/site\/#organization\"},\"potentialAction\":[{\"@type\":\"SearchAction\",\"target\":{\"@type\":\"EntryPoint\",\"urlTemplate\":\"https:\/\/brasilnoticias.org\/site\/?s={search_term_string}\"},\"query-input\":{\"@type\":\"PropertyValueSpecification\",\"valueRequired\":true,\"valueName\":\"search_term_string\"}}],\"inLanguage\":\"pt-PT\"},{\"@type\":\"Organization\",\"@id\":\"https:\/\/brasilnoticias.org\/site\/#organization\",\"name\":\"Brasil not\u00edcias\",\"url\":\"https:\/\/brasilnoticias.org\/site\/\",\"logo\":{\"@type\":\"ImageObject\",\"inLanguage\":\"pt-PT\",\"@id\":\"https:\/\/brasilnoticias.org\/site\/#\/schema\/logo\/image\/\",\"url\":\"https:\/\/brasilnoticias.org\/site\/wp-content\/uploads\/2022\/05\/cropped-brasilnoticias-mini.jpg\",\"contentUrl\":\"https:\/\/brasilnoticias.org\/site\/wp-content\/uploads\/2022\/05\/cropped-brasilnoticias-mini.jpg\",\"width\":314,\"height\":86,\"caption\":\"Brasil not\u00edcias\"},\"image\":{\"@id\":\"https:\/\/brasilnoticias.org\/site\/#\/schema\/logo\/image\/\"}},{\"@type\":\"Person\",\"@id\":\"https:\/\/brasilnoticias.org\/site\/#\/schema\/person\/a0e05b973ec4d15c658d51911e53507b\",\"name\":\"Reda\u00e7\u00e3o\",\"image\":{\"@type\":\"ImageObject\",\"inLanguage\":\"pt-PT\",\"@id\":\"https:\/\/brasilnoticias.org\/site\/#\/schema\/person\/image\/\",\"url\":\"https:\/\/secure.gravatar.com\/avatar\/75d8b050df2de108b08ae78dfb8e374892df24a383c67db9c46a9c604f6aee9c?s=96&d=mm&r=g\",\"contentUrl\":\"https:\/\/secure.gravatar.com\/avatar\/75d8b050df2de108b08ae78dfb8e374892df24a383c67db9c46a9c604f6aee9c?s=96&d=mm&r=g\",\"caption\":\"Reda\u00e7\u00e3o\"},\"sameAs\":[\"https:\/\/brasilnoticias.org\/site\"],\"url\":\"https:\/\/brasilnoticias.org\/site\/author\/fernandozsngmail-com\/\"}]}<\/script>\n<!-- \/ Yoast SEO plugin. -->","yoast_head_json":{"title":"Capit\u00e3o Alden repudia intoler\u00e2ncia religiosa na Marcha LGBT em S\u00e3o Paulo - Brasil not\u00edcias","robots":{"index":"index","follow":"follow","max-snippet":"max-snippet:-1","max-image-preview":"max-image-preview:large","max-video-preview":"max-video-preview:-1"},"canonical":"https:\/\/brasilnoticias.org\/site\/capitao-alden-repudia-intolerancia-religiosa-na-marcha-lgbt-em-sao-paulo\/","og_locale":"pt_PT","og_type":"article","og_title":"Capit\u00e3o Alden repudia intoler\u00e2ncia religiosa na Marcha LGBT em S\u00e3o Paulo - Brasil not\u00edcias","og_description":"Ao ter acesso a imagens onde se \u00e9 poss\u00edvel notar uma representa\u00e7\u00e3o do uso da Cruz onde Jesus Cristo foi","og_url":"https:\/\/brasilnoticias.org\/site\/capitao-alden-repudia-intolerancia-religiosa-na-marcha-lgbt-em-sao-paulo\/","og_site_name":"Brasil not\u00edcias","article_published_time":"2023-06-13T09:37:41+00:00","og_image":[{"width":1024,"height":683,"url":"https:\/\/brasilnoticias.org\/site\/wp-content\/uploads\/2023\/06\/WhatsApp-Image-2023-06-12-at-15.41.35.jpeg","type":"image\/jpeg"}],"author":"Reda\u00e7\u00e3o","twitter_card":"summary_large_image","twitter_misc":{"Escrito por":"Reda\u00e7\u00e3o"},"schema":{"@context":"https:\/\/schema.org","@graph":[{"@type":"Article","@id":"https:\/\/brasilnoticias.org\/site\/capitao-alden-repudia-intolerancia-religiosa-na-marcha-lgbt-em-sao-paulo\/#article","isPartOf":{"@id":"https:\/\/brasilnoticias.org\/site\/capitao-alden-repudia-intolerancia-religiosa-na-marcha-lgbt-em-sao-paulo\/"},"author":{"name":"Reda\u00e7\u00e3o","@id":"https:\/\/brasilnoticias.org\/site\/#\/schema\/person\/a0e05b973ec4d15c658d51911e53507b"},"headline":"Capit\u00e3o Alden repudia intoler\u00e2ncia religiosa na Marcha LGBT em S\u00e3o Paulo","datePublished":"2023-06-13T09:37:41+00:00","mainEntityOfPage":{"@id":"https:\/\/brasilnoticias.org\/site\/capitao-alden-repudia-intolerancia-religiosa-na-marcha-lgbt-em-sao-paulo\/"},"wordCount":188,"commentCount":0,"publisher":{"@id":"https:\/\/brasilnoticias.org\/site\/#organization"},"image":{"@id":"https:\/\/brasilnoticias.org\/site\/capitao-alden-repudia-intolerancia-religiosa-na-marcha-lgbt-em-sao-paulo\/#primaryimage"},"thumbnailUrl":"https:\/\/brasilnoticias.org\/site\/wp-content\/uploads\/2023\/06\/WhatsApp-Image-2023-06-12-at-15.41.35.jpeg","articleSection":["Pol\u00edtica","\u00daltimas"],"inLanguage":"pt-PT","potentialAction":[{"@type":"CommentAction","name":"Comment","target":["https:\/\/brasilnoticias.org\/site\/capitao-alden-repudia-intolerancia-religiosa-na-marcha-lgbt-em-sao-paulo\/#respond"]}]},{"@type":"WebPage","@id":"https:\/\/brasilnoticias.org\/site\/capitao-alden-repudia-intolerancia-religiosa-na-marcha-lgbt-em-sao-paulo\/","url":"https:\/\/brasilnoticias.org\/site\/capitao-alden-repudia-intolerancia-religiosa-na-marcha-lgbt-em-sao-paulo\/","name":"Capit\u00e3o Alden repudia intoler\u00e2ncia religiosa na Marcha LGBT em S\u00e3o Paulo - Brasil not\u00edcias","isPartOf":{"@id":"https:\/\/brasilnoticias.org\/site\/#website"},"primaryImageOfPage":{"@id":"https:\/\/brasilnoticias.org\/site\/capitao-alden-repudia-intolerancia-religiosa-na-marcha-lgbt-em-sao-paulo\/#primaryimage"},"image":{"@id":"https:\/\/brasilnoticias.org\/site\/capitao-alden-repudia-intolerancia-religiosa-na-marcha-lgbt-em-sao-paulo\/#primaryimage"},"thumbnailUrl":"https:\/\/brasilnoticias.org\/site\/wp-content\/uploads\/2023\/06\/WhatsApp-Image-2023-06-12-at-15.41.35.jpeg","datePublished":"2023-06-13T09:37:41+00:00","breadcrumb":{"@id":"https:\/\/brasilnoticias.org\/site\/capitao-alden-repudia-intolerancia-religiosa-na-marcha-lgbt-em-sao-paulo\/#breadcrumb"},"inLanguage":"pt-PT","potentialAction":[{"@type":"ReadAction","target":["https:\/\/brasilnoticias.org\/site\/capitao-alden-repudia-intolerancia-religiosa-na-marcha-lgbt-em-sao-paulo\/"]}]},{"@type":"ImageObject","inLanguage":"pt-PT","@id":"https:\/\/brasilnoticias.org\/site\/capitao-alden-repudia-intolerancia-religiosa-na-marcha-lgbt-em-sao-paulo\/#primaryimage","url":"https:\/\/brasilnoticias.org\/site\/wp-content\/uploads\/2023\/06\/WhatsApp-Image-2023-06-12-at-15.41.35.jpeg","contentUrl":"https:\/\/brasilnoticias.org\/site\/wp-content\/uploads\/2023\/06\/WhatsApp-Image-2023-06-12-at-15.41.35.jpeg","width":1024,"height":683},{"@type":"BreadcrumbList","@id":"https:\/\/brasilnoticias.org\/site\/capitao-alden-repudia-intolerancia-religiosa-na-marcha-lgbt-em-sao-paulo\/#breadcrumb","itemListElement":[{"@type":"ListItem","position":1,"name":"In\u00edcio","item":"https:\/\/brasilnoticias.org\/site\/"},{"@type":"ListItem","position":2,"name":"Capit\u00e3o Alden repudia intoler\u00e2ncia religiosa na Marcha LGBT em S\u00e3o Paulo"}]},{"@type":"WebSite","@id":"https:\/\/brasilnoticias.org\/site\/#website","url":"https:\/\/brasilnoticias.org\/site\/","name":"Brasil not\u00edcias","description":"Brasil not\u00edcias","publisher":{"@id":"https:\/\/brasilnoticias.org\/site\/#organization"},"potentialAction":[{"@type":"SearchAction","target":{"@type":"EntryPoint","urlTemplate":"https:\/\/brasilnoticias.org\/site\/?s={search_term_string}"},"query-input":{"@type":"PropertyValueSpecification","valueRequired":true,"valueName":"search_term_string"}}],"inLanguage":"pt-PT"},{"@type":"Organization","@id":"https:\/\/brasilnoticias.org\/site\/#organization","name":"Brasil not\u00edcias","url":"https:\/\/brasilnoticias.org\/site\/","logo":{"@type":"ImageObject","inLanguage":"pt-PT","@id":"https:\/\/brasilnoticias.org\/site\/#\/schema\/logo\/image\/","url":"https:\/\/brasilnoticias.org\/site\/wp-content\/uploads\/2022\/05\/cropped-brasilnoticias-mini.jpg","contentUrl":"https:\/\/brasilnoticias.org\/site\/wp-content\/uploads\/2022\/05\/cropped-brasilnoticias-mini.jpg","width":314,"height":86,"caption":"Brasil not\u00edcias"},"image":{"@id":"https:\/\/brasilnoticias.org\/site\/#\/schema\/logo\/image\/"}},{"@type":"Person","@id":"https:\/\/brasilnoticias.org\/site\/#\/schema\/person\/a0e05b973ec4d15c658d51911e53507b","name":"Reda\u00e7\u00e3o","image":{"@type":"ImageObject","inLanguage":"pt-PT","@id":"https:\/\/brasilnoticias.org\/site\/#\/schema\/person\/image\/","url":"https:\/\/secure.gravatar.com\/avatar\/75d8b050df2de108b08ae78dfb8e374892df24a383c67db9c46a9c604f6aee9c?s=96&d=mm&r=g","contentUrl":"https:\/\/secure.gravatar.com\/avatar\/75d8b050df2de108b08ae78dfb8e374892df24a383c67db9c46a9c604f6aee9c?s=96&d=mm&r=g","caption":"Reda\u00e7\u00e3o"},"sameAs":["https:\/\/brasilnoticias.org\/site"],"url":"https:\/\/brasilnoticias.org\/site\/author\/fernandozsngmail-com\/"}]}},"_links":{"self":[{"href":"https:\/\/brasilnoticias.org\/site\/wp-json\/wp\/v2\/posts\/6631","targetHints":{"allow":["GET"]}}],"collection":[{"href":"https:\/\/brasilnoticias.org\/site\/wp-json\/wp\/v2\/posts"}],"about":[{"href":"https:\/\/brasilnoticias.org\/site\/wp-json\/wp\/v2\/types\/post"}],"author":[{"embeddable":true,"href":"https:\/\/brasilnoticias.org\/site\/wp-json\/wp\/v2\/users\/1"}],"replies":[{"embeddable":true,"href":"https:\/\/brasilnoticias.org\/site\/wp-json\/wp\/v2\/comments?post=6631"}],"version-history":[{"count":1,"href":"https:\/\/brasilnoticias.org\/site\/wp-json\/wp\/v2\/posts\/6631\/revisions"}],"predecessor-version":[{"id":6633,"href":"https:\/\/brasilnoticias.org\/site\/wp-json\/wp\/v2\/posts\/6631\/revisions\/6633"}],"wp:featuredmedia":[{"embeddable":true,"href":"https:\/\/brasilnoticias.org\/site\/wp-json\/wp\/v2\/media\/6632"}],"wp:attachment":[{"href":"https:\/\/brasilnoticias.org\/site\/wp-json\/wp\/v2\/media?parent=6631"}],"wp:term":[{"taxonomy":"category","embeddable":true,"href":"https:\/\/brasilnoticias.org\/site\/wp-json\/wp\/v2\/categories?post=6631"},{"taxonomy":"post_tag","embeddable":true,"href":"https:\/\/brasilnoticias.org\/site\/wp-json\/wp\/v2\/tags?post=6631"}],"curies":[{"name":"wp","href":"https:\/\/api.w.org\/{rel}","templated":true}]}}