{"id":6642,"date":"2023-06-13T17:47:11","date_gmt":"2023-06-13T20:47:11","guid":{"rendered":"https:\/\/brasilnoticias.org\/site\/?p=6642"},"modified":"2023-06-13T17:47:11","modified_gmt":"2023-06-13T20:47:11","slug":"delegada-maria-selma-tem-perda-de-funcao-publica-decretada","status":"publish","type":"post","link":"https:\/\/brasilnoticias.org\/site\/delegada-maria-selma-tem-perda-de-funcao-publica-decretada\/","title":{"rendered":"Delegada Maria Selma tem perda de fun\u00e7\u00e3o p\u00fablica decretada"},"content":{"rendered":"<p>Maria Selma Pereira Lima, delegada da Pol\u00edcia Civil, teve a perda da fun\u00e7\u00e3o p\u00fablica decretada pela Justi\u00e7a ap\u00f3s ser condenada a oito anos de pris\u00e3o e pagamento de multa pela pr\u00e1tica dos crimes de falsifica\u00e7\u00e3o de documento p\u00fablico, falsidade ideol\u00f3gica, uso de documento falso, denuncia\u00e7\u00e3o caluniosa, usurpa\u00e7\u00e3o de fun\u00e7\u00e3o p\u00fablica e fraude processual.<\/p>\n<p>De acordo com a den\u00fancia do Grupo de Atua\u00e7\u00e3o Especial de Combate \u00e0s Organiza\u00e7\u00f5es Criminosas e Investiga\u00e7\u00f5es Criminais (Gaeco), do Minist\u00e9rio P\u00fablico da Bahia (MP &#8211; BA), a delegada e outros tr\u00eas homens estariam envolvidos em esquema criminoso de furtos, roubos e clonagem de ve\u00edculos. O esquema foi alvo da \u201cOpera\u00e7\u00e3o Dubl\u00ea\u201d.<\/p>\n<p>De acordo com as apura\u00e7\u00f5es do Gaeco, Maria Selma se utilizava das prerrogativas do cargo e da influ\u00eancia que gozava na Pol\u00edcia Civil para garantir a impunidade do grupo criminoso e facilitar a execu\u00e7\u00e3o e proveito dos crimes. Em uma das a\u00e7\u00f5es, ela teria falsificado documentos de terceiros para possibilitar a devolu\u00e7\u00e3o ilegal de um carro clonado apreendido pela Pol\u00edcia com membros da quadrilha.<\/p>\n<p>Al\u00e9m da delegada, a Justi\u00e7a condenou Pedro Ivan Matos Damasceno a 15 anos e dois meses de pris\u00e3o, pelos crimes de furto, corrup\u00e7\u00e3o ativa, denuncia\u00e7\u00e3o caluniosa, posse ilegal de arma de fogo, falsifica\u00e7\u00e3o de documento p\u00fablico, falsidade ideol\u00f3gica e adultera\u00e7\u00e3o de sinal identificador de ve\u00edculo automotor.<\/p>\n<p>Tamb\u00e9m foi condenado Cl\u00e1udio Marcelo Veloso Silva a presta\u00e7\u00e3o de servi\u00e7os \u00e0 comunidade e limita\u00e7\u00e3o de final de semana, pelo crime de usurpa\u00e7\u00e3o de fun\u00e7\u00e3o p\u00fablica.<\/p>\n<p>Foto Divulga\u00e7\u00e3o\/ Ascom PC<br \/>\nBNews<\/p>\n","protected":false},"excerpt":{"rendered":"<p>Maria Selma Pereira Lima, delegada da Pol\u00edcia Civil, teve a perda da fun\u00e7\u00e3o p\u00fablica decretada pela Justi\u00e7a ap\u00f3s ser condenada<\/p>\n","protected":false},"author":1,"featured_media":6643,"comment_status":"open","ping_status":"open","sticky":false,"template":"","format":"standard","meta":{"colormag_page_container_layout":"default_layout","colormag_page_sidebar_layout":"default_layout","_FSMCFIC_featured_image_caption":"","_FSMCFIC_featured_image_nocaption":"","_FSMCFIC_featured_image_hide":"","footnotes":""},"categories":[7,1],"tags":[],"class_list":["post-6642","post","type-post","status-publish","format-standard","has-post-thumbnail","hentry","category-justica","category-ultimas"],"yoast_head":"<!-- This site is optimized with the Yoast SEO plugin v27.1.1 - https:\/\/yoast.com\/product\/yoast-seo-wordpress\/ -->\n<title>Delegada Maria Selma tem perda de fun\u00e7\u00e3o p\u00fablica decretada - Brasil not\u00edcias<\/title>\n<meta name=\"robots\" content=\"index, follow, max-snippet:-1, max-image-preview:large, max-video-preview:-1\" \/>\n<link rel=\"canonical\" href=\"https:\/\/brasilnoticias.org\/site\/delegada-maria-selma-tem-perda-de-funcao-publica-decretada\/\" \/>\n<meta property=\"og:locale\" content=\"pt_PT\" \/>\n<meta property=\"og:type\" content=\"article\" \/>\n<meta property=\"og:title\" content=\"Delegada Maria Selma tem perda de fun\u00e7\u00e3o p\u00fablica decretada - Brasil not\u00edcias\" \/>\n<meta property=\"og:description\" content=\"Maria Selma Pereira Lima, delegada da Pol\u00edcia Civil, teve a perda da fun\u00e7\u00e3o p\u00fablica decretada pela Justi\u00e7a ap\u00f3s ser condenada\" \/>\n<meta property=\"og:url\" content=\"https:\/\/brasilnoticias.org\/site\/delegada-maria-selma-tem-perda-de-funcao-publica-decretada\/\" \/>\n<meta property=\"og:site_name\" content=\"Brasil not\u00edcias\" \/>\n<meta property=\"article:published_time\" content=\"2023-06-13T20:47:11+00:00\" \/>\n<meta property=\"og:image\" content=\"https:\/\/brasilnoticias.org\/site\/wp-content\/uploads\/2023\/06\/delegada-maria-selma_widelg.jpeg\" \/>\n\t<meta property=\"og:image:width\" content=\"800\" \/>\n\t<meta property=\"og:image:height\" content=\"450\" \/>\n\t<meta property=\"og:image:type\" content=\"image\/jpeg\" \/>\n<meta name=\"author\" content=\"Reda\u00e7\u00e3o\" \/>\n<meta name=\"twitter:card\" content=\"summary_large_image\" \/>\n<meta name=\"twitter:label1\" content=\"Escrito por\" \/>\n\t<meta name=\"twitter:data1\" content=\"Reda\u00e7\u00e3o\" \/>\n<script type=\"application\/ld+json\" class=\"yoast-schema-graph\">{\"@context\":\"https:\/\/schema.org\",\"@graph\":[{\"@type\":\"Article\",\"@id\":\"https:\/\/brasilnoticias.org\/site\/delegada-maria-selma-tem-perda-de-funcao-publica-decretada\/#article\",\"isPartOf\":{\"@id\":\"https:\/\/brasilnoticias.org\/site\/delegada-maria-selma-tem-perda-de-funcao-publica-decretada\/\"},\"author\":{\"name\":\"Reda\u00e7\u00e3o\",\"@id\":\"https:\/\/brasilnoticias.org\/site\/#\/schema\/person\/a0e05b973ec4d15c658d51911e53507b\"},\"headline\":\"Delegada Maria Selma tem perda de fun\u00e7\u00e3o p\u00fablica decretada\",\"datePublished\":\"2023-06-13T20:47:11+00:00\",\"mainEntityOfPage\":{\"@id\":\"https:\/\/brasilnoticias.org\/site\/delegada-maria-selma-tem-perda-de-funcao-publica-decretada\/\"},\"wordCount\":304,\"commentCount\":0,\"publisher\":{\"@id\":\"https:\/\/brasilnoticias.org\/site\/#organization\"},\"image\":{\"@id\":\"https:\/\/brasilnoticias.org\/site\/delegada-maria-selma-tem-perda-de-funcao-publica-decretada\/#primaryimage\"},\"thumbnailUrl\":\"https:\/\/brasilnoticias.org\/site\/wp-content\/uploads\/2023\/06\/delegada-maria-selma_widelg.jpeg\",\"articleSection\":[\"Justi\u00e7a\",\"\u00daltimas\"],\"inLanguage\":\"pt-PT\",\"potentialAction\":[{\"@type\":\"CommentAction\",\"name\":\"Comment\",\"target\":[\"https:\/\/brasilnoticias.org\/site\/delegada-maria-selma-tem-perda-de-funcao-publica-decretada\/#respond\"]}]},{\"@type\":\"WebPage\",\"@id\":\"https:\/\/brasilnoticias.org\/site\/delegada-maria-selma-tem-perda-de-funcao-publica-decretada\/\",\"url\":\"https:\/\/brasilnoticias.org\/site\/delegada-maria-selma-tem-perda-de-funcao-publica-decretada\/\",\"name\":\"Delegada Maria Selma tem perda de fun\u00e7\u00e3o p\u00fablica decretada - Brasil not\u00edcias\",\"isPartOf\":{\"@id\":\"https:\/\/brasilnoticias.org\/site\/#website\"},\"primaryImageOfPage\":{\"@id\":\"https:\/\/brasilnoticias.org\/site\/delegada-maria-selma-tem-perda-de-funcao-publica-decretada\/#primaryimage\"},\"image\":{\"@id\":\"https:\/\/brasilnoticias.org\/site\/delegada-maria-selma-tem-perda-de-funcao-publica-decretada\/#primaryimage\"},\"thumbnailUrl\":\"https:\/\/brasilnoticias.org\/site\/wp-content\/uploads\/2023\/06\/delegada-maria-selma_widelg.jpeg\",\"datePublished\":\"2023-06-13T20:47:11+00:00\",\"breadcrumb\":{\"@id\":\"https:\/\/brasilnoticias.org\/site\/delegada-maria-selma-tem-perda-de-funcao-publica-decretada\/#breadcrumb\"},\"inLanguage\":\"pt-PT\",\"potentialAction\":[{\"@type\":\"ReadAction\",\"target\":[\"https:\/\/brasilnoticias.org\/site\/delegada-maria-selma-tem-perda-de-funcao-publica-decretada\/\"]}]},{\"@type\":\"ImageObject\",\"inLanguage\":\"pt-PT\",\"@id\":\"https:\/\/brasilnoticias.org\/site\/delegada-maria-selma-tem-perda-de-funcao-publica-decretada\/#primaryimage\",\"url\":\"https:\/\/brasilnoticias.org\/site\/wp-content\/uploads\/2023\/06\/delegada-maria-selma_widelg.jpeg\",\"contentUrl\":\"https:\/\/brasilnoticias.org\/site\/wp-content\/uploads\/2023\/06\/delegada-maria-selma_widelg.jpeg\",\"width\":800,\"height\":450},{\"@type\":\"BreadcrumbList\",\"@id\":\"https:\/\/brasilnoticias.org\/site\/delegada-maria-selma-tem-perda-de-funcao-publica-decretada\/#breadcrumb\",\"itemListElement\":[{\"@type\":\"ListItem\",\"position\":1,\"name\":\"In\u00edcio\",\"item\":\"https:\/\/brasilnoticias.org\/site\/\"},{\"@type\":\"ListItem\",\"position\":2,\"name\":\"Delegada Maria Selma tem perda de fun\u00e7\u00e3o p\u00fablica decretada\"}]},{\"@type\":\"WebSite\",\"@id\":\"https:\/\/brasilnoticias.org\/site\/#website\",\"url\":\"https:\/\/brasilnoticias.org\/site\/\",\"name\":\"Brasil not\u00edcias\",\"description\":\"Brasil not\u00edcias\",\"publisher\":{\"@id\":\"https:\/\/brasilnoticias.org\/site\/#organization\"},\"potentialAction\":[{\"@type\":\"SearchAction\",\"target\":{\"@type\":\"EntryPoint\",\"urlTemplate\":\"https:\/\/brasilnoticias.org\/site\/?s={search_term_string}\"},\"query-input\":{\"@type\":\"PropertyValueSpecification\",\"valueRequired\":true,\"valueName\":\"search_term_string\"}}],\"inLanguage\":\"pt-PT\"},{\"@type\":\"Organization\",\"@id\":\"https:\/\/brasilnoticias.org\/site\/#organization\",\"name\":\"Brasil not\u00edcias\",\"url\":\"https:\/\/brasilnoticias.org\/site\/\",\"logo\":{\"@type\":\"ImageObject\",\"inLanguage\":\"pt-PT\",\"@id\":\"https:\/\/brasilnoticias.org\/site\/#\/schema\/logo\/image\/\",\"url\":\"https:\/\/brasilnoticias.org\/site\/wp-content\/uploads\/2022\/05\/cropped-brasilnoticias-mini.jpg\",\"contentUrl\":\"https:\/\/brasilnoticias.org\/site\/wp-content\/uploads\/2022\/05\/cropped-brasilnoticias-mini.jpg\",\"width\":314,\"height\":86,\"caption\":\"Brasil not\u00edcias\"},\"image\":{\"@id\":\"https:\/\/brasilnoticias.org\/site\/#\/schema\/logo\/image\/\"}},{\"@type\":\"Person\",\"@id\":\"https:\/\/brasilnoticias.org\/site\/#\/schema\/person\/a0e05b973ec4d15c658d51911e53507b\",\"name\":\"Reda\u00e7\u00e3o\",\"image\":{\"@type\":\"ImageObject\",\"inLanguage\":\"pt-PT\",\"@id\":\"https:\/\/brasilnoticias.org\/site\/#\/schema\/person\/image\/\",\"url\":\"https:\/\/secure.gravatar.com\/avatar\/75d8b050df2de108b08ae78dfb8e374892df24a383c67db9c46a9c604f6aee9c?s=96&d=mm&r=g\",\"contentUrl\":\"https:\/\/secure.gravatar.com\/avatar\/75d8b050df2de108b08ae78dfb8e374892df24a383c67db9c46a9c604f6aee9c?s=96&d=mm&r=g\",\"caption\":\"Reda\u00e7\u00e3o\"},\"sameAs\":[\"https:\/\/brasilnoticias.org\/site\"],\"url\":\"https:\/\/brasilnoticias.org\/site\/author\/fernandozsngmail-com\/\"}]}<\/script>\n<!-- \/ Yoast SEO plugin. -->","yoast_head_json":{"title":"Delegada Maria Selma tem perda de fun\u00e7\u00e3o p\u00fablica decretada - Brasil not\u00edcias","robots":{"index":"index","follow":"follow","max-snippet":"max-snippet:-1","max-image-preview":"max-image-preview:large","max-video-preview":"max-video-preview:-1"},"canonical":"https:\/\/brasilnoticias.org\/site\/delegada-maria-selma-tem-perda-de-funcao-publica-decretada\/","og_locale":"pt_PT","og_type":"article","og_title":"Delegada Maria Selma tem perda de fun\u00e7\u00e3o p\u00fablica decretada - Brasil not\u00edcias","og_description":"Maria Selma Pereira Lima, delegada da Pol\u00edcia Civil, teve a perda da fun\u00e7\u00e3o p\u00fablica decretada pela Justi\u00e7a ap\u00f3s ser condenada","og_url":"https:\/\/brasilnoticias.org\/site\/delegada-maria-selma-tem-perda-de-funcao-publica-decretada\/","og_site_name":"Brasil not\u00edcias","article_published_time":"2023-06-13T20:47:11+00:00","og_image":[{"width":800,"height":450,"url":"https:\/\/brasilnoticias.org\/site\/wp-content\/uploads\/2023\/06\/delegada-maria-selma_widelg.jpeg","type":"image\/jpeg"}],"author":"Reda\u00e7\u00e3o","twitter_card":"summary_large_image","twitter_misc":{"Escrito por":"Reda\u00e7\u00e3o"},"schema":{"@context":"https:\/\/schema.org","@graph":[{"@type":"Article","@id":"https:\/\/brasilnoticias.org\/site\/delegada-maria-selma-tem-perda-de-funcao-publica-decretada\/#article","isPartOf":{"@id":"https:\/\/brasilnoticias.org\/site\/delegada-maria-selma-tem-perda-de-funcao-publica-decretada\/"},"author":{"name":"Reda\u00e7\u00e3o","@id":"https:\/\/brasilnoticias.org\/site\/#\/schema\/person\/a0e05b973ec4d15c658d51911e53507b"},"headline":"Delegada Maria Selma tem perda de fun\u00e7\u00e3o p\u00fablica decretada","datePublished":"2023-06-13T20:47:11+00:00","mainEntityOfPage":{"@id":"https:\/\/brasilnoticias.org\/site\/delegada-maria-selma-tem-perda-de-funcao-publica-decretada\/"},"wordCount":304,"commentCount":0,"publisher":{"@id":"https:\/\/brasilnoticias.org\/site\/#organization"},"image":{"@id":"https:\/\/brasilnoticias.org\/site\/delegada-maria-selma-tem-perda-de-funcao-publica-decretada\/#primaryimage"},"thumbnailUrl":"https:\/\/brasilnoticias.org\/site\/wp-content\/uploads\/2023\/06\/delegada-maria-selma_widelg.jpeg","articleSection":["Justi\u00e7a","\u00daltimas"],"inLanguage":"pt-PT","potentialAction":[{"@type":"CommentAction","name":"Comment","target":["https:\/\/brasilnoticias.org\/site\/delegada-maria-selma-tem-perda-de-funcao-publica-decretada\/#respond"]}]},{"@type":"WebPage","@id":"https:\/\/brasilnoticias.org\/site\/delegada-maria-selma-tem-perda-de-funcao-publica-decretada\/","url":"https:\/\/brasilnoticias.org\/site\/delegada-maria-selma-tem-perda-de-funcao-publica-decretada\/","name":"Delegada Maria Selma tem perda de fun\u00e7\u00e3o p\u00fablica decretada - Brasil not\u00edcias","isPartOf":{"@id":"https:\/\/brasilnoticias.org\/site\/#website"},"primaryImageOfPage":{"@id":"https:\/\/brasilnoticias.org\/site\/delegada-maria-selma-tem-perda-de-funcao-publica-decretada\/#primaryimage"},"image":{"@id":"https:\/\/brasilnoticias.org\/site\/delegada-maria-selma-tem-perda-de-funcao-publica-decretada\/#primaryimage"},"thumbnailUrl":"https:\/\/brasilnoticias.org\/site\/wp-content\/uploads\/2023\/06\/delegada-maria-selma_widelg.jpeg","datePublished":"2023-06-13T20:47:11+00:00","breadcrumb":{"@id":"https:\/\/brasilnoticias.org\/site\/delegada-maria-selma-tem-perda-de-funcao-publica-decretada\/#breadcrumb"},"inLanguage":"pt-PT","potentialAction":[{"@type":"ReadAction","target":["https:\/\/brasilnoticias.org\/site\/delegada-maria-selma-tem-perda-de-funcao-publica-decretada\/"]}]},{"@type":"ImageObject","inLanguage":"pt-PT","@id":"https:\/\/brasilnoticias.org\/site\/delegada-maria-selma-tem-perda-de-funcao-publica-decretada\/#primaryimage","url":"https:\/\/brasilnoticias.org\/site\/wp-content\/uploads\/2023\/06\/delegada-maria-selma_widelg.jpeg","contentUrl":"https:\/\/brasilnoticias.org\/site\/wp-content\/uploads\/2023\/06\/delegada-maria-selma_widelg.jpeg","width":800,"height":450},{"@type":"BreadcrumbList","@id":"https:\/\/brasilnoticias.org\/site\/delegada-maria-selma-tem-perda-de-funcao-publica-decretada\/#breadcrumb","itemListElement":[{"@type":"ListItem","position":1,"name":"In\u00edcio","item":"https:\/\/brasilnoticias.org\/site\/"},{"@type":"ListItem","position":2,"name":"Delegada Maria Selma tem perda de fun\u00e7\u00e3o p\u00fablica decretada"}]},{"@type":"WebSite","@id":"https:\/\/brasilnoticias.org\/site\/#website","url":"https:\/\/brasilnoticias.org\/site\/","name":"Brasil not\u00edcias","description":"Brasil not\u00edcias","publisher":{"@id":"https:\/\/brasilnoticias.org\/site\/#organization"},"potentialAction":[{"@type":"SearchAction","target":{"@type":"EntryPoint","urlTemplate":"https:\/\/brasilnoticias.org\/site\/?s={search_term_string}"},"query-input":{"@type":"PropertyValueSpecification","valueRequired":true,"valueName":"search_term_string"}}],"inLanguage":"pt-PT"},{"@type":"Organization","@id":"https:\/\/brasilnoticias.org\/site\/#organization","name":"Brasil not\u00edcias","url":"https:\/\/brasilnoticias.org\/site\/","logo":{"@type":"ImageObject","inLanguage":"pt-PT","@id":"https:\/\/brasilnoticias.org\/site\/#\/schema\/logo\/image\/","url":"https:\/\/brasilnoticias.org\/site\/wp-content\/uploads\/2022\/05\/cropped-brasilnoticias-mini.jpg","contentUrl":"https:\/\/brasilnoticias.org\/site\/wp-content\/uploads\/2022\/05\/cropped-brasilnoticias-mini.jpg","width":314,"height":86,"caption":"Brasil not\u00edcias"},"image":{"@id":"https:\/\/brasilnoticias.org\/site\/#\/schema\/logo\/image\/"}},{"@type":"Person","@id":"https:\/\/brasilnoticias.org\/site\/#\/schema\/person\/a0e05b973ec4d15c658d51911e53507b","name":"Reda\u00e7\u00e3o","image":{"@type":"ImageObject","inLanguage":"pt-PT","@id":"https:\/\/brasilnoticias.org\/site\/#\/schema\/person\/image\/","url":"https:\/\/secure.gravatar.com\/avatar\/75d8b050df2de108b08ae78dfb8e374892df24a383c67db9c46a9c604f6aee9c?s=96&d=mm&r=g","contentUrl":"https:\/\/secure.gravatar.com\/avatar\/75d8b050df2de108b08ae78dfb8e374892df24a383c67db9c46a9c604f6aee9c?s=96&d=mm&r=g","caption":"Reda\u00e7\u00e3o"},"sameAs":["https:\/\/brasilnoticias.org\/site"],"url":"https:\/\/brasilnoticias.org\/site\/author\/fernandozsngmail-com\/"}]}},"_links":{"self":[{"href":"https:\/\/brasilnoticias.org\/site\/wp-json\/wp\/v2\/posts\/6642","targetHints":{"allow":["GET"]}}],"collection":[{"href":"https:\/\/brasilnoticias.org\/site\/wp-json\/wp\/v2\/posts"}],"about":[{"href":"https:\/\/brasilnoticias.org\/site\/wp-json\/wp\/v2\/types\/post"}],"author":[{"embeddable":true,"href":"https:\/\/brasilnoticias.org\/site\/wp-json\/wp\/v2\/users\/1"}],"replies":[{"embeddable":true,"href":"https:\/\/brasilnoticias.org\/site\/wp-json\/wp\/v2\/comments?post=6642"}],"version-history":[{"count":1,"href":"https:\/\/brasilnoticias.org\/site\/wp-json\/wp\/v2\/posts\/6642\/revisions"}],"predecessor-version":[{"id":6644,"href":"https:\/\/brasilnoticias.org\/site\/wp-json\/wp\/v2\/posts\/6642\/revisions\/6644"}],"wp:featuredmedia":[{"embeddable":true,"href":"https:\/\/brasilnoticias.org\/site\/wp-json\/wp\/v2\/media\/6643"}],"wp:attachment":[{"href":"https:\/\/brasilnoticias.org\/site\/wp-json\/wp\/v2\/media?parent=6642"}],"wp:term":[{"taxonomy":"category","embeddable":true,"href":"https:\/\/brasilnoticias.org\/site\/wp-json\/wp\/v2\/categories?post=6642"},{"taxonomy":"post_tag","embeddable":true,"href":"https:\/\/brasilnoticias.org\/site\/wp-json\/wp\/v2\/tags?post=6642"}],"curies":[{"name":"wp","href":"https:\/\/api.w.org\/{rel}","templated":true}]}}