{"id":6645,"date":"2023-06-13T17:48:42","date_gmt":"2023-06-13T20:48:42","guid":{"rendered":"https:\/\/brasilnoticias.org\/site\/?p=6645"},"modified":"2023-06-13T17:48:42","modified_gmt":"2023-06-13T20:48:42","slug":"messi-faz-revelacao-sobre-disputa-de-copa-do-mundo-e-manda-recado-para-argentinos","status":"publish","type":"post","link":"https:\/\/brasilnoticias.org\/site\/messi-faz-revelacao-sobre-disputa-de-copa-do-mundo-e-manda-recado-para-argentinos\/","title":{"rendered":"Messi faz revela\u00e7\u00e3o sobre disputa de Copa do Mundo e manda recado para argentinos"},"content":{"rendered":"<p>O craque argentino, Lionel Messi, voltou a falar sobre sua participa\u00e7\u00e3o na Copa do Mundo de 2026, que ser\u00e1 realizada no M\u00e9xico, Estados Unidos e Canad\u00e1. Em entrevista ao di\u00e1rio Titan Sports, da China, o craque n\u00e3o garantiu que estar\u00e1 no Mundial.<\/p>\n<p>\u201cComo disse antes, n\u00e3o creio que eu participe da pr\u00f3xima Copa. N\u00e3o sei o que vai acontecer no futuro, mas n\u00e3o mudei de opini\u00e3o quanto a isso. Gostaria de estar l\u00e1 para assistir, mas n\u00e3o vou participar\u201d, explicou o craque.<\/p>\n<p>Esta n\u00e3o \u00e9 a primeira vez que Messi deixa no ar uma poss\u00edvel aus\u00eancia no Mundial de 2026. Em fevereiro, o craque concedeu entrevista ao di\u00e1rio Ol\u00e9, da Argentina, e havia dito que uma participa\u00e7\u00e3o na Copa \u201cdependeria de como sua carreira seguisse\u201d.<\/p>\n<p>Rec\u00e9m-contratado pelo Inter Miami, da MLS, Messi segue concentrado com a sele\u00e7\u00e3o argentina para dois amistosos na \u00c1sia. Os compromissos ser\u00e3o contra a Austr\u00e1lia, em Pequim, na China, nesta quinta-feira (15), e contra a Indon\u00e9sia, em Jacarta, no dia 19.<\/p>\n<p>Foto Messi \/ Instagram<br \/>\nBNews<\/p>\n","protected":false},"excerpt":{"rendered":"<p>O craque argentino, Lionel Messi, voltou a falar sobre sua participa\u00e7\u00e3o na Copa do Mundo de 2026, que ser\u00e1 realizada<\/p>\n","protected":false},"author":1,"featured_media":6646,"comment_status":"open","ping_status":"open","sticky":false,"template":"","format":"standard","meta":{"colormag_page_container_layout":"default_layout","colormag_page_sidebar_layout":"default_layout","_FSMCFIC_featured_image_caption":"","_FSMCFIC_featured_image_nocaption":"","_FSMCFIC_featured_image_hide":"","footnotes":""},"categories":[4,1],"tags":[],"class_list":["post-6645","post","type-post","status-publish","format-standard","has-post-thumbnail","hentry","category-esporte","category-ultimas"],"yoast_head":"<!-- This site is optimized with the Yoast SEO plugin v27.1.1 - https:\/\/yoast.com\/product\/yoast-seo-wordpress\/ -->\n<title>Messi faz revela\u00e7\u00e3o sobre disputa de Copa do Mundo e manda recado para argentinos - Brasil not\u00edcias<\/title>\n<meta name=\"robots\" content=\"index, follow, max-snippet:-1, max-image-preview:large, max-video-preview:-1\" \/>\n<link rel=\"canonical\" href=\"https:\/\/brasilnoticias.org\/site\/messi-faz-revelacao-sobre-disputa-de-copa-do-mundo-e-manda-recado-para-argentinos\/\" \/>\n<meta property=\"og:locale\" content=\"pt_PT\" \/>\n<meta property=\"og:type\" content=\"article\" \/>\n<meta property=\"og:title\" content=\"Messi faz revela\u00e7\u00e3o sobre disputa de Copa do Mundo e manda recado para argentinos - Brasil not\u00edcias\" \/>\n<meta property=\"og:description\" content=\"O craque argentino, Lionel Messi, voltou a falar sobre sua participa\u00e7\u00e3o na Copa do Mundo de 2026, que ser\u00e1 realizada\" \/>\n<meta property=\"og:url\" content=\"https:\/\/brasilnoticias.org\/site\/messi-faz-revelacao-sobre-disputa-de-copa-do-mundo-e-manda-recado-para-argentinos\/\" \/>\n<meta property=\"og:site_name\" content=\"Brasil not\u00edcias\" \/>\n<meta property=\"article:published_time\" content=\"2023-06-13T20:48:42+00:00\" \/>\n<meta property=\"og:image\" content=\"https:\/\/brasilnoticias.org\/site\/wp-content\/uploads\/2023\/06\/messi_2_widelg.jpg\" \/>\n\t<meta property=\"og:image:width\" content=\"439\" \/>\n\t<meta property=\"og:image:height\" content=\"259\" \/>\n\t<meta property=\"og:image:type\" content=\"image\/jpeg\" \/>\n<meta name=\"author\" content=\"Reda\u00e7\u00e3o\" \/>\n<meta name=\"twitter:card\" content=\"summary_large_image\" \/>\n<meta name=\"twitter:label1\" content=\"Escrito por\" \/>\n\t<meta name=\"twitter:data1\" content=\"Reda\u00e7\u00e3o\" \/>\n<script type=\"application\/ld+json\" class=\"yoast-schema-graph\">{\"@context\":\"https:\/\/schema.org\",\"@graph\":[{\"@type\":\"Article\",\"@id\":\"https:\/\/brasilnoticias.org\/site\/messi-faz-revelacao-sobre-disputa-de-copa-do-mundo-e-manda-recado-para-argentinos\/#article\",\"isPartOf\":{\"@id\":\"https:\/\/brasilnoticias.org\/site\/messi-faz-revelacao-sobre-disputa-de-copa-do-mundo-e-manda-recado-para-argentinos\/\"},\"author\":{\"name\":\"Reda\u00e7\u00e3o\",\"@id\":\"https:\/\/brasilnoticias.org\/site\/#\/schema\/person\/a0e05b973ec4d15c658d51911e53507b\"},\"headline\":\"Messi faz revela\u00e7\u00e3o sobre disputa de Copa do Mundo e manda recado para argentinos\",\"datePublished\":\"2023-06-13T20:48:42+00:00\",\"mainEntityOfPage\":{\"@id\":\"https:\/\/brasilnoticias.org\/site\/messi-faz-revelacao-sobre-disputa-de-copa-do-mundo-e-manda-recado-para-argentinos\/\"},\"wordCount\":199,\"commentCount\":0,\"publisher\":{\"@id\":\"https:\/\/brasilnoticias.org\/site\/#organization\"},\"image\":{\"@id\":\"https:\/\/brasilnoticias.org\/site\/messi-faz-revelacao-sobre-disputa-de-copa-do-mundo-e-manda-recado-para-argentinos\/#primaryimage\"},\"thumbnailUrl\":\"https:\/\/brasilnoticias.org\/site\/wp-content\/uploads\/2023\/06\/messi_2_widelg.jpg\",\"articleSection\":[\"Esporte\",\"\u00daltimas\"],\"inLanguage\":\"pt-PT\",\"potentialAction\":[{\"@type\":\"CommentAction\",\"name\":\"Comment\",\"target\":[\"https:\/\/brasilnoticias.org\/site\/messi-faz-revelacao-sobre-disputa-de-copa-do-mundo-e-manda-recado-para-argentinos\/#respond\"]}]},{\"@type\":\"WebPage\",\"@id\":\"https:\/\/brasilnoticias.org\/site\/messi-faz-revelacao-sobre-disputa-de-copa-do-mundo-e-manda-recado-para-argentinos\/\",\"url\":\"https:\/\/brasilnoticias.org\/site\/messi-faz-revelacao-sobre-disputa-de-copa-do-mundo-e-manda-recado-para-argentinos\/\",\"name\":\"Messi faz revela\u00e7\u00e3o sobre disputa de Copa do Mundo e manda recado para argentinos - Brasil not\u00edcias\",\"isPartOf\":{\"@id\":\"https:\/\/brasilnoticias.org\/site\/#website\"},\"primaryImageOfPage\":{\"@id\":\"https:\/\/brasilnoticias.org\/site\/messi-faz-revelacao-sobre-disputa-de-copa-do-mundo-e-manda-recado-para-argentinos\/#primaryimage\"},\"image\":{\"@id\":\"https:\/\/brasilnoticias.org\/site\/messi-faz-revelacao-sobre-disputa-de-copa-do-mundo-e-manda-recado-para-argentinos\/#primaryimage\"},\"thumbnailUrl\":\"https:\/\/brasilnoticias.org\/site\/wp-content\/uploads\/2023\/06\/messi_2_widelg.jpg\",\"datePublished\":\"2023-06-13T20:48:42+00:00\",\"breadcrumb\":{\"@id\":\"https:\/\/brasilnoticias.org\/site\/messi-faz-revelacao-sobre-disputa-de-copa-do-mundo-e-manda-recado-para-argentinos\/#breadcrumb\"},\"inLanguage\":\"pt-PT\",\"potentialAction\":[{\"@type\":\"ReadAction\",\"target\":[\"https:\/\/brasilnoticias.org\/site\/messi-faz-revelacao-sobre-disputa-de-copa-do-mundo-e-manda-recado-para-argentinos\/\"]}]},{\"@type\":\"ImageObject\",\"inLanguage\":\"pt-PT\",\"@id\":\"https:\/\/brasilnoticias.org\/site\/messi-faz-revelacao-sobre-disputa-de-copa-do-mundo-e-manda-recado-para-argentinos\/#primaryimage\",\"url\":\"https:\/\/brasilnoticias.org\/site\/wp-content\/uploads\/2023\/06\/messi_2_widelg.jpg\",\"contentUrl\":\"https:\/\/brasilnoticias.org\/site\/wp-content\/uploads\/2023\/06\/messi_2_widelg.jpg\",\"width\":439,\"height\":259},{\"@type\":\"BreadcrumbList\",\"@id\":\"https:\/\/brasilnoticias.org\/site\/messi-faz-revelacao-sobre-disputa-de-copa-do-mundo-e-manda-recado-para-argentinos\/#breadcrumb\",\"itemListElement\":[{\"@type\":\"ListItem\",\"position\":1,\"name\":\"In\u00edcio\",\"item\":\"https:\/\/brasilnoticias.org\/site\/\"},{\"@type\":\"ListItem\",\"position\":2,\"name\":\"Messi faz revela\u00e7\u00e3o sobre disputa de Copa do Mundo e manda recado para argentinos\"}]},{\"@type\":\"WebSite\",\"@id\":\"https:\/\/brasilnoticias.org\/site\/#website\",\"url\":\"https:\/\/brasilnoticias.org\/site\/\",\"name\":\"Brasil not\u00edcias\",\"description\":\"Brasil not\u00edcias\",\"publisher\":{\"@id\":\"https:\/\/brasilnoticias.org\/site\/#organization\"},\"potentialAction\":[{\"@type\":\"SearchAction\",\"target\":{\"@type\":\"EntryPoint\",\"urlTemplate\":\"https:\/\/brasilnoticias.org\/site\/?s={search_term_string}\"},\"query-input\":{\"@type\":\"PropertyValueSpecification\",\"valueRequired\":true,\"valueName\":\"search_term_string\"}}],\"inLanguage\":\"pt-PT\"},{\"@type\":\"Organization\",\"@id\":\"https:\/\/brasilnoticias.org\/site\/#organization\",\"name\":\"Brasil not\u00edcias\",\"url\":\"https:\/\/brasilnoticias.org\/site\/\",\"logo\":{\"@type\":\"ImageObject\",\"inLanguage\":\"pt-PT\",\"@id\":\"https:\/\/brasilnoticias.org\/site\/#\/schema\/logo\/image\/\",\"url\":\"https:\/\/brasilnoticias.org\/site\/wp-content\/uploads\/2022\/05\/cropped-brasilnoticias-mini.jpg\",\"contentUrl\":\"https:\/\/brasilnoticias.org\/site\/wp-content\/uploads\/2022\/05\/cropped-brasilnoticias-mini.jpg\",\"width\":314,\"height\":86,\"caption\":\"Brasil not\u00edcias\"},\"image\":{\"@id\":\"https:\/\/brasilnoticias.org\/site\/#\/schema\/logo\/image\/\"}},{\"@type\":\"Person\",\"@id\":\"https:\/\/brasilnoticias.org\/site\/#\/schema\/person\/a0e05b973ec4d15c658d51911e53507b\",\"name\":\"Reda\u00e7\u00e3o\",\"image\":{\"@type\":\"ImageObject\",\"inLanguage\":\"pt-PT\",\"@id\":\"https:\/\/brasilnoticias.org\/site\/#\/schema\/person\/image\/\",\"url\":\"https:\/\/secure.gravatar.com\/avatar\/75d8b050df2de108b08ae78dfb8e374892df24a383c67db9c46a9c604f6aee9c?s=96&d=mm&r=g\",\"contentUrl\":\"https:\/\/secure.gravatar.com\/avatar\/75d8b050df2de108b08ae78dfb8e374892df24a383c67db9c46a9c604f6aee9c?s=96&d=mm&r=g\",\"caption\":\"Reda\u00e7\u00e3o\"},\"sameAs\":[\"https:\/\/brasilnoticias.org\/site\"],\"url\":\"https:\/\/brasilnoticias.org\/site\/author\/fernandozsngmail-com\/\"}]}<\/script>\n<!-- \/ Yoast SEO plugin. -->","yoast_head_json":{"title":"Messi faz revela\u00e7\u00e3o sobre disputa de Copa do Mundo e manda recado para argentinos - Brasil not\u00edcias","robots":{"index":"index","follow":"follow","max-snippet":"max-snippet:-1","max-image-preview":"max-image-preview:large","max-video-preview":"max-video-preview:-1"},"canonical":"https:\/\/brasilnoticias.org\/site\/messi-faz-revelacao-sobre-disputa-de-copa-do-mundo-e-manda-recado-para-argentinos\/","og_locale":"pt_PT","og_type":"article","og_title":"Messi faz revela\u00e7\u00e3o sobre disputa de Copa do Mundo e manda recado para argentinos - Brasil not\u00edcias","og_description":"O craque argentino, Lionel Messi, voltou a falar sobre sua participa\u00e7\u00e3o na Copa do Mundo de 2026, que ser\u00e1 realizada","og_url":"https:\/\/brasilnoticias.org\/site\/messi-faz-revelacao-sobre-disputa-de-copa-do-mundo-e-manda-recado-para-argentinos\/","og_site_name":"Brasil not\u00edcias","article_published_time":"2023-06-13T20:48:42+00:00","og_image":[{"width":439,"height":259,"url":"https:\/\/brasilnoticias.org\/site\/wp-content\/uploads\/2023\/06\/messi_2_widelg.jpg","type":"image\/jpeg"}],"author":"Reda\u00e7\u00e3o","twitter_card":"summary_large_image","twitter_misc":{"Escrito por":"Reda\u00e7\u00e3o"},"schema":{"@context":"https:\/\/schema.org","@graph":[{"@type":"Article","@id":"https:\/\/brasilnoticias.org\/site\/messi-faz-revelacao-sobre-disputa-de-copa-do-mundo-e-manda-recado-para-argentinos\/#article","isPartOf":{"@id":"https:\/\/brasilnoticias.org\/site\/messi-faz-revelacao-sobre-disputa-de-copa-do-mundo-e-manda-recado-para-argentinos\/"},"author":{"name":"Reda\u00e7\u00e3o","@id":"https:\/\/brasilnoticias.org\/site\/#\/schema\/person\/a0e05b973ec4d15c658d51911e53507b"},"headline":"Messi faz revela\u00e7\u00e3o sobre disputa de Copa do Mundo e manda recado para argentinos","datePublished":"2023-06-13T20:48:42+00:00","mainEntityOfPage":{"@id":"https:\/\/brasilnoticias.org\/site\/messi-faz-revelacao-sobre-disputa-de-copa-do-mundo-e-manda-recado-para-argentinos\/"},"wordCount":199,"commentCount":0,"publisher":{"@id":"https:\/\/brasilnoticias.org\/site\/#organization"},"image":{"@id":"https:\/\/brasilnoticias.org\/site\/messi-faz-revelacao-sobre-disputa-de-copa-do-mundo-e-manda-recado-para-argentinos\/#primaryimage"},"thumbnailUrl":"https:\/\/brasilnoticias.org\/site\/wp-content\/uploads\/2023\/06\/messi_2_widelg.jpg","articleSection":["Esporte","\u00daltimas"],"inLanguage":"pt-PT","potentialAction":[{"@type":"CommentAction","name":"Comment","target":["https:\/\/brasilnoticias.org\/site\/messi-faz-revelacao-sobre-disputa-de-copa-do-mundo-e-manda-recado-para-argentinos\/#respond"]}]},{"@type":"WebPage","@id":"https:\/\/brasilnoticias.org\/site\/messi-faz-revelacao-sobre-disputa-de-copa-do-mundo-e-manda-recado-para-argentinos\/","url":"https:\/\/brasilnoticias.org\/site\/messi-faz-revelacao-sobre-disputa-de-copa-do-mundo-e-manda-recado-para-argentinos\/","name":"Messi faz revela\u00e7\u00e3o sobre disputa de Copa do Mundo e manda recado para argentinos - Brasil not\u00edcias","isPartOf":{"@id":"https:\/\/brasilnoticias.org\/site\/#website"},"primaryImageOfPage":{"@id":"https:\/\/brasilnoticias.org\/site\/messi-faz-revelacao-sobre-disputa-de-copa-do-mundo-e-manda-recado-para-argentinos\/#primaryimage"},"image":{"@id":"https:\/\/brasilnoticias.org\/site\/messi-faz-revelacao-sobre-disputa-de-copa-do-mundo-e-manda-recado-para-argentinos\/#primaryimage"},"thumbnailUrl":"https:\/\/brasilnoticias.org\/site\/wp-content\/uploads\/2023\/06\/messi_2_widelg.jpg","datePublished":"2023-06-13T20:48:42+00:00","breadcrumb":{"@id":"https:\/\/brasilnoticias.org\/site\/messi-faz-revelacao-sobre-disputa-de-copa-do-mundo-e-manda-recado-para-argentinos\/#breadcrumb"},"inLanguage":"pt-PT","potentialAction":[{"@type":"ReadAction","target":["https:\/\/brasilnoticias.org\/site\/messi-faz-revelacao-sobre-disputa-de-copa-do-mundo-e-manda-recado-para-argentinos\/"]}]},{"@type":"ImageObject","inLanguage":"pt-PT","@id":"https:\/\/brasilnoticias.org\/site\/messi-faz-revelacao-sobre-disputa-de-copa-do-mundo-e-manda-recado-para-argentinos\/#primaryimage","url":"https:\/\/brasilnoticias.org\/site\/wp-content\/uploads\/2023\/06\/messi_2_widelg.jpg","contentUrl":"https:\/\/brasilnoticias.org\/site\/wp-content\/uploads\/2023\/06\/messi_2_widelg.jpg","width":439,"height":259},{"@type":"BreadcrumbList","@id":"https:\/\/brasilnoticias.org\/site\/messi-faz-revelacao-sobre-disputa-de-copa-do-mundo-e-manda-recado-para-argentinos\/#breadcrumb","itemListElement":[{"@type":"ListItem","position":1,"name":"In\u00edcio","item":"https:\/\/brasilnoticias.org\/site\/"},{"@type":"ListItem","position":2,"name":"Messi faz revela\u00e7\u00e3o sobre disputa de Copa do Mundo e manda recado para argentinos"}]},{"@type":"WebSite","@id":"https:\/\/brasilnoticias.org\/site\/#website","url":"https:\/\/brasilnoticias.org\/site\/","name":"Brasil not\u00edcias","description":"Brasil not\u00edcias","publisher":{"@id":"https:\/\/brasilnoticias.org\/site\/#organization"},"potentialAction":[{"@type":"SearchAction","target":{"@type":"EntryPoint","urlTemplate":"https:\/\/brasilnoticias.org\/site\/?s={search_term_string}"},"query-input":{"@type":"PropertyValueSpecification","valueRequired":true,"valueName":"search_term_string"}}],"inLanguage":"pt-PT"},{"@type":"Organization","@id":"https:\/\/brasilnoticias.org\/site\/#organization","name":"Brasil not\u00edcias","url":"https:\/\/brasilnoticias.org\/site\/","logo":{"@type":"ImageObject","inLanguage":"pt-PT","@id":"https:\/\/brasilnoticias.org\/site\/#\/schema\/logo\/image\/","url":"https:\/\/brasilnoticias.org\/site\/wp-content\/uploads\/2022\/05\/cropped-brasilnoticias-mini.jpg","contentUrl":"https:\/\/brasilnoticias.org\/site\/wp-content\/uploads\/2022\/05\/cropped-brasilnoticias-mini.jpg","width":314,"height":86,"caption":"Brasil not\u00edcias"},"image":{"@id":"https:\/\/brasilnoticias.org\/site\/#\/schema\/logo\/image\/"}},{"@type":"Person","@id":"https:\/\/brasilnoticias.org\/site\/#\/schema\/person\/a0e05b973ec4d15c658d51911e53507b","name":"Reda\u00e7\u00e3o","image":{"@type":"ImageObject","inLanguage":"pt-PT","@id":"https:\/\/brasilnoticias.org\/site\/#\/schema\/person\/image\/","url":"https:\/\/secure.gravatar.com\/avatar\/75d8b050df2de108b08ae78dfb8e374892df24a383c67db9c46a9c604f6aee9c?s=96&d=mm&r=g","contentUrl":"https:\/\/secure.gravatar.com\/avatar\/75d8b050df2de108b08ae78dfb8e374892df24a383c67db9c46a9c604f6aee9c?s=96&d=mm&r=g","caption":"Reda\u00e7\u00e3o"},"sameAs":["https:\/\/brasilnoticias.org\/site"],"url":"https:\/\/brasilnoticias.org\/site\/author\/fernandozsngmail-com\/"}]}},"_links":{"self":[{"href":"https:\/\/brasilnoticias.org\/site\/wp-json\/wp\/v2\/posts\/6645","targetHints":{"allow":["GET"]}}],"collection":[{"href":"https:\/\/brasilnoticias.org\/site\/wp-json\/wp\/v2\/posts"}],"about":[{"href":"https:\/\/brasilnoticias.org\/site\/wp-json\/wp\/v2\/types\/post"}],"author":[{"embeddable":true,"href":"https:\/\/brasilnoticias.org\/site\/wp-json\/wp\/v2\/users\/1"}],"replies":[{"embeddable":true,"href":"https:\/\/brasilnoticias.org\/site\/wp-json\/wp\/v2\/comments?post=6645"}],"version-history":[{"count":1,"href":"https:\/\/brasilnoticias.org\/site\/wp-json\/wp\/v2\/posts\/6645\/revisions"}],"predecessor-version":[{"id":6647,"href":"https:\/\/brasilnoticias.org\/site\/wp-json\/wp\/v2\/posts\/6645\/revisions\/6647"}],"wp:featuredmedia":[{"embeddable":true,"href":"https:\/\/brasilnoticias.org\/site\/wp-json\/wp\/v2\/media\/6646"}],"wp:attachment":[{"href":"https:\/\/brasilnoticias.org\/site\/wp-json\/wp\/v2\/media?parent=6645"}],"wp:term":[{"taxonomy":"category","embeddable":true,"href":"https:\/\/brasilnoticias.org\/site\/wp-json\/wp\/v2\/categories?post=6645"},{"taxonomy":"post_tag","embeddable":true,"href":"https:\/\/brasilnoticias.org\/site\/wp-json\/wp\/v2\/tags?post=6645"}],"curies":[{"name":"wp","href":"https:\/\/api.w.org\/{rel}","templated":true}]}}