{"id":6649,"date":"2023-06-14T06:23:40","date_gmt":"2023-06-14T09:23:40","guid":{"rendered":"https:\/\/brasilnoticias.org\/site\/?p=6649"},"modified":"2023-06-14T06:23:40","modified_gmt":"2023-06-14T09:23:40","slug":"carga-de-cigarro-irregular-avaliada-em-r-31-milhoes-e-apreendida-em-vitoria-da-conquista","status":"publish","type":"post","link":"https:\/\/brasilnoticias.org\/site\/carga-de-cigarro-irregular-avaliada-em-r-31-milhoes-e-apreendida-em-vitoria-da-conquista\/","title":{"rendered":"Carga de cigarro irregular avaliada em R$ 3,1 milh\u00f5es \u00e9 apreendida em Vit\u00f3ria da Conquista"},"content":{"rendered":"<p>Uma carreta que fazia o transporte irregular de 1,3 mil caixas de cigarro foi interceptada no posto fiscal da Secretaria da Fazenda do Estado (Sefaz-BA), em Vit\u00f3ria da Conquista, no \u00faltimo final de semana. Avaliada em R$ 3,1 milh\u00f5es, a carga proveniente de Duque de Caxias, no Rio de Janeiro, seguia para Abreu de Lima, em Pernambuco.<\/p>\n<p>Segundo a Sefaz-BA, o ve\u00edculo vinha sendo acompanhado atrav\u00e9s de monitoramento eletr\u00f4nico, por causa do hist\u00f3rico de irregularidades da empresa transportadora. Foi constatado que mais de 90% da mercadoria transportada n\u00e3o possu\u00edam nota fiscal.<\/p>\n<p>No posto, foram realizadas a pesagem e a confer\u00eancia f\u00edsica da carga. Os fiscais aferiram que o documento fiscal constava apenas 50 caixas de cigarro, enquanto as outras 1.250 caixas eram levadas irregularmente.<\/p>\n<p>Devido \u00e0 gravidade da infra\u00e7\u00e3o, al\u00e9m da cobran\u00e7a do imposto devido de R$ 937,5 mil, houve a aplica\u00e7\u00e3o de multa, e o motorista foi encaminhado \u00e0 unidade da Delegacia de Repress\u00e3o \u00e0s A\u00e7\u00f5es Criminosas Organizadas (Draco), em Vit\u00f3ria da Conquista, onde foi interrogado para averigua\u00e7\u00e3o da origem do produto e apura\u00e7\u00e3o de poss\u00edvel crime na esfera penal.<\/p>\n<p>Empresa reincidente<\/p>\n<p>Em mar\u00e7o, no posto fiscal de Mucuri, cidade do extremo sul do estado, a mesma empresa transportadora havia sido flagrada pela Sefaz-Ba em fun\u00e7\u00e3o de irregularidade semelhante: do total de mercadoria transportada, avaliada em R$ 1,3 milh\u00e3o, 90% n\u00e3o tinham cobertura pela nota fiscal.<\/p>\n<p>Foto Divulga\u00e7\u00e3o\/Sefaz-BA<br \/>\nAratuon<\/p>\n","protected":false},"excerpt":{"rendered":"<p>Uma carreta que fazia o transporte irregular de 1,3 mil caixas de cigarro foi interceptada no posto fiscal da Secretaria<\/p>\n","protected":false},"author":1,"featured_media":6650,"comment_status":"open","ping_status":"open","sticky":false,"template":"","format":"standard","meta":{"colormag_page_container_layout":"default_layout","colormag_page_sidebar_layout":"default_layout","_FSMCFIC_featured_image_caption":"","_FSMCFIC_featured_image_nocaption":"","_FSMCFIC_featured_image_hide":"","footnotes":""},"categories":[2,1],"tags":[],"class_list":["post-6649","post","type-post","status-publish","format-standard","has-post-thumbnail","hentry","category-noticias","category-ultimas"],"yoast_head":"<!-- This site is optimized with the Yoast SEO plugin v27.1.1 - https:\/\/yoast.com\/product\/yoast-seo-wordpress\/ -->\n<title>Carga de cigarro irregular avaliada em R$ 3,1 milh\u00f5es \u00e9 apreendida em Vit\u00f3ria da Conquista - Brasil not\u00edcias<\/title>\n<meta name=\"robots\" content=\"index, follow, max-snippet:-1, max-image-preview:large, max-video-preview:-1\" \/>\n<link rel=\"canonical\" href=\"https:\/\/brasilnoticias.org\/site\/carga-de-cigarro-irregular-avaliada-em-r-31-milhoes-e-apreendida-em-vitoria-da-conquista\/\" \/>\n<meta property=\"og:locale\" content=\"pt_PT\" \/>\n<meta property=\"og:type\" content=\"article\" \/>\n<meta property=\"og:title\" content=\"Carga de cigarro irregular avaliada em R$ 3,1 milh\u00f5es \u00e9 apreendida em Vit\u00f3ria da Conquista - Brasil not\u00edcias\" \/>\n<meta property=\"og:description\" content=\"Uma carreta que fazia o transporte irregular de 1,3 mil caixas de cigarro foi interceptada no posto fiscal da Secretaria\" \/>\n<meta property=\"og:url\" content=\"https:\/\/brasilnoticias.org\/site\/carga-de-cigarro-irregular-avaliada-em-r-31-milhoes-e-apreendida-em-vitoria-da-conquista\/\" \/>\n<meta property=\"og:site_name\" content=\"Brasil not\u00edcias\" \/>\n<meta property=\"article:published_time\" content=\"2023-06-14T09:23:40+00:00\" \/>\n<meta property=\"og:image\" content=\"https:\/\/brasilnoticias.org\/site\/wp-content\/uploads\/2023\/06\/sefaz-cigarros.jpg\" \/>\n\t<meta property=\"og:image:width\" content=\"696\" \/>\n\t<meta property=\"og:image:height\" content=\"346\" \/>\n\t<meta property=\"og:image:type\" content=\"image\/jpeg\" \/>\n<meta name=\"author\" content=\"Reda\u00e7\u00e3o\" \/>\n<meta name=\"twitter:card\" content=\"summary_large_image\" \/>\n<meta name=\"twitter:label1\" content=\"Escrito por\" \/>\n\t<meta name=\"twitter:data1\" content=\"Reda\u00e7\u00e3o\" \/>\n<script type=\"application\/ld+json\" class=\"yoast-schema-graph\">{\"@context\":\"https:\/\/schema.org\",\"@graph\":[{\"@type\":\"Article\",\"@id\":\"https:\/\/brasilnoticias.org\/site\/carga-de-cigarro-irregular-avaliada-em-r-31-milhoes-e-apreendida-em-vitoria-da-conquista\/#article\",\"isPartOf\":{\"@id\":\"https:\/\/brasilnoticias.org\/site\/carga-de-cigarro-irregular-avaliada-em-r-31-milhoes-e-apreendida-em-vitoria-da-conquista\/\"},\"author\":{\"name\":\"Reda\u00e7\u00e3o\",\"@id\":\"https:\/\/brasilnoticias.org\/site\/#\/schema\/person\/a0e05b973ec4d15c658d51911e53507b\"},\"headline\":\"Carga de cigarro irregular avaliada em R$ 3,1 milh\u00f5es \u00e9 apreendida em Vit\u00f3ria da Conquista\",\"datePublished\":\"2023-06-14T09:23:40+00:00\",\"mainEntityOfPage\":{\"@id\":\"https:\/\/brasilnoticias.org\/site\/carga-de-cigarro-irregular-avaliada-em-r-31-milhoes-e-apreendida-em-vitoria-da-conquista\/\"},\"wordCount\":261,\"commentCount\":0,\"publisher\":{\"@id\":\"https:\/\/brasilnoticias.org\/site\/#organization\"},\"image\":{\"@id\":\"https:\/\/brasilnoticias.org\/site\/carga-de-cigarro-irregular-avaliada-em-r-31-milhoes-e-apreendida-em-vitoria-da-conquista\/#primaryimage\"},\"thumbnailUrl\":\"https:\/\/brasilnoticias.org\/site\/wp-content\/uploads\/2023\/06\/sefaz-cigarros.jpg\",\"articleSection\":[\"Not\u00edcias\",\"\u00daltimas\"],\"inLanguage\":\"pt-PT\",\"potentialAction\":[{\"@type\":\"CommentAction\",\"name\":\"Comment\",\"target\":[\"https:\/\/brasilnoticias.org\/site\/carga-de-cigarro-irregular-avaliada-em-r-31-milhoes-e-apreendida-em-vitoria-da-conquista\/#respond\"]}]},{\"@type\":\"WebPage\",\"@id\":\"https:\/\/brasilnoticias.org\/site\/carga-de-cigarro-irregular-avaliada-em-r-31-milhoes-e-apreendida-em-vitoria-da-conquista\/\",\"url\":\"https:\/\/brasilnoticias.org\/site\/carga-de-cigarro-irregular-avaliada-em-r-31-milhoes-e-apreendida-em-vitoria-da-conquista\/\",\"name\":\"Carga de cigarro irregular avaliada em R$ 3,1 milh\u00f5es \u00e9 apreendida em Vit\u00f3ria da Conquista - Brasil not\u00edcias\",\"isPartOf\":{\"@id\":\"https:\/\/brasilnoticias.org\/site\/#website\"},\"primaryImageOfPage\":{\"@id\":\"https:\/\/brasilnoticias.org\/site\/carga-de-cigarro-irregular-avaliada-em-r-31-milhoes-e-apreendida-em-vitoria-da-conquista\/#primaryimage\"},\"image\":{\"@id\":\"https:\/\/brasilnoticias.org\/site\/carga-de-cigarro-irregular-avaliada-em-r-31-milhoes-e-apreendida-em-vitoria-da-conquista\/#primaryimage\"},\"thumbnailUrl\":\"https:\/\/brasilnoticias.org\/site\/wp-content\/uploads\/2023\/06\/sefaz-cigarros.jpg\",\"datePublished\":\"2023-06-14T09:23:40+00:00\",\"breadcrumb\":{\"@id\":\"https:\/\/brasilnoticias.org\/site\/carga-de-cigarro-irregular-avaliada-em-r-31-milhoes-e-apreendida-em-vitoria-da-conquista\/#breadcrumb\"},\"inLanguage\":\"pt-PT\",\"potentialAction\":[{\"@type\":\"ReadAction\",\"target\":[\"https:\/\/brasilnoticias.org\/site\/carga-de-cigarro-irregular-avaliada-em-r-31-milhoes-e-apreendida-em-vitoria-da-conquista\/\"]}]},{\"@type\":\"ImageObject\",\"inLanguage\":\"pt-PT\",\"@id\":\"https:\/\/brasilnoticias.org\/site\/carga-de-cigarro-irregular-avaliada-em-r-31-milhoes-e-apreendida-em-vitoria-da-conquista\/#primaryimage\",\"url\":\"https:\/\/brasilnoticias.org\/site\/wp-content\/uploads\/2023\/06\/sefaz-cigarros.jpg\",\"contentUrl\":\"https:\/\/brasilnoticias.org\/site\/wp-content\/uploads\/2023\/06\/sefaz-cigarros.jpg\",\"width\":696,\"height\":346},{\"@type\":\"BreadcrumbList\",\"@id\":\"https:\/\/brasilnoticias.org\/site\/carga-de-cigarro-irregular-avaliada-em-r-31-milhoes-e-apreendida-em-vitoria-da-conquista\/#breadcrumb\",\"itemListElement\":[{\"@type\":\"ListItem\",\"position\":1,\"name\":\"In\u00edcio\",\"item\":\"https:\/\/brasilnoticias.org\/site\/\"},{\"@type\":\"ListItem\",\"position\":2,\"name\":\"Carga de cigarro irregular avaliada em R$ 3,1 milh\u00f5es \u00e9 apreendida em Vit\u00f3ria da Conquista\"}]},{\"@type\":\"WebSite\",\"@id\":\"https:\/\/brasilnoticias.org\/site\/#website\",\"url\":\"https:\/\/brasilnoticias.org\/site\/\",\"name\":\"Brasil not\u00edcias\",\"description\":\"Brasil not\u00edcias\",\"publisher\":{\"@id\":\"https:\/\/brasilnoticias.org\/site\/#organization\"},\"potentialAction\":[{\"@type\":\"SearchAction\",\"target\":{\"@type\":\"EntryPoint\",\"urlTemplate\":\"https:\/\/brasilnoticias.org\/site\/?s={search_term_string}\"},\"query-input\":{\"@type\":\"PropertyValueSpecification\",\"valueRequired\":true,\"valueName\":\"search_term_string\"}}],\"inLanguage\":\"pt-PT\"},{\"@type\":\"Organization\",\"@id\":\"https:\/\/brasilnoticias.org\/site\/#organization\",\"name\":\"Brasil not\u00edcias\",\"url\":\"https:\/\/brasilnoticias.org\/site\/\",\"logo\":{\"@type\":\"ImageObject\",\"inLanguage\":\"pt-PT\",\"@id\":\"https:\/\/brasilnoticias.org\/site\/#\/schema\/logo\/image\/\",\"url\":\"https:\/\/brasilnoticias.org\/site\/wp-content\/uploads\/2022\/05\/cropped-brasilnoticias-mini.jpg\",\"contentUrl\":\"https:\/\/brasilnoticias.org\/site\/wp-content\/uploads\/2022\/05\/cropped-brasilnoticias-mini.jpg\",\"width\":314,\"height\":86,\"caption\":\"Brasil not\u00edcias\"},\"image\":{\"@id\":\"https:\/\/brasilnoticias.org\/site\/#\/schema\/logo\/image\/\"}},{\"@type\":\"Person\",\"@id\":\"https:\/\/brasilnoticias.org\/site\/#\/schema\/person\/a0e05b973ec4d15c658d51911e53507b\",\"name\":\"Reda\u00e7\u00e3o\",\"image\":{\"@type\":\"ImageObject\",\"inLanguage\":\"pt-PT\",\"@id\":\"https:\/\/brasilnoticias.org\/site\/#\/schema\/person\/image\/\",\"url\":\"https:\/\/secure.gravatar.com\/avatar\/75d8b050df2de108b08ae78dfb8e374892df24a383c67db9c46a9c604f6aee9c?s=96&d=mm&r=g\",\"contentUrl\":\"https:\/\/secure.gravatar.com\/avatar\/75d8b050df2de108b08ae78dfb8e374892df24a383c67db9c46a9c604f6aee9c?s=96&d=mm&r=g\",\"caption\":\"Reda\u00e7\u00e3o\"},\"sameAs\":[\"https:\/\/brasilnoticias.org\/site\"],\"url\":\"https:\/\/brasilnoticias.org\/site\/author\/fernandozsngmail-com\/\"}]}<\/script>\n<!-- \/ Yoast SEO plugin. -->","yoast_head_json":{"title":"Carga de cigarro irregular avaliada em R$ 3,1 milh\u00f5es \u00e9 apreendida em Vit\u00f3ria da Conquista - Brasil not\u00edcias","robots":{"index":"index","follow":"follow","max-snippet":"max-snippet:-1","max-image-preview":"max-image-preview:large","max-video-preview":"max-video-preview:-1"},"canonical":"https:\/\/brasilnoticias.org\/site\/carga-de-cigarro-irregular-avaliada-em-r-31-milhoes-e-apreendida-em-vitoria-da-conquista\/","og_locale":"pt_PT","og_type":"article","og_title":"Carga de cigarro irregular avaliada em R$ 3,1 milh\u00f5es \u00e9 apreendida em Vit\u00f3ria da Conquista - Brasil not\u00edcias","og_description":"Uma carreta que fazia o transporte irregular de 1,3 mil caixas de cigarro foi interceptada no posto fiscal da Secretaria","og_url":"https:\/\/brasilnoticias.org\/site\/carga-de-cigarro-irregular-avaliada-em-r-31-milhoes-e-apreendida-em-vitoria-da-conquista\/","og_site_name":"Brasil not\u00edcias","article_published_time":"2023-06-14T09:23:40+00:00","og_image":[{"width":696,"height":346,"url":"https:\/\/brasilnoticias.org\/site\/wp-content\/uploads\/2023\/06\/sefaz-cigarros.jpg","type":"image\/jpeg"}],"author":"Reda\u00e7\u00e3o","twitter_card":"summary_large_image","twitter_misc":{"Escrito por":"Reda\u00e7\u00e3o"},"schema":{"@context":"https:\/\/schema.org","@graph":[{"@type":"Article","@id":"https:\/\/brasilnoticias.org\/site\/carga-de-cigarro-irregular-avaliada-em-r-31-milhoes-e-apreendida-em-vitoria-da-conquista\/#article","isPartOf":{"@id":"https:\/\/brasilnoticias.org\/site\/carga-de-cigarro-irregular-avaliada-em-r-31-milhoes-e-apreendida-em-vitoria-da-conquista\/"},"author":{"name":"Reda\u00e7\u00e3o","@id":"https:\/\/brasilnoticias.org\/site\/#\/schema\/person\/a0e05b973ec4d15c658d51911e53507b"},"headline":"Carga de cigarro irregular avaliada em R$ 3,1 milh\u00f5es \u00e9 apreendida em Vit\u00f3ria da Conquista","datePublished":"2023-06-14T09:23:40+00:00","mainEntityOfPage":{"@id":"https:\/\/brasilnoticias.org\/site\/carga-de-cigarro-irregular-avaliada-em-r-31-milhoes-e-apreendida-em-vitoria-da-conquista\/"},"wordCount":261,"commentCount":0,"publisher":{"@id":"https:\/\/brasilnoticias.org\/site\/#organization"},"image":{"@id":"https:\/\/brasilnoticias.org\/site\/carga-de-cigarro-irregular-avaliada-em-r-31-milhoes-e-apreendida-em-vitoria-da-conquista\/#primaryimage"},"thumbnailUrl":"https:\/\/brasilnoticias.org\/site\/wp-content\/uploads\/2023\/06\/sefaz-cigarros.jpg","articleSection":["Not\u00edcias","\u00daltimas"],"inLanguage":"pt-PT","potentialAction":[{"@type":"CommentAction","name":"Comment","target":["https:\/\/brasilnoticias.org\/site\/carga-de-cigarro-irregular-avaliada-em-r-31-milhoes-e-apreendida-em-vitoria-da-conquista\/#respond"]}]},{"@type":"WebPage","@id":"https:\/\/brasilnoticias.org\/site\/carga-de-cigarro-irregular-avaliada-em-r-31-milhoes-e-apreendida-em-vitoria-da-conquista\/","url":"https:\/\/brasilnoticias.org\/site\/carga-de-cigarro-irregular-avaliada-em-r-31-milhoes-e-apreendida-em-vitoria-da-conquista\/","name":"Carga de cigarro irregular avaliada em R$ 3,1 milh\u00f5es \u00e9 apreendida em Vit\u00f3ria da Conquista - Brasil not\u00edcias","isPartOf":{"@id":"https:\/\/brasilnoticias.org\/site\/#website"},"primaryImageOfPage":{"@id":"https:\/\/brasilnoticias.org\/site\/carga-de-cigarro-irregular-avaliada-em-r-31-milhoes-e-apreendida-em-vitoria-da-conquista\/#primaryimage"},"image":{"@id":"https:\/\/brasilnoticias.org\/site\/carga-de-cigarro-irregular-avaliada-em-r-31-milhoes-e-apreendida-em-vitoria-da-conquista\/#primaryimage"},"thumbnailUrl":"https:\/\/brasilnoticias.org\/site\/wp-content\/uploads\/2023\/06\/sefaz-cigarros.jpg","datePublished":"2023-06-14T09:23:40+00:00","breadcrumb":{"@id":"https:\/\/brasilnoticias.org\/site\/carga-de-cigarro-irregular-avaliada-em-r-31-milhoes-e-apreendida-em-vitoria-da-conquista\/#breadcrumb"},"inLanguage":"pt-PT","potentialAction":[{"@type":"ReadAction","target":["https:\/\/brasilnoticias.org\/site\/carga-de-cigarro-irregular-avaliada-em-r-31-milhoes-e-apreendida-em-vitoria-da-conquista\/"]}]},{"@type":"ImageObject","inLanguage":"pt-PT","@id":"https:\/\/brasilnoticias.org\/site\/carga-de-cigarro-irregular-avaliada-em-r-31-milhoes-e-apreendida-em-vitoria-da-conquista\/#primaryimage","url":"https:\/\/brasilnoticias.org\/site\/wp-content\/uploads\/2023\/06\/sefaz-cigarros.jpg","contentUrl":"https:\/\/brasilnoticias.org\/site\/wp-content\/uploads\/2023\/06\/sefaz-cigarros.jpg","width":696,"height":346},{"@type":"BreadcrumbList","@id":"https:\/\/brasilnoticias.org\/site\/carga-de-cigarro-irregular-avaliada-em-r-31-milhoes-e-apreendida-em-vitoria-da-conquista\/#breadcrumb","itemListElement":[{"@type":"ListItem","position":1,"name":"In\u00edcio","item":"https:\/\/brasilnoticias.org\/site\/"},{"@type":"ListItem","position":2,"name":"Carga de cigarro irregular avaliada em R$ 3,1 milh\u00f5es \u00e9 apreendida em Vit\u00f3ria da Conquista"}]},{"@type":"WebSite","@id":"https:\/\/brasilnoticias.org\/site\/#website","url":"https:\/\/brasilnoticias.org\/site\/","name":"Brasil not\u00edcias","description":"Brasil not\u00edcias","publisher":{"@id":"https:\/\/brasilnoticias.org\/site\/#organization"},"potentialAction":[{"@type":"SearchAction","target":{"@type":"EntryPoint","urlTemplate":"https:\/\/brasilnoticias.org\/site\/?s={search_term_string}"},"query-input":{"@type":"PropertyValueSpecification","valueRequired":true,"valueName":"search_term_string"}}],"inLanguage":"pt-PT"},{"@type":"Organization","@id":"https:\/\/brasilnoticias.org\/site\/#organization","name":"Brasil not\u00edcias","url":"https:\/\/brasilnoticias.org\/site\/","logo":{"@type":"ImageObject","inLanguage":"pt-PT","@id":"https:\/\/brasilnoticias.org\/site\/#\/schema\/logo\/image\/","url":"https:\/\/brasilnoticias.org\/site\/wp-content\/uploads\/2022\/05\/cropped-brasilnoticias-mini.jpg","contentUrl":"https:\/\/brasilnoticias.org\/site\/wp-content\/uploads\/2022\/05\/cropped-brasilnoticias-mini.jpg","width":314,"height":86,"caption":"Brasil not\u00edcias"},"image":{"@id":"https:\/\/brasilnoticias.org\/site\/#\/schema\/logo\/image\/"}},{"@type":"Person","@id":"https:\/\/brasilnoticias.org\/site\/#\/schema\/person\/a0e05b973ec4d15c658d51911e53507b","name":"Reda\u00e7\u00e3o","image":{"@type":"ImageObject","inLanguage":"pt-PT","@id":"https:\/\/brasilnoticias.org\/site\/#\/schema\/person\/image\/","url":"https:\/\/secure.gravatar.com\/avatar\/75d8b050df2de108b08ae78dfb8e374892df24a383c67db9c46a9c604f6aee9c?s=96&d=mm&r=g","contentUrl":"https:\/\/secure.gravatar.com\/avatar\/75d8b050df2de108b08ae78dfb8e374892df24a383c67db9c46a9c604f6aee9c?s=96&d=mm&r=g","caption":"Reda\u00e7\u00e3o"},"sameAs":["https:\/\/brasilnoticias.org\/site"],"url":"https:\/\/brasilnoticias.org\/site\/author\/fernandozsngmail-com\/"}]}},"_links":{"self":[{"href":"https:\/\/brasilnoticias.org\/site\/wp-json\/wp\/v2\/posts\/6649","targetHints":{"allow":["GET"]}}],"collection":[{"href":"https:\/\/brasilnoticias.org\/site\/wp-json\/wp\/v2\/posts"}],"about":[{"href":"https:\/\/brasilnoticias.org\/site\/wp-json\/wp\/v2\/types\/post"}],"author":[{"embeddable":true,"href":"https:\/\/brasilnoticias.org\/site\/wp-json\/wp\/v2\/users\/1"}],"replies":[{"embeddable":true,"href":"https:\/\/brasilnoticias.org\/site\/wp-json\/wp\/v2\/comments?post=6649"}],"version-history":[{"count":1,"href":"https:\/\/brasilnoticias.org\/site\/wp-json\/wp\/v2\/posts\/6649\/revisions"}],"predecessor-version":[{"id":6651,"href":"https:\/\/brasilnoticias.org\/site\/wp-json\/wp\/v2\/posts\/6649\/revisions\/6651"}],"wp:featuredmedia":[{"embeddable":true,"href":"https:\/\/brasilnoticias.org\/site\/wp-json\/wp\/v2\/media\/6650"}],"wp:attachment":[{"href":"https:\/\/brasilnoticias.org\/site\/wp-json\/wp\/v2\/media?parent=6649"}],"wp:term":[{"taxonomy":"category","embeddable":true,"href":"https:\/\/brasilnoticias.org\/site\/wp-json\/wp\/v2\/categories?post=6649"},{"taxonomy":"post_tag","embeddable":true,"href":"https:\/\/brasilnoticias.org\/site\/wp-json\/wp\/v2\/tags?post=6649"}],"curies":[{"name":"wp","href":"https:\/\/api.w.org\/{rel}","templated":true}]}}