{"id":665,"date":"2022-05-29T18:35:19","date_gmt":"2022-05-29T21:35:19","guid":{"rendered":"https:\/\/brasilnoticias.org\/site\/?p=665"},"modified":"2022-05-29T18:35:19","modified_gmt":"2022-05-29T21:35:19","slug":"homem-e-morto-em-festa-de-aniversario-da-propria-filha-em-salvador-crianca-e-baleada-e-vizinhanca-culpa-pms","status":"publish","type":"post","link":"https:\/\/brasilnoticias.org\/site\/homem-e-morto-em-festa-de-aniversario-da-propria-filha-em-salvador-crianca-e-baleada-e-vizinhanca-culpa-pms\/","title":{"rendered":"HOMEM \u00c9 MORTO EM FESTA DE ANIVERS\u00c1RIO DA PR\u00d3PRIA FILHA EM SALVADOR; CRIAN\u00c7A \u00c9 BALEADA E VIZINHAN\u00c7A CULPA PMS"},"content":{"rendered":"<p>Davi Paim foi morto, na noite deste s\u00e1bado (28), enquanto celebrava o anivers\u00e1rio de sua filha, em sua resid\u00eancia, localizada na Rua Eduardo Dotto, na regi\u00e3o de Tubar\u00e3o, em Paripe. Na ocasi\u00e3o, uma crian\u00e7a de 11 anos, convidada da festa, tamb\u00e9m foi baleada no peito e no bra\u00e7o, mas passou por procedimento cir\u00fargico e passa bem.<\/p>\n<p>Segundo o portal G1, vizinhos de Davi contaram que ele estava na festa quando disparos foram feitos por policiais militares. Eles afirmam que escutaram disparos e as pessoas que estavam na frente do im\u00f3vel correram para dentro da casa. Al\u00e9m de Davi e da crian\u00e7a, ningu\u00e9m mais foi atingido.<\/p>\n<p>Um morador disse que, ap\u00f3s os disparos, tentou entrar no im\u00f3vel e foi impedido pelos policiais. Segundo ele, os agentes usaram bomba de g\u00e1s lacrimog\u00eanio para que as pessoas n\u00e3o pudessem acessar \u00e0 resid\u00eancia.<\/p>\n<p>Tentamos entrar na casa e os PMs n\u00e3o deixaram. Eles jogaram g\u00e1s quando a gente tentou entrar. Depois, tiraram o corpo de Davi, jogaram na mala do carro dizendo que iriam dar socorro, mas ele j\u00e1 estava morto. Disseram que Davi tinha trocado tiro com eles, o que n\u00e3o \u00e9 verdade. E a gente que \u00e9 pobre e preto fica \u00e0 merc\u00ea dessa situa\u00e7\u00e3o\u201d, contou o morador.<\/p>\n<p>Ainda segundo o G1, em nota, a PM informou que foi acionada por moradores que denunciaram um com\u00e9rcio de drogas na localidade do Quilombo. Segundo a corpora\u00e7\u00e3o, as equipes da 19\u00aa CIPM foram recebidas por cerca de cinco homens armados e houve um confronto. Um homem foi atingido, levado ao Hospital do Sub\u00farbio e n\u00e3o resistiu aos ferimentos.<\/p>\n<p>De acordo com a PM, Com Davi foi encontrado encontrada uma arma de fogo, muni\u00e7\u00f5es, subst\u00e2ncias aparentando ser maconha e crack em grande quantidade. A Pol\u00edcia Militar n\u00e3o se manifestou a respeito das den\u00fancias sobre o impedimento dos moradores entrarem no im\u00f3vel e os agentes terem usado g\u00e1s para cont\u00ea-los fora da casa. O caso foi registrado na Corregedoria Geral da Pol\u00edcia Militar.<\/p>\n<p>&nbsp;<\/p>\n<p>&nbsp;<\/p>\n<p>&nbsp;<\/p>\n<p>Bnews<\/p>\n","protected":false},"excerpt":{"rendered":"<p>Davi Paim foi morto, na noite deste s\u00e1bado (28), enquanto celebrava o anivers\u00e1rio de sua filha, em sua resid\u00eancia, localizada<\/p>\n","protected":false},"author":2,"featured_media":666,"comment_status":"open","ping_status":"open","sticky":false,"template":"","format":"standard","meta":{"colormag_page_container_layout":"default_layout","colormag_page_sidebar_layout":"default_layout","_FSMCFIC_featured_image_caption":"","_FSMCFIC_featured_image_nocaption":"","_FSMCFIC_featured_image_hide":"","footnotes":""},"categories":[3,1],"tags":[],"class_list":["post-665","post","type-post","status-publish","format-standard","has-post-thumbnail","hentry","category-policia","category-ultimas"],"yoast_head":"<!-- This site is optimized with the Yoast SEO plugin v27.1.1 - https:\/\/yoast.com\/product\/yoast-seo-wordpress\/ -->\n<title>HOMEM \u00c9 MORTO EM FESTA DE ANIVERS\u00c1RIO DA PR\u00d3PRIA FILHA EM SALVADOR; CRIAN\u00c7A \u00c9 BALEADA E VIZINHAN\u00c7A CULPA PMS - Brasil not\u00edcias<\/title>\n<meta name=\"robots\" content=\"index, follow, max-snippet:-1, max-image-preview:large, max-video-preview:-1\" \/>\n<link rel=\"canonical\" href=\"https:\/\/brasilnoticias.org\/site\/homem-e-morto-em-festa-de-aniversario-da-propria-filha-em-salvador-crianca-e-baleada-e-vizinhanca-culpa-pms\/\" \/>\n<meta property=\"og:locale\" content=\"pt_PT\" \/>\n<meta property=\"og:type\" content=\"article\" \/>\n<meta property=\"og:title\" content=\"HOMEM \u00c9 MORTO EM FESTA DE ANIVERS\u00c1RIO DA PR\u00d3PRIA FILHA EM SALVADOR; CRIAN\u00c7A \u00c9 BALEADA E VIZINHAN\u00c7A CULPA PMS - Brasil not\u00edcias\" \/>\n<meta property=\"og:description\" content=\"Davi Paim foi morto, na noite deste s\u00e1bado (28), enquanto celebrava o anivers\u00e1rio de sua filha, em sua resid\u00eancia, localizada\" \/>\n<meta property=\"og:url\" content=\"https:\/\/brasilnoticias.org\/site\/homem-e-morto-em-festa-de-aniversario-da-propria-filha-em-salvador-crianca-e-baleada-e-vizinhanca-culpa-pms\/\" \/>\n<meta property=\"og:site_name\" content=\"Brasil not\u00edcias\" \/>\n<meta property=\"article:published_time\" content=\"2022-05-29T21:35:19+00:00\" \/>\n<meta property=\"og:image\" content=\"https:\/\/brasilnoticias.org\/site\/wp-content\/uploads\/2022\/05\/pm_crianca_widelg.png\" \/>\n\t<meta property=\"og:image:width\" content=\"800\" \/>\n\t<meta property=\"og:image:height\" content=\"450\" \/>\n\t<meta property=\"og:image:type\" content=\"image\/png\" \/>\n<meta name=\"author\" content=\"Reda\u00e7\u00e3o\" \/>\n<meta name=\"twitter:card\" content=\"summary_large_image\" \/>\n<meta name=\"twitter:label1\" content=\"Escrito por\" \/>\n\t<meta name=\"twitter:data1\" content=\"Reda\u00e7\u00e3o\" \/>\n\t<meta name=\"twitter:label2\" content=\"Tempo estimado de leitura\" \/>\n\t<meta name=\"twitter:data2\" content=\"2 minutos\" \/>\n<script type=\"application\/ld+json\" class=\"yoast-schema-graph\">{\"@context\":\"https:\/\/schema.org\",\"@graph\":[{\"@type\":\"Article\",\"@id\":\"https:\/\/brasilnoticias.org\/site\/homem-e-morto-em-festa-de-aniversario-da-propria-filha-em-salvador-crianca-e-baleada-e-vizinhanca-culpa-pms\/#article\",\"isPartOf\":{\"@id\":\"https:\/\/brasilnoticias.org\/site\/homem-e-morto-em-festa-de-aniversario-da-propria-filha-em-salvador-crianca-e-baleada-e-vizinhanca-culpa-pms\/\"},\"author\":{\"name\":\"Reda\u00e7\u00e3o\",\"@id\":\"https:\/\/brasilnoticias.org\/site\/#\/schema\/person\/f609fa847b5314f1c8b983342f34c798\"},\"headline\":\"HOMEM \u00c9 MORTO EM FESTA DE ANIVERS\u00c1RIO DA PR\u00d3PRIA FILHA EM SALVADOR; CRIAN\u00c7A \u00c9 BALEADA E VIZINHAN\u00c7A CULPA PMS\",\"datePublished\":\"2022-05-29T21:35:19+00:00\",\"mainEntityOfPage\":{\"@id\":\"https:\/\/brasilnoticias.org\/site\/homem-e-morto-em-festa-de-aniversario-da-propria-filha-em-salvador-crianca-e-baleada-e-vizinhanca-culpa-pms\/\"},\"wordCount\":382,\"commentCount\":0,\"publisher\":{\"@id\":\"https:\/\/brasilnoticias.org\/site\/#organization\"},\"image\":{\"@id\":\"https:\/\/brasilnoticias.org\/site\/homem-e-morto-em-festa-de-aniversario-da-propria-filha-em-salvador-crianca-e-baleada-e-vizinhanca-culpa-pms\/#primaryimage\"},\"thumbnailUrl\":\"https:\/\/brasilnoticias.org\/site\/wp-content\/uploads\/2022\/05\/pm_crianca_widelg.png\",\"articleSection\":[\"Pol\u00edcia\",\"\u00daltimas\"],\"inLanguage\":\"pt-PT\",\"potentialAction\":[{\"@type\":\"CommentAction\",\"name\":\"Comment\",\"target\":[\"https:\/\/brasilnoticias.org\/site\/homem-e-morto-em-festa-de-aniversario-da-propria-filha-em-salvador-crianca-e-baleada-e-vizinhanca-culpa-pms\/#respond\"]}]},{\"@type\":\"WebPage\",\"@id\":\"https:\/\/brasilnoticias.org\/site\/homem-e-morto-em-festa-de-aniversario-da-propria-filha-em-salvador-crianca-e-baleada-e-vizinhanca-culpa-pms\/\",\"url\":\"https:\/\/brasilnoticias.org\/site\/homem-e-morto-em-festa-de-aniversario-da-propria-filha-em-salvador-crianca-e-baleada-e-vizinhanca-culpa-pms\/\",\"name\":\"HOMEM \u00c9 MORTO EM FESTA DE ANIVERS\u00c1RIO DA PR\u00d3PRIA FILHA EM SALVADOR; CRIAN\u00c7A \u00c9 BALEADA E VIZINHAN\u00c7A CULPA PMS - Brasil not\u00edcias\",\"isPartOf\":{\"@id\":\"https:\/\/brasilnoticias.org\/site\/#website\"},\"primaryImageOfPage\":{\"@id\":\"https:\/\/brasilnoticias.org\/site\/homem-e-morto-em-festa-de-aniversario-da-propria-filha-em-salvador-crianca-e-baleada-e-vizinhanca-culpa-pms\/#primaryimage\"},\"image\":{\"@id\":\"https:\/\/brasilnoticias.org\/site\/homem-e-morto-em-festa-de-aniversario-da-propria-filha-em-salvador-crianca-e-baleada-e-vizinhanca-culpa-pms\/#primaryimage\"},\"thumbnailUrl\":\"https:\/\/brasilnoticias.org\/site\/wp-content\/uploads\/2022\/05\/pm_crianca_widelg.png\",\"datePublished\":\"2022-05-29T21:35:19+00:00\",\"breadcrumb\":{\"@id\":\"https:\/\/brasilnoticias.org\/site\/homem-e-morto-em-festa-de-aniversario-da-propria-filha-em-salvador-crianca-e-baleada-e-vizinhanca-culpa-pms\/#breadcrumb\"},\"inLanguage\":\"pt-PT\",\"potentialAction\":[{\"@type\":\"ReadAction\",\"target\":[\"https:\/\/brasilnoticias.org\/site\/homem-e-morto-em-festa-de-aniversario-da-propria-filha-em-salvador-crianca-e-baleada-e-vizinhanca-culpa-pms\/\"]}]},{\"@type\":\"ImageObject\",\"inLanguage\":\"pt-PT\",\"@id\":\"https:\/\/brasilnoticias.org\/site\/homem-e-morto-em-festa-de-aniversario-da-propria-filha-em-salvador-crianca-e-baleada-e-vizinhanca-culpa-pms\/#primaryimage\",\"url\":\"https:\/\/brasilnoticias.org\/site\/wp-content\/uploads\/2022\/05\/pm_crianca_widelg.png\",\"contentUrl\":\"https:\/\/brasilnoticias.org\/site\/wp-content\/uploads\/2022\/05\/pm_crianca_widelg.png\",\"width\":800,\"height\":450},{\"@type\":\"BreadcrumbList\",\"@id\":\"https:\/\/brasilnoticias.org\/site\/homem-e-morto-em-festa-de-aniversario-da-propria-filha-em-salvador-crianca-e-baleada-e-vizinhanca-culpa-pms\/#breadcrumb\",\"itemListElement\":[{\"@type\":\"ListItem\",\"position\":1,\"name\":\"In\u00edcio\",\"item\":\"https:\/\/brasilnoticias.org\/site\/\"},{\"@type\":\"ListItem\",\"position\":2,\"name\":\"HOMEM \u00c9 MORTO EM FESTA DE ANIVERS\u00c1RIO DA PR\u00d3PRIA FILHA EM SALVADOR; CRIAN\u00c7A \u00c9 BALEADA E VIZINHAN\u00c7A CULPA PMS\"}]},{\"@type\":\"WebSite\",\"@id\":\"https:\/\/brasilnoticias.org\/site\/#website\",\"url\":\"https:\/\/brasilnoticias.org\/site\/\",\"name\":\"Brasil not\u00edcias\",\"description\":\"Brasil not\u00edcias\",\"publisher\":{\"@id\":\"https:\/\/brasilnoticias.org\/site\/#organization\"},\"potentialAction\":[{\"@type\":\"SearchAction\",\"target\":{\"@type\":\"EntryPoint\",\"urlTemplate\":\"https:\/\/brasilnoticias.org\/site\/?s={search_term_string}\"},\"query-input\":{\"@type\":\"PropertyValueSpecification\",\"valueRequired\":true,\"valueName\":\"search_term_string\"}}],\"inLanguage\":\"pt-PT\"},{\"@type\":\"Organization\",\"@id\":\"https:\/\/brasilnoticias.org\/site\/#organization\",\"name\":\"Brasil not\u00edcias\",\"url\":\"https:\/\/brasilnoticias.org\/site\/\",\"logo\":{\"@type\":\"ImageObject\",\"inLanguage\":\"pt-PT\",\"@id\":\"https:\/\/brasilnoticias.org\/site\/#\/schema\/logo\/image\/\",\"url\":\"https:\/\/brasilnoticias.org\/site\/wp-content\/uploads\/2022\/05\/cropped-brasilnoticias-mini.jpg\",\"contentUrl\":\"https:\/\/brasilnoticias.org\/site\/wp-content\/uploads\/2022\/05\/cropped-brasilnoticias-mini.jpg\",\"width\":314,\"height\":86,\"caption\":\"Brasil not\u00edcias\"},\"image\":{\"@id\":\"https:\/\/brasilnoticias.org\/site\/#\/schema\/logo\/image\/\"}},{\"@type\":\"Person\",\"@id\":\"https:\/\/brasilnoticias.org\/site\/#\/schema\/person\/f609fa847b5314f1c8b983342f34c798\",\"name\":\"Reda\u00e7\u00e3o\",\"image\":{\"@type\":\"ImageObject\",\"inLanguage\":\"pt-PT\",\"@id\":\"https:\/\/brasilnoticias.org\/site\/#\/schema\/person\/image\/\",\"url\":\"https:\/\/secure.gravatar.com\/avatar\/447284c06c1ad8b46465a36de9cd0d8326b73387a22799b8b1ffb1fbcff2ed0c?s=96&d=mm&r=g\",\"contentUrl\":\"https:\/\/secure.gravatar.com\/avatar\/447284c06c1ad8b46465a36de9cd0d8326b73387a22799b8b1ffb1fbcff2ed0c?s=96&d=mm&r=g\",\"caption\":\"Reda\u00e7\u00e3o\"},\"url\":\"https:\/\/brasilnoticias.org\/site\/author\/redacao\/\"}]}<\/script>\n<!-- \/ Yoast SEO plugin. -->","yoast_head_json":{"title":"HOMEM \u00c9 MORTO EM FESTA DE ANIVERS\u00c1RIO DA PR\u00d3PRIA FILHA EM SALVADOR; CRIAN\u00c7A \u00c9 BALEADA E VIZINHAN\u00c7A CULPA PMS - Brasil not\u00edcias","robots":{"index":"index","follow":"follow","max-snippet":"max-snippet:-1","max-image-preview":"max-image-preview:large","max-video-preview":"max-video-preview:-1"},"canonical":"https:\/\/brasilnoticias.org\/site\/homem-e-morto-em-festa-de-aniversario-da-propria-filha-em-salvador-crianca-e-baleada-e-vizinhanca-culpa-pms\/","og_locale":"pt_PT","og_type":"article","og_title":"HOMEM \u00c9 MORTO EM FESTA DE ANIVERS\u00c1RIO DA PR\u00d3PRIA FILHA EM SALVADOR; CRIAN\u00c7A \u00c9 BALEADA E VIZINHAN\u00c7A CULPA PMS - Brasil not\u00edcias","og_description":"Davi Paim foi morto, na noite deste s\u00e1bado (28), enquanto celebrava o anivers\u00e1rio de sua filha, em sua resid\u00eancia, localizada","og_url":"https:\/\/brasilnoticias.org\/site\/homem-e-morto-em-festa-de-aniversario-da-propria-filha-em-salvador-crianca-e-baleada-e-vizinhanca-culpa-pms\/","og_site_name":"Brasil not\u00edcias","article_published_time":"2022-05-29T21:35:19+00:00","og_image":[{"width":800,"height":450,"url":"https:\/\/brasilnoticias.org\/site\/wp-content\/uploads\/2022\/05\/pm_crianca_widelg.png","type":"image\/png"}],"author":"Reda\u00e7\u00e3o","twitter_card":"summary_large_image","twitter_misc":{"Escrito por":"Reda\u00e7\u00e3o","Tempo estimado de leitura":"2 minutos"},"schema":{"@context":"https:\/\/schema.org","@graph":[{"@type":"Article","@id":"https:\/\/brasilnoticias.org\/site\/homem-e-morto-em-festa-de-aniversario-da-propria-filha-em-salvador-crianca-e-baleada-e-vizinhanca-culpa-pms\/#article","isPartOf":{"@id":"https:\/\/brasilnoticias.org\/site\/homem-e-morto-em-festa-de-aniversario-da-propria-filha-em-salvador-crianca-e-baleada-e-vizinhanca-culpa-pms\/"},"author":{"name":"Reda\u00e7\u00e3o","@id":"https:\/\/brasilnoticias.org\/site\/#\/schema\/person\/f609fa847b5314f1c8b983342f34c798"},"headline":"HOMEM \u00c9 MORTO EM FESTA DE ANIVERS\u00c1RIO DA PR\u00d3PRIA FILHA EM SALVADOR; CRIAN\u00c7A \u00c9 BALEADA E VIZINHAN\u00c7A CULPA PMS","datePublished":"2022-05-29T21:35:19+00:00","mainEntityOfPage":{"@id":"https:\/\/brasilnoticias.org\/site\/homem-e-morto-em-festa-de-aniversario-da-propria-filha-em-salvador-crianca-e-baleada-e-vizinhanca-culpa-pms\/"},"wordCount":382,"commentCount":0,"publisher":{"@id":"https:\/\/brasilnoticias.org\/site\/#organization"},"image":{"@id":"https:\/\/brasilnoticias.org\/site\/homem-e-morto-em-festa-de-aniversario-da-propria-filha-em-salvador-crianca-e-baleada-e-vizinhanca-culpa-pms\/#primaryimage"},"thumbnailUrl":"https:\/\/brasilnoticias.org\/site\/wp-content\/uploads\/2022\/05\/pm_crianca_widelg.png","articleSection":["Pol\u00edcia","\u00daltimas"],"inLanguage":"pt-PT","potentialAction":[{"@type":"CommentAction","name":"Comment","target":["https:\/\/brasilnoticias.org\/site\/homem-e-morto-em-festa-de-aniversario-da-propria-filha-em-salvador-crianca-e-baleada-e-vizinhanca-culpa-pms\/#respond"]}]},{"@type":"WebPage","@id":"https:\/\/brasilnoticias.org\/site\/homem-e-morto-em-festa-de-aniversario-da-propria-filha-em-salvador-crianca-e-baleada-e-vizinhanca-culpa-pms\/","url":"https:\/\/brasilnoticias.org\/site\/homem-e-morto-em-festa-de-aniversario-da-propria-filha-em-salvador-crianca-e-baleada-e-vizinhanca-culpa-pms\/","name":"HOMEM \u00c9 MORTO EM FESTA DE ANIVERS\u00c1RIO DA PR\u00d3PRIA FILHA EM SALVADOR; CRIAN\u00c7A \u00c9 BALEADA E VIZINHAN\u00c7A CULPA PMS - Brasil not\u00edcias","isPartOf":{"@id":"https:\/\/brasilnoticias.org\/site\/#website"},"primaryImageOfPage":{"@id":"https:\/\/brasilnoticias.org\/site\/homem-e-morto-em-festa-de-aniversario-da-propria-filha-em-salvador-crianca-e-baleada-e-vizinhanca-culpa-pms\/#primaryimage"},"image":{"@id":"https:\/\/brasilnoticias.org\/site\/homem-e-morto-em-festa-de-aniversario-da-propria-filha-em-salvador-crianca-e-baleada-e-vizinhanca-culpa-pms\/#primaryimage"},"thumbnailUrl":"https:\/\/brasilnoticias.org\/site\/wp-content\/uploads\/2022\/05\/pm_crianca_widelg.png","datePublished":"2022-05-29T21:35:19+00:00","breadcrumb":{"@id":"https:\/\/brasilnoticias.org\/site\/homem-e-morto-em-festa-de-aniversario-da-propria-filha-em-salvador-crianca-e-baleada-e-vizinhanca-culpa-pms\/#breadcrumb"},"inLanguage":"pt-PT","potentialAction":[{"@type":"ReadAction","target":["https:\/\/brasilnoticias.org\/site\/homem-e-morto-em-festa-de-aniversario-da-propria-filha-em-salvador-crianca-e-baleada-e-vizinhanca-culpa-pms\/"]}]},{"@type":"ImageObject","inLanguage":"pt-PT","@id":"https:\/\/brasilnoticias.org\/site\/homem-e-morto-em-festa-de-aniversario-da-propria-filha-em-salvador-crianca-e-baleada-e-vizinhanca-culpa-pms\/#primaryimage","url":"https:\/\/brasilnoticias.org\/site\/wp-content\/uploads\/2022\/05\/pm_crianca_widelg.png","contentUrl":"https:\/\/brasilnoticias.org\/site\/wp-content\/uploads\/2022\/05\/pm_crianca_widelg.png","width":800,"height":450},{"@type":"BreadcrumbList","@id":"https:\/\/brasilnoticias.org\/site\/homem-e-morto-em-festa-de-aniversario-da-propria-filha-em-salvador-crianca-e-baleada-e-vizinhanca-culpa-pms\/#breadcrumb","itemListElement":[{"@type":"ListItem","position":1,"name":"In\u00edcio","item":"https:\/\/brasilnoticias.org\/site\/"},{"@type":"ListItem","position":2,"name":"HOMEM \u00c9 MORTO EM FESTA DE ANIVERS\u00c1RIO DA PR\u00d3PRIA FILHA EM SALVADOR; CRIAN\u00c7A \u00c9 BALEADA E VIZINHAN\u00c7A CULPA PMS"}]},{"@type":"WebSite","@id":"https:\/\/brasilnoticias.org\/site\/#website","url":"https:\/\/brasilnoticias.org\/site\/","name":"Brasil not\u00edcias","description":"Brasil not\u00edcias","publisher":{"@id":"https:\/\/brasilnoticias.org\/site\/#organization"},"potentialAction":[{"@type":"SearchAction","target":{"@type":"EntryPoint","urlTemplate":"https:\/\/brasilnoticias.org\/site\/?s={search_term_string}"},"query-input":{"@type":"PropertyValueSpecification","valueRequired":true,"valueName":"search_term_string"}}],"inLanguage":"pt-PT"},{"@type":"Organization","@id":"https:\/\/brasilnoticias.org\/site\/#organization","name":"Brasil not\u00edcias","url":"https:\/\/brasilnoticias.org\/site\/","logo":{"@type":"ImageObject","inLanguage":"pt-PT","@id":"https:\/\/brasilnoticias.org\/site\/#\/schema\/logo\/image\/","url":"https:\/\/brasilnoticias.org\/site\/wp-content\/uploads\/2022\/05\/cropped-brasilnoticias-mini.jpg","contentUrl":"https:\/\/brasilnoticias.org\/site\/wp-content\/uploads\/2022\/05\/cropped-brasilnoticias-mini.jpg","width":314,"height":86,"caption":"Brasil not\u00edcias"},"image":{"@id":"https:\/\/brasilnoticias.org\/site\/#\/schema\/logo\/image\/"}},{"@type":"Person","@id":"https:\/\/brasilnoticias.org\/site\/#\/schema\/person\/f609fa847b5314f1c8b983342f34c798","name":"Reda\u00e7\u00e3o","image":{"@type":"ImageObject","inLanguage":"pt-PT","@id":"https:\/\/brasilnoticias.org\/site\/#\/schema\/person\/image\/","url":"https:\/\/secure.gravatar.com\/avatar\/447284c06c1ad8b46465a36de9cd0d8326b73387a22799b8b1ffb1fbcff2ed0c?s=96&d=mm&r=g","contentUrl":"https:\/\/secure.gravatar.com\/avatar\/447284c06c1ad8b46465a36de9cd0d8326b73387a22799b8b1ffb1fbcff2ed0c?s=96&d=mm&r=g","caption":"Reda\u00e7\u00e3o"},"url":"https:\/\/brasilnoticias.org\/site\/author\/redacao\/"}]}},"_links":{"self":[{"href":"https:\/\/brasilnoticias.org\/site\/wp-json\/wp\/v2\/posts\/665","targetHints":{"allow":["GET"]}}],"collection":[{"href":"https:\/\/brasilnoticias.org\/site\/wp-json\/wp\/v2\/posts"}],"about":[{"href":"https:\/\/brasilnoticias.org\/site\/wp-json\/wp\/v2\/types\/post"}],"author":[{"embeddable":true,"href":"https:\/\/brasilnoticias.org\/site\/wp-json\/wp\/v2\/users\/2"}],"replies":[{"embeddable":true,"href":"https:\/\/brasilnoticias.org\/site\/wp-json\/wp\/v2\/comments?post=665"}],"version-history":[{"count":1,"href":"https:\/\/brasilnoticias.org\/site\/wp-json\/wp\/v2\/posts\/665\/revisions"}],"predecessor-version":[{"id":667,"href":"https:\/\/brasilnoticias.org\/site\/wp-json\/wp\/v2\/posts\/665\/revisions\/667"}],"wp:featuredmedia":[{"embeddable":true,"href":"https:\/\/brasilnoticias.org\/site\/wp-json\/wp\/v2\/media\/666"}],"wp:attachment":[{"href":"https:\/\/brasilnoticias.org\/site\/wp-json\/wp\/v2\/media?parent=665"}],"wp:term":[{"taxonomy":"category","embeddable":true,"href":"https:\/\/brasilnoticias.org\/site\/wp-json\/wp\/v2\/categories?post=665"},{"taxonomy":"post_tag","embeddable":true,"href":"https:\/\/brasilnoticias.org\/site\/wp-json\/wp\/v2\/tags?post=665"}],"curies":[{"name":"wp","href":"https:\/\/api.w.org\/{rel}","templated":true}]}}