{"id":6652,"date":"2023-06-14T06:26:05","date_gmt":"2023-06-14T09:26:05","guid":{"rendered":"https:\/\/brasilnoticias.org\/site\/?p=6652"},"modified":"2023-06-14T06:26:05","modified_gmt":"2023-06-14T09:26:05","slug":"novo-decreto-do-governo-determina-desapropriacoes-em-vera-cruz-para-obras-da-ponte-salvador-itaparica","status":"publish","type":"post","link":"https:\/\/brasilnoticias.org\/site\/novo-decreto-do-governo-determina-desapropriacoes-em-vera-cruz-para-obras-da-ponte-salvador-itaparica\/","title":{"rendered":"Novo decreto do governo determina desapropria\u00e7\u00f5es em Vera Cruz para obras da ponte Salvador-Itaparica"},"content":{"rendered":"<p>O Governo da Bahia publicou no Di\u00e1rio Oficial desta ter\u00e7a-feira (13\/6), novo Decreto de Utilidade P\u00fablica (DUP) para \u00e1reas de abrang\u00eancia da constru\u00e7\u00e3o do Sistema Vi\u00e1rio da Ponte Salvador-Itaparica. Neste novo documento, est\u00e3o contempladas \u00e1reas necess\u00e1rias \u00e0 implanta\u00e7\u00e3o do sistema vi\u00e1rio no munic\u00edpio de Vera Cruz.<\/p>\n<p>Com este novo DUP, a Concession\u00e1ria Sistema Rodovi\u00e1rio Ponte Salvador-Ilha de Itaparica fica autorizada a promover os atos administrativos e judiciais, se necess\u00e1rio em car\u00e1ter de urg\u00eancia, com vistas \u00e0 efetiva\u00e7\u00e3o das desapropria\u00e7\u00f5es que correspondem a uma \u00e1rea superior a 2,9 milh\u00f5es de m\u00b2 no munic\u00edpio, visando a implanta\u00e7\u00e3o de acessos vi\u00e1rios \u00e0 ponte.<\/p>\n<p>O DUP para a \u00e1rea do sistema vi\u00e1rio de Salvador j\u00e1 havia sido publicado pelo Governo do Estado em fevereiro deste ano. Ao todo, ser\u00e1 desapropriada um \u00e1rea de 63.524,26 m\u00b2, que fica na capital baiana. O decreto tamb\u00e9m estabelece que o governo pode adotar atos administrativos e judiciais par realizar a desapropria\u00e7\u00e3o.<\/p>\n<p>MAIS INVESTIMENTOS<\/p>\n<p>Na \u00faltima quinta-feira (8\/6), outra publica\u00e7\u00e3o no DOE trouxe o contrato, celebrado entre a Embasa e a Construtora Civilsan Ltda, com o objetivo de executar uma adutora para atender ao canteiro da obra de infraestrutura vi\u00e1ria da ponte Salvador-Itaparica.<\/p>\n<p>O valor global do contrato firmado entre a Embasa e a empresa foi estipulado em R$ 577.161,90, com prazo de vig\u00eancia de 120 dias.<\/p>\n<p>Foto Divulga\u00e7\u00e3o\/GOVBA<br \/>\nARATUON<\/p>\n","protected":false},"excerpt":{"rendered":"<p>O Governo da Bahia publicou no Di\u00e1rio Oficial desta ter\u00e7a-feira (13\/6), novo Decreto de Utilidade P\u00fablica (DUP) para \u00e1reas de<\/p>\n","protected":false},"author":1,"featured_media":6653,"comment_status":"open","ping_status":"open","sticky":false,"template":"","format":"standard","meta":{"colormag_page_container_layout":"default_layout","colormag_page_sidebar_layout":"default_layout","_FSMCFIC_featured_image_caption":"","_FSMCFIC_featured_image_nocaption":"","_FSMCFIC_featured_image_hide":"","footnotes":""},"categories":[2,1],"tags":[],"class_list":["post-6652","post","type-post","status-publish","format-standard","has-post-thumbnail","hentry","category-noticias","category-ultimas"],"yoast_head":"<!-- This site is optimized with the Yoast SEO plugin v27.1.1 - https:\/\/yoast.com\/product\/yoast-seo-wordpress\/ -->\n<title>Novo decreto do governo determina desapropria\u00e7\u00f5es em Vera Cruz para obras da ponte Salvador-Itaparica - Brasil not\u00edcias<\/title>\n<meta name=\"robots\" content=\"index, follow, max-snippet:-1, max-image-preview:large, max-video-preview:-1\" \/>\n<link rel=\"canonical\" href=\"https:\/\/brasilnoticias.org\/site\/novo-decreto-do-governo-determina-desapropriacoes-em-vera-cruz-para-obras-da-ponte-salvador-itaparica\/\" \/>\n<meta property=\"og:locale\" content=\"pt_PT\" \/>\n<meta property=\"og:type\" content=\"article\" \/>\n<meta property=\"og:title\" content=\"Novo decreto do governo determina desapropria\u00e7\u00f5es em Vera Cruz para obras da ponte Salvador-Itaparica - Brasil not\u00edcias\" \/>\n<meta property=\"og:description\" content=\"O Governo da Bahia publicou no Di\u00e1rio Oficial desta ter\u00e7a-feira (13\/6), novo Decreto de Utilidade P\u00fablica (DUP) para \u00e1reas de\" \/>\n<meta property=\"og:url\" content=\"https:\/\/brasilnoticias.org\/site\/novo-decreto-do-governo-determina-desapropriacoes-em-vera-cruz-para-obras-da-ponte-salvador-itaparica\/\" \/>\n<meta property=\"og:site_name\" content=\"Brasil not\u00edcias\" \/>\n<meta property=\"article:published_time\" content=\"2023-06-14T09:26:05+00:00\" \/>\n<meta property=\"og:image\" content=\"https:\/\/brasilnoticias.org\/site\/wp-content\/uploads\/2023\/06\/ponte-1.jpg\" \/>\n\t<meta property=\"og:image:width\" content=\"740\" \/>\n\t<meta property=\"og:image:height\" content=\"470\" \/>\n\t<meta property=\"og:image:type\" content=\"image\/jpeg\" \/>\n<meta name=\"author\" content=\"Reda\u00e7\u00e3o\" \/>\n<meta name=\"twitter:card\" content=\"summary_large_image\" \/>\n<meta name=\"twitter:label1\" content=\"Escrito por\" \/>\n\t<meta name=\"twitter:data1\" content=\"Reda\u00e7\u00e3o\" \/>\n<script type=\"application\/ld+json\" class=\"yoast-schema-graph\">{\"@context\":\"https:\/\/schema.org\",\"@graph\":[{\"@type\":\"Article\",\"@id\":\"https:\/\/brasilnoticias.org\/site\/novo-decreto-do-governo-determina-desapropriacoes-em-vera-cruz-para-obras-da-ponte-salvador-itaparica\/#article\",\"isPartOf\":{\"@id\":\"https:\/\/brasilnoticias.org\/site\/novo-decreto-do-governo-determina-desapropriacoes-em-vera-cruz-para-obras-da-ponte-salvador-itaparica\/\"},\"author\":{\"name\":\"Reda\u00e7\u00e3o\",\"@id\":\"https:\/\/brasilnoticias.org\/site\/#\/schema\/person\/a0e05b973ec4d15c658d51911e53507b\"},\"headline\":\"Novo decreto do governo determina desapropria\u00e7\u00f5es em Vera Cruz para obras da ponte Salvador-Itaparica\",\"datePublished\":\"2023-06-14T09:26:05+00:00\",\"mainEntityOfPage\":{\"@id\":\"https:\/\/brasilnoticias.org\/site\/novo-decreto-do-governo-determina-desapropriacoes-em-vera-cruz-para-obras-da-ponte-salvador-itaparica\/\"},\"wordCount\":257,\"commentCount\":0,\"publisher\":{\"@id\":\"https:\/\/brasilnoticias.org\/site\/#organization\"},\"image\":{\"@id\":\"https:\/\/brasilnoticias.org\/site\/novo-decreto-do-governo-determina-desapropriacoes-em-vera-cruz-para-obras-da-ponte-salvador-itaparica\/#primaryimage\"},\"thumbnailUrl\":\"https:\/\/brasilnoticias.org\/site\/wp-content\/uploads\/2023\/06\/ponte-1.jpg\",\"articleSection\":[\"Not\u00edcias\",\"\u00daltimas\"],\"inLanguage\":\"pt-PT\",\"potentialAction\":[{\"@type\":\"CommentAction\",\"name\":\"Comment\",\"target\":[\"https:\/\/brasilnoticias.org\/site\/novo-decreto-do-governo-determina-desapropriacoes-em-vera-cruz-para-obras-da-ponte-salvador-itaparica\/#respond\"]}]},{\"@type\":\"WebPage\",\"@id\":\"https:\/\/brasilnoticias.org\/site\/novo-decreto-do-governo-determina-desapropriacoes-em-vera-cruz-para-obras-da-ponte-salvador-itaparica\/\",\"url\":\"https:\/\/brasilnoticias.org\/site\/novo-decreto-do-governo-determina-desapropriacoes-em-vera-cruz-para-obras-da-ponte-salvador-itaparica\/\",\"name\":\"Novo decreto do governo determina desapropria\u00e7\u00f5es em Vera Cruz para obras da ponte Salvador-Itaparica - Brasil not\u00edcias\",\"isPartOf\":{\"@id\":\"https:\/\/brasilnoticias.org\/site\/#website\"},\"primaryImageOfPage\":{\"@id\":\"https:\/\/brasilnoticias.org\/site\/novo-decreto-do-governo-determina-desapropriacoes-em-vera-cruz-para-obras-da-ponte-salvador-itaparica\/#primaryimage\"},\"image\":{\"@id\":\"https:\/\/brasilnoticias.org\/site\/novo-decreto-do-governo-determina-desapropriacoes-em-vera-cruz-para-obras-da-ponte-salvador-itaparica\/#primaryimage\"},\"thumbnailUrl\":\"https:\/\/brasilnoticias.org\/site\/wp-content\/uploads\/2023\/06\/ponte-1.jpg\",\"datePublished\":\"2023-06-14T09:26:05+00:00\",\"breadcrumb\":{\"@id\":\"https:\/\/brasilnoticias.org\/site\/novo-decreto-do-governo-determina-desapropriacoes-em-vera-cruz-para-obras-da-ponte-salvador-itaparica\/#breadcrumb\"},\"inLanguage\":\"pt-PT\",\"potentialAction\":[{\"@type\":\"ReadAction\",\"target\":[\"https:\/\/brasilnoticias.org\/site\/novo-decreto-do-governo-determina-desapropriacoes-em-vera-cruz-para-obras-da-ponte-salvador-itaparica\/\"]}]},{\"@type\":\"ImageObject\",\"inLanguage\":\"pt-PT\",\"@id\":\"https:\/\/brasilnoticias.org\/site\/novo-decreto-do-governo-determina-desapropriacoes-em-vera-cruz-para-obras-da-ponte-salvador-itaparica\/#primaryimage\",\"url\":\"https:\/\/brasilnoticias.org\/site\/wp-content\/uploads\/2023\/06\/ponte-1.jpg\",\"contentUrl\":\"https:\/\/brasilnoticias.org\/site\/wp-content\/uploads\/2023\/06\/ponte-1.jpg\",\"width\":740,\"height\":470},{\"@type\":\"BreadcrumbList\",\"@id\":\"https:\/\/brasilnoticias.org\/site\/novo-decreto-do-governo-determina-desapropriacoes-em-vera-cruz-para-obras-da-ponte-salvador-itaparica\/#breadcrumb\",\"itemListElement\":[{\"@type\":\"ListItem\",\"position\":1,\"name\":\"In\u00edcio\",\"item\":\"https:\/\/brasilnoticias.org\/site\/\"},{\"@type\":\"ListItem\",\"position\":2,\"name\":\"Novo decreto do governo determina desapropria\u00e7\u00f5es em Vera Cruz para obras da ponte Salvador-Itaparica\"}]},{\"@type\":\"WebSite\",\"@id\":\"https:\/\/brasilnoticias.org\/site\/#website\",\"url\":\"https:\/\/brasilnoticias.org\/site\/\",\"name\":\"Brasil not\u00edcias\",\"description\":\"Brasil not\u00edcias\",\"publisher\":{\"@id\":\"https:\/\/brasilnoticias.org\/site\/#organization\"},\"potentialAction\":[{\"@type\":\"SearchAction\",\"target\":{\"@type\":\"EntryPoint\",\"urlTemplate\":\"https:\/\/brasilnoticias.org\/site\/?s={search_term_string}\"},\"query-input\":{\"@type\":\"PropertyValueSpecification\",\"valueRequired\":true,\"valueName\":\"search_term_string\"}}],\"inLanguage\":\"pt-PT\"},{\"@type\":\"Organization\",\"@id\":\"https:\/\/brasilnoticias.org\/site\/#organization\",\"name\":\"Brasil not\u00edcias\",\"url\":\"https:\/\/brasilnoticias.org\/site\/\",\"logo\":{\"@type\":\"ImageObject\",\"inLanguage\":\"pt-PT\",\"@id\":\"https:\/\/brasilnoticias.org\/site\/#\/schema\/logo\/image\/\",\"url\":\"https:\/\/brasilnoticias.org\/site\/wp-content\/uploads\/2022\/05\/cropped-brasilnoticias-mini.jpg\",\"contentUrl\":\"https:\/\/brasilnoticias.org\/site\/wp-content\/uploads\/2022\/05\/cropped-brasilnoticias-mini.jpg\",\"width\":314,\"height\":86,\"caption\":\"Brasil not\u00edcias\"},\"image\":{\"@id\":\"https:\/\/brasilnoticias.org\/site\/#\/schema\/logo\/image\/\"}},{\"@type\":\"Person\",\"@id\":\"https:\/\/brasilnoticias.org\/site\/#\/schema\/person\/a0e05b973ec4d15c658d51911e53507b\",\"name\":\"Reda\u00e7\u00e3o\",\"image\":{\"@type\":\"ImageObject\",\"inLanguage\":\"pt-PT\",\"@id\":\"https:\/\/brasilnoticias.org\/site\/#\/schema\/person\/image\/\",\"url\":\"https:\/\/secure.gravatar.com\/avatar\/75d8b050df2de108b08ae78dfb8e374892df24a383c67db9c46a9c604f6aee9c?s=96&d=mm&r=g\",\"contentUrl\":\"https:\/\/secure.gravatar.com\/avatar\/75d8b050df2de108b08ae78dfb8e374892df24a383c67db9c46a9c604f6aee9c?s=96&d=mm&r=g\",\"caption\":\"Reda\u00e7\u00e3o\"},\"sameAs\":[\"https:\/\/brasilnoticias.org\/site\"],\"url\":\"https:\/\/brasilnoticias.org\/site\/author\/fernandozsngmail-com\/\"}]}<\/script>\n<!-- \/ Yoast SEO plugin. -->","yoast_head_json":{"title":"Novo decreto do governo determina desapropria\u00e7\u00f5es em Vera Cruz para obras da ponte Salvador-Itaparica - Brasil not\u00edcias","robots":{"index":"index","follow":"follow","max-snippet":"max-snippet:-1","max-image-preview":"max-image-preview:large","max-video-preview":"max-video-preview:-1"},"canonical":"https:\/\/brasilnoticias.org\/site\/novo-decreto-do-governo-determina-desapropriacoes-em-vera-cruz-para-obras-da-ponte-salvador-itaparica\/","og_locale":"pt_PT","og_type":"article","og_title":"Novo decreto do governo determina desapropria\u00e7\u00f5es em Vera Cruz para obras da ponte Salvador-Itaparica - Brasil not\u00edcias","og_description":"O Governo da Bahia publicou no Di\u00e1rio Oficial desta ter\u00e7a-feira (13\/6), novo Decreto de Utilidade P\u00fablica (DUP) para \u00e1reas de","og_url":"https:\/\/brasilnoticias.org\/site\/novo-decreto-do-governo-determina-desapropriacoes-em-vera-cruz-para-obras-da-ponte-salvador-itaparica\/","og_site_name":"Brasil not\u00edcias","article_published_time":"2023-06-14T09:26:05+00:00","og_image":[{"width":740,"height":470,"url":"https:\/\/brasilnoticias.org\/site\/wp-content\/uploads\/2023\/06\/ponte-1.jpg","type":"image\/jpeg"}],"author":"Reda\u00e7\u00e3o","twitter_card":"summary_large_image","twitter_misc":{"Escrito por":"Reda\u00e7\u00e3o"},"schema":{"@context":"https:\/\/schema.org","@graph":[{"@type":"Article","@id":"https:\/\/brasilnoticias.org\/site\/novo-decreto-do-governo-determina-desapropriacoes-em-vera-cruz-para-obras-da-ponte-salvador-itaparica\/#article","isPartOf":{"@id":"https:\/\/brasilnoticias.org\/site\/novo-decreto-do-governo-determina-desapropriacoes-em-vera-cruz-para-obras-da-ponte-salvador-itaparica\/"},"author":{"name":"Reda\u00e7\u00e3o","@id":"https:\/\/brasilnoticias.org\/site\/#\/schema\/person\/a0e05b973ec4d15c658d51911e53507b"},"headline":"Novo decreto do governo determina desapropria\u00e7\u00f5es em Vera Cruz para obras da ponte Salvador-Itaparica","datePublished":"2023-06-14T09:26:05+00:00","mainEntityOfPage":{"@id":"https:\/\/brasilnoticias.org\/site\/novo-decreto-do-governo-determina-desapropriacoes-em-vera-cruz-para-obras-da-ponte-salvador-itaparica\/"},"wordCount":257,"commentCount":0,"publisher":{"@id":"https:\/\/brasilnoticias.org\/site\/#organization"},"image":{"@id":"https:\/\/brasilnoticias.org\/site\/novo-decreto-do-governo-determina-desapropriacoes-em-vera-cruz-para-obras-da-ponte-salvador-itaparica\/#primaryimage"},"thumbnailUrl":"https:\/\/brasilnoticias.org\/site\/wp-content\/uploads\/2023\/06\/ponte-1.jpg","articleSection":["Not\u00edcias","\u00daltimas"],"inLanguage":"pt-PT","potentialAction":[{"@type":"CommentAction","name":"Comment","target":["https:\/\/brasilnoticias.org\/site\/novo-decreto-do-governo-determina-desapropriacoes-em-vera-cruz-para-obras-da-ponte-salvador-itaparica\/#respond"]}]},{"@type":"WebPage","@id":"https:\/\/brasilnoticias.org\/site\/novo-decreto-do-governo-determina-desapropriacoes-em-vera-cruz-para-obras-da-ponte-salvador-itaparica\/","url":"https:\/\/brasilnoticias.org\/site\/novo-decreto-do-governo-determina-desapropriacoes-em-vera-cruz-para-obras-da-ponte-salvador-itaparica\/","name":"Novo decreto do governo determina desapropria\u00e7\u00f5es em Vera Cruz para obras da ponte Salvador-Itaparica - Brasil not\u00edcias","isPartOf":{"@id":"https:\/\/brasilnoticias.org\/site\/#website"},"primaryImageOfPage":{"@id":"https:\/\/brasilnoticias.org\/site\/novo-decreto-do-governo-determina-desapropriacoes-em-vera-cruz-para-obras-da-ponte-salvador-itaparica\/#primaryimage"},"image":{"@id":"https:\/\/brasilnoticias.org\/site\/novo-decreto-do-governo-determina-desapropriacoes-em-vera-cruz-para-obras-da-ponte-salvador-itaparica\/#primaryimage"},"thumbnailUrl":"https:\/\/brasilnoticias.org\/site\/wp-content\/uploads\/2023\/06\/ponte-1.jpg","datePublished":"2023-06-14T09:26:05+00:00","breadcrumb":{"@id":"https:\/\/brasilnoticias.org\/site\/novo-decreto-do-governo-determina-desapropriacoes-em-vera-cruz-para-obras-da-ponte-salvador-itaparica\/#breadcrumb"},"inLanguage":"pt-PT","potentialAction":[{"@type":"ReadAction","target":["https:\/\/brasilnoticias.org\/site\/novo-decreto-do-governo-determina-desapropriacoes-em-vera-cruz-para-obras-da-ponte-salvador-itaparica\/"]}]},{"@type":"ImageObject","inLanguage":"pt-PT","@id":"https:\/\/brasilnoticias.org\/site\/novo-decreto-do-governo-determina-desapropriacoes-em-vera-cruz-para-obras-da-ponte-salvador-itaparica\/#primaryimage","url":"https:\/\/brasilnoticias.org\/site\/wp-content\/uploads\/2023\/06\/ponte-1.jpg","contentUrl":"https:\/\/brasilnoticias.org\/site\/wp-content\/uploads\/2023\/06\/ponte-1.jpg","width":740,"height":470},{"@type":"BreadcrumbList","@id":"https:\/\/brasilnoticias.org\/site\/novo-decreto-do-governo-determina-desapropriacoes-em-vera-cruz-para-obras-da-ponte-salvador-itaparica\/#breadcrumb","itemListElement":[{"@type":"ListItem","position":1,"name":"In\u00edcio","item":"https:\/\/brasilnoticias.org\/site\/"},{"@type":"ListItem","position":2,"name":"Novo decreto do governo determina desapropria\u00e7\u00f5es em Vera Cruz para obras da ponte Salvador-Itaparica"}]},{"@type":"WebSite","@id":"https:\/\/brasilnoticias.org\/site\/#website","url":"https:\/\/brasilnoticias.org\/site\/","name":"Brasil not\u00edcias","description":"Brasil not\u00edcias","publisher":{"@id":"https:\/\/brasilnoticias.org\/site\/#organization"},"potentialAction":[{"@type":"SearchAction","target":{"@type":"EntryPoint","urlTemplate":"https:\/\/brasilnoticias.org\/site\/?s={search_term_string}"},"query-input":{"@type":"PropertyValueSpecification","valueRequired":true,"valueName":"search_term_string"}}],"inLanguage":"pt-PT"},{"@type":"Organization","@id":"https:\/\/brasilnoticias.org\/site\/#organization","name":"Brasil not\u00edcias","url":"https:\/\/brasilnoticias.org\/site\/","logo":{"@type":"ImageObject","inLanguage":"pt-PT","@id":"https:\/\/brasilnoticias.org\/site\/#\/schema\/logo\/image\/","url":"https:\/\/brasilnoticias.org\/site\/wp-content\/uploads\/2022\/05\/cropped-brasilnoticias-mini.jpg","contentUrl":"https:\/\/brasilnoticias.org\/site\/wp-content\/uploads\/2022\/05\/cropped-brasilnoticias-mini.jpg","width":314,"height":86,"caption":"Brasil not\u00edcias"},"image":{"@id":"https:\/\/brasilnoticias.org\/site\/#\/schema\/logo\/image\/"}},{"@type":"Person","@id":"https:\/\/brasilnoticias.org\/site\/#\/schema\/person\/a0e05b973ec4d15c658d51911e53507b","name":"Reda\u00e7\u00e3o","image":{"@type":"ImageObject","inLanguage":"pt-PT","@id":"https:\/\/brasilnoticias.org\/site\/#\/schema\/person\/image\/","url":"https:\/\/secure.gravatar.com\/avatar\/75d8b050df2de108b08ae78dfb8e374892df24a383c67db9c46a9c604f6aee9c?s=96&d=mm&r=g","contentUrl":"https:\/\/secure.gravatar.com\/avatar\/75d8b050df2de108b08ae78dfb8e374892df24a383c67db9c46a9c604f6aee9c?s=96&d=mm&r=g","caption":"Reda\u00e7\u00e3o"},"sameAs":["https:\/\/brasilnoticias.org\/site"],"url":"https:\/\/brasilnoticias.org\/site\/author\/fernandozsngmail-com\/"}]}},"_links":{"self":[{"href":"https:\/\/brasilnoticias.org\/site\/wp-json\/wp\/v2\/posts\/6652","targetHints":{"allow":["GET"]}}],"collection":[{"href":"https:\/\/brasilnoticias.org\/site\/wp-json\/wp\/v2\/posts"}],"about":[{"href":"https:\/\/brasilnoticias.org\/site\/wp-json\/wp\/v2\/types\/post"}],"author":[{"embeddable":true,"href":"https:\/\/brasilnoticias.org\/site\/wp-json\/wp\/v2\/users\/1"}],"replies":[{"embeddable":true,"href":"https:\/\/brasilnoticias.org\/site\/wp-json\/wp\/v2\/comments?post=6652"}],"version-history":[{"count":1,"href":"https:\/\/brasilnoticias.org\/site\/wp-json\/wp\/v2\/posts\/6652\/revisions"}],"predecessor-version":[{"id":6654,"href":"https:\/\/brasilnoticias.org\/site\/wp-json\/wp\/v2\/posts\/6652\/revisions\/6654"}],"wp:featuredmedia":[{"embeddable":true,"href":"https:\/\/brasilnoticias.org\/site\/wp-json\/wp\/v2\/media\/6653"}],"wp:attachment":[{"href":"https:\/\/brasilnoticias.org\/site\/wp-json\/wp\/v2\/media?parent=6652"}],"wp:term":[{"taxonomy":"category","embeddable":true,"href":"https:\/\/brasilnoticias.org\/site\/wp-json\/wp\/v2\/categories?post=6652"},{"taxonomy":"post_tag","embeddable":true,"href":"https:\/\/brasilnoticias.org\/site\/wp-json\/wp\/v2\/tags?post=6652"}],"curies":[{"name":"wp","href":"https:\/\/api.w.org\/{rel}","templated":true}]}}