{"id":6655,"date":"2023-06-14T06:29:30","date_gmt":"2023-06-14T09:29:30","guid":{"rendered":"https:\/\/brasilnoticias.org\/site\/?p=6655"},"modified":"2023-06-14T06:29:30","modified_gmt":"2023-06-14T09:29:30","slug":"video-aviao-com-banda-de-tierry-faz-pouso-de-emergencia-apos-falha-tecninca","status":"publish","type":"post","link":"https:\/\/brasilnoticias.org\/site\/video-aviao-com-banda-de-tierry-faz-pouso-de-emergencia-apos-falha-tecninca\/","title":{"rendered":"V\u00eddeo: avi\u00e3o com banda de Tierry faz pouso de emerg\u00eancia ap\u00f3s falha t\u00e9cninca"},"content":{"rendered":"<p>Um grande susto abalou a banda do cantor Tierry nesta segunda-feira (12\/6). Na ocasi\u00e3o, a equipe do artista estava em um avi\u00e3o que partiu do Aeroporto Hugo da Cunha Machado, na cidade de S\u00e3o Lu\u00eds, no Maranh\u00e3o, quando a porta traseira acabou abrindo por uma falha na fuselagem, cerca de 20 minutos depois de a aeronave ter decolado.<\/p>\n<p>Procurada pelo Aratu On, a assessoria de imprensa do artista informou que os integrantes da banda relataram que piloto e copiloto brevemente acalmaram a todos e fizeram o procedimento de descida, para que retornassem ao aeroporto de S\u00e3o Luis. Ao chegarem l\u00e1, equipes de ambul\u00e2ncia e bombeiros j\u00e1 se encontravam no local para atend\u00ea-los.<\/p>\n<p>\u201cNingu\u00e9m se feriu e para uma maior comodidade todos dormiram na cidade e retornaram hoje em voo comercial da Gol para Salvador (BA). A agenda de shows segue normal\u201d, concluiu a nota da assessoria.<\/p>\n<p>V\u00eddeos do incidente foram gravados por integrantes da banda. Confira abaixo:<\/p>\n<blockquote class=\"twitter-tweet\">\n<p lang=\"pt\" dir=\"ltr\">Porta traseira do avi\u00e3o que transportava banda de Tierry abre. Mais detalhes em instantes! <a href=\"https:\/\/t.co\/hNBO1PX1Dc\">pic.twitter.com\/hNBO1PX1Dc<\/a><\/p>\n<p>&mdash; Aratu On (@aratuonline) <a href=\"https:\/\/twitter.com\/aratuonline\/status\/1668686895386075147?ref_src=twsrc%5Etfw\">June 13, 2023<\/a><\/p><\/blockquote>\n<p> <script async src=\"https:\/\/platform.twitter.com\/widgets.js\" charset=\"utf-8\"><\/script><\/p>\n<blockquote class=\"twitter-tweet\">\n<p lang=\"pt\" dir=\"ltr\">V\u00eddeo: avi\u00e3o com banda de Tierry faz pouso de emerg\u00eancia ap\u00f3s falha t\u00e9cnica. Confira: <a href=\"https:\/\/t.co\/y5ShSzwYT7\">https:\/\/t.co\/y5ShSzwYT7<\/a> <a href=\"https:\/\/t.co\/fnqTBiTXF7\">pic.twitter.com\/fnqTBiTXF7<\/a><\/p>\n<p>&mdash; Aratu On (@aratuonline) <a href=\"https:\/\/twitter.com\/aratuonline\/status\/1668737303936655363?ref_src=twsrc%5Etfw\">June 13, 2023<\/a><\/p><\/blockquote>\n<p> <script async src=\"https:\/\/platform.twitter.com\/widgets.js\" charset=\"utf-8\"><\/script><\/p>\n<blockquote class=\"twitter-tweet\">\n<p lang=\"pt\" dir=\"ltr\">Integrantes da banda gravaram v\u00eddeos do ocorrido. Veja abaixo: <a href=\"https:\/\/t.co\/aOxrHX5CUr\">https:\/\/t.co\/aOxrHX5CUr<\/a> <a href=\"https:\/\/t.co\/Y5thRl0FKR\">pic.twitter.com\/Y5thRl0FKR<\/a><\/p>\n<p>&mdash; Aratu On (@aratuonline) <a href=\"https:\/\/twitter.com\/aratuonline\/status\/1668740569101746176?ref_src=twsrc%5Etfw\">June 13, 2023<\/a><\/p><\/blockquote>\n<p> <script async src=\"https:\/\/platform.twitter.com\/widgets.js\" charset=\"utf-8\"><\/script><\/p>\n<p>Foto Reprodu\u00e7\u00e3o Redes sociais<br \/>\nARATUON<\/p>\n","protected":false},"excerpt":{"rendered":"<p>Um grande susto abalou a banda do cantor Tierry nesta segunda-feira (12\/6). Na ocasi\u00e3o, a equipe do artista estava em<\/p>\n","protected":false},"author":1,"featured_media":6656,"comment_status":"open","ping_status":"open","sticky":false,"template":"","format":"standard","meta":{"colormag_page_container_layout":"default_layout","colormag_page_sidebar_layout":"default_layout","_FSMCFIC_featured_image_caption":"","_FSMCFIC_featured_image_nocaption":"","_FSMCFIC_featured_image_hide":"","footnotes":""},"categories":[2,1],"tags":[],"class_list":["post-6655","post","type-post","status-publish","format-standard","has-post-thumbnail","hentry","category-noticias","category-ultimas"],"yoast_head":"<!-- This site is optimized with the Yoast SEO plugin v27.1.1 - https:\/\/yoast.com\/product\/yoast-seo-wordpress\/ -->\n<title>V\u00eddeo: avi\u00e3o com banda de Tierry faz pouso de emerg\u00eancia ap\u00f3s falha t\u00e9cninca - Brasil not\u00edcias<\/title>\n<meta name=\"robots\" content=\"index, follow, max-snippet:-1, max-image-preview:large, max-video-preview:-1\" \/>\n<link rel=\"canonical\" href=\"https:\/\/brasilnoticias.org\/site\/video-aviao-com-banda-de-tierry-faz-pouso-de-emergencia-apos-falha-tecninca\/\" \/>\n<meta property=\"og:locale\" content=\"pt_PT\" \/>\n<meta property=\"og:type\" content=\"article\" \/>\n<meta property=\"og:title\" content=\"V\u00eddeo: avi\u00e3o com banda de Tierry faz pouso de emerg\u00eancia ap\u00f3s falha t\u00e9cninca - Brasil not\u00edcias\" \/>\n<meta property=\"og:description\" content=\"Um grande susto abalou a banda do cantor Tierry nesta segunda-feira (12\/6). Na ocasi\u00e3o, a equipe do artista estava em\" \/>\n<meta property=\"og:url\" content=\"https:\/\/brasilnoticias.org\/site\/video-aviao-com-banda-de-tierry-faz-pouso-de-emergencia-apos-falha-tecninca\/\" \/>\n<meta property=\"og:site_name\" content=\"Brasil not\u00edcias\" \/>\n<meta property=\"article:published_time\" content=\"2023-06-14T09:29:30+00:00\" \/>\n<meta property=\"og:image\" content=\"https:\/\/brasilnoticias.org\/site\/wp-content\/uploads\/2023\/06\/cats-56-740x470-1.jpg\" \/>\n\t<meta property=\"og:image:width\" content=\"740\" \/>\n\t<meta property=\"og:image:height\" content=\"470\" \/>\n\t<meta property=\"og:image:type\" content=\"image\/jpeg\" \/>\n<meta name=\"author\" content=\"Reda\u00e7\u00e3o\" \/>\n<meta name=\"twitter:card\" content=\"summary_large_image\" \/>\n<meta name=\"twitter:label1\" content=\"Escrito por\" \/>\n\t<meta name=\"twitter:data1\" content=\"Reda\u00e7\u00e3o\" \/>\n<script type=\"application\/ld+json\" class=\"yoast-schema-graph\">{\"@context\":\"https:\/\/schema.org\",\"@graph\":[{\"@type\":\"Article\",\"@id\":\"https:\/\/brasilnoticias.org\/site\/video-aviao-com-banda-de-tierry-faz-pouso-de-emergencia-apos-falha-tecninca\/#article\",\"isPartOf\":{\"@id\":\"https:\/\/brasilnoticias.org\/site\/video-aviao-com-banda-de-tierry-faz-pouso-de-emergencia-apos-falha-tecninca\/\"},\"author\":{\"name\":\"Reda\u00e7\u00e3o\",\"@id\":\"https:\/\/brasilnoticias.org\/site\/#\/schema\/person\/a0e05b973ec4d15c658d51911e53507b\"},\"headline\":\"V\u00eddeo: avi\u00e3o com banda de Tierry faz pouso de emerg\u00eancia ap\u00f3s falha t\u00e9cninca\",\"datePublished\":\"2023-06-14T09:29:30+00:00\",\"mainEntityOfPage\":{\"@id\":\"https:\/\/brasilnoticias.org\/site\/video-aviao-com-banda-de-tierry-faz-pouso-de-emergencia-apos-falha-tecninca\/\"},\"wordCount\":274,\"commentCount\":0,\"publisher\":{\"@id\":\"https:\/\/brasilnoticias.org\/site\/#organization\"},\"image\":{\"@id\":\"https:\/\/brasilnoticias.org\/site\/video-aviao-com-banda-de-tierry-faz-pouso-de-emergencia-apos-falha-tecninca\/#primaryimage\"},\"thumbnailUrl\":\"https:\/\/brasilnoticias.org\/site\/wp-content\/uploads\/2023\/06\/cats-56-740x470-1.jpg\",\"articleSection\":[\"Not\u00edcias\",\"\u00daltimas\"],\"inLanguage\":\"pt-PT\",\"potentialAction\":[{\"@type\":\"CommentAction\",\"name\":\"Comment\",\"target\":[\"https:\/\/brasilnoticias.org\/site\/video-aviao-com-banda-de-tierry-faz-pouso-de-emergencia-apos-falha-tecninca\/#respond\"]}]},{\"@type\":\"WebPage\",\"@id\":\"https:\/\/brasilnoticias.org\/site\/video-aviao-com-banda-de-tierry-faz-pouso-de-emergencia-apos-falha-tecninca\/\",\"url\":\"https:\/\/brasilnoticias.org\/site\/video-aviao-com-banda-de-tierry-faz-pouso-de-emergencia-apos-falha-tecninca\/\",\"name\":\"V\u00eddeo: avi\u00e3o com banda de Tierry faz pouso de emerg\u00eancia ap\u00f3s falha t\u00e9cninca - Brasil not\u00edcias\",\"isPartOf\":{\"@id\":\"https:\/\/brasilnoticias.org\/site\/#website\"},\"primaryImageOfPage\":{\"@id\":\"https:\/\/brasilnoticias.org\/site\/video-aviao-com-banda-de-tierry-faz-pouso-de-emergencia-apos-falha-tecninca\/#primaryimage\"},\"image\":{\"@id\":\"https:\/\/brasilnoticias.org\/site\/video-aviao-com-banda-de-tierry-faz-pouso-de-emergencia-apos-falha-tecninca\/#primaryimage\"},\"thumbnailUrl\":\"https:\/\/brasilnoticias.org\/site\/wp-content\/uploads\/2023\/06\/cats-56-740x470-1.jpg\",\"datePublished\":\"2023-06-14T09:29:30+00:00\",\"breadcrumb\":{\"@id\":\"https:\/\/brasilnoticias.org\/site\/video-aviao-com-banda-de-tierry-faz-pouso-de-emergencia-apos-falha-tecninca\/#breadcrumb\"},\"inLanguage\":\"pt-PT\",\"potentialAction\":[{\"@type\":\"ReadAction\",\"target\":[\"https:\/\/brasilnoticias.org\/site\/video-aviao-com-banda-de-tierry-faz-pouso-de-emergencia-apos-falha-tecninca\/\"]}]},{\"@type\":\"ImageObject\",\"inLanguage\":\"pt-PT\",\"@id\":\"https:\/\/brasilnoticias.org\/site\/video-aviao-com-banda-de-tierry-faz-pouso-de-emergencia-apos-falha-tecninca\/#primaryimage\",\"url\":\"https:\/\/brasilnoticias.org\/site\/wp-content\/uploads\/2023\/06\/cats-56-740x470-1.jpg\",\"contentUrl\":\"https:\/\/brasilnoticias.org\/site\/wp-content\/uploads\/2023\/06\/cats-56-740x470-1.jpg\",\"width\":740,\"height\":470},{\"@type\":\"BreadcrumbList\",\"@id\":\"https:\/\/brasilnoticias.org\/site\/video-aviao-com-banda-de-tierry-faz-pouso-de-emergencia-apos-falha-tecninca\/#breadcrumb\",\"itemListElement\":[{\"@type\":\"ListItem\",\"position\":1,\"name\":\"In\u00edcio\",\"item\":\"https:\/\/brasilnoticias.org\/site\/\"},{\"@type\":\"ListItem\",\"position\":2,\"name\":\"V\u00eddeo: avi\u00e3o com banda de Tierry faz pouso de emerg\u00eancia ap\u00f3s falha t\u00e9cninca\"}]},{\"@type\":\"WebSite\",\"@id\":\"https:\/\/brasilnoticias.org\/site\/#website\",\"url\":\"https:\/\/brasilnoticias.org\/site\/\",\"name\":\"Brasil not\u00edcias\",\"description\":\"Brasil not\u00edcias\",\"publisher\":{\"@id\":\"https:\/\/brasilnoticias.org\/site\/#organization\"},\"potentialAction\":[{\"@type\":\"SearchAction\",\"target\":{\"@type\":\"EntryPoint\",\"urlTemplate\":\"https:\/\/brasilnoticias.org\/site\/?s={search_term_string}\"},\"query-input\":{\"@type\":\"PropertyValueSpecification\",\"valueRequired\":true,\"valueName\":\"search_term_string\"}}],\"inLanguage\":\"pt-PT\"},{\"@type\":\"Organization\",\"@id\":\"https:\/\/brasilnoticias.org\/site\/#organization\",\"name\":\"Brasil not\u00edcias\",\"url\":\"https:\/\/brasilnoticias.org\/site\/\",\"logo\":{\"@type\":\"ImageObject\",\"inLanguage\":\"pt-PT\",\"@id\":\"https:\/\/brasilnoticias.org\/site\/#\/schema\/logo\/image\/\",\"url\":\"https:\/\/brasilnoticias.org\/site\/wp-content\/uploads\/2022\/05\/cropped-brasilnoticias-mini.jpg\",\"contentUrl\":\"https:\/\/brasilnoticias.org\/site\/wp-content\/uploads\/2022\/05\/cropped-brasilnoticias-mini.jpg\",\"width\":314,\"height\":86,\"caption\":\"Brasil not\u00edcias\"},\"image\":{\"@id\":\"https:\/\/brasilnoticias.org\/site\/#\/schema\/logo\/image\/\"}},{\"@type\":\"Person\",\"@id\":\"https:\/\/brasilnoticias.org\/site\/#\/schema\/person\/a0e05b973ec4d15c658d51911e53507b\",\"name\":\"Reda\u00e7\u00e3o\",\"image\":{\"@type\":\"ImageObject\",\"inLanguage\":\"pt-PT\",\"@id\":\"https:\/\/brasilnoticias.org\/site\/#\/schema\/person\/image\/\",\"url\":\"https:\/\/secure.gravatar.com\/avatar\/75d8b050df2de108b08ae78dfb8e374892df24a383c67db9c46a9c604f6aee9c?s=96&d=mm&r=g\",\"contentUrl\":\"https:\/\/secure.gravatar.com\/avatar\/75d8b050df2de108b08ae78dfb8e374892df24a383c67db9c46a9c604f6aee9c?s=96&d=mm&r=g\",\"caption\":\"Reda\u00e7\u00e3o\"},\"sameAs\":[\"https:\/\/brasilnoticias.org\/site\"],\"url\":\"https:\/\/brasilnoticias.org\/site\/author\/fernandozsngmail-com\/\"}]}<\/script>\n<!-- \/ Yoast SEO plugin. -->","yoast_head_json":{"title":"V\u00eddeo: avi\u00e3o com banda de Tierry faz pouso de emerg\u00eancia ap\u00f3s falha t\u00e9cninca - Brasil not\u00edcias","robots":{"index":"index","follow":"follow","max-snippet":"max-snippet:-1","max-image-preview":"max-image-preview:large","max-video-preview":"max-video-preview:-1"},"canonical":"https:\/\/brasilnoticias.org\/site\/video-aviao-com-banda-de-tierry-faz-pouso-de-emergencia-apos-falha-tecninca\/","og_locale":"pt_PT","og_type":"article","og_title":"V\u00eddeo: avi\u00e3o com banda de Tierry faz pouso de emerg\u00eancia ap\u00f3s falha t\u00e9cninca - Brasil not\u00edcias","og_description":"Um grande susto abalou a banda do cantor Tierry nesta segunda-feira (12\/6). Na ocasi\u00e3o, a equipe do artista estava em","og_url":"https:\/\/brasilnoticias.org\/site\/video-aviao-com-banda-de-tierry-faz-pouso-de-emergencia-apos-falha-tecninca\/","og_site_name":"Brasil not\u00edcias","article_published_time":"2023-06-14T09:29:30+00:00","og_image":[{"width":740,"height":470,"url":"https:\/\/brasilnoticias.org\/site\/wp-content\/uploads\/2023\/06\/cats-56-740x470-1.jpg","type":"image\/jpeg"}],"author":"Reda\u00e7\u00e3o","twitter_card":"summary_large_image","twitter_misc":{"Escrito por":"Reda\u00e7\u00e3o"},"schema":{"@context":"https:\/\/schema.org","@graph":[{"@type":"Article","@id":"https:\/\/brasilnoticias.org\/site\/video-aviao-com-banda-de-tierry-faz-pouso-de-emergencia-apos-falha-tecninca\/#article","isPartOf":{"@id":"https:\/\/brasilnoticias.org\/site\/video-aviao-com-banda-de-tierry-faz-pouso-de-emergencia-apos-falha-tecninca\/"},"author":{"name":"Reda\u00e7\u00e3o","@id":"https:\/\/brasilnoticias.org\/site\/#\/schema\/person\/a0e05b973ec4d15c658d51911e53507b"},"headline":"V\u00eddeo: avi\u00e3o com banda de Tierry faz pouso de emerg\u00eancia ap\u00f3s falha t\u00e9cninca","datePublished":"2023-06-14T09:29:30+00:00","mainEntityOfPage":{"@id":"https:\/\/brasilnoticias.org\/site\/video-aviao-com-banda-de-tierry-faz-pouso-de-emergencia-apos-falha-tecninca\/"},"wordCount":274,"commentCount":0,"publisher":{"@id":"https:\/\/brasilnoticias.org\/site\/#organization"},"image":{"@id":"https:\/\/brasilnoticias.org\/site\/video-aviao-com-banda-de-tierry-faz-pouso-de-emergencia-apos-falha-tecninca\/#primaryimage"},"thumbnailUrl":"https:\/\/brasilnoticias.org\/site\/wp-content\/uploads\/2023\/06\/cats-56-740x470-1.jpg","articleSection":["Not\u00edcias","\u00daltimas"],"inLanguage":"pt-PT","potentialAction":[{"@type":"CommentAction","name":"Comment","target":["https:\/\/brasilnoticias.org\/site\/video-aviao-com-banda-de-tierry-faz-pouso-de-emergencia-apos-falha-tecninca\/#respond"]}]},{"@type":"WebPage","@id":"https:\/\/brasilnoticias.org\/site\/video-aviao-com-banda-de-tierry-faz-pouso-de-emergencia-apos-falha-tecninca\/","url":"https:\/\/brasilnoticias.org\/site\/video-aviao-com-banda-de-tierry-faz-pouso-de-emergencia-apos-falha-tecninca\/","name":"V\u00eddeo: avi\u00e3o com banda de Tierry faz pouso de emerg\u00eancia ap\u00f3s falha t\u00e9cninca - Brasil not\u00edcias","isPartOf":{"@id":"https:\/\/brasilnoticias.org\/site\/#website"},"primaryImageOfPage":{"@id":"https:\/\/brasilnoticias.org\/site\/video-aviao-com-banda-de-tierry-faz-pouso-de-emergencia-apos-falha-tecninca\/#primaryimage"},"image":{"@id":"https:\/\/brasilnoticias.org\/site\/video-aviao-com-banda-de-tierry-faz-pouso-de-emergencia-apos-falha-tecninca\/#primaryimage"},"thumbnailUrl":"https:\/\/brasilnoticias.org\/site\/wp-content\/uploads\/2023\/06\/cats-56-740x470-1.jpg","datePublished":"2023-06-14T09:29:30+00:00","breadcrumb":{"@id":"https:\/\/brasilnoticias.org\/site\/video-aviao-com-banda-de-tierry-faz-pouso-de-emergencia-apos-falha-tecninca\/#breadcrumb"},"inLanguage":"pt-PT","potentialAction":[{"@type":"ReadAction","target":["https:\/\/brasilnoticias.org\/site\/video-aviao-com-banda-de-tierry-faz-pouso-de-emergencia-apos-falha-tecninca\/"]}]},{"@type":"ImageObject","inLanguage":"pt-PT","@id":"https:\/\/brasilnoticias.org\/site\/video-aviao-com-banda-de-tierry-faz-pouso-de-emergencia-apos-falha-tecninca\/#primaryimage","url":"https:\/\/brasilnoticias.org\/site\/wp-content\/uploads\/2023\/06\/cats-56-740x470-1.jpg","contentUrl":"https:\/\/brasilnoticias.org\/site\/wp-content\/uploads\/2023\/06\/cats-56-740x470-1.jpg","width":740,"height":470},{"@type":"BreadcrumbList","@id":"https:\/\/brasilnoticias.org\/site\/video-aviao-com-banda-de-tierry-faz-pouso-de-emergencia-apos-falha-tecninca\/#breadcrumb","itemListElement":[{"@type":"ListItem","position":1,"name":"In\u00edcio","item":"https:\/\/brasilnoticias.org\/site\/"},{"@type":"ListItem","position":2,"name":"V\u00eddeo: avi\u00e3o com banda de Tierry faz pouso de emerg\u00eancia ap\u00f3s falha t\u00e9cninca"}]},{"@type":"WebSite","@id":"https:\/\/brasilnoticias.org\/site\/#website","url":"https:\/\/brasilnoticias.org\/site\/","name":"Brasil not\u00edcias","description":"Brasil not\u00edcias","publisher":{"@id":"https:\/\/brasilnoticias.org\/site\/#organization"},"potentialAction":[{"@type":"SearchAction","target":{"@type":"EntryPoint","urlTemplate":"https:\/\/brasilnoticias.org\/site\/?s={search_term_string}"},"query-input":{"@type":"PropertyValueSpecification","valueRequired":true,"valueName":"search_term_string"}}],"inLanguage":"pt-PT"},{"@type":"Organization","@id":"https:\/\/brasilnoticias.org\/site\/#organization","name":"Brasil not\u00edcias","url":"https:\/\/brasilnoticias.org\/site\/","logo":{"@type":"ImageObject","inLanguage":"pt-PT","@id":"https:\/\/brasilnoticias.org\/site\/#\/schema\/logo\/image\/","url":"https:\/\/brasilnoticias.org\/site\/wp-content\/uploads\/2022\/05\/cropped-brasilnoticias-mini.jpg","contentUrl":"https:\/\/brasilnoticias.org\/site\/wp-content\/uploads\/2022\/05\/cropped-brasilnoticias-mini.jpg","width":314,"height":86,"caption":"Brasil not\u00edcias"},"image":{"@id":"https:\/\/brasilnoticias.org\/site\/#\/schema\/logo\/image\/"}},{"@type":"Person","@id":"https:\/\/brasilnoticias.org\/site\/#\/schema\/person\/a0e05b973ec4d15c658d51911e53507b","name":"Reda\u00e7\u00e3o","image":{"@type":"ImageObject","inLanguage":"pt-PT","@id":"https:\/\/brasilnoticias.org\/site\/#\/schema\/person\/image\/","url":"https:\/\/secure.gravatar.com\/avatar\/75d8b050df2de108b08ae78dfb8e374892df24a383c67db9c46a9c604f6aee9c?s=96&d=mm&r=g","contentUrl":"https:\/\/secure.gravatar.com\/avatar\/75d8b050df2de108b08ae78dfb8e374892df24a383c67db9c46a9c604f6aee9c?s=96&d=mm&r=g","caption":"Reda\u00e7\u00e3o"},"sameAs":["https:\/\/brasilnoticias.org\/site"],"url":"https:\/\/brasilnoticias.org\/site\/author\/fernandozsngmail-com\/"}]}},"_links":{"self":[{"href":"https:\/\/brasilnoticias.org\/site\/wp-json\/wp\/v2\/posts\/6655","targetHints":{"allow":["GET"]}}],"collection":[{"href":"https:\/\/brasilnoticias.org\/site\/wp-json\/wp\/v2\/posts"}],"about":[{"href":"https:\/\/brasilnoticias.org\/site\/wp-json\/wp\/v2\/types\/post"}],"author":[{"embeddable":true,"href":"https:\/\/brasilnoticias.org\/site\/wp-json\/wp\/v2\/users\/1"}],"replies":[{"embeddable":true,"href":"https:\/\/brasilnoticias.org\/site\/wp-json\/wp\/v2\/comments?post=6655"}],"version-history":[{"count":1,"href":"https:\/\/brasilnoticias.org\/site\/wp-json\/wp\/v2\/posts\/6655\/revisions"}],"predecessor-version":[{"id":6657,"href":"https:\/\/brasilnoticias.org\/site\/wp-json\/wp\/v2\/posts\/6655\/revisions\/6657"}],"wp:featuredmedia":[{"embeddable":true,"href":"https:\/\/brasilnoticias.org\/site\/wp-json\/wp\/v2\/media\/6656"}],"wp:attachment":[{"href":"https:\/\/brasilnoticias.org\/site\/wp-json\/wp\/v2\/media?parent=6655"}],"wp:term":[{"taxonomy":"category","embeddable":true,"href":"https:\/\/brasilnoticias.org\/site\/wp-json\/wp\/v2\/categories?post=6655"},{"taxonomy":"post_tag","embeddable":true,"href":"https:\/\/brasilnoticias.org\/site\/wp-json\/wp\/v2\/tags?post=6655"}],"curies":[{"name":"wp","href":"https:\/\/api.w.org\/{rel}","templated":true}]}}