{"id":6659,"date":"2023-06-14T06:31:01","date_gmt":"2023-06-14T09:31:01","guid":{"rendered":"https:\/\/brasilnoticias.org\/site\/?p=6659"},"modified":"2023-06-14T06:31:01","modified_gmt":"2023-06-14T09:31:01","slug":"vitoria-tem-retorno-de-atletas-lesionados-para-treinos-no-gramado","status":"publish","type":"post","link":"https:\/\/brasilnoticias.org\/site\/vitoria-tem-retorno-de-atletas-lesionados-para-treinos-no-gramado\/","title":{"rendered":"Vit\u00f3ria tem retorno de atletas lesionados para treinos no gramado"},"content":{"rendered":"<p>Com uma folga de duas semanas at\u00e9 o seu pr\u00f3ximo confronto no Campeonato Brasileiro da S\u00e9rie B 2023, o Vit\u00f3ria tem uma boa not\u00edcia em rela\u00e7\u00e3o aos atletas que seguem na recupera\u00e7\u00e3o de suas les\u00f5es. Nesta ter\u00e7a-feira (13\/6), os jogadores que se encontram no Departamento m\u00e9dico voltaram a realizar trabalhos no campo e podem se tornar aptos para o jogo contra o Guarani, no pr\u00f3ximo dia 25\/6.<\/p>\n<p>Depois da retirada de um tumor maligno, o atacante L\u00e9o Gamalho fez atividades no campo, sem for\u00e7ar os m\u00fasculos superiores. Outro liberado que correu em volta do CT foi Welder, que teve resultado negativo no exame de controle da les\u00e3o na face anterior da coxa direita. O volante Dion\u00edsio tamb\u00e9m participou da corrida em torno do gramado e est\u00e1 no prazo de recupera\u00e7\u00e3o da cirurgia de reconstru\u00e7\u00e3o do ligamento cruzado anterior.<\/p>\n<p>Ainda na transi\u00e7\u00e3o, Vicente segue se recuperando de les\u00e3o na coxa, enquanto Railan realizou exame de imagem que constatou les\u00e3o posterior na coxa e segue em tratamento na fisioterapia. J\u00e1 Matheusinho voltou ao campo pela primeira vez ap\u00f3s sofrer les\u00e3o no ligamento do joelho direito.<\/p>\n<p>Com 25 pontos, o Vit\u00f3ria segue na segunda posi\u00e7\u00e3o da classifica\u00e7\u00e3o geral do Brasileir\u00e3o da S\u00e9rie B. J\u00e1 o Guarani se encontra na 11\u00ba posi\u00e7\u00e3o com 16 pontos.<\/p>\n<p>ARATUON<br \/>\nFoto Victor Ferreira\/ECV<\/p>\n","protected":false},"excerpt":{"rendered":"<p>Com uma folga de duas semanas at\u00e9 o seu pr\u00f3ximo confronto no Campeonato Brasileiro da S\u00e9rie B 2023, o Vit\u00f3ria<\/p>\n","protected":false},"author":1,"featured_media":6660,"comment_status":"open","ping_status":"open","sticky":false,"template":"","format":"standard","meta":{"colormag_page_container_layout":"default_layout","colormag_page_sidebar_layout":"default_layout","_FSMCFIC_featured_image_caption":"","_FSMCFIC_featured_image_nocaption":"","_FSMCFIC_featured_image_hide":"","footnotes":""},"categories":[4,1],"tags":[],"class_list":["post-6659","post","type-post","status-publish","format-standard","has-post-thumbnail","hentry","category-esporte","category-ultimas"],"yoast_head":"<!-- This site is optimized with the Yoast SEO plugin v27.1.1 - https:\/\/yoast.com\/product\/yoast-seo-wordpress\/ -->\n<title>Vit\u00f3ria tem retorno de atletas lesionados para treinos no gramado - Brasil not\u00edcias<\/title>\n<meta name=\"robots\" content=\"index, follow, max-snippet:-1, max-image-preview:large, max-video-preview:-1\" \/>\n<link rel=\"canonical\" href=\"https:\/\/brasilnoticias.org\/site\/vitoria-tem-retorno-de-atletas-lesionados-para-treinos-no-gramado\/\" \/>\n<meta property=\"og:locale\" content=\"pt_PT\" \/>\n<meta property=\"og:type\" content=\"article\" \/>\n<meta property=\"og:title\" content=\"Vit\u00f3ria tem retorno de atletas lesionados para treinos no gramado - Brasil not\u00edcias\" \/>\n<meta property=\"og:description\" content=\"Com uma folga de duas semanas at\u00e9 o seu pr\u00f3ximo confronto no Campeonato Brasileiro da S\u00e9rie B 2023, o Vit\u00f3ria\" \/>\n<meta property=\"og:url\" content=\"https:\/\/brasilnoticias.org\/site\/vitoria-tem-retorno-de-atletas-lesionados-para-treinos-no-gramado\/\" \/>\n<meta property=\"og:site_name\" content=\"Brasil not\u00edcias\" \/>\n<meta property=\"article:published_time\" content=\"2023-06-14T09:31:01+00:00\" \/>\n<meta property=\"og:image\" content=\"https:\/\/brasilnoticias.org\/site\/wp-content\/uploads\/2023\/06\/336551542_3f2e61d61c90f7593a0c3004c8e78280-1536x1024-1-740x470-1.jpg\" \/>\n\t<meta property=\"og:image:width\" content=\"740\" \/>\n\t<meta property=\"og:image:height\" content=\"470\" \/>\n\t<meta property=\"og:image:type\" content=\"image\/jpeg\" \/>\n<meta name=\"author\" content=\"Reda\u00e7\u00e3o\" \/>\n<meta name=\"twitter:card\" content=\"summary_large_image\" \/>\n<meta name=\"twitter:label1\" content=\"Escrito por\" \/>\n\t<meta name=\"twitter:data1\" content=\"Reda\u00e7\u00e3o\" \/>\n<script type=\"application\/ld+json\" class=\"yoast-schema-graph\">{\"@context\":\"https:\/\/schema.org\",\"@graph\":[{\"@type\":\"Article\",\"@id\":\"https:\/\/brasilnoticias.org\/site\/vitoria-tem-retorno-de-atletas-lesionados-para-treinos-no-gramado\/#article\",\"isPartOf\":{\"@id\":\"https:\/\/brasilnoticias.org\/site\/vitoria-tem-retorno-de-atletas-lesionados-para-treinos-no-gramado\/\"},\"author\":{\"name\":\"Reda\u00e7\u00e3o\",\"@id\":\"https:\/\/brasilnoticias.org\/site\/#\/schema\/person\/a0e05b973ec4d15c658d51911e53507b\"},\"headline\":\"Vit\u00f3ria tem retorno de atletas lesionados para treinos no gramado\",\"datePublished\":\"2023-06-14T09:31:01+00:00\",\"mainEntityOfPage\":{\"@id\":\"https:\/\/brasilnoticias.org\/site\/vitoria-tem-retorno-de-atletas-lesionados-para-treinos-no-gramado\/\"},\"wordCount\":250,\"commentCount\":0,\"publisher\":{\"@id\":\"https:\/\/brasilnoticias.org\/site\/#organization\"},\"image\":{\"@id\":\"https:\/\/brasilnoticias.org\/site\/vitoria-tem-retorno-de-atletas-lesionados-para-treinos-no-gramado\/#primaryimage\"},\"thumbnailUrl\":\"https:\/\/brasilnoticias.org\/site\/wp-content\/uploads\/2023\/06\/336551542_3f2e61d61c90f7593a0c3004c8e78280-1536x1024-1-740x470-1.jpg\",\"articleSection\":[\"Esporte\",\"\u00daltimas\"],\"inLanguage\":\"pt-PT\",\"potentialAction\":[{\"@type\":\"CommentAction\",\"name\":\"Comment\",\"target\":[\"https:\/\/brasilnoticias.org\/site\/vitoria-tem-retorno-de-atletas-lesionados-para-treinos-no-gramado\/#respond\"]}]},{\"@type\":\"WebPage\",\"@id\":\"https:\/\/brasilnoticias.org\/site\/vitoria-tem-retorno-de-atletas-lesionados-para-treinos-no-gramado\/\",\"url\":\"https:\/\/brasilnoticias.org\/site\/vitoria-tem-retorno-de-atletas-lesionados-para-treinos-no-gramado\/\",\"name\":\"Vit\u00f3ria tem retorno de atletas lesionados para treinos no gramado - Brasil not\u00edcias\",\"isPartOf\":{\"@id\":\"https:\/\/brasilnoticias.org\/site\/#website\"},\"primaryImageOfPage\":{\"@id\":\"https:\/\/brasilnoticias.org\/site\/vitoria-tem-retorno-de-atletas-lesionados-para-treinos-no-gramado\/#primaryimage\"},\"image\":{\"@id\":\"https:\/\/brasilnoticias.org\/site\/vitoria-tem-retorno-de-atletas-lesionados-para-treinos-no-gramado\/#primaryimage\"},\"thumbnailUrl\":\"https:\/\/brasilnoticias.org\/site\/wp-content\/uploads\/2023\/06\/336551542_3f2e61d61c90f7593a0c3004c8e78280-1536x1024-1-740x470-1.jpg\",\"datePublished\":\"2023-06-14T09:31:01+00:00\",\"breadcrumb\":{\"@id\":\"https:\/\/brasilnoticias.org\/site\/vitoria-tem-retorno-de-atletas-lesionados-para-treinos-no-gramado\/#breadcrumb\"},\"inLanguage\":\"pt-PT\",\"potentialAction\":[{\"@type\":\"ReadAction\",\"target\":[\"https:\/\/brasilnoticias.org\/site\/vitoria-tem-retorno-de-atletas-lesionados-para-treinos-no-gramado\/\"]}]},{\"@type\":\"ImageObject\",\"inLanguage\":\"pt-PT\",\"@id\":\"https:\/\/brasilnoticias.org\/site\/vitoria-tem-retorno-de-atletas-lesionados-para-treinos-no-gramado\/#primaryimage\",\"url\":\"https:\/\/brasilnoticias.org\/site\/wp-content\/uploads\/2023\/06\/336551542_3f2e61d61c90f7593a0c3004c8e78280-1536x1024-1-740x470-1.jpg\",\"contentUrl\":\"https:\/\/brasilnoticias.org\/site\/wp-content\/uploads\/2023\/06\/336551542_3f2e61d61c90f7593a0c3004c8e78280-1536x1024-1-740x470-1.jpg\",\"width\":740,\"height\":470},{\"@type\":\"BreadcrumbList\",\"@id\":\"https:\/\/brasilnoticias.org\/site\/vitoria-tem-retorno-de-atletas-lesionados-para-treinos-no-gramado\/#breadcrumb\",\"itemListElement\":[{\"@type\":\"ListItem\",\"position\":1,\"name\":\"In\u00edcio\",\"item\":\"https:\/\/brasilnoticias.org\/site\/\"},{\"@type\":\"ListItem\",\"position\":2,\"name\":\"Vit\u00f3ria tem retorno de atletas lesionados para treinos no gramado\"}]},{\"@type\":\"WebSite\",\"@id\":\"https:\/\/brasilnoticias.org\/site\/#website\",\"url\":\"https:\/\/brasilnoticias.org\/site\/\",\"name\":\"Brasil not\u00edcias\",\"description\":\"Brasil not\u00edcias\",\"publisher\":{\"@id\":\"https:\/\/brasilnoticias.org\/site\/#organization\"},\"potentialAction\":[{\"@type\":\"SearchAction\",\"target\":{\"@type\":\"EntryPoint\",\"urlTemplate\":\"https:\/\/brasilnoticias.org\/site\/?s={search_term_string}\"},\"query-input\":{\"@type\":\"PropertyValueSpecification\",\"valueRequired\":true,\"valueName\":\"search_term_string\"}}],\"inLanguage\":\"pt-PT\"},{\"@type\":\"Organization\",\"@id\":\"https:\/\/brasilnoticias.org\/site\/#organization\",\"name\":\"Brasil not\u00edcias\",\"url\":\"https:\/\/brasilnoticias.org\/site\/\",\"logo\":{\"@type\":\"ImageObject\",\"inLanguage\":\"pt-PT\",\"@id\":\"https:\/\/brasilnoticias.org\/site\/#\/schema\/logo\/image\/\",\"url\":\"https:\/\/brasilnoticias.org\/site\/wp-content\/uploads\/2022\/05\/cropped-brasilnoticias-mini.jpg\",\"contentUrl\":\"https:\/\/brasilnoticias.org\/site\/wp-content\/uploads\/2022\/05\/cropped-brasilnoticias-mini.jpg\",\"width\":314,\"height\":86,\"caption\":\"Brasil not\u00edcias\"},\"image\":{\"@id\":\"https:\/\/brasilnoticias.org\/site\/#\/schema\/logo\/image\/\"}},{\"@type\":\"Person\",\"@id\":\"https:\/\/brasilnoticias.org\/site\/#\/schema\/person\/a0e05b973ec4d15c658d51911e53507b\",\"name\":\"Reda\u00e7\u00e3o\",\"image\":{\"@type\":\"ImageObject\",\"inLanguage\":\"pt-PT\",\"@id\":\"https:\/\/brasilnoticias.org\/site\/#\/schema\/person\/image\/\",\"url\":\"https:\/\/secure.gravatar.com\/avatar\/75d8b050df2de108b08ae78dfb8e374892df24a383c67db9c46a9c604f6aee9c?s=96&d=mm&r=g\",\"contentUrl\":\"https:\/\/secure.gravatar.com\/avatar\/75d8b050df2de108b08ae78dfb8e374892df24a383c67db9c46a9c604f6aee9c?s=96&d=mm&r=g\",\"caption\":\"Reda\u00e7\u00e3o\"},\"sameAs\":[\"https:\/\/brasilnoticias.org\/site\"],\"url\":\"https:\/\/brasilnoticias.org\/site\/author\/fernandozsngmail-com\/\"}]}<\/script>\n<!-- \/ Yoast SEO plugin. -->","yoast_head_json":{"title":"Vit\u00f3ria tem retorno de atletas lesionados para treinos no gramado - Brasil not\u00edcias","robots":{"index":"index","follow":"follow","max-snippet":"max-snippet:-1","max-image-preview":"max-image-preview:large","max-video-preview":"max-video-preview:-1"},"canonical":"https:\/\/brasilnoticias.org\/site\/vitoria-tem-retorno-de-atletas-lesionados-para-treinos-no-gramado\/","og_locale":"pt_PT","og_type":"article","og_title":"Vit\u00f3ria tem retorno de atletas lesionados para treinos no gramado - Brasil not\u00edcias","og_description":"Com uma folga de duas semanas at\u00e9 o seu pr\u00f3ximo confronto no Campeonato Brasileiro da S\u00e9rie B 2023, o Vit\u00f3ria","og_url":"https:\/\/brasilnoticias.org\/site\/vitoria-tem-retorno-de-atletas-lesionados-para-treinos-no-gramado\/","og_site_name":"Brasil not\u00edcias","article_published_time":"2023-06-14T09:31:01+00:00","og_image":[{"width":740,"height":470,"url":"https:\/\/brasilnoticias.org\/site\/wp-content\/uploads\/2023\/06\/336551542_3f2e61d61c90f7593a0c3004c8e78280-1536x1024-1-740x470-1.jpg","type":"image\/jpeg"}],"author":"Reda\u00e7\u00e3o","twitter_card":"summary_large_image","twitter_misc":{"Escrito por":"Reda\u00e7\u00e3o"},"schema":{"@context":"https:\/\/schema.org","@graph":[{"@type":"Article","@id":"https:\/\/brasilnoticias.org\/site\/vitoria-tem-retorno-de-atletas-lesionados-para-treinos-no-gramado\/#article","isPartOf":{"@id":"https:\/\/brasilnoticias.org\/site\/vitoria-tem-retorno-de-atletas-lesionados-para-treinos-no-gramado\/"},"author":{"name":"Reda\u00e7\u00e3o","@id":"https:\/\/brasilnoticias.org\/site\/#\/schema\/person\/a0e05b973ec4d15c658d51911e53507b"},"headline":"Vit\u00f3ria tem retorno de atletas lesionados para treinos no gramado","datePublished":"2023-06-14T09:31:01+00:00","mainEntityOfPage":{"@id":"https:\/\/brasilnoticias.org\/site\/vitoria-tem-retorno-de-atletas-lesionados-para-treinos-no-gramado\/"},"wordCount":250,"commentCount":0,"publisher":{"@id":"https:\/\/brasilnoticias.org\/site\/#organization"},"image":{"@id":"https:\/\/brasilnoticias.org\/site\/vitoria-tem-retorno-de-atletas-lesionados-para-treinos-no-gramado\/#primaryimage"},"thumbnailUrl":"https:\/\/brasilnoticias.org\/site\/wp-content\/uploads\/2023\/06\/336551542_3f2e61d61c90f7593a0c3004c8e78280-1536x1024-1-740x470-1.jpg","articleSection":["Esporte","\u00daltimas"],"inLanguage":"pt-PT","potentialAction":[{"@type":"CommentAction","name":"Comment","target":["https:\/\/brasilnoticias.org\/site\/vitoria-tem-retorno-de-atletas-lesionados-para-treinos-no-gramado\/#respond"]}]},{"@type":"WebPage","@id":"https:\/\/brasilnoticias.org\/site\/vitoria-tem-retorno-de-atletas-lesionados-para-treinos-no-gramado\/","url":"https:\/\/brasilnoticias.org\/site\/vitoria-tem-retorno-de-atletas-lesionados-para-treinos-no-gramado\/","name":"Vit\u00f3ria tem retorno de atletas lesionados para treinos no gramado - Brasil not\u00edcias","isPartOf":{"@id":"https:\/\/brasilnoticias.org\/site\/#website"},"primaryImageOfPage":{"@id":"https:\/\/brasilnoticias.org\/site\/vitoria-tem-retorno-de-atletas-lesionados-para-treinos-no-gramado\/#primaryimage"},"image":{"@id":"https:\/\/brasilnoticias.org\/site\/vitoria-tem-retorno-de-atletas-lesionados-para-treinos-no-gramado\/#primaryimage"},"thumbnailUrl":"https:\/\/brasilnoticias.org\/site\/wp-content\/uploads\/2023\/06\/336551542_3f2e61d61c90f7593a0c3004c8e78280-1536x1024-1-740x470-1.jpg","datePublished":"2023-06-14T09:31:01+00:00","breadcrumb":{"@id":"https:\/\/brasilnoticias.org\/site\/vitoria-tem-retorno-de-atletas-lesionados-para-treinos-no-gramado\/#breadcrumb"},"inLanguage":"pt-PT","potentialAction":[{"@type":"ReadAction","target":["https:\/\/brasilnoticias.org\/site\/vitoria-tem-retorno-de-atletas-lesionados-para-treinos-no-gramado\/"]}]},{"@type":"ImageObject","inLanguage":"pt-PT","@id":"https:\/\/brasilnoticias.org\/site\/vitoria-tem-retorno-de-atletas-lesionados-para-treinos-no-gramado\/#primaryimage","url":"https:\/\/brasilnoticias.org\/site\/wp-content\/uploads\/2023\/06\/336551542_3f2e61d61c90f7593a0c3004c8e78280-1536x1024-1-740x470-1.jpg","contentUrl":"https:\/\/brasilnoticias.org\/site\/wp-content\/uploads\/2023\/06\/336551542_3f2e61d61c90f7593a0c3004c8e78280-1536x1024-1-740x470-1.jpg","width":740,"height":470},{"@type":"BreadcrumbList","@id":"https:\/\/brasilnoticias.org\/site\/vitoria-tem-retorno-de-atletas-lesionados-para-treinos-no-gramado\/#breadcrumb","itemListElement":[{"@type":"ListItem","position":1,"name":"In\u00edcio","item":"https:\/\/brasilnoticias.org\/site\/"},{"@type":"ListItem","position":2,"name":"Vit\u00f3ria tem retorno de atletas lesionados para treinos no gramado"}]},{"@type":"WebSite","@id":"https:\/\/brasilnoticias.org\/site\/#website","url":"https:\/\/brasilnoticias.org\/site\/","name":"Brasil not\u00edcias","description":"Brasil not\u00edcias","publisher":{"@id":"https:\/\/brasilnoticias.org\/site\/#organization"},"potentialAction":[{"@type":"SearchAction","target":{"@type":"EntryPoint","urlTemplate":"https:\/\/brasilnoticias.org\/site\/?s={search_term_string}"},"query-input":{"@type":"PropertyValueSpecification","valueRequired":true,"valueName":"search_term_string"}}],"inLanguage":"pt-PT"},{"@type":"Organization","@id":"https:\/\/brasilnoticias.org\/site\/#organization","name":"Brasil not\u00edcias","url":"https:\/\/brasilnoticias.org\/site\/","logo":{"@type":"ImageObject","inLanguage":"pt-PT","@id":"https:\/\/brasilnoticias.org\/site\/#\/schema\/logo\/image\/","url":"https:\/\/brasilnoticias.org\/site\/wp-content\/uploads\/2022\/05\/cropped-brasilnoticias-mini.jpg","contentUrl":"https:\/\/brasilnoticias.org\/site\/wp-content\/uploads\/2022\/05\/cropped-brasilnoticias-mini.jpg","width":314,"height":86,"caption":"Brasil not\u00edcias"},"image":{"@id":"https:\/\/brasilnoticias.org\/site\/#\/schema\/logo\/image\/"}},{"@type":"Person","@id":"https:\/\/brasilnoticias.org\/site\/#\/schema\/person\/a0e05b973ec4d15c658d51911e53507b","name":"Reda\u00e7\u00e3o","image":{"@type":"ImageObject","inLanguage":"pt-PT","@id":"https:\/\/brasilnoticias.org\/site\/#\/schema\/person\/image\/","url":"https:\/\/secure.gravatar.com\/avatar\/75d8b050df2de108b08ae78dfb8e374892df24a383c67db9c46a9c604f6aee9c?s=96&d=mm&r=g","contentUrl":"https:\/\/secure.gravatar.com\/avatar\/75d8b050df2de108b08ae78dfb8e374892df24a383c67db9c46a9c604f6aee9c?s=96&d=mm&r=g","caption":"Reda\u00e7\u00e3o"},"sameAs":["https:\/\/brasilnoticias.org\/site"],"url":"https:\/\/brasilnoticias.org\/site\/author\/fernandozsngmail-com\/"}]}},"_links":{"self":[{"href":"https:\/\/brasilnoticias.org\/site\/wp-json\/wp\/v2\/posts\/6659","targetHints":{"allow":["GET"]}}],"collection":[{"href":"https:\/\/brasilnoticias.org\/site\/wp-json\/wp\/v2\/posts"}],"about":[{"href":"https:\/\/brasilnoticias.org\/site\/wp-json\/wp\/v2\/types\/post"}],"author":[{"embeddable":true,"href":"https:\/\/brasilnoticias.org\/site\/wp-json\/wp\/v2\/users\/1"}],"replies":[{"embeddable":true,"href":"https:\/\/brasilnoticias.org\/site\/wp-json\/wp\/v2\/comments?post=6659"}],"version-history":[{"count":1,"href":"https:\/\/brasilnoticias.org\/site\/wp-json\/wp\/v2\/posts\/6659\/revisions"}],"predecessor-version":[{"id":6661,"href":"https:\/\/brasilnoticias.org\/site\/wp-json\/wp\/v2\/posts\/6659\/revisions\/6661"}],"wp:featuredmedia":[{"embeddable":true,"href":"https:\/\/brasilnoticias.org\/site\/wp-json\/wp\/v2\/media\/6660"}],"wp:attachment":[{"href":"https:\/\/brasilnoticias.org\/site\/wp-json\/wp\/v2\/media?parent=6659"}],"wp:term":[{"taxonomy":"category","embeddable":true,"href":"https:\/\/brasilnoticias.org\/site\/wp-json\/wp\/v2\/categories?post=6659"},{"taxonomy":"post_tag","embeddable":true,"href":"https:\/\/brasilnoticias.org\/site\/wp-json\/wp\/v2\/tags?post=6659"}],"curies":[{"name":"wp","href":"https:\/\/api.w.org\/{rel}","templated":true}]}}