{"id":6666,"date":"2023-06-14T19:45:11","date_gmt":"2023-06-14T22:45:11","guid":{"rendered":"https:\/\/brasilnoticias.org\/site\/?p=6666"},"modified":"2023-06-14T19:45:11","modified_gmt":"2023-06-14T22:45:11","slug":"atacante-do-bahia-everaldo-sofre-acidente-de-carro-na-via-parafuso","status":"publish","type":"post","link":"https:\/\/brasilnoticias.org\/site\/atacante-do-bahia-everaldo-sofre-acidente-de-carro-na-via-parafuso\/","title":{"rendered":"Atacante do Bahia, Everaldo sofre acidente de carro na Via Parafuso"},"content":{"rendered":"<p>O atacante Everaldo, do Bahia, sofreu um acidente de carro na madrugada desta quarta-feira (14), na BA-535, Via Parafuso. Na altura do quil\u00f4metro 11 da pista, o jogador atropelou um cavalo. O ve\u00edculo ficou destru\u00eddo. <\/p>\n<p>Ap\u00f3s dois dias de folga, o clube informou que o camisa 9 retornou de viagem e saiu do aeroporto direto para a Cidade Tricolor, em Dias D&#8217;\u00c1vila. Ele foi surpreendido pelo animal no percurso at\u00e9 centro de treinamento.<\/p>\n<p>O jogador compareceu normalmente aos treinos nesta manh\u00e3, conforme mostrou o clube em v\u00eddeo publicado nas redes sociais. &#8220;Everaldo foi submetido a exames m\u00e9dicos de praxe e foi liberado para participar das atividades&#8221;, informou a assessoria do Bahia.<\/p>\n<p>Agora, a equipe se prepara para enfrentar o Palmeiras na pr\u00f3xima quarta-feira (21), na Arena Fonte Nova, pela 11\u00aa rodada do Brasileir\u00e3o.<\/p>\n<p>Foto: Reprodu\u00e7\u00e3o\/Vamos Adiante<br \/>\nPor: Metro1<\/p>\n","protected":false},"excerpt":{"rendered":"<p>O atacante Everaldo, do Bahia, sofreu um acidente de carro na madrugada desta quarta-feira (14), na BA-535, Via Parafuso. Na<\/p>\n","protected":false},"author":1,"featured_media":6667,"comment_status":"open","ping_status":"open","sticky":false,"template":"","format":"standard","meta":{"colormag_page_container_layout":"default_layout","colormag_page_sidebar_layout":"default_layout","_FSMCFIC_featured_image_caption":"","_FSMCFIC_featured_image_nocaption":"","_FSMCFIC_featured_image_hide":"","footnotes":""},"categories":[2,1],"tags":[],"class_list":["post-6666","post","type-post","status-publish","format-standard","has-post-thumbnail","hentry","category-noticias","category-ultimas"],"yoast_head":"<!-- This site is optimized with the Yoast SEO plugin v27.1.1 - https:\/\/yoast.com\/product\/yoast-seo-wordpress\/ -->\n<title>Atacante do Bahia, Everaldo sofre acidente de carro na Via Parafuso - Brasil not\u00edcias<\/title>\n<meta name=\"robots\" content=\"index, follow, max-snippet:-1, max-image-preview:large, max-video-preview:-1\" \/>\n<link rel=\"canonical\" href=\"https:\/\/brasilnoticias.org\/site\/atacante-do-bahia-everaldo-sofre-acidente-de-carro-na-via-parafuso\/\" \/>\n<meta property=\"og:locale\" content=\"pt_PT\" \/>\n<meta property=\"og:type\" content=\"article\" \/>\n<meta property=\"og:title\" content=\"Atacante do Bahia, Everaldo sofre acidente de carro na Via Parafuso - Brasil not\u00edcias\" \/>\n<meta property=\"og:description\" content=\"O atacante Everaldo, do Bahia, sofreu um acidente de carro na madrugada desta quarta-feira (14), na BA-535, Via Parafuso. Na\" \/>\n<meta property=\"og:url\" content=\"https:\/\/brasilnoticias.org\/site\/atacante-do-bahia-everaldo-sofre-acidente-de-carro-na-via-parafuso\/\" \/>\n<meta property=\"og:site_name\" content=\"Brasil not\u00edcias\" \/>\n<meta property=\"article:published_time\" content=\"2023-06-14T22:45:11+00:00\" \/>\n<meta property=\"og:image\" content=\"https:\/\/brasilnoticias.org\/site\/wp-content\/uploads\/2023\/06\/137519atacante-do-bahia-everaldo-sofre-acidente-de-carro-na-via-parafuso-3.jpg\" \/>\n\t<meta property=\"og:image:width\" content=\"1600\" \/>\n\t<meta property=\"og:image:height\" content=\"752\" \/>\n\t<meta property=\"og:image:type\" content=\"image\/jpeg\" \/>\n<meta name=\"author\" content=\"Reda\u00e7\u00e3o\" \/>\n<meta name=\"twitter:card\" content=\"summary_large_image\" \/>\n<meta name=\"twitter:label1\" content=\"Escrito por\" \/>\n\t<meta name=\"twitter:data1\" content=\"Reda\u00e7\u00e3o\" \/>\n<script type=\"application\/ld+json\" class=\"yoast-schema-graph\">{\"@context\":\"https:\/\/schema.org\",\"@graph\":[{\"@type\":\"Article\",\"@id\":\"https:\/\/brasilnoticias.org\/site\/atacante-do-bahia-everaldo-sofre-acidente-de-carro-na-via-parafuso\/#article\",\"isPartOf\":{\"@id\":\"https:\/\/brasilnoticias.org\/site\/atacante-do-bahia-everaldo-sofre-acidente-de-carro-na-via-parafuso\/\"},\"author\":{\"name\":\"Reda\u00e7\u00e3o\",\"@id\":\"https:\/\/brasilnoticias.org\/site\/#\/schema\/person\/a0e05b973ec4d15c658d51911e53507b\"},\"headline\":\"Atacante do Bahia, Everaldo sofre acidente de carro na Via Parafuso\",\"datePublished\":\"2023-06-14T22:45:11+00:00\",\"mainEntityOfPage\":{\"@id\":\"https:\/\/brasilnoticias.org\/site\/atacante-do-bahia-everaldo-sofre-acidente-de-carro-na-via-parafuso\/\"},\"wordCount\":155,\"commentCount\":0,\"publisher\":{\"@id\":\"https:\/\/brasilnoticias.org\/site\/#organization\"},\"image\":{\"@id\":\"https:\/\/brasilnoticias.org\/site\/atacante-do-bahia-everaldo-sofre-acidente-de-carro-na-via-parafuso\/#primaryimage\"},\"thumbnailUrl\":\"https:\/\/brasilnoticias.org\/site\/wp-content\/uploads\/2023\/06\/137519atacante-do-bahia-everaldo-sofre-acidente-de-carro-na-via-parafuso-3.jpg\",\"articleSection\":[\"Not\u00edcias\",\"\u00daltimas\"],\"inLanguage\":\"pt-PT\",\"potentialAction\":[{\"@type\":\"CommentAction\",\"name\":\"Comment\",\"target\":[\"https:\/\/brasilnoticias.org\/site\/atacante-do-bahia-everaldo-sofre-acidente-de-carro-na-via-parafuso\/#respond\"]}]},{\"@type\":\"WebPage\",\"@id\":\"https:\/\/brasilnoticias.org\/site\/atacante-do-bahia-everaldo-sofre-acidente-de-carro-na-via-parafuso\/\",\"url\":\"https:\/\/brasilnoticias.org\/site\/atacante-do-bahia-everaldo-sofre-acidente-de-carro-na-via-parafuso\/\",\"name\":\"Atacante do Bahia, Everaldo sofre acidente de carro na Via Parafuso - Brasil not\u00edcias\",\"isPartOf\":{\"@id\":\"https:\/\/brasilnoticias.org\/site\/#website\"},\"primaryImageOfPage\":{\"@id\":\"https:\/\/brasilnoticias.org\/site\/atacante-do-bahia-everaldo-sofre-acidente-de-carro-na-via-parafuso\/#primaryimage\"},\"image\":{\"@id\":\"https:\/\/brasilnoticias.org\/site\/atacante-do-bahia-everaldo-sofre-acidente-de-carro-na-via-parafuso\/#primaryimage\"},\"thumbnailUrl\":\"https:\/\/brasilnoticias.org\/site\/wp-content\/uploads\/2023\/06\/137519atacante-do-bahia-everaldo-sofre-acidente-de-carro-na-via-parafuso-3.jpg\",\"datePublished\":\"2023-06-14T22:45:11+00:00\",\"breadcrumb\":{\"@id\":\"https:\/\/brasilnoticias.org\/site\/atacante-do-bahia-everaldo-sofre-acidente-de-carro-na-via-parafuso\/#breadcrumb\"},\"inLanguage\":\"pt-PT\",\"potentialAction\":[{\"@type\":\"ReadAction\",\"target\":[\"https:\/\/brasilnoticias.org\/site\/atacante-do-bahia-everaldo-sofre-acidente-de-carro-na-via-parafuso\/\"]}]},{\"@type\":\"ImageObject\",\"inLanguage\":\"pt-PT\",\"@id\":\"https:\/\/brasilnoticias.org\/site\/atacante-do-bahia-everaldo-sofre-acidente-de-carro-na-via-parafuso\/#primaryimage\",\"url\":\"https:\/\/brasilnoticias.org\/site\/wp-content\/uploads\/2023\/06\/137519atacante-do-bahia-everaldo-sofre-acidente-de-carro-na-via-parafuso-3.jpg\",\"contentUrl\":\"https:\/\/brasilnoticias.org\/site\/wp-content\/uploads\/2023\/06\/137519atacante-do-bahia-everaldo-sofre-acidente-de-carro-na-via-parafuso-3.jpg\",\"width\":1600,\"height\":752},{\"@type\":\"BreadcrumbList\",\"@id\":\"https:\/\/brasilnoticias.org\/site\/atacante-do-bahia-everaldo-sofre-acidente-de-carro-na-via-parafuso\/#breadcrumb\",\"itemListElement\":[{\"@type\":\"ListItem\",\"position\":1,\"name\":\"In\u00edcio\",\"item\":\"https:\/\/brasilnoticias.org\/site\/\"},{\"@type\":\"ListItem\",\"position\":2,\"name\":\"Atacante do Bahia, Everaldo sofre acidente de carro na Via Parafuso\"}]},{\"@type\":\"WebSite\",\"@id\":\"https:\/\/brasilnoticias.org\/site\/#website\",\"url\":\"https:\/\/brasilnoticias.org\/site\/\",\"name\":\"Brasil not\u00edcias\",\"description\":\"Brasil not\u00edcias\",\"publisher\":{\"@id\":\"https:\/\/brasilnoticias.org\/site\/#organization\"},\"potentialAction\":[{\"@type\":\"SearchAction\",\"target\":{\"@type\":\"EntryPoint\",\"urlTemplate\":\"https:\/\/brasilnoticias.org\/site\/?s={search_term_string}\"},\"query-input\":{\"@type\":\"PropertyValueSpecification\",\"valueRequired\":true,\"valueName\":\"search_term_string\"}}],\"inLanguage\":\"pt-PT\"},{\"@type\":\"Organization\",\"@id\":\"https:\/\/brasilnoticias.org\/site\/#organization\",\"name\":\"Brasil not\u00edcias\",\"url\":\"https:\/\/brasilnoticias.org\/site\/\",\"logo\":{\"@type\":\"ImageObject\",\"inLanguage\":\"pt-PT\",\"@id\":\"https:\/\/brasilnoticias.org\/site\/#\/schema\/logo\/image\/\",\"url\":\"https:\/\/brasilnoticias.org\/site\/wp-content\/uploads\/2022\/05\/cropped-brasilnoticias-mini.jpg\",\"contentUrl\":\"https:\/\/brasilnoticias.org\/site\/wp-content\/uploads\/2022\/05\/cropped-brasilnoticias-mini.jpg\",\"width\":314,\"height\":86,\"caption\":\"Brasil not\u00edcias\"},\"image\":{\"@id\":\"https:\/\/brasilnoticias.org\/site\/#\/schema\/logo\/image\/\"}},{\"@type\":\"Person\",\"@id\":\"https:\/\/brasilnoticias.org\/site\/#\/schema\/person\/a0e05b973ec4d15c658d51911e53507b\",\"name\":\"Reda\u00e7\u00e3o\",\"image\":{\"@type\":\"ImageObject\",\"inLanguage\":\"pt-PT\",\"@id\":\"https:\/\/brasilnoticias.org\/site\/#\/schema\/person\/image\/\",\"url\":\"https:\/\/secure.gravatar.com\/avatar\/75d8b050df2de108b08ae78dfb8e374892df24a383c67db9c46a9c604f6aee9c?s=96&d=mm&r=g\",\"contentUrl\":\"https:\/\/secure.gravatar.com\/avatar\/75d8b050df2de108b08ae78dfb8e374892df24a383c67db9c46a9c604f6aee9c?s=96&d=mm&r=g\",\"caption\":\"Reda\u00e7\u00e3o\"},\"sameAs\":[\"https:\/\/brasilnoticias.org\/site\"],\"url\":\"https:\/\/brasilnoticias.org\/site\/author\/fernandozsngmail-com\/\"}]}<\/script>\n<!-- \/ Yoast SEO plugin. -->","yoast_head_json":{"title":"Atacante do Bahia, Everaldo sofre acidente de carro na Via Parafuso - Brasil not\u00edcias","robots":{"index":"index","follow":"follow","max-snippet":"max-snippet:-1","max-image-preview":"max-image-preview:large","max-video-preview":"max-video-preview:-1"},"canonical":"https:\/\/brasilnoticias.org\/site\/atacante-do-bahia-everaldo-sofre-acidente-de-carro-na-via-parafuso\/","og_locale":"pt_PT","og_type":"article","og_title":"Atacante do Bahia, Everaldo sofre acidente de carro na Via Parafuso - Brasil not\u00edcias","og_description":"O atacante Everaldo, do Bahia, sofreu um acidente de carro na madrugada desta quarta-feira (14), na BA-535, Via Parafuso. Na","og_url":"https:\/\/brasilnoticias.org\/site\/atacante-do-bahia-everaldo-sofre-acidente-de-carro-na-via-parafuso\/","og_site_name":"Brasil not\u00edcias","article_published_time":"2023-06-14T22:45:11+00:00","og_image":[{"width":1600,"height":752,"url":"https:\/\/brasilnoticias.org\/site\/wp-content\/uploads\/2023\/06\/137519atacante-do-bahia-everaldo-sofre-acidente-de-carro-na-via-parafuso-3.jpg","type":"image\/jpeg"}],"author":"Reda\u00e7\u00e3o","twitter_card":"summary_large_image","twitter_misc":{"Escrito por":"Reda\u00e7\u00e3o"},"schema":{"@context":"https:\/\/schema.org","@graph":[{"@type":"Article","@id":"https:\/\/brasilnoticias.org\/site\/atacante-do-bahia-everaldo-sofre-acidente-de-carro-na-via-parafuso\/#article","isPartOf":{"@id":"https:\/\/brasilnoticias.org\/site\/atacante-do-bahia-everaldo-sofre-acidente-de-carro-na-via-parafuso\/"},"author":{"name":"Reda\u00e7\u00e3o","@id":"https:\/\/brasilnoticias.org\/site\/#\/schema\/person\/a0e05b973ec4d15c658d51911e53507b"},"headline":"Atacante do Bahia, Everaldo sofre acidente de carro na Via Parafuso","datePublished":"2023-06-14T22:45:11+00:00","mainEntityOfPage":{"@id":"https:\/\/brasilnoticias.org\/site\/atacante-do-bahia-everaldo-sofre-acidente-de-carro-na-via-parafuso\/"},"wordCount":155,"commentCount":0,"publisher":{"@id":"https:\/\/brasilnoticias.org\/site\/#organization"},"image":{"@id":"https:\/\/brasilnoticias.org\/site\/atacante-do-bahia-everaldo-sofre-acidente-de-carro-na-via-parafuso\/#primaryimage"},"thumbnailUrl":"https:\/\/brasilnoticias.org\/site\/wp-content\/uploads\/2023\/06\/137519atacante-do-bahia-everaldo-sofre-acidente-de-carro-na-via-parafuso-3.jpg","articleSection":["Not\u00edcias","\u00daltimas"],"inLanguage":"pt-PT","potentialAction":[{"@type":"CommentAction","name":"Comment","target":["https:\/\/brasilnoticias.org\/site\/atacante-do-bahia-everaldo-sofre-acidente-de-carro-na-via-parafuso\/#respond"]}]},{"@type":"WebPage","@id":"https:\/\/brasilnoticias.org\/site\/atacante-do-bahia-everaldo-sofre-acidente-de-carro-na-via-parafuso\/","url":"https:\/\/brasilnoticias.org\/site\/atacante-do-bahia-everaldo-sofre-acidente-de-carro-na-via-parafuso\/","name":"Atacante do Bahia, Everaldo sofre acidente de carro na Via Parafuso - Brasil not\u00edcias","isPartOf":{"@id":"https:\/\/brasilnoticias.org\/site\/#website"},"primaryImageOfPage":{"@id":"https:\/\/brasilnoticias.org\/site\/atacante-do-bahia-everaldo-sofre-acidente-de-carro-na-via-parafuso\/#primaryimage"},"image":{"@id":"https:\/\/brasilnoticias.org\/site\/atacante-do-bahia-everaldo-sofre-acidente-de-carro-na-via-parafuso\/#primaryimage"},"thumbnailUrl":"https:\/\/brasilnoticias.org\/site\/wp-content\/uploads\/2023\/06\/137519atacante-do-bahia-everaldo-sofre-acidente-de-carro-na-via-parafuso-3.jpg","datePublished":"2023-06-14T22:45:11+00:00","breadcrumb":{"@id":"https:\/\/brasilnoticias.org\/site\/atacante-do-bahia-everaldo-sofre-acidente-de-carro-na-via-parafuso\/#breadcrumb"},"inLanguage":"pt-PT","potentialAction":[{"@type":"ReadAction","target":["https:\/\/brasilnoticias.org\/site\/atacante-do-bahia-everaldo-sofre-acidente-de-carro-na-via-parafuso\/"]}]},{"@type":"ImageObject","inLanguage":"pt-PT","@id":"https:\/\/brasilnoticias.org\/site\/atacante-do-bahia-everaldo-sofre-acidente-de-carro-na-via-parafuso\/#primaryimage","url":"https:\/\/brasilnoticias.org\/site\/wp-content\/uploads\/2023\/06\/137519atacante-do-bahia-everaldo-sofre-acidente-de-carro-na-via-parafuso-3.jpg","contentUrl":"https:\/\/brasilnoticias.org\/site\/wp-content\/uploads\/2023\/06\/137519atacante-do-bahia-everaldo-sofre-acidente-de-carro-na-via-parafuso-3.jpg","width":1600,"height":752},{"@type":"BreadcrumbList","@id":"https:\/\/brasilnoticias.org\/site\/atacante-do-bahia-everaldo-sofre-acidente-de-carro-na-via-parafuso\/#breadcrumb","itemListElement":[{"@type":"ListItem","position":1,"name":"In\u00edcio","item":"https:\/\/brasilnoticias.org\/site\/"},{"@type":"ListItem","position":2,"name":"Atacante do Bahia, Everaldo sofre acidente de carro na Via Parafuso"}]},{"@type":"WebSite","@id":"https:\/\/brasilnoticias.org\/site\/#website","url":"https:\/\/brasilnoticias.org\/site\/","name":"Brasil not\u00edcias","description":"Brasil not\u00edcias","publisher":{"@id":"https:\/\/brasilnoticias.org\/site\/#organization"},"potentialAction":[{"@type":"SearchAction","target":{"@type":"EntryPoint","urlTemplate":"https:\/\/brasilnoticias.org\/site\/?s={search_term_string}"},"query-input":{"@type":"PropertyValueSpecification","valueRequired":true,"valueName":"search_term_string"}}],"inLanguage":"pt-PT"},{"@type":"Organization","@id":"https:\/\/brasilnoticias.org\/site\/#organization","name":"Brasil not\u00edcias","url":"https:\/\/brasilnoticias.org\/site\/","logo":{"@type":"ImageObject","inLanguage":"pt-PT","@id":"https:\/\/brasilnoticias.org\/site\/#\/schema\/logo\/image\/","url":"https:\/\/brasilnoticias.org\/site\/wp-content\/uploads\/2022\/05\/cropped-brasilnoticias-mini.jpg","contentUrl":"https:\/\/brasilnoticias.org\/site\/wp-content\/uploads\/2022\/05\/cropped-brasilnoticias-mini.jpg","width":314,"height":86,"caption":"Brasil not\u00edcias"},"image":{"@id":"https:\/\/brasilnoticias.org\/site\/#\/schema\/logo\/image\/"}},{"@type":"Person","@id":"https:\/\/brasilnoticias.org\/site\/#\/schema\/person\/a0e05b973ec4d15c658d51911e53507b","name":"Reda\u00e7\u00e3o","image":{"@type":"ImageObject","inLanguage":"pt-PT","@id":"https:\/\/brasilnoticias.org\/site\/#\/schema\/person\/image\/","url":"https:\/\/secure.gravatar.com\/avatar\/75d8b050df2de108b08ae78dfb8e374892df24a383c67db9c46a9c604f6aee9c?s=96&d=mm&r=g","contentUrl":"https:\/\/secure.gravatar.com\/avatar\/75d8b050df2de108b08ae78dfb8e374892df24a383c67db9c46a9c604f6aee9c?s=96&d=mm&r=g","caption":"Reda\u00e7\u00e3o"},"sameAs":["https:\/\/brasilnoticias.org\/site"],"url":"https:\/\/brasilnoticias.org\/site\/author\/fernandozsngmail-com\/"}]}},"_links":{"self":[{"href":"https:\/\/brasilnoticias.org\/site\/wp-json\/wp\/v2\/posts\/6666","targetHints":{"allow":["GET"]}}],"collection":[{"href":"https:\/\/brasilnoticias.org\/site\/wp-json\/wp\/v2\/posts"}],"about":[{"href":"https:\/\/brasilnoticias.org\/site\/wp-json\/wp\/v2\/types\/post"}],"author":[{"embeddable":true,"href":"https:\/\/brasilnoticias.org\/site\/wp-json\/wp\/v2\/users\/1"}],"replies":[{"embeddable":true,"href":"https:\/\/brasilnoticias.org\/site\/wp-json\/wp\/v2\/comments?post=6666"}],"version-history":[{"count":1,"href":"https:\/\/brasilnoticias.org\/site\/wp-json\/wp\/v2\/posts\/6666\/revisions"}],"predecessor-version":[{"id":6668,"href":"https:\/\/brasilnoticias.org\/site\/wp-json\/wp\/v2\/posts\/6666\/revisions\/6668"}],"wp:featuredmedia":[{"embeddable":true,"href":"https:\/\/brasilnoticias.org\/site\/wp-json\/wp\/v2\/media\/6667"}],"wp:attachment":[{"href":"https:\/\/brasilnoticias.org\/site\/wp-json\/wp\/v2\/media?parent=6666"}],"wp:term":[{"taxonomy":"category","embeddable":true,"href":"https:\/\/brasilnoticias.org\/site\/wp-json\/wp\/v2\/categories?post=6666"},{"taxonomy":"post_tag","embeddable":true,"href":"https:\/\/brasilnoticias.org\/site\/wp-json\/wp\/v2\/tags?post=6666"}],"curies":[{"name":"wp","href":"https:\/\/api.w.org\/{rel}","templated":true}]}}