{"id":6672,"date":"2023-06-14T19:49:30","date_gmt":"2023-06-14T22:49:30","guid":{"rendered":"https:\/\/brasilnoticias.org\/site\/?p=6672"},"modified":"2023-06-14T19:49:30","modified_gmt":"2023-06-14T22:49:30","slug":"em-dois-dias-bruno-reis-sanciona-18-projetos-de-lei-dos-vereadores","status":"publish","type":"post","link":"https:\/\/brasilnoticias.org\/site\/em-dois-dias-bruno-reis-sanciona-18-projetos-de-lei-dos-vereadores\/","title":{"rendered":"Em dois dias, Bruno Reis sanciona 18 projetos de lei dos vereadores"},"content":{"rendered":"<p>O prefeito de Salvador, Bruno Reis (Uni\u00e3o), sancionou, neste in\u00edcio de semana, 18 projetos de lei dos vereadores. Dentre eles, est\u00e3o tem\u00e1ticas como de combate a furto de fios, programa de apoio \u00e0 leitura no \u00f4nibus e ao ciclismo profissional.<\/p>\n<p>A partir de agora, as \u00c1reas de Prote\u00e7\u00e3o ao Ciclista em Competi\u00e7\u00e3o (APCC) funcionar\u00e3o no hor\u00e1rio das 4h \u00e0s 5h da manh\u00e3. Antes, n\u00e3o havia esta defini\u00e7\u00e3o do hor\u00e1rio. \u201cSalvador tem investido em estrutura ao ciclista e \u00e9 importante que tenha espa\u00e7o destinado \u00e0 profissionaliza\u00e7\u00e3o. Vamos procurar a secretaria para que possamos executar o projeto. A ideia \u00e9 que temos uma APCC para cada prefeitura-bairro. Atualmente, existe uma na Magalh\u00e3es Neto, que j\u00e1 \u00e9 super utilizado\u201d, disse o vereador Andr\u00e9 Fraga (PV), autor da mat\u00e9ria, em entrevista ao Metro1.<\/p>\n<p>Foi sancionado tamb\u00e9m um projeto com o objetivo de combater os crescentes casos de furto de fios e cabos. Essa quest\u00e3o tem se tornado um problema frequente, especialmente no metr\u00f4 da capital baiana. Quando esses incidentes ocorrem, o sistema de transporte enfrenta dificuldades e atrasos, afetando a mobilidade dos passageiros.<\/p>\n<p>\u201cEsses v\u00e2ndalos s\u00e3o marginais e as empresas e comerciantes que adquirem estes produtos, provenientes de furtos e roubos, precisam ser responsabilizados de forma exemplar. At\u00e9 porque, s\u00f3 no ano passado foram registrados mais de 960 furtos de cabos e lumin\u00e1rias na cidade\u201d, disse ao Metro1, o presidente da C\u00e2mara de vereadores, Carlos Muniz (PSDB).<\/p>\n<p>Al\u00e9m deles, um projeto do vereador Cl\u00e1udio Tinoco (Uni\u00e3o) tamb\u00e9m foi aprovado, com o objetivo de garantir o acesso da popula\u00e7\u00e3o do Munic\u00edpio de Salvador \u00e0 literatura brasileira.<\/p>\n<p>Saiba os outros projetos sancionados:<\/p>\n<p>LEI N\u00ba 9.703 \/2023 &#8211; Autoriza a cria\u00e7\u00e3o do Programa de Capacita\u00e7\u00e3o de Docentes e Equipe Pedag\u00f3gica, no Combate e Preven\u00e7\u00e3o \u00e0 Intimida\u00e7\u00e3o Sistem\u00e1tica (bullying e cyberbullying) no ambiente escolar<\/p>\n<p>LEI N\u00ba 9.705 \/2023 &#8211; Torna irm\u00e3s as cidades de Salvador, capital do Estado da Bahia, no Brasil, e de Praia, capital de Cabo Verde<\/p>\n<p>LEI N\u00ba 9.706\/2023 &#8211; Estabelece medidas e procedimentos a serem adotados em caso de viol\u00eancia contra profissionais da Educa\u00e7\u00e3o<\/p>\n<p>LEI N\u00ba 9.707 \/2023 &#8211; Institui o Programa \u201cAdote uma Ciclovia\u201d para incentivar o uso da bicicleta, visando \u00e0 melhoria das condi\u00e7\u00f5es de mobilidade urbana<\/p>\n<p>LEI N\u00ba 9.708 \/2023 &#8211; Autoriza o Executivo Municipal a instituir o Programa Municipal de Cuidados para Pessoas com Fibromialgia<\/p>\n<p>LEI N\u00ba 9.710 \/2023 &#8211; Institui o Programa Menstrua\u00e7\u00e3o sem Neura<\/p>\n<p>LEI N\u00ba 9.711 \/2023 &#8211; Estabelece o Per\u00edmetro Escolar de Seguran\u00e7a como espa\u00e7o de prioridade especial<\/p>\n<p>LEI N\u00ba 9.713 \/2023 &#8211; Restringe para o per\u00edodo de 03 anos para utiliza\u00e7\u00e3o de livros did\u00e1ticos<\/p>\n<p>LEI N\u00ba 9.714 \/2023 &#8211; Altera dispositivo da Lei n\u00b0 9.668, de 13 de mar\u00e7o de 2023, que autoriza o uso de bermudas e bermud\u00f5es pelos rodovi\u00e1rios e acrescenta aos taxistas essa possibilidade<\/p>\n<p>LEI N\u00ba 9.716 \/2023 &#8211; Institui, no \u00e2mbito municipal, o laudo permanente para pessoas com defici\u00eancia visual que tenham cegueira cr\u00f4nica e incur\u00e1vel<\/p>\n<p>LEI N\u00ba 9.717 \/2023 &#8211; Institui san\u00e7\u00f5es de car\u00e1ter administrativo para os respons\u00e1veis pelo patroc\u00ednio de atos discriminat\u00f3rios tendo como v\u00edtimas Pessoas com Transtorno de Espectro Autista<\/p>\n<p>LEI N\u00ba 9.718 \/2023 &#8211; Pro\u00edbe testes de cosm\u00e9ticos ou produtos de qualquer natureza em animais<\/p>\n<p>LEI N\u00ba 9.719 \/2023 &#8211; Disp\u00f5e sobre a obrigatoriedade de se divulgarem os direitos da Pessoa com Transtorno de Espectro Autista &#8211; TEA nas institui\u00e7\u00f5es de ensino<\/p>\n<p>LEI N\u00ba 9.720 \/2023 &#8211; Institui, no Calend\u00e1rio Oficial de Eventos do Munic\u00edpio, a Semana Municipal de Conscientiza\u00e7\u00e3o sobre Viol\u00eancia Obst\u00e9trica<\/p>\n<p>LEI N\u00ba 9.722 \/2023 Disp\u00f5e sobre a cria\u00e7\u00e3o da Carteira Municipal de Identifica\u00e7\u00e3o da Pessoa com Defici\u00eancia<\/p>\n<p>Foto: Reprodu\u00e7\u00e3o\/Redes Sociais<br \/>\nPor: Jo\u00e3o Tramm<\/p>\n","protected":false},"excerpt":{"rendered":"<p>O prefeito de Salvador, Bruno Reis (Uni\u00e3o), sancionou, neste in\u00edcio de semana, 18 projetos de lei dos vereadores. Dentre eles,<\/p>\n","protected":false},"author":1,"featured_media":6673,"comment_status":"open","ping_status":"open","sticky":false,"template":"","format":"standard","meta":{"colormag_page_container_layout":"default_layout","colormag_page_sidebar_layout":"default_layout","_FSMCFIC_featured_image_caption":"","_FSMCFIC_featured_image_nocaption":"","_FSMCFIC_featured_image_hide":"","footnotes":""},"categories":[5,1],"tags":[],"class_list":["post-6672","post","type-post","status-publish","format-standard","has-post-thumbnail","hentry","category-politica","category-ultimas"],"yoast_head":"<!-- This site is optimized with the Yoast SEO plugin v27.1.1 - https:\/\/yoast.com\/product\/yoast-seo-wordpress\/ -->\n<title>Em dois dias, Bruno Reis sanciona 18 projetos de lei dos vereadores - Brasil not\u00edcias<\/title>\n<meta name=\"robots\" content=\"index, follow, max-snippet:-1, max-image-preview:large, max-video-preview:-1\" \/>\n<link rel=\"canonical\" href=\"https:\/\/brasilnoticias.org\/site\/em-dois-dias-bruno-reis-sanciona-18-projetos-de-lei-dos-vereadores\/\" \/>\n<meta property=\"og:locale\" content=\"pt_PT\" \/>\n<meta property=\"og:type\" content=\"article\" \/>\n<meta property=\"og:title\" content=\"Em dois dias, Bruno Reis sanciona 18 projetos de lei dos vereadores - Brasil not\u00edcias\" \/>\n<meta property=\"og:description\" content=\"O prefeito de Salvador, Bruno Reis (Uni\u00e3o), sancionou, neste in\u00edcio de semana, 18 projetos de lei dos vereadores. Dentre eles,\" \/>\n<meta property=\"og:url\" content=\"https:\/\/brasilnoticias.org\/site\/em-dois-dias-bruno-reis-sanciona-18-projetos-de-lei-dos-vereadores\/\" \/>\n<meta property=\"og:site_name\" content=\"Brasil not\u00edcias\" \/>\n<meta property=\"article:published_time\" content=\"2023-06-14T22:49:30+00:00\" \/>\n<meta property=\"og:image\" content=\"https:\/\/brasilnoticias.org\/site\/wp-content\/uploads\/2023\/06\/137532em-dois-dias-bruno-reis-sanciona-18-projetos-de-lei-dos-vereadores-3.jpg\" \/>\n\t<meta property=\"og:image:width\" content=\"1600\" \/>\n\t<meta property=\"og:image:height\" content=\"752\" \/>\n\t<meta property=\"og:image:type\" content=\"image\/jpeg\" \/>\n<meta name=\"author\" content=\"Reda\u00e7\u00e3o\" \/>\n<meta name=\"twitter:card\" content=\"summary_large_image\" \/>\n<meta name=\"twitter:label1\" content=\"Escrito por\" \/>\n\t<meta name=\"twitter:data1\" content=\"Reda\u00e7\u00e3o\" \/>\n<script type=\"application\/ld+json\" class=\"yoast-schema-graph\">{\"@context\":\"https:\/\/schema.org\",\"@graph\":[{\"@type\":\"Article\",\"@id\":\"https:\/\/brasilnoticias.org\/site\/em-dois-dias-bruno-reis-sanciona-18-projetos-de-lei-dos-vereadores\/#article\",\"isPartOf\":{\"@id\":\"https:\/\/brasilnoticias.org\/site\/em-dois-dias-bruno-reis-sanciona-18-projetos-de-lei-dos-vereadores\/\"},\"author\":{\"name\":\"Reda\u00e7\u00e3o\",\"@id\":\"https:\/\/brasilnoticias.org\/site\/#\/schema\/person\/a0e05b973ec4d15c658d51911e53507b\"},\"headline\":\"Em dois dias, Bruno Reis sanciona 18 projetos de lei dos vereadores\",\"datePublished\":\"2023-06-14T22:49:30+00:00\",\"mainEntityOfPage\":{\"@id\":\"https:\/\/brasilnoticias.org\/site\/em-dois-dias-bruno-reis-sanciona-18-projetos-de-lei-dos-vereadores\/\"},\"wordCount\":639,\"commentCount\":0,\"publisher\":{\"@id\":\"https:\/\/brasilnoticias.org\/site\/#organization\"},\"image\":{\"@id\":\"https:\/\/brasilnoticias.org\/site\/em-dois-dias-bruno-reis-sanciona-18-projetos-de-lei-dos-vereadores\/#primaryimage\"},\"thumbnailUrl\":\"https:\/\/brasilnoticias.org\/site\/wp-content\/uploads\/2023\/06\/137532em-dois-dias-bruno-reis-sanciona-18-projetos-de-lei-dos-vereadores-3.jpg\",\"articleSection\":[\"Pol\u00edtica\",\"\u00daltimas\"],\"inLanguage\":\"pt-PT\",\"potentialAction\":[{\"@type\":\"CommentAction\",\"name\":\"Comment\",\"target\":[\"https:\/\/brasilnoticias.org\/site\/em-dois-dias-bruno-reis-sanciona-18-projetos-de-lei-dos-vereadores\/#respond\"]}]},{\"@type\":\"WebPage\",\"@id\":\"https:\/\/brasilnoticias.org\/site\/em-dois-dias-bruno-reis-sanciona-18-projetos-de-lei-dos-vereadores\/\",\"url\":\"https:\/\/brasilnoticias.org\/site\/em-dois-dias-bruno-reis-sanciona-18-projetos-de-lei-dos-vereadores\/\",\"name\":\"Em dois dias, Bruno Reis sanciona 18 projetos de lei dos vereadores - Brasil not\u00edcias\",\"isPartOf\":{\"@id\":\"https:\/\/brasilnoticias.org\/site\/#website\"},\"primaryImageOfPage\":{\"@id\":\"https:\/\/brasilnoticias.org\/site\/em-dois-dias-bruno-reis-sanciona-18-projetos-de-lei-dos-vereadores\/#primaryimage\"},\"image\":{\"@id\":\"https:\/\/brasilnoticias.org\/site\/em-dois-dias-bruno-reis-sanciona-18-projetos-de-lei-dos-vereadores\/#primaryimage\"},\"thumbnailUrl\":\"https:\/\/brasilnoticias.org\/site\/wp-content\/uploads\/2023\/06\/137532em-dois-dias-bruno-reis-sanciona-18-projetos-de-lei-dos-vereadores-3.jpg\",\"datePublished\":\"2023-06-14T22:49:30+00:00\",\"breadcrumb\":{\"@id\":\"https:\/\/brasilnoticias.org\/site\/em-dois-dias-bruno-reis-sanciona-18-projetos-de-lei-dos-vereadores\/#breadcrumb\"},\"inLanguage\":\"pt-PT\",\"potentialAction\":[{\"@type\":\"ReadAction\",\"target\":[\"https:\/\/brasilnoticias.org\/site\/em-dois-dias-bruno-reis-sanciona-18-projetos-de-lei-dos-vereadores\/\"]}]},{\"@type\":\"ImageObject\",\"inLanguage\":\"pt-PT\",\"@id\":\"https:\/\/brasilnoticias.org\/site\/em-dois-dias-bruno-reis-sanciona-18-projetos-de-lei-dos-vereadores\/#primaryimage\",\"url\":\"https:\/\/brasilnoticias.org\/site\/wp-content\/uploads\/2023\/06\/137532em-dois-dias-bruno-reis-sanciona-18-projetos-de-lei-dos-vereadores-3.jpg\",\"contentUrl\":\"https:\/\/brasilnoticias.org\/site\/wp-content\/uploads\/2023\/06\/137532em-dois-dias-bruno-reis-sanciona-18-projetos-de-lei-dos-vereadores-3.jpg\",\"width\":1600,\"height\":752},{\"@type\":\"BreadcrumbList\",\"@id\":\"https:\/\/brasilnoticias.org\/site\/em-dois-dias-bruno-reis-sanciona-18-projetos-de-lei-dos-vereadores\/#breadcrumb\",\"itemListElement\":[{\"@type\":\"ListItem\",\"position\":1,\"name\":\"In\u00edcio\",\"item\":\"https:\/\/brasilnoticias.org\/site\/\"},{\"@type\":\"ListItem\",\"position\":2,\"name\":\"Em dois dias, Bruno Reis sanciona 18 projetos de lei dos vereadores\"}]},{\"@type\":\"WebSite\",\"@id\":\"https:\/\/brasilnoticias.org\/site\/#website\",\"url\":\"https:\/\/brasilnoticias.org\/site\/\",\"name\":\"Brasil not\u00edcias\",\"description\":\"Brasil not\u00edcias\",\"publisher\":{\"@id\":\"https:\/\/brasilnoticias.org\/site\/#organization\"},\"potentialAction\":[{\"@type\":\"SearchAction\",\"target\":{\"@type\":\"EntryPoint\",\"urlTemplate\":\"https:\/\/brasilnoticias.org\/site\/?s={search_term_string}\"},\"query-input\":{\"@type\":\"PropertyValueSpecification\",\"valueRequired\":true,\"valueName\":\"search_term_string\"}}],\"inLanguage\":\"pt-PT\"},{\"@type\":\"Organization\",\"@id\":\"https:\/\/brasilnoticias.org\/site\/#organization\",\"name\":\"Brasil not\u00edcias\",\"url\":\"https:\/\/brasilnoticias.org\/site\/\",\"logo\":{\"@type\":\"ImageObject\",\"inLanguage\":\"pt-PT\",\"@id\":\"https:\/\/brasilnoticias.org\/site\/#\/schema\/logo\/image\/\",\"url\":\"https:\/\/brasilnoticias.org\/site\/wp-content\/uploads\/2022\/05\/cropped-brasilnoticias-mini.jpg\",\"contentUrl\":\"https:\/\/brasilnoticias.org\/site\/wp-content\/uploads\/2022\/05\/cropped-brasilnoticias-mini.jpg\",\"width\":314,\"height\":86,\"caption\":\"Brasil not\u00edcias\"},\"image\":{\"@id\":\"https:\/\/brasilnoticias.org\/site\/#\/schema\/logo\/image\/\"}},{\"@type\":\"Person\",\"@id\":\"https:\/\/brasilnoticias.org\/site\/#\/schema\/person\/a0e05b973ec4d15c658d51911e53507b\",\"name\":\"Reda\u00e7\u00e3o\",\"image\":{\"@type\":\"ImageObject\",\"inLanguage\":\"pt-PT\",\"@id\":\"https:\/\/brasilnoticias.org\/site\/#\/schema\/person\/image\/\",\"url\":\"https:\/\/secure.gravatar.com\/avatar\/75d8b050df2de108b08ae78dfb8e374892df24a383c67db9c46a9c604f6aee9c?s=96&d=mm&r=g\",\"contentUrl\":\"https:\/\/secure.gravatar.com\/avatar\/75d8b050df2de108b08ae78dfb8e374892df24a383c67db9c46a9c604f6aee9c?s=96&d=mm&r=g\",\"caption\":\"Reda\u00e7\u00e3o\"},\"sameAs\":[\"https:\/\/brasilnoticias.org\/site\"],\"url\":\"https:\/\/brasilnoticias.org\/site\/author\/fernandozsngmail-com\/\"}]}<\/script>\n<!-- \/ Yoast SEO plugin. -->","yoast_head_json":{"title":"Em dois dias, Bruno Reis sanciona 18 projetos de lei dos vereadores - Brasil not\u00edcias","robots":{"index":"index","follow":"follow","max-snippet":"max-snippet:-1","max-image-preview":"max-image-preview:large","max-video-preview":"max-video-preview:-1"},"canonical":"https:\/\/brasilnoticias.org\/site\/em-dois-dias-bruno-reis-sanciona-18-projetos-de-lei-dos-vereadores\/","og_locale":"pt_PT","og_type":"article","og_title":"Em dois dias, Bruno Reis sanciona 18 projetos de lei dos vereadores - Brasil not\u00edcias","og_description":"O prefeito de Salvador, Bruno Reis (Uni\u00e3o), sancionou, neste in\u00edcio de semana, 18 projetos de lei dos vereadores. Dentre eles,","og_url":"https:\/\/brasilnoticias.org\/site\/em-dois-dias-bruno-reis-sanciona-18-projetos-de-lei-dos-vereadores\/","og_site_name":"Brasil not\u00edcias","article_published_time":"2023-06-14T22:49:30+00:00","og_image":[{"width":1600,"height":752,"url":"https:\/\/brasilnoticias.org\/site\/wp-content\/uploads\/2023\/06\/137532em-dois-dias-bruno-reis-sanciona-18-projetos-de-lei-dos-vereadores-3.jpg","type":"image\/jpeg"}],"author":"Reda\u00e7\u00e3o","twitter_card":"summary_large_image","twitter_misc":{"Escrito por":"Reda\u00e7\u00e3o"},"schema":{"@context":"https:\/\/schema.org","@graph":[{"@type":"Article","@id":"https:\/\/brasilnoticias.org\/site\/em-dois-dias-bruno-reis-sanciona-18-projetos-de-lei-dos-vereadores\/#article","isPartOf":{"@id":"https:\/\/brasilnoticias.org\/site\/em-dois-dias-bruno-reis-sanciona-18-projetos-de-lei-dos-vereadores\/"},"author":{"name":"Reda\u00e7\u00e3o","@id":"https:\/\/brasilnoticias.org\/site\/#\/schema\/person\/a0e05b973ec4d15c658d51911e53507b"},"headline":"Em dois dias, Bruno Reis sanciona 18 projetos de lei dos vereadores","datePublished":"2023-06-14T22:49:30+00:00","mainEntityOfPage":{"@id":"https:\/\/brasilnoticias.org\/site\/em-dois-dias-bruno-reis-sanciona-18-projetos-de-lei-dos-vereadores\/"},"wordCount":639,"commentCount":0,"publisher":{"@id":"https:\/\/brasilnoticias.org\/site\/#organization"},"image":{"@id":"https:\/\/brasilnoticias.org\/site\/em-dois-dias-bruno-reis-sanciona-18-projetos-de-lei-dos-vereadores\/#primaryimage"},"thumbnailUrl":"https:\/\/brasilnoticias.org\/site\/wp-content\/uploads\/2023\/06\/137532em-dois-dias-bruno-reis-sanciona-18-projetos-de-lei-dos-vereadores-3.jpg","articleSection":["Pol\u00edtica","\u00daltimas"],"inLanguage":"pt-PT","potentialAction":[{"@type":"CommentAction","name":"Comment","target":["https:\/\/brasilnoticias.org\/site\/em-dois-dias-bruno-reis-sanciona-18-projetos-de-lei-dos-vereadores\/#respond"]}]},{"@type":"WebPage","@id":"https:\/\/brasilnoticias.org\/site\/em-dois-dias-bruno-reis-sanciona-18-projetos-de-lei-dos-vereadores\/","url":"https:\/\/brasilnoticias.org\/site\/em-dois-dias-bruno-reis-sanciona-18-projetos-de-lei-dos-vereadores\/","name":"Em dois dias, Bruno Reis sanciona 18 projetos de lei dos vereadores - Brasil not\u00edcias","isPartOf":{"@id":"https:\/\/brasilnoticias.org\/site\/#website"},"primaryImageOfPage":{"@id":"https:\/\/brasilnoticias.org\/site\/em-dois-dias-bruno-reis-sanciona-18-projetos-de-lei-dos-vereadores\/#primaryimage"},"image":{"@id":"https:\/\/brasilnoticias.org\/site\/em-dois-dias-bruno-reis-sanciona-18-projetos-de-lei-dos-vereadores\/#primaryimage"},"thumbnailUrl":"https:\/\/brasilnoticias.org\/site\/wp-content\/uploads\/2023\/06\/137532em-dois-dias-bruno-reis-sanciona-18-projetos-de-lei-dos-vereadores-3.jpg","datePublished":"2023-06-14T22:49:30+00:00","breadcrumb":{"@id":"https:\/\/brasilnoticias.org\/site\/em-dois-dias-bruno-reis-sanciona-18-projetos-de-lei-dos-vereadores\/#breadcrumb"},"inLanguage":"pt-PT","potentialAction":[{"@type":"ReadAction","target":["https:\/\/brasilnoticias.org\/site\/em-dois-dias-bruno-reis-sanciona-18-projetos-de-lei-dos-vereadores\/"]}]},{"@type":"ImageObject","inLanguage":"pt-PT","@id":"https:\/\/brasilnoticias.org\/site\/em-dois-dias-bruno-reis-sanciona-18-projetos-de-lei-dos-vereadores\/#primaryimage","url":"https:\/\/brasilnoticias.org\/site\/wp-content\/uploads\/2023\/06\/137532em-dois-dias-bruno-reis-sanciona-18-projetos-de-lei-dos-vereadores-3.jpg","contentUrl":"https:\/\/brasilnoticias.org\/site\/wp-content\/uploads\/2023\/06\/137532em-dois-dias-bruno-reis-sanciona-18-projetos-de-lei-dos-vereadores-3.jpg","width":1600,"height":752},{"@type":"BreadcrumbList","@id":"https:\/\/brasilnoticias.org\/site\/em-dois-dias-bruno-reis-sanciona-18-projetos-de-lei-dos-vereadores\/#breadcrumb","itemListElement":[{"@type":"ListItem","position":1,"name":"In\u00edcio","item":"https:\/\/brasilnoticias.org\/site\/"},{"@type":"ListItem","position":2,"name":"Em dois dias, Bruno Reis sanciona 18 projetos de lei dos vereadores"}]},{"@type":"WebSite","@id":"https:\/\/brasilnoticias.org\/site\/#website","url":"https:\/\/brasilnoticias.org\/site\/","name":"Brasil not\u00edcias","description":"Brasil not\u00edcias","publisher":{"@id":"https:\/\/brasilnoticias.org\/site\/#organization"},"potentialAction":[{"@type":"SearchAction","target":{"@type":"EntryPoint","urlTemplate":"https:\/\/brasilnoticias.org\/site\/?s={search_term_string}"},"query-input":{"@type":"PropertyValueSpecification","valueRequired":true,"valueName":"search_term_string"}}],"inLanguage":"pt-PT"},{"@type":"Organization","@id":"https:\/\/brasilnoticias.org\/site\/#organization","name":"Brasil not\u00edcias","url":"https:\/\/brasilnoticias.org\/site\/","logo":{"@type":"ImageObject","inLanguage":"pt-PT","@id":"https:\/\/brasilnoticias.org\/site\/#\/schema\/logo\/image\/","url":"https:\/\/brasilnoticias.org\/site\/wp-content\/uploads\/2022\/05\/cropped-brasilnoticias-mini.jpg","contentUrl":"https:\/\/brasilnoticias.org\/site\/wp-content\/uploads\/2022\/05\/cropped-brasilnoticias-mini.jpg","width":314,"height":86,"caption":"Brasil not\u00edcias"},"image":{"@id":"https:\/\/brasilnoticias.org\/site\/#\/schema\/logo\/image\/"}},{"@type":"Person","@id":"https:\/\/brasilnoticias.org\/site\/#\/schema\/person\/a0e05b973ec4d15c658d51911e53507b","name":"Reda\u00e7\u00e3o","image":{"@type":"ImageObject","inLanguage":"pt-PT","@id":"https:\/\/brasilnoticias.org\/site\/#\/schema\/person\/image\/","url":"https:\/\/secure.gravatar.com\/avatar\/75d8b050df2de108b08ae78dfb8e374892df24a383c67db9c46a9c604f6aee9c?s=96&d=mm&r=g","contentUrl":"https:\/\/secure.gravatar.com\/avatar\/75d8b050df2de108b08ae78dfb8e374892df24a383c67db9c46a9c604f6aee9c?s=96&d=mm&r=g","caption":"Reda\u00e7\u00e3o"},"sameAs":["https:\/\/brasilnoticias.org\/site"],"url":"https:\/\/brasilnoticias.org\/site\/author\/fernandozsngmail-com\/"}]}},"_links":{"self":[{"href":"https:\/\/brasilnoticias.org\/site\/wp-json\/wp\/v2\/posts\/6672","targetHints":{"allow":["GET"]}}],"collection":[{"href":"https:\/\/brasilnoticias.org\/site\/wp-json\/wp\/v2\/posts"}],"about":[{"href":"https:\/\/brasilnoticias.org\/site\/wp-json\/wp\/v2\/types\/post"}],"author":[{"embeddable":true,"href":"https:\/\/brasilnoticias.org\/site\/wp-json\/wp\/v2\/users\/1"}],"replies":[{"embeddable":true,"href":"https:\/\/brasilnoticias.org\/site\/wp-json\/wp\/v2\/comments?post=6672"}],"version-history":[{"count":1,"href":"https:\/\/brasilnoticias.org\/site\/wp-json\/wp\/v2\/posts\/6672\/revisions"}],"predecessor-version":[{"id":6674,"href":"https:\/\/brasilnoticias.org\/site\/wp-json\/wp\/v2\/posts\/6672\/revisions\/6674"}],"wp:featuredmedia":[{"embeddable":true,"href":"https:\/\/brasilnoticias.org\/site\/wp-json\/wp\/v2\/media\/6673"}],"wp:attachment":[{"href":"https:\/\/brasilnoticias.org\/site\/wp-json\/wp\/v2\/media?parent=6672"}],"wp:term":[{"taxonomy":"category","embeddable":true,"href":"https:\/\/brasilnoticias.org\/site\/wp-json\/wp\/v2\/categories?post=6672"},{"taxonomy":"post_tag","embeddable":true,"href":"https:\/\/brasilnoticias.org\/site\/wp-json\/wp\/v2\/tags?post=6672"}],"curies":[{"name":"wp","href":"https:\/\/api.w.org\/{rel}","templated":true}]}}