{"id":6675,"date":"2023-06-14T19:52:07","date_gmt":"2023-06-14T22:52:07","guid":{"rendered":"https:\/\/brasilnoticias.org\/site\/?p=6675"},"modified":"2023-06-14T19:52:07","modified_gmt":"2023-06-14T22:52:07","slug":"governo-entrega-estacao-campinas-nova-parada-do-metro-salvador-lauro-de-freitas","status":"publish","type":"post","link":"https:\/\/brasilnoticias.org\/site\/governo-entrega-estacao-campinas-nova-parada-do-metro-salvador-lauro-de-freitas\/","title":{"rendered":"Governo entrega Esta\u00e7\u00e3o Campinas, nova parada do metr\u00f4 Salvador-Lauro de Freitas"},"content":{"rendered":"<p>O Governo do Estado da Bahia entregou, nesta quarta-feira (14), a Esta\u00e7\u00e3o Campinas, que faz parte do Tramo 3 do metr\u00f4 Salvador &#8211; Lauro de Freitas, criada para possibilitar a liga\u00e7\u00e3o entre os bairros de Campinas e Piraj\u00e1.<\/p>\n<p>A nova esta\u00e7\u00e3o est\u00e1 prevista para come\u00e7ar a operar de forma assistida ainda durante esta quarta. Inicialmente, ao longo do m\u00eas de junho, n\u00e3o ser\u00e1 cobrada a tarifa entre os trechos Piraj\u00e1\/Campinas e Campinas\/Piraj\u00e1. <\/p>\n<p>A rec\u00e9m-lan\u00e7ada estrutura possui tr\u00eas pavimentos, cinco escadas rolantes e tr\u00eas elevadores, salas t\u00e9cnicas de sinaliza\u00e7\u00e3o, telecomunica\u00e7\u00e3o, gerador, baterias e subesta\u00e7\u00e3o auxiliar, primeiros socorros, almoxarifado, vesti\u00e1rio, transmiss\u00e3o de dados e biciclet\u00e1rio.<\/p>\n<p>\u201cN\u00f3s queremos, com esse trecho, implementar pelo menos 15 mil novos usu\u00e1rios por dia no sistema. Com certeza, isso significa seguran\u00e7a, agilidade, praticidade, mudan\u00e7a de vida para os moradores dessa regi\u00e3o e tamb\u00e9m para aqueles que j\u00e1 usam o metr\u00f4 e que tinham que ficar em Piraj\u00e1, mas agora podem chegar at\u00e9 Campinas e, dentro de poucos dias, chegar at\u00e9 a \u00c1guas Claras&#8221;, declarou a secret\u00e1ria de Desenvolvimento Urbano, Jusmari Oliveira.  <\/p>\n<p>Foto: Rafael Martins\/GOVBA<br \/>\nPor: Metro1 <\/p>\n","protected":false},"excerpt":{"rendered":"<p>O Governo do Estado da Bahia entregou, nesta quarta-feira (14), a Esta\u00e7\u00e3o Campinas, que faz parte do Tramo 3 do<\/p>\n","protected":false},"author":1,"featured_media":6676,"comment_status":"open","ping_status":"open","sticky":false,"template":"","format":"standard","meta":{"colormag_page_container_layout":"default_layout","colormag_page_sidebar_layout":"default_layout","_FSMCFIC_featured_image_caption":"","_FSMCFIC_featured_image_nocaption":"","_FSMCFIC_featured_image_hide":"","footnotes":""},"categories":[2,1],"tags":[],"class_list":["post-6675","post","type-post","status-publish","format-standard","has-post-thumbnail","hentry","category-noticias","category-ultimas"],"yoast_head":"<!-- This site is optimized with the Yoast SEO plugin v27.1.1 - https:\/\/yoast.com\/product\/yoast-seo-wordpress\/ -->\n<title>Governo entrega Esta\u00e7\u00e3o Campinas, nova parada do metr\u00f4 Salvador-Lauro de Freitas - Brasil not\u00edcias<\/title>\n<meta name=\"robots\" content=\"index, follow, max-snippet:-1, max-image-preview:large, max-video-preview:-1\" \/>\n<link rel=\"canonical\" href=\"https:\/\/brasilnoticias.org\/site\/governo-entrega-estacao-campinas-nova-parada-do-metro-salvador-lauro-de-freitas\/\" \/>\n<meta property=\"og:locale\" content=\"pt_PT\" \/>\n<meta property=\"og:type\" content=\"article\" \/>\n<meta property=\"og:title\" content=\"Governo entrega Esta\u00e7\u00e3o Campinas, nova parada do metr\u00f4 Salvador-Lauro de Freitas - Brasil not\u00edcias\" \/>\n<meta property=\"og:description\" content=\"O Governo do Estado da Bahia entregou, nesta quarta-feira (14), a Esta\u00e7\u00e3o Campinas, que faz parte do Tramo 3 do\" \/>\n<meta property=\"og:url\" content=\"https:\/\/brasilnoticias.org\/site\/governo-entrega-estacao-campinas-nova-parada-do-metro-salvador-lauro-de-freitas\/\" \/>\n<meta property=\"og:site_name\" content=\"Brasil not\u00edcias\" \/>\n<meta property=\"article:published_time\" content=\"2023-06-14T22:52:07+00:00\" \/>\n<meta property=\"og:image\" content=\"https:\/\/brasilnoticias.org\/site\/wp-content\/uploads\/2023\/06\/137530governo-entrega-estacao-campinas-nova-parada-do-metro-salvador-lauro-de-freitas-3.jpg\" \/>\n\t<meta property=\"og:image:width\" content=\"1600\" \/>\n\t<meta property=\"og:image:height\" content=\"752\" \/>\n\t<meta property=\"og:image:type\" content=\"image\/jpeg\" \/>\n<meta name=\"author\" content=\"Reda\u00e7\u00e3o\" \/>\n<meta name=\"twitter:card\" content=\"summary_large_image\" \/>\n<meta name=\"twitter:label1\" content=\"Escrito por\" \/>\n\t<meta name=\"twitter:data1\" content=\"Reda\u00e7\u00e3o\" \/>\n<script type=\"application\/ld+json\" class=\"yoast-schema-graph\">{\"@context\":\"https:\/\/schema.org\",\"@graph\":[{\"@type\":\"Article\",\"@id\":\"https:\/\/brasilnoticias.org\/site\/governo-entrega-estacao-campinas-nova-parada-do-metro-salvador-lauro-de-freitas\/#article\",\"isPartOf\":{\"@id\":\"https:\/\/brasilnoticias.org\/site\/governo-entrega-estacao-campinas-nova-parada-do-metro-salvador-lauro-de-freitas\/\"},\"author\":{\"name\":\"Reda\u00e7\u00e3o\",\"@id\":\"https:\/\/brasilnoticias.org\/site\/#\/schema\/person\/a0e05b973ec4d15c658d51911e53507b\"},\"headline\":\"Governo entrega Esta\u00e7\u00e3o Campinas, nova parada do metr\u00f4 Salvador-Lauro de Freitas\",\"datePublished\":\"2023-06-14T22:52:07+00:00\",\"mainEntityOfPage\":{\"@id\":\"https:\/\/brasilnoticias.org\/site\/governo-entrega-estacao-campinas-nova-parada-do-metro-salvador-lauro-de-freitas\/\"},\"wordCount\":215,\"commentCount\":0,\"publisher\":{\"@id\":\"https:\/\/brasilnoticias.org\/site\/#organization\"},\"image\":{\"@id\":\"https:\/\/brasilnoticias.org\/site\/governo-entrega-estacao-campinas-nova-parada-do-metro-salvador-lauro-de-freitas\/#primaryimage\"},\"thumbnailUrl\":\"https:\/\/brasilnoticias.org\/site\/wp-content\/uploads\/2023\/06\/137530governo-entrega-estacao-campinas-nova-parada-do-metro-salvador-lauro-de-freitas-3.jpg\",\"articleSection\":[\"Not\u00edcias\",\"\u00daltimas\"],\"inLanguage\":\"pt-PT\",\"potentialAction\":[{\"@type\":\"CommentAction\",\"name\":\"Comment\",\"target\":[\"https:\/\/brasilnoticias.org\/site\/governo-entrega-estacao-campinas-nova-parada-do-metro-salvador-lauro-de-freitas\/#respond\"]}]},{\"@type\":\"WebPage\",\"@id\":\"https:\/\/brasilnoticias.org\/site\/governo-entrega-estacao-campinas-nova-parada-do-metro-salvador-lauro-de-freitas\/\",\"url\":\"https:\/\/brasilnoticias.org\/site\/governo-entrega-estacao-campinas-nova-parada-do-metro-salvador-lauro-de-freitas\/\",\"name\":\"Governo entrega Esta\u00e7\u00e3o Campinas, nova parada do metr\u00f4 Salvador-Lauro de Freitas - Brasil not\u00edcias\",\"isPartOf\":{\"@id\":\"https:\/\/brasilnoticias.org\/site\/#website\"},\"primaryImageOfPage\":{\"@id\":\"https:\/\/brasilnoticias.org\/site\/governo-entrega-estacao-campinas-nova-parada-do-metro-salvador-lauro-de-freitas\/#primaryimage\"},\"image\":{\"@id\":\"https:\/\/brasilnoticias.org\/site\/governo-entrega-estacao-campinas-nova-parada-do-metro-salvador-lauro-de-freitas\/#primaryimage\"},\"thumbnailUrl\":\"https:\/\/brasilnoticias.org\/site\/wp-content\/uploads\/2023\/06\/137530governo-entrega-estacao-campinas-nova-parada-do-metro-salvador-lauro-de-freitas-3.jpg\",\"datePublished\":\"2023-06-14T22:52:07+00:00\",\"breadcrumb\":{\"@id\":\"https:\/\/brasilnoticias.org\/site\/governo-entrega-estacao-campinas-nova-parada-do-metro-salvador-lauro-de-freitas\/#breadcrumb\"},\"inLanguage\":\"pt-PT\",\"potentialAction\":[{\"@type\":\"ReadAction\",\"target\":[\"https:\/\/brasilnoticias.org\/site\/governo-entrega-estacao-campinas-nova-parada-do-metro-salvador-lauro-de-freitas\/\"]}]},{\"@type\":\"ImageObject\",\"inLanguage\":\"pt-PT\",\"@id\":\"https:\/\/brasilnoticias.org\/site\/governo-entrega-estacao-campinas-nova-parada-do-metro-salvador-lauro-de-freitas\/#primaryimage\",\"url\":\"https:\/\/brasilnoticias.org\/site\/wp-content\/uploads\/2023\/06\/137530governo-entrega-estacao-campinas-nova-parada-do-metro-salvador-lauro-de-freitas-3.jpg\",\"contentUrl\":\"https:\/\/brasilnoticias.org\/site\/wp-content\/uploads\/2023\/06\/137530governo-entrega-estacao-campinas-nova-parada-do-metro-salvador-lauro-de-freitas-3.jpg\",\"width\":1600,\"height\":752},{\"@type\":\"BreadcrumbList\",\"@id\":\"https:\/\/brasilnoticias.org\/site\/governo-entrega-estacao-campinas-nova-parada-do-metro-salvador-lauro-de-freitas\/#breadcrumb\",\"itemListElement\":[{\"@type\":\"ListItem\",\"position\":1,\"name\":\"In\u00edcio\",\"item\":\"https:\/\/brasilnoticias.org\/site\/\"},{\"@type\":\"ListItem\",\"position\":2,\"name\":\"Governo entrega Esta\u00e7\u00e3o Campinas, nova parada do metr\u00f4 Salvador-Lauro de Freitas\"}]},{\"@type\":\"WebSite\",\"@id\":\"https:\/\/brasilnoticias.org\/site\/#website\",\"url\":\"https:\/\/brasilnoticias.org\/site\/\",\"name\":\"Brasil not\u00edcias\",\"description\":\"Brasil not\u00edcias\",\"publisher\":{\"@id\":\"https:\/\/brasilnoticias.org\/site\/#organization\"},\"potentialAction\":[{\"@type\":\"SearchAction\",\"target\":{\"@type\":\"EntryPoint\",\"urlTemplate\":\"https:\/\/brasilnoticias.org\/site\/?s={search_term_string}\"},\"query-input\":{\"@type\":\"PropertyValueSpecification\",\"valueRequired\":true,\"valueName\":\"search_term_string\"}}],\"inLanguage\":\"pt-PT\"},{\"@type\":\"Organization\",\"@id\":\"https:\/\/brasilnoticias.org\/site\/#organization\",\"name\":\"Brasil not\u00edcias\",\"url\":\"https:\/\/brasilnoticias.org\/site\/\",\"logo\":{\"@type\":\"ImageObject\",\"inLanguage\":\"pt-PT\",\"@id\":\"https:\/\/brasilnoticias.org\/site\/#\/schema\/logo\/image\/\",\"url\":\"https:\/\/brasilnoticias.org\/site\/wp-content\/uploads\/2022\/05\/cropped-brasilnoticias-mini.jpg\",\"contentUrl\":\"https:\/\/brasilnoticias.org\/site\/wp-content\/uploads\/2022\/05\/cropped-brasilnoticias-mini.jpg\",\"width\":314,\"height\":86,\"caption\":\"Brasil not\u00edcias\"},\"image\":{\"@id\":\"https:\/\/brasilnoticias.org\/site\/#\/schema\/logo\/image\/\"}},{\"@type\":\"Person\",\"@id\":\"https:\/\/brasilnoticias.org\/site\/#\/schema\/person\/a0e05b973ec4d15c658d51911e53507b\",\"name\":\"Reda\u00e7\u00e3o\",\"image\":{\"@type\":\"ImageObject\",\"inLanguage\":\"pt-PT\",\"@id\":\"https:\/\/brasilnoticias.org\/site\/#\/schema\/person\/image\/\",\"url\":\"https:\/\/secure.gravatar.com\/avatar\/75d8b050df2de108b08ae78dfb8e374892df24a383c67db9c46a9c604f6aee9c?s=96&d=mm&r=g\",\"contentUrl\":\"https:\/\/secure.gravatar.com\/avatar\/75d8b050df2de108b08ae78dfb8e374892df24a383c67db9c46a9c604f6aee9c?s=96&d=mm&r=g\",\"caption\":\"Reda\u00e7\u00e3o\"},\"sameAs\":[\"https:\/\/brasilnoticias.org\/site\"],\"url\":\"https:\/\/brasilnoticias.org\/site\/author\/fernandozsngmail-com\/\"}]}<\/script>\n<!-- \/ Yoast SEO plugin. -->","yoast_head_json":{"title":"Governo entrega Esta\u00e7\u00e3o Campinas, nova parada do metr\u00f4 Salvador-Lauro de Freitas - Brasil not\u00edcias","robots":{"index":"index","follow":"follow","max-snippet":"max-snippet:-1","max-image-preview":"max-image-preview:large","max-video-preview":"max-video-preview:-1"},"canonical":"https:\/\/brasilnoticias.org\/site\/governo-entrega-estacao-campinas-nova-parada-do-metro-salvador-lauro-de-freitas\/","og_locale":"pt_PT","og_type":"article","og_title":"Governo entrega Esta\u00e7\u00e3o Campinas, nova parada do metr\u00f4 Salvador-Lauro de Freitas - Brasil not\u00edcias","og_description":"O Governo do Estado da Bahia entregou, nesta quarta-feira (14), a Esta\u00e7\u00e3o Campinas, que faz parte do Tramo 3 do","og_url":"https:\/\/brasilnoticias.org\/site\/governo-entrega-estacao-campinas-nova-parada-do-metro-salvador-lauro-de-freitas\/","og_site_name":"Brasil not\u00edcias","article_published_time":"2023-06-14T22:52:07+00:00","og_image":[{"width":1600,"height":752,"url":"https:\/\/brasilnoticias.org\/site\/wp-content\/uploads\/2023\/06\/137530governo-entrega-estacao-campinas-nova-parada-do-metro-salvador-lauro-de-freitas-3.jpg","type":"image\/jpeg"}],"author":"Reda\u00e7\u00e3o","twitter_card":"summary_large_image","twitter_misc":{"Escrito por":"Reda\u00e7\u00e3o"},"schema":{"@context":"https:\/\/schema.org","@graph":[{"@type":"Article","@id":"https:\/\/brasilnoticias.org\/site\/governo-entrega-estacao-campinas-nova-parada-do-metro-salvador-lauro-de-freitas\/#article","isPartOf":{"@id":"https:\/\/brasilnoticias.org\/site\/governo-entrega-estacao-campinas-nova-parada-do-metro-salvador-lauro-de-freitas\/"},"author":{"name":"Reda\u00e7\u00e3o","@id":"https:\/\/brasilnoticias.org\/site\/#\/schema\/person\/a0e05b973ec4d15c658d51911e53507b"},"headline":"Governo entrega Esta\u00e7\u00e3o Campinas, nova parada do metr\u00f4 Salvador-Lauro de Freitas","datePublished":"2023-06-14T22:52:07+00:00","mainEntityOfPage":{"@id":"https:\/\/brasilnoticias.org\/site\/governo-entrega-estacao-campinas-nova-parada-do-metro-salvador-lauro-de-freitas\/"},"wordCount":215,"commentCount":0,"publisher":{"@id":"https:\/\/brasilnoticias.org\/site\/#organization"},"image":{"@id":"https:\/\/brasilnoticias.org\/site\/governo-entrega-estacao-campinas-nova-parada-do-metro-salvador-lauro-de-freitas\/#primaryimage"},"thumbnailUrl":"https:\/\/brasilnoticias.org\/site\/wp-content\/uploads\/2023\/06\/137530governo-entrega-estacao-campinas-nova-parada-do-metro-salvador-lauro-de-freitas-3.jpg","articleSection":["Not\u00edcias","\u00daltimas"],"inLanguage":"pt-PT","potentialAction":[{"@type":"CommentAction","name":"Comment","target":["https:\/\/brasilnoticias.org\/site\/governo-entrega-estacao-campinas-nova-parada-do-metro-salvador-lauro-de-freitas\/#respond"]}]},{"@type":"WebPage","@id":"https:\/\/brasilnoticias.org\/site\/governo-entrega-estacao-campinas-nova-parada-do-metro-salvador-lauro-de-freitas\/","url":"https:\/\/brasilnoticias.org\/site\/governo-entrega-estacao-campinas-nova-parada-do-metro-salvador-lauro-de-freitas\/","name":"Governo entrega Esta\u00e7\u00e3o Campinas, nova parada do metr\u00f4 Salvador-Lauro de Freitas - Brasil not\u00edcias","isPartOf":{"@id":"https:\/\/brasilnoticias.org\/site\/#website"},"primaryImageOfPage":{"@id":"https:\/\/brasilnoticias.org\/site\/governo-entrega-estacao-campinas-nova-parada-do-metro-salvador-lauro-de-freitas\/#primaryimage"},"image":{"@id":"https:\/\/brasilnoticias.org\/site\/governo-entrega-estacao-campinas-nova-parada-do-metro-salvador-lauro-de-freitas\/#primaryimage"},"thumbnailUrl":"https:\/\/brasilnoticias.org\/site\/wp-content\/uploads\/2023\/06\/137530governo-entrega-estacao-campinas-nova-parada-do-metro-salvador-lauro-de-freitas-3.jpg","datePublished":"2023-06-14T22:52:07+00:00","breadcrumb":{"@id":"https:\/\/brasilnoticias.org\/site\/governo-entrega-estacao-campinas-nova-parada-do-metro-salvador-lauro-de-freitas\/#breadcrumb"},"inLanguage":"pt-PT","potentialAction":[{"@type":"ReadAction","target":["https:\/\/brasilnoticias.org\/site\/governo-entrega-estacao-campinas-nova-parada-do-metro-salvador-lauro-de-freitas\/"]}]},{"@type":"ImageObject","inLanguage":"pt-PT","@id":"https:\/\/brasilnoticias.org\/site\/governo-entrega-estacao-campinas-nova-parada-do-metro-salvador-lauro-de-freitas\/#primaryimage","url":"https:\/\/brasilnoticias.org\/site\/wp-content\/uploads\/2023\/06\/137530governo-entrega-estacao-campinas-nova-parada-do-metro-salvador-lauro-de-freitas-3.jpg","contentUrl":"https:\/\/brasilnoticias.org\/site\/wp-content\/uploads\/2023\/06\/137530governo-entrega-estacao-campinas-nova-parada-do-metro-salvador-lauro-de-freitas-3.jpg","width":1600,"height":752},{"@type":"BreadcrumbList","@id":"https:\/\/brasilnoticias.org\/site\/governo-entrega-estacao-campinas-nova-parada-do-metro-salvador-lauro-de-freitas\/#breadcrumb","itemListElement":[{"@type":"ListItem","position":1,"name":"In\u00edcio","item":"https:\/\/brasilnoticias.org\/site\/"},{"@type":"ListItem","position":2,"name":"Governo entrega Esta\u00e7\u00e3o Campinas, nova parada do metr\u00f4 Salvador-Lauro de Freitas"}]},{"@type":"WebSite","@id":"https:\/\/brasilnoticias.org\/site\/#website","url":"https:\/\/brasilnoticias.org\/site\/","name":"Brasil not\u00edcias","description":"Brasil not\u00edcias","publisher":{"@id":"https:\/\/brasilnoticias.org\/site\/#organization"},"potentialAction":[{"@type":"SearchAction","target":{"@type":"EntryPoint","urlTemplate":"https:\/\/brasilnoticias.org\/site\/?s={search_term_string}"},"query-input":{"@type":"PropertyValueSpecification","valueRequired":true,"valueName":"search_term_string"}}],"inLanguage":"pt-PT"},{"@type":"Organization","@id":"https:\/\/brasilnoticias.org\/site\/#organization","name":"Brasil not\u00edcias","url":"https:\/\/brasilnoticias.org\/site\/","logo":{"@type":"ImageObject","inLanguage":"pt-PT","@id":"https:\/\/brasilnoticias.org\/site\/#\/schema\/logo\/image\/","url":"https:\/\/brasilnoticias.org\/site\/wp-content\/uploads\/2022\/05\/cropped-brasilnoticias-mini.jpg","contentUrl":"https:\/\/brasilnoticias.org\/site\/wp-content\/uploads\/2022\/05\/cropped-brasilnoticias-mini.jpg","width":314,"height":86,"caption":"Brasil not\u00edcias"},"image":{"@id":"https:\/\/brasilnoticias.org\/site\/#\/schema\/logo\/image\/"}},{"@type":"Person","@id":"https:\/\/brasilnoticias.org\/site\/#\/schema\/person\/a0e05b973ec4d15c658d51911e53507b","name":"Reda\u00e7\u00e3o","image":{"@type":"ImageObject","inLanguage":"pt-PT","@id":"https:\/\/brasilnoticias.org\/site\/#\/schema\/person\/image\/","url":"https:\/\/secure.gravatar.com\/avatar\/75d8b050df2de108b08ae78dfb8e374892df24a383c67db9c46a9c604f6aee9c?s=96&d=mm&r=g","contentUrl":"https:\/\/secure.gravatar.com\/avatar\/75d8b050df2de108b08ae78dfb8e374892df24a383c67db9c46a9c604f6aee9c?s=96&d=mm&r=g","caption":"Reda\u00e7\u00e3o"},"sameAs":["https:\/\/brasilnoticias.org\/site"],"url":"https:\/\/brasilnoticias.org\/site\/author\/fernandozsngmail-com\/"}]}},"_links":{"self":[{"href":"https:\/\/brasilnoticias.org\/site\/wp-json\/wp\/v2\/posts\/6675","targetHints":{"allow":["GET"]}}],"collection":[{"href":"https:\/\/brasilnoticias.org\/site\/wp-json\/wp\/v2\/posts"}],"about":[{"href":"https:\/\/brasilnoticias.org\/site\/wp-json\/wp\/v2\/types\/post"}],"author":[{"embeddable":true,"href":"https:\/\/brasilnoticias.org\/site\/wp-json\/wp\/v2\/users\/1"}],"replies":[{"embeddable":true,"href":"https:\/\/brasilnoticias.org\/site\/wp-json\/wp\/v2\/comments?post=6675"}],"version-history":[{"count":1,"href":"https:\/\/brasilnoticias.org\/site\/wp-json\/wp\/v2\/posts\/6675\/revisions"}],"predecessor-version":[{"id":6677,"href":"https:\/\/brasilnoticias.org\/site\/wp-json\/wp\/v2\/posts\/6675\/revisions\/6677"}],"wp:featuredmedia":[{"embeddable":true,"href":"https:\/\/brasilnoticias.org\/site\/wp-json\/wp\/v2\/media\/6676"}],"wp:attachment":[{"href":"https:\/\/brasilnoticias.org\/site\/wp-json\/wp\/v2\/media?parent=6675"}],"wp:term":[{"taxonomy":"category","embeddable":true,"href":"https:\/\/brasilnoticias.org\/site\/wp-json\/wp\/v2\/categories?post=6675"},{"taxonomy":"post_tag","embeddable":true,"href":"https:\/\/brasilnoticias.org\/site\/wp-json\/wp\/v2\/tags?post=6675"}],"curies":[{"name":"wp","href":"https:\/\/api.w.org\/{rel}","templated":true}]}}