{"id":6678,"date":"2023-06-15T06:33:40","date_gmt":"2023-06-15T09:33:40","guid":{"rendered":"https:\/\/brasilnoticias.org\/site\/?p=6678"},"modified":"2023-06-15T06:33:40","modified_gmt":"2023-06-15T09:33:40","slug":"bahia-lanca-boneco-de-um-dos-seus-principais-jogadores-saiba-quem","status":"publish","type":"post","link":"https:\/\/brasilnoticias.org\/site\/bahia-lanca-boneco-de-um-dos-seus-principais-jogadores-saiba-quem\/","title":{"rendered":"Bahia lan\u00e7a boneco de um dos seus principais jogadores; saiba quem"},"content":{"rendered":"<p>o O Bahia apresentou, na noite desta quarta-feira (14), uma novidade especial para os seus torcedore. O atacante Victor Jacar\u00e9 ganhou um boneco para chamar de seu.<\/p>\n<p>Em suas redes sociais, o time tricolor anunciou a chegada de &#8220;Jaquinha&#8221; que j\u00e1 est\u00e1 dispon\u00edvel para venda no site da Loja Esquadr\u00e3o. Para quem se interessar em comprar presencialmente, o produto estar\u00e1 acess\u00edvel a partir das 9h desta quinta-feira (15), na Arena Fonte Nova.<\/p>\n<blockquote class=\"twitter-tweet\">\n<p lang=\"pt\" dir=\"ltr\">\ud83d\udc0a Chegou o mais novo membro da fam\u00edlia tricolor! \ud83d\udd35\ud83d\udd34\u26aa\ufe0f Boneco do atacante Jacar\u00e9 j\u00e1 dispon\u00edvel na Loja Online (<a href=\"https:\/\/t.co\/EAI4hIjvAf\">https:\/\/t.co\/EAI4hIjvAf<\/a>) e na Fonte Nova, a partir das 9h desta quinta. <a href=\"https:\/\/twitter.com\/hashtag\/BBMP?src=hash&amp;ref_src=twsrc%5Etfw\">#BBMP<\/a> <a href=\"https:\/\/twitter.com\/hashtag\/Jaquinha?src=hash&amp;ref_src=twsrc%5Etfw\">#Jaquinha<\/a> <a href=\"https:\/\/t.co\/KtFiWGOpTo\">pic.twitter.com\/KtFiWGOpTo<\/a><\/p>\n<p>&mdash; Esporte Clube Bahia (@ecbahia) <a href=\"https:\/\/twitter.com\/ecbahia\/status\/1669106372275761155?ref_src=twsrc%5Etfw\">June 14, 2023<\/a><\/p><\/blockquote>\n<p> <script async src=\"https:\/\/platform.twitter.com\/widgets.js\" charset=\"utf-8\"><\/script><\/p>\n<p>Vale lembrar que o Bahia n\u00e3o est\u00e1 vivendo o seu melhor momento no Brasileir\u00e3o, com sete jogadores no departamento m\u00e9dico, incluido o pr\u00f3prio Jacar\u00e9, que s\u00f3 deve voltar a campo daqui a dois meses. <\/p>\n<p>BNews<br \/>\nFoto Felipe Oliveira\/Esporte Clube Bahia<\/p>\n","protected":false},"excerpt":{"rendered":"<p>o O Bahia apresentou, na noite desta quarta-feira (14), uma novidade especial para os seus torcedore. O atacante Victor Jacar\u00e9<\/p>\n","protected":false},"author":1,"featured_media":6679,"comment_status":"open","ping_status":"open","sticky":false,"template":"","format":"standard","meta":{"colormag_page_container_layout":"default_layout","colormag_page_sidebar_layout":"default_layout","_FSMCFIC_featured_image_caption":"","_FSMCFIC_featured_image_nocaption":"","_FSMCFIC_featured_image_hide":"","footnotes":""},"categories":[4,1],"tags":[],"class_list":["post-6678","post","type-post","status-publish","format-standard","has-post-thumbnail","hentry","category-esporte","category-ultimas"],"yoast_head":"<!-- This site is optimized with the Yoast SEO plugin v27.1.1 - https:\/\/yoast.com\/product\/yoast-seo-wordpress\/ -->\n<title>Bahia lan\u00e7a boneco de um dos seus principais jogadores; saiba quem - Brasil not\u00edcias<\/title>\n<meta name=\"robots\" content=\"index, follow, max-snippet:-1, max-image-preview:large, max-video-preview:-1\" \/>\n<link rel=\"canonical\" href=\"https:\/\/brasilnoticias.org\/site\/bahia-lanca-boneco-de-um-dos-seus-principais-jogadores-saiba-quem\/\" \/>\n<meta property=\"og:locale\" content=\"pt_PT\" \/>\n<meta property=\"og:type\" content=\"article\" \/>\n<meta property=\"og:title\" content=\"Bahia lan\u00e7a boneco de um dos seus principais jogadores; saiba quem - Brasil not\u00edcias\" \/>\n<meta property=\"og:description\" content=\"o O Bahia apresentou, na noite desta quarta-feira (14), uma novidade especial para os seus torcedore. O atacante Victor Jacar\u00e9\" \/>\n<meta property=\"og:url\" content=\"https:\/\/brasilnoticias.org\/site\/bahia-lanca-boneco-de-um-dos-seus-principais-jogadores-saiba-quem\/\" \/>\n<meta property=\"og:site_name\" content=\"Brasil not\u00edcias\" \/>\n<meta property=\"article:published_time\" content=\"2023-06-15T09:33:40+00:00\" \/>\n<meta property=\"og:image\" content=\"https:\/\/brasilnoticias.org\/site\/wp-content\/uploads\/2023\/06\/torcida_do_bahia_widelg_widelg.jpg\" \/>\n\t<meta property=\"og:image:width\" content=\"800\" \/>\n\t<meta property=\"og:image:height\" content=\"450\" \/>\n\t<meta property=\"og:image:type\" content=\"image\/jpeg\" \/>\n<meta name=\"author\" content=\"Reda\u00e7\u00e3o\" \/>\n<meta name=\"twitter:card\" content=\"summary_large_image\" \/>\n<meta name=\"twitter:label1\" content=\"Escrito por\" \/>\n\t<meta name=\"twitter:data1\" content=\"Reda\u00e7\u00e3o\" \/>\n<script type=\"application\/ld+json\" class=\"yoast-schema-graph\">{\"@context\":\"https:\/\/schema.org\",\"@graph\":[{\"@type\":\"Article\",\"@id\":\"https:\/\/brasilnoticias.org\/site\/bahia-lanca-boneco-de-um-dos-seus-principais-jogadores-saiba-quem\/#article\",\"isPartOf\":{\"@id\":\"https:\/\/brasilnoticias.org\/site\/bahia-lanca-boneco-de-um-dos-seus-principais-jogadores-saiba-quem\/\"},\"author\":{\"name\":\"Reda\u00e7\u00e3o\",\"@id\":\"https:\/\/brasilnoticias.org\/site\/#\/schema\/person\/a0e05b973ec4d15c658d51911e53507b\"},\"headline\":\"Bahia lan\u00e7a boneco de um dos seus principais jogadores; saiba quem\",\"datePublished\":\"2023-06-15T09:33:40+00:00\",\"mainEntityOfPage\":{\"@id\":\"https:\/\/brasilnoticias.org\/site\/bahia-lanca-boneco-de-um-dos-seus-principais-jogadores-saiba-quem\/\"},\"wordCount\":176,\"commentCount\":0,\"publisher\":{\"@id\":\"https:\/\/brasilnoticias.org\/site\/#organization\"},\"image\":{\"@id\":\"https:\/\/brasilnoticias.org\/site\/bahia-lanca-boneco-de-um-dos-seus-principais-jogadores-saiba-quem\/#primaryimage\"},\"thumbnailUrl\":\"https:\/\/brasilnoticias.org\/site\/wp-content\/uploads\/2023\/06\/torcida_do_bahia_widelg_widelg.jpg\",\"articleSection\":[\"Esporte\",\"\u00daltimas\"],\"inLanguage\":\"pt-PT\",\"potentialAction\":[{\"@type\":\"CommentAction\",\"name\":\"Comment\",\"target\":[\"https:\/\/brasilnoticias.org\/site\/bahia-lanca-boneco-de-um-dos-seus-principais-jogadores-saiba-quem\/#respond\"]}]},{\"@type\":\"WebPage\",\"@id\":\"https:\/\/brasilnoticias.org\/site\/bahia-lanca-boneco-de-um-dos-seus-principais-jogadores-saiba-quem\/\",\"url\":\"https:\/\/brasilnoticias.org\/site\/bahia-lanca-boneco-de-um-dos-seus-principais-jogadores-saiba-quem\/\",\"name\":\"Bahia lan\u00e7a boneco de um dos seus principais jogadores; saiba quem - Brasil not\u00edcias\",\"isPartOf\":{\"@id\":\"https:\/\/brasilnoticias.org\/site\/#website\"},\"primaryImageOfPage\":{\"@id\":\"https:\/\/brasilnoticias.org\/site\/bahia-lanca-boneco-de-um-dos-seus-principais-jogadores-saiba-quem\/#primaryimage\"},\"image\":{\"@id\":\"https:\/\/brasilnoticias.org\/site\/bahia-lanca-boneco-de-um-dos-seus-principais-jogadores-saiba-quem\/#primaryimage\"},\"thumbnailUrl\":\"https:\/\/brasilnoticias.org\/site\/wp-content\/uploads\/2023\/06\/torcida_do_bahia_widelg_widelg.jpg\",\"datePublished\":\"2023-06-15T09:33:40+00:00\",\"breadcrumb\":{\"@id\":\"https:\/\/brasilnoticias.org\/site\/bahia-lanca-boneco-de-um-dos-seus-principais-jogadores-saiba-quem\/#breadcrumb\"},\"inLanguage\":\"pt-PT\",\"potentialAction\":[{\"@type\":\"ReadAction\",\"target\":[\"https:\/\/brasilnoticias.org\/site\/bahia-lanca-boneco-de-um-dos-seus-principais-jogadores-saiba-quem\/\"]}]},{\"@type\":\"ImageObject\",\"inLanguage\":\"pt-PT\",\"@id\":\"https:\/\/brasilnoticias.org\/site\/bahia-lanca-boneco-de-um-dos-seus-principais-jogadores-saiba-quem\/#primaryimage\",\"url\":\"https:\/\/brasilnoticias.org\/site\/wp-content\/uploads\/2023\/06\/torcida_do_bahia_widelg_widelg.jpg\",\"contentUrl\":\"https:\/\/brasilnoticias.org\/site\/wp-content\/uploads\/2023\/06\/torcida_do_bahia_widelg_widelg.jpg\",\"width\":800,\"height\":450},{\"@type\":\"BreadcrumbList\",\"@id\":\"https:\/\/brasilnoticias.org\/site\/bahia-lanca-boneco-de-um-dos-seus-principais-jogadores-saiba-quem\/#breadcrumb\",\"itemListElement\":[{\"@type\":\"ListItem\",\"position\":1,\"name\":\"In\u00edcio\",\"item\":\"https:\/\/brasilnoticias.org\/site\/\"},{\"@type\":\"ListItem\",\"position\":2,\"name\":\"Bahia lan\u00e7a boneco de um dos seus principais jogadores; saiba quem\"}]},{\"@type\":\"WebSite\",\"@id\":\"https:\/\/brasilnoticias.org\/site\/#website\",\"url\":\"https:\/\/brasilnoticias.org\/site\/\",\"name\":\"Brasil not\u00edcias\",\"description\":\"Brasil not\u00edcias\",\"publisher\":{\"@id\":\"https:\/\/brasilnoticias.org\/site\/#organization\"},\"potentialAction\":[{\"@type\":\"SearchAction\",\"target\":{\"@type\":\"EntryPoint\",\"urlTemplate\":\"https:\/\/brasilnoticias.org\/site\/?s={search_term_string}\"},\"query-input\":{\"@type\":\"PropertyValueSpecification\",\"valueRequired\":true,\"valueName\":\"search_term_string\"}}],\"inLanguage\":\"pt-PT\"},{\"@type\":\"Organization\",\"@id\":\"https:\/\/brasilnoticias.org\/site\/#organization\",\"name\":\"Brasil not\u00edcias\",\"url\":\"https:\/\/brasilnoticias.org\/site\/\",\"logo\":{\"@type\":\"ImageObject\",\"inLanguage\":\"pt-PT\",\"@id\":\"https:\/\/brasilnoticias.org\/site\/#\/schema\/logo\/image\/\",\"url\":\"https:\/\/brasilnoticias.org\/site\/wp-content\/uploads\/2022\/05\/cropped-brasilnoticias-mini.jpg\",\"contentUrl\":\"https:\/\/brasilnoticias.org\/site\/wp-content\/uploads\/2022\/05\/cropped-brasilnoticias-mini.jpg\",\"width\":314,\"height\":86,\"caption\":\"Brasil not\u00edcias\"},\"image\":{\"@id\":\"https:\/\/brasilnoticias.org\/site\/#\/schema\/logo\/image\/\"}},{\"@type\":\"Person\",\"@id\":\"https:\/\/brasilnoticias.org\/site\/#\/schema\/person\/a0e05b973ec4d15c658d51911e53507b\",\"name\":\"Reda\u00e7\u00e3o\",\"image\":{\"@type\":\"ImageObject\",\"inLanguage\":\"pt-PT\",\"@id\":\"https:\/\/brasilnoticias.org\/site\/#\/schema\/person\/image\/\",\"url\":\"https:\/\/secure.gravatar.com\/avatar\/75d8b050df2de108b08ae78dfb8e374892df24a383c67db9c46a9c604f6aee9c?s=96&d=mm&r=g\",\"contentUrl\":\"https:\/\/secure.gravatar.com\/avatar\/75d8b050df2de108b08ae78dfb8e374892df24a383c67db9c46a9c604f6aee9c?s=96&d=mm&r=g\",\"caption\":\"Reda\u00e7\u00e3o\"},\"sameAs\":[\"https:\/\/brasilnoticias.org\/site\"],\"url\":\"https:\/\/brasilnoticias.org\/site\/author\/fernandozsngmail-com\/\"}]}<\/script>\n<!-- \/ Yoast SEO plugin. -->","yoast_head_json":{"title":"Bahia lan\u00e7a boneco de um dos seus principais jogadores; saiba quem - Brasil not\u00edcias","robots":{"index":"index","follow":"follow","max-snippet":"max-snippet:-1","max-image-preview":"max-image-preview:large","max-video-preview":"max-video-preview:-1"},"canonical":"https:\/\/brasilnoticias.org\/site\/bahia-lanca-boneco-de-um-dos-seus-principais-jogadores-saiba-quem\/","og_locale":"pt_PT","og_type":"article","og_title":"Bahia lan\u00e7a boneco de um dos seus principais jogadores; saiba quem - Brasil not\u00edcias","og_description":"o O Bahia apresentou, na noite desta quarta-feira (14), uma novidade especial para os seus torcedore. O atacante Victor Jacar\u00e9","og_url":"https:\/\/brasilnoticias.org\/site\/bahia-lanca-boneco-de-um-dos-seus-principais-jogadores-saiba-quem\/","og_site_name":"Brasil not\u00edcias","article_published_time":"2023-06-15T09:33:40+00:00","og_image":[{"width":800,"height":450,"url":"https:\/\/brasilnoticias.org\/site\/wp-content\/uploads\/2023\/06\/torcida_do_bahia_widelg_widelg.jpg","type":"image\/jpeg"}],"author":"Reda\u00e7\u00e3o","twitter_card":"summary_large_image","twitter_misc":{"Escrito por":"Reda\u00e7\u00e3o"},"schema":{"@context":"https:\/\/schema.org","@graph":[{"@type":"Article","@id":"https:\/\/brasilnoticias.org\/site\/bahia-lanca-boneco-de-um-dos-seus-principais-jogadores-saiba-quem\/#article","isPartOf":{"@id":"https:\/\/brasilnoticias.org\/site\/bahia-lanca-boneco-de-um-dos-seus-principais-jogadores-saiba-quem\/"},"author":{"name":"Reda\u00e7\u00e3o","@id":"https:\/\/brasilnoticias.org\/site\/#\/schema\/person\/a0e05b973ec4d15c658d51911e53507b"},"headline":"Bahia lan\u00e7a boneco de um dos seus principais jogadores; saiba quem","datePublished":"2023-06-15T09:33:40+00:00","mainEntityOfPage":{"@id":"https:\/\/brasilnoticias.org\/site\/bahia-lanca-boneco-de-um-dos-seus-principais-jogadores-saiba-quem\/"},"wordCount":176,"commentCount":0,"publisher":{"@id":"https:\/\/brasilnoticias.org\/site\/#organization"},"image":{"@id":"https:\/\/brasilnoticias.org\/site\/bahia-lanca-boneco-de-um-dos-seus-principais-jogadores-saiba-quem\/#primaryimage"},"thumbnailUrl":"https:\/\/brasilnoticias.org\/site\/wp-content\/uploads\/2023\/06\/torcida_do_bahia_widelg_widelg.jpg","articleSection":["Esporte","\u00daltimas"],"inLanguage":"pt-PT","potentialAction":[{"@type":"CommentAction","name":"Comment","target":["https:\/\/brasilnoticias.org\/site\/bahia-lanca-boneco-de-um-dos-seus-principais-jogadores-saiba-quem\/#respond"]}]},{"@type":"WebPage","@id":"https:\/\/brasilnoticias.org\/site\/bahia-lanca-boneco-de-um-dos-seus-principais-jogadores-saiba-quem\/","url":"https:\/\/brasilnoticias.org\/site\/bahia-lanca-boneco-de-um-dos-seus-principais-jogadores-saiba-quem\/","name":"Bahia lan\u00e7a boneco de um dos seus principais jogadores; saiba quem - Brasil not\u00edcias","isPartOf":{"@id":"https:\/\/brasilnoticias.org\/site\/#website"},"primaryImageOfPage":{"@id":"https:\/\/brasilnoticias.org\/site\/bahia-lanca-boneco-de-um-dos-seus-principais-jogadores-saiba-quem\/#primaryimage"},"image":{"@id":"https:\/\/brasilnoticias.org\/site\/bahia-lanca-boneco-de-um-dos-seus-principais-jogadores-saiba-quem\/#primaryimage"},"thumbnailUrl":"https:\/\/brasilnoticias.org\/site\/wp-content\/uploads\/2023\/06\/torcida_do_bahia_widelg_widelg.jpg","datePublished":"2023-06-15T09:33:40+00:00","breadcrumb":{"@id":"https:\/\/brasilnoticias.org\/site\/bahia-lanca-boneco-de-um-dos-seus-principais-jogadores-saiba-quem\/#breadcrumb"},"inLanguage":"pt-PT","potentialAction":[{"@type":"ReadAction","target":["https:\/\/brasilnoticias.org\/site\/bahia-lanca-boneco-de-um-dos-seus-principais-jogadores-saiba-quem\/"]}]},{"@type":"ImageObject","inLanguage":"pt-PT","@id":"https:\/\/brasilnoticias.org\/site\/bahia-lanca-boneco-de-um-dos-seus-principais-jogadores-saiba-quem\/#primaryimage","url":"https:\/\/brasilnoticias.org\/site\/wp-content\/uploads\/2023\/06\/torcida_do_bahia_widelg_widelg.jpg","contentUrl":"https:\/\/brasilnoticias.org\/site\/wp-content\/uploads\/2023\/06\/torcida_do_bahia_widelg_widelg.jpg","width":800,"height":450},{"@type":"BreadcrumbList","@id":"https:\/\/brasilnoticias.org\/site\/bahia-lanca-boneco-de-um-dos-seus-principais-jogadores-saiba-quem\/#breadcrumb","itemListElement":[{"@type":"ListItem","position":1,"name":"In\u00edcio","item":"https:\/\/brasilnoticias.org\/site\/"},{"@type":"ListItem","position":2,"name":"Bahia lan\u00e7a boneco de um dos seus principais jogadores; saiba quem"}]},{"@type":"WebSite","@id":"https:\/\/brasilnoticias.org\/site\/#website","url":"https:\/\/brasilnoticias.org\/site\/","name":"Brasil not\u00edcias","description":"Brasil not\u00edcias","publisher":{"@id":"https:\/\/brasilnoticias.org\/site\/#organization"},"potentialAction":[{"@type":"SearchAction","target":{"@type":"EntryPoint","urlTemplate":"https:\/\/brasilnoticias.org\/site\/?s={search_term_string}"},"query-input":{"@type":"PropertyValueSpecification","valueRequired":true,"valueName":"search_term_string"}}],"inLanguage":"pt-PT"},{"@type":"Organization","@id":"https:\/\/brasilnoticias.org\/site\/#organization","name":"Brasil not\u00edcias","url":"https:\/\/brasilnoticias.org\/site\/","logo":{"@type":"ImageObject","inLanguage":"pt-PT","@id":"https:\/\/brasilnoticias.org\/site\/#\/schema\/logo\/image\/","url":"https:\/\/brasilnoticias.org\/site\/wp-content\/uploads\/2022\/05\/cropped-brasilnoticias-mini.jpg","contentUrl":"https:\/\/brasilnoticias.org\/site\/wp-content\/uploads\/2022\/05\/cropped-brasilnoticias-mini.jpg","width":314,"height":86,"caption":"Brasil not\u00edcias"},"image":{"@id":"https:\/\/brasilnoticias.org\/site\/#\/schema\/logo\/image\/"}},{"@type":"Person","@id":"https:\/\/brasilnoticias.org\/site\/#\/schema\/person\/a0e05b973ec4d15c658d51911e53507b","name":"Reda\u00e7\u00e3o","image":{"@type":"ImageObject","inLanguage":"pt-PT","@id":"https:\/\/brasilnoticias.org\/site\/#\/schema\/person\/image\/","url":"https:\/\/secure.gravatar.com\/avatar\/75d8b050df2de108b08ae78dfb8e374892df24a383c67db9c46a9c604f6aee9c?s=96&d=mm&r=g","contentUrl":"https:\/\/secure.gravatar.com\/avatar\/75d8b050df2de108b08ae78dfb8e374892df24a383c67db9c46a9c604f6aee9c?s=96&d=mm&r=g","caption":"Reda\u00e7\u00e3o"},"sameAs":["https:\/\/brasilnoticias.org\/site"],"url":"https:\/\/brasilnoticias.org\/site\/author\/fernandozsngmail-com\/"}]}},"_links":{"self":[{"href":"https:\/\/brasilnoticias.org\/site\/wp-json\/wp\/v2\/posts\/6678","targetHints":{"allow":["GET"]}}],"collection":[{"href":"https:\/\/brasilnoticias.org\/site\/wp-json\/wp\/v2\/posts"}],"about":[{"href":"https:\/\/brasilnoticias.org\/site\/wp-json\/wp\/v2\/types\/post"}],"author":[{"embeddable":true,"href":"https:\/\/brasilnoticias.org\/site\/wp-json\/wp\/v2\/users\/1"}],"replies":[{"embeddable":true,"href":"https:\/\/brasilnoticias.org\/site\/wp-json\/wp\/v2\/comments?post=6678"}],"version-history":[{"count":1,"href":"https:\/\/brasilnoticias.org\/site\/wp-json\/wp\/v2\/posts\/6678\/revisions"}],"predecessor-version":[{"id":6680,"href":"https:\/\/brasilnoticias.org\/site\/wp-json\/wp\/v2\/posts\/6678\/revisions\/6680"}],"wp:featuredmedia":[{"embeddable":true,"href":"https:\/\/brasilnoticias.org\/site\/wp-json\/wp\/v2\/media\/6679"}],"wp:attachment":[{"href":"https:\/\/brasilnoticias.org\/site\/wp-json\/wp\/v2\/media?parent=6678"}],"wp:term":[{"taxonomy":"category","embeddable":true,"href":"https:\/\/brasilnoticias.org\/site\/wp-json\/wp\/v2\/categories?post=6678"},{"taxonomy":"post_tag","embeddable":true,"href":"https:\/\/brasilnoticias.org\/site\/wp-json\/wp\/v2\/tags?post=6678"}],"curies":[{"name":"wp","href":"https:\/\/api.w.org\/{rel}","templated":true}]}}