{"id":6690,"date":"2023-06-15T15:25:04","date_gmt":"2023-06-15T18:25:04","guid":{"rendered":"https:\/\/brasilnoticias.org\/site\/?p=6690"},"modified":"2023-06-15T15:25:04","modified_gmt":"2023-06-15T18:25:04","slug":"deputado-federal-capitao-alden-no-combate-ao-terror-no-campo","status":"publish","type":"post","link":"https:\/\/brasilnoticias.org\/site\/deputado-federal-capitao-alden-no-combate-ao-terror-no-campo\/","title":{"rendered":"Deputado federal Capit\u00e3o Alden no combate ao terror no campo"},"content":{"rendered":"<p>Parlamentar disponibiliza em seu site oficial revista com informa\u00e7\u00f5es sobre o tema<\/p>\n<p>As invas\u00f5es de terra t\u00eam ganhado os destaques dos notici\u00e1rios nacionais desde o in\u00edcio do novo comando do Governo Federal. A gest\u00e3o Lula vem amargando n\u00fameros negativos, principalmente, com a intensifica\u00e7\u00e3o das a\u00e7\u00f5es do Movimento dos Trabalhadores Rurais Sem Terra &#8211; MST que j\u00e1 superam suas atividades em compara\u00e7\u00e3o ao per\u00edodo de  Bolsonaro. <\/p>\n<p>Com o foco de apresentar de forma did\u00e1tica todo o contexto nefasto do MST, o deputado federal Capit\u00e3o Alden (PL-BA), nesta quinta-feira (15), passou a disponibilizar gratuitamente uma revista com uma s\u00e9rie de informa\u00e7\u00f5es sobre o tema em seu site oficial. Os interessados que clicarem neste link: https:\/\/capitaoalden.com.br\/revista-invasao\/ poder\u00e3o ver as in\u00fameras a\u00e7\u00f5es do parlamentar em prol do Agro e os indicadores da a\u00e7\u00e3o nociva das invas\u00f5es de terras. <\/p>\n<p>Al\u00e9m disso, o material disp\u00f5e de um \u201craio-x\u201d do Agro e seus n\u00fameros positivos no Brasil e como o segmento \u00e9 importante para a economia nacional. Para o pol\u00edtico, a produ\u00e7\u00e3o de materiais para ajudar a popula\u00e7\u00e3o entender melhor determinados temas \u00e9 essencial para contribuir no combate \u00e0 s\u00e9rie de informa\u00e7\u00f5es inver\u00eddicas propagadas pela Esquerda.<\/p>\n<p><img loading=\"lazy\" decoding=\"async\" src=\"https:\/\/brasilnoticias.org\/site\/wp-content\/uploads\/2023\/06\/WhatsApp-Image-2023-06-15-at-14.43.14.jpeg\" alt=\"\" width=\"960\" height=\"1254\" class=\"alignnone size-full wp-image-6692\" srcset=\"https:\/\/brasilnoticias.org\/site\/wp-content\/uploads\/2023\/06\/WhatsApp-Image-2023-06-15-at-14.43.14.jpeg 960w, https:\/\/brasilnoticias.org\/site\/wp-content\/uploads\/2023\/06\/WhatsApp-Image-2023-06-15-at-14.43.14-383x500.jpeg 383w, https:\/\/brasilnoticias.org\/site\/wp-content\/uploads\/2023\/06\/WhatsApp-Image-2023-06-15-at-14.43.14-768x1003.jpeg 768w\" sizes=\"auto, (max-width: 960px) 100vw, 960px\" \/><\/p>\n<p><a href=\"http:\/\/massanoticias.com.br\/wp-content\/uploads\/2023\/06\/Manual-de-Utilizacao-Onboarding.pdf\">Manual de Utiliza\u00e7\u00e3o &#8211; Onboarding<\/a><\/p>\n","protected":false},"excerpt":{"rendered":"<p>Parlamentar disponibiliza em seu site oficial revista com informa\u00e7\u00f5es sobre o tema As invas\u00f5es de terra t\u00eam ganhado os destaques<\/p>\n","protected":false},"author":1,"featured_media":6691,"comment_status":"open","ping_status":"open","sticky":false,"template":"","format":"standard","meta":{"colormag_page_container_layout":"default_layout","colormag_page_sidebar_layout":"default_layout","_FSMCFIC_featured_image_caption":"","_FSMCFIC_featured_image_nocaption":"","_FSMCFIC_featured_image_hide":"","footnotes":""},"categories":[5,1],"tags":[],"class_list":["post-6690","post","type-post","status-publish","format-standard","has-post-thumbnail","hentry","category-politica","category-ultimas"],"yoast_head":"<!-- This site is optimized with the Yoast SEO plugin v27.1.1 - https:\/\/yoast.com\/product\/yoast-seo-wordpress\/ -->\n<title>Deputado federal Capit\u00e3o Alden no combate ao terror no campo - Brasil not\u00edcias<\/title>\n<meta name=\"robots\" content=\"index, follow, max-snippet:-1, max-image-preview:large, max-video-preview:-1\" \/>\n<link rel=\"canonical\" href=\"https:\/\/brasilnoticias.org\/site\/deputado-federal-capitao-alden-no-combate-ao-terror-no-campo\/\" \/>\n<meta property=\"og:locale\" content=\"pt_PT\" \/>\n<meta property=\"og:type\" content=\"article\" \/>\n<meta property=\"og:title\" content=\"Deputado federal Capit\u00e3o Alden no combate ao terror no campo - Brasil not\u00edcias\" \/>\n<meta property=\"og:description\" content=\"Parlamentar disponibiliza em seu site oficial revista com informa\u00e7\u00f5es sobre o tema As invas\u00f5es de terra t\u00eam ganhado os destaques\" \/>\n<meta property=\"og:url\" content=\"https:\/\/brasilnoticias.org\/site\/deputado-federal-capitao-alden-no-combate-ao-terror-no-campo\/\" \/>\n<meta property=\"og:site_name\" content=\"Brasil not\u00edcias\" \/>\n<meta property=\"article:published_time\" content=\"2023-06-15T18:25:04+00:00\" \/>\n<meta property=\"og:image\" content=\"https:\/\/brasilnoticias.org\/site\/wp-content\/uploads\/2023\/06\/WhatsApp-Image-2023-06-15-at-14.43.14-1.jpeg\" \/>\n\t<meta property=\"og:image:width\" content=\"1024\" \/>\n\t<meta property=\"og:image:height\" content=\"683\" \/>\n\t<meta property=\"og:image:type\" content=\"image\/jpeg\" \/>\n<meta name=\"author\" content=\"Reda\u00e7\u00e3o\" \/>\n<meta name=\"twitter:card\" content=\"summary_large_image\" \/>\n<meta name=\"twitter:label1\" content=\"Escrito por\" \/>\n\t<meta name=\"twitter:data1\" content=\"Reda\u00e7\u00e3o\" \/>\n<script type=\"application\/ld+json\" class=\"yoast-schema-graph\">{\"@context\":\"https:\/\/schema.org\",\"@graph\":[{\"@type\":\"Article\",\"@id\":\"https:\/\/brasilnoticias.org\/site\/deputado-federal-capitao-alden-no-combate-ao-terror-no-campo\/#article\",\"isPartOf\":{\"@id\":\"https:\/\/brasilnoticias.org\/site\/deputado-federal-capitao-alden-no-combate-ao-terror-no-campo\/\"},\"author\":{\"name\":\"Reda\u00e7\u00e3o\",\"@id\":\"https:\/\/brasilnoticias.org\/site\/#\/schema\/person\/a0e05b973ec4d15c658d51911e53507b\"},\"headline\":\"Deputado federal Capit\u00e3o Alden no combate ao terror no campo\",\"datePublished\":\"2023-06-15T18:25:04+00:00\",\"mainEntityOfPage\":{\"@id\":\"https:\/\/brasilnoticias.org\/site\/deputado-federal-capitao-alden-no-combate-ao-terror-no-campo\/\"},\"wordCount\":235,\"commentCount\":0,\"publisher\":{\"@id\":\"https:\/\/brasilnoticias.org\/site\/#organization\"},\"image\":{\"@id\":\"https:\/\/brasilnoticias.org\/site\/deputado-federal-capitao-alden-no-combate-ao-terror-no-campo\/#primaryimage\"},\"thumbnailUrl\":\"https:\/\/brasilnoticias.org\/site\/wp-content\/uploads\/2023\/06\/WhatsApp-Image-2023-06-15-at-14.43.14-1.jpeg\",\"articleSection\":[\"Pol\u00edtica\",\"\u00daltimas\"],\"inLanguage\":\"pt-PT\",\"potentialAction\":[{\"@type\":\"CommentAction\",\"name\":\"Comment\",\"target\":[\"https:\/\/brasilnoticias.org\/site\/deputado-federal-capitao-alden-no-combate-ao-terror-no-campo\/#respond\"]}]},{\"@type\":\"WebPage\",\"@id\":\"https:\/\/brasilnoticias.org\/site\/deputado-federal-capitao-alden-no-combate-ao-terror-no-campo\/\",\"url\":\"https:\/\/brasilnoticias.org\/site\/deputado-federal-capitao-alden-no-combate-ao-terror-no-campo\/\",\"name\":\"Deputado federal Capit\u00e3o Alden no combate ao terror no campo - Brasil not\u00edcias\",\"isPartOf\":{\"@id\":\"https:\/\/brasilnoticias.org\/site\/#website\"},\"primaryImageOfPage\":{\"@id\":\"https:\/\/brasilnoticias.org\/site\/deputado-federal-capitao-alden-no-combate-ao-terror-no-campo\/#primaryimage\"},\"image\":{\"@id\":\"https:\/\/brasilnoticias.org\/site\/deputado-federal-capitao-alden-no-combate-ao-terror-no-campo\/#primaryimage\"},\"thumbnailUrl\":\"https:\/\/brasilnoticias.org\/site\/wp-content\/uploads\/2023\/06\/WhatsApp-Image-2023-06-15-at-14.43.14-1.jpeg\",\"datePublished\":\"2023-06-15T18:25:04+00:00\",\"breadcrumb\":{\"@id\":\"https:\/\/brasilnoticias.org\/site\/deputado-federal-capitao-alden-no-combate-ao-terror-no-campo\/#breadcrumb\"},\"inLanguage\":\"pt-PT\",\"potentialAction\":[{\"@type\":\"ReadAction\",\"target\":[\"https:\/\/brasilnoticias.org\/site\/deputado-federal-capitao-alden-no-combate-ao-terror-no-campo\/\"]}]},{\"@type\":\"ImageObject\",\"inLanguage\":\"pt-PT\",\"@id\":\"https:\/\/brasilnoticias.org\/site\/deputado-federal-capitao-alden-no-combate-ao-terror-no-campo\/#primaryimage\",\"url\":\"https:\/\/brasilnoticias.org\/site\/wp-content\/uploads\/2023\/06\/WhatsApp-Image-2023-06-15-at-14.43.14-1.jpeg\",\"contentUrl\":\"https:\/\/brasilnoticias.org\/site\/wp-content\/uploads\/2023\/06\/WhatsApp-Image-2023-06-15-at-14.43.14-1.jpeg\",\"width\":1024,\"height\":683},{\"@type\":\"BreadcrumbList\",\"@id\":\"https:\/\/brasilnoticias.org\/site\/deputado-federal-capitao-alden-no-combate-ao-terror-no-campo\/#breadcrumb\",\"itemListElement\":[{\"@type\":\"ListItem\",\"position\":1,\"name\":\"In\u00edcio\",\"item\":\"https:\/\/brasilnoticias.org\/site\/\"},{\"@type\":\"ListItem\",\"position\":2,\"name\":\"Deputado federal Capit\u00e3o Alden no combate ao terror no campo\"}]},{\"@type\":\"WebSite\",\"@id\":\"https:\/\/brasilnoticias.org\/site\/#website\",\"url\":\"https:\/\/brasilnoticias.org\/site\/\",\"name\":\"Brasil not\u00edcias\",\"description\":\"Brasil not\u00edcias\",\"publisher\":{\"@id\":\"https:\/\/brasilnoticias.org\/site\/#organization\"},\"potentialAction\":[{\"@type\":\"SearchAction\",\"target\":{\"@type\":\"EntryPoint\",\"urlTemplate\":\"https:\/\/brasilnoticias.org\/site\/?s={search_term_string}\"},\"query-input\":{\"@type\":\"PropertyValueSpecification\",\"valueRequired\":true,\"valueName\":\"search_term_string\"}}],\"inLanguage\":\"pt-PT\"},{\"@type\":\"Organization\",\"@id\":\"https:\/\/brasilnoticias.org\/site\/#organization\",\"name\":\"Brasil not\u00edcias\",\"url\":\"https:\/\/brasilnoticias.org\/site\/\",\"logo\":{\"@type\":\"ImageObject\",\"inLanguage\":\"pt-PT\",\"@id\":\"https:\/\/brasilnoticias.org\/site\/#\/schema\/logo\/image\/\",\"url\":\"https:\/\/brasilnoticias.org\/site\/wp-content\/uploads\/2022\/05\/cropped-brasilnoticias-mini.jpg\",\"contentUrl\":\"https:\/\/brasilnoticias.org\/site\/wp-content\/uploads\/2022\/05\/cropped-brasilnoticias-mini.jpg\",\"width\":314,\"height\":86,\"caption\":\"Brasil not\u00edcias\"},\"image\":{\"@id\":\"https:\/\/brasilnoticias.org\/site\/#\/schema\/logo\/image\/\"}},{\"@type\":\"Person\",\"@id\":\"https:\/\/brasilnoticias.org\/site\/#\/schema\/person\/a0e05b973ec4d15c658d51911e53507b\",\"name\":\"Reda\u00e7\u00e3o\",\"image\":{\"@type\":\"ImageObject\",\"inLanguage\":\"pt-PT\",\"@id\":\"https:\/\/brasilnoticias.org\/site\/#\/schema\/person\/image\/\",\"url\":\"https:\/\/secure.gravatar.com\/avatar\/75d8b050df2de108b08ae78dfb8e374892df24a383c67db9c46a9c604f6aee9c?s=96&d=mm&r=g\",\"contentUrl\":\"https:\/\/secure.gravatar.com\/avatar\/75d8b050df2de108b08ae78dfb8e374892df24a383c67db9c46a9c604f6aee9c?s=96&d=mm&r=g\",\"caption\":\"Reda\u00e7\u00e3o\"},\"sameAs\":[\"https:\/\/brasilnoticias.org\/site\"],\"url\":\"https:\/\/brasilnoticias.org\/site\/author\/fernandozsngmail-com\/\"}]}<\/script>\n<!-- \/ Yoast SEO plugin. -->","yoast_head_json":{"title":"Deputado federal Capit\u00e3o Alden no combate ao terror no campo - Brasil not\u00edcias","robots":{"index":"index","follow":"follow","max-snippet":"max-snippet:-1","max-image-preview":"max-image-preview:large","max-video-preview":"max-video-preview:-1"},"canonical":"https:\/\/brasilnoticias.org\/site\/deputado-federal-capitao-alden-no-combate-ao-terror-no-campo\/","og_locale":"pt_PT","og_type":"article","og_title":"Deputado federal Capit\u00e3o Alden no combate ao terror no campo - Brasil not\u00edcias","og_description":"Parlamentar disponibiliza em seu site oficial revista com informa\u00e7\u00f5es sobre o tema As invas\u00f5es de terra t\u00eam ganhado os destaques","og_url":"https:\/\/brasilnoticias.org\/site\/deputado-federal-capitao-alden-no-combate-ao-terror-no-campo\/","og_site_name":"Brasil not\u00edcias","article_published_time":"2023-06-15T18:25:04+00:00","og_image":[{"width":1024,"height":683,"url":"https:\/\/brasilnoticias.org\/site\/wp-content\/uploads\/2023\/06\/WhatsApp-Image-2023-06-15-at-14.43.14-1.jpeg","type":"image\/jpeg"}],"author":"Reda\u00e7\u00e3o","twitter_card":"summary_large_image","twitter_misc":{"Escrito por":"Reda\u00e7\u00e3o"},"schema":{"@context":"https:\/\/schema.org","@graph":[{"@type":"Article","@id":"https:\/\/brasilnoticias.org\/site\/deputado-federal-capitao-alden-no-combate-ao-terror-no-campo\/#article","isPartOf":{"@id":"https:\/\/brasilnoticias.org\/site\/deputado-federal-capitao-alden-no-combate-ao-terror-no-campo\/"},"author":{"name":"Reda\u00e7\u00e3o","@id":"https:\/\/brasilnoticias.org\/site\/#\/schema\/person\/a0e05b973ec4d15c658d51911e53507b"},"headline":"Deputado federal Capit\u00e3o Alden no combate ao terror no campo","datePublished":"2023-06-15T18:25:04+00:00","mainEntityOfPage":{"@id":"https:\/\/brasilnoticias.org\/site\/deputado-federal-capitao-alden-no-combate-ao-terror-no-campo\/"},"wordCount":235,"commentCount":0,"publisher":{"@id":"https:\/\/brasilnoticias.org\/site\/#organization"},"image":{"@id":"https:\/\/brasilnoticias.org\/site\/deputado-federal-capitao-alden-no-combate-ao-terror-no-campo\/#primaryimage"},"thumbnailUrl":"https:\/\/brasilnoticias.org\/site\/wp-content\/uploads\/2023\/06\/WhatsApp-Image-2023-06-15-at-14.43.14-1.jpeg","articleSection":["Pol\u00edtica","\u00daltimas"],"inLanguage":"pt-PT","potentialAction":[{"@type":"CommentAction","name":"Comment","target":["https:\/\/brasilnoticias.org\/site\/deputado-federal-capitao-alden-no-combate-ao-terror-no-campo\/#respond"]}]},{"@type":"WebPage","@id":"https:\/\/brasilnoticias.org\/site\/deputado-federal-capitao-alden-no-combate-ao-terror-no-campo\/","url":"https:\/\/brasilnoticias.org\/site\/deputado-federal-capitao-alden-no-combate-ao-terror-no-campo\/","name":"Deputado federal Capit\u00e3o Alden no combate ao terror no campo - Brasil not\u00edcias","isPartOf":{"@id":"https:\/\/brasilnoticias.org\/site\/#website"},"primaryImageOfPage":{"@id":"https:\/\/brasilnoticias.org\/site\/deputado-federal-capitao-alden-no-combate-ao-terror-no-campo\/#primaryimage"},"image":{"@id":"https:\/\/brasilnoticias.org\/site\/deputado-federal-capitao-alden-no-combate-ao-terror-no-campo\/#primaryimage"},"thumbnailUrl":"https:\/\/brasilnoticias.org\/site\/wp-content\/uploads\/2023\/06\/WhatsApp-Image-2023-06-15-at-14.43.14-1.jpeg","datePublished":"2023-06-15T18:25:04+00:00","breadcrumb":{"@id":"https:\/\/brasilnoticias.org\/site\/deputado-federal-capitao-alden-no-combate-ao-terror-no-campo\/#breadcrumb"},"inLanguage":"pt-PT","potentialAction":[{"@type":"ReadAction","target":["https:\/\/brasilnoticias.org\/site\/deputado-federal-capitao-alden-no-combate-ao-terror-no-campo\/"]}]},{"@type":"ImageObject","inLanguage":"pt-PT","@id":"https:\/\/brasilnoticias.org\/site\/deputado-federal-capitao-alden-no-combate-ao-terror-no-campo\/#primaryimage","url":"https:\/\/brasilnoticias.org\/site\/wp-content\/uploads\/2023\/06\/WhatsApp-Image-2023-06-15-at-14.43.14-1.jpeg","contentUrl":"https:\/\/brasilnoticias.org\/site\/wp-content\/uploads\/2023\/06\/WhatsApp-Image-2023-06-15-at-14.43.14-1.jpeg","width":1024,"height":683},{"@type":"BreadcrumbList","@id":"https:\/\/brasilnoticias.org\/site\/deputado-federal-capitao-alden-no-combate-ao-terror-no-campo\/#breadcrumb","itemListElement":[{"@type":"ListItem","position":1,"name":"In\u00edcio","item":"https:\/\/brasilnoticias.org\/site\/"},{"@type":"ListItem","position":2,"name":"Deputado federal Capit\u00e3o Alden no combate ao terror no campo"}]},{"@type":"WebSite","@id":"https:\/\/brasilnoticias.org\/site\/#website","url":"https:\/\/brasilnoticias.org\/site\/","name":"Brasil not\u00edcias","description":"Brasil not\u00edcias","publisher":{"@id":"https:\/\/brasilnoticias.org\/site\/#organization"},"potentialAction":[{"@type":"SearchAction","target":{"@type":"EntryPoint","urlTemplate":"https:\/\/brasilnoticias.org\/site\/?s={search_term_string}"},"query-input":{"@type":"PropertyValueSpecification","valueRequired":true,"valueName":"search_term_string"}}],"inLanguage":"pt-PT"},{"@type":"Organization","@id":"https:\/\/brasilnoticias.org\/site\/#organization","name":"Brasil not\u00edcias","url":"https:\/\/brasilnoticias.org\/site\/","logo":{"@type":"ImageObject","inLanguage":"pt-PT","@id":"https:\/\/brasilnoticias.org\/site\/#\/schema\/logo\/image\/","url":"https:\/\/brasilnoticias.org\/site\/wp-content\/uploads\/2022\/05\/cropped-brasilnoticias-mini.jpg","contentUrl":"https:\/\/brasilnoticias.org\/site\/wp-content\/uploads\/2022\/05\/cropped-brasilnoticias-mini.jpg","width":314,"height":86,"caption":"Brasil not\u00edcias"},"image":{"@id":"https:\/\/brasilnoticias.org\/site\/#\/schema\/logo\/image\/"}},{"@type":"Person","@id":"https:\/\/brasilnoticias.org\/site\/#\/schema\/person\/a0e05b973ec4d15c658d51911e53507b","name":"Reda\u00e7\u00e3o","image":{"@type":"ImageObject","inLanguage":"pt-PT","@id":"https:\/\/brasilnoticias.org\/site\/#\/schema\/person\/image\/","url":"https:\/\/secure.gravatar.com\/avatar\/75d8b050df2de108b08ae78dfb8e374892df24a383c67db9c46a9c604f6aee9c?s=96&d=mm&r=g","contentUrl":"https:\/\/secure.gravatar.com\/avatar\/75d8b050df2de108b08ae78dfb8e374892df24a383c67db9c46a9c604f6aee9c?s=96&d=mm&r=g","caption":"Reda\u00e7\u00e3o"},"sameAs":["https:\/\/brasilnoticias.org\/site"],"url":"https:\/\/brasilnoticias.org\/site\/author\/fernandozsngmail-com\/"}]}},"_links":{"self":[{"href":"https:\/\/brasilnoticias.org\/site\/wp-json\/wp\/v2\/posts\/6690","targetHints":{"allow":["GET"]}}],"collection":[{"href":"https:\/\/brasilnoticias.org\/site\/wp-json\/wp\/v2\/posts"}],"about":[{"href":"https:\/\/brasilnoticias.org\/site\/wp-json\/wp\/v2\/types\/post"}],"author":[{"embeddable":true,"href":"https:\/\/brasilnoticias.org\/site\/wp-json\/wp\/v2\/users\/1"}],"replies":[{"embeddable":true,"href":"https:\/\/brasilnoticias.org\/site\/wp-json\/wp\/v2\/comments?post=6690"}],"version-history":[{"count":1,"href":"https:\/\/brasilnoticias.org\/site\/wp-json\/wp\/v2\/posts\/6690\/revisions"}],"predecessor-version":[{"id":6693,"href":"https:\/\/brasilnoticias.org\/site\/wp-json\/wp\/v2\/posts\/6690\/revisions\/6693"}],"wp:featuredmedia":[{"embeddable":true,"href":"https:\/\/brasilnoticias.org\/site\/wp-json\/wp\/v2\/media\/6691"}],"wp:attachment":[{"href":"https:\/\/brasilnoticias.org\/site\/wp-json\/wp\/v2\/media?parent=6690"}],"wp:term":[{"taxonomy":"category","embeddable":true,"href":"https:\/\/brasilnoticias.org\/site\/wp-json\/wp\/v2\/categories?post=6690"},{"taxonomy":"post_tag","embeddable":true,"href":"https:\/\/brasilnoticias.org\/site\/wp-json\/wp\/v2\/tags?post=6690"}],"curies":[{"name":"wp","href":"https:\/\/api.w.org\/{rel}","templated":true}]}}