{"id":67,"date":"2022-01-04T15:13:56","date_gmt":"2022-01-04T18:13:56","guid":{"rendered":"https:\/\/brasilnoticias.org\/site\/?p=67"},"modified":"2022-05-03T15:15:29","modified_gmt":"2022-05-03T18:15:29","slug":"policia-suspende-reconstituicao-da-morte-de-kezia-stefany-por-falta-de-energia-em-apartamento","status":"publish","type":"post","link":"https:\/\/brasilnoticias.org\/site\/policia-suspende-reconstituicao-da-morte-de-kezia-stefany-por-falta-de-energia-em-apartamento\/","title":{"rendered":"POL\u00cdCIA SUSPENDE RECONSTITUI\u00c7\u00c3O DA MORTE DE K\u00c9ZIA STEFANY POR FALTA DE ENERGIA EM APARTAMENTO"},"content":{"rendered":"<div id=\"content\" class=\"clearfix\">\n<article id=\"post-14288\" class=\"post-14288 post type-post status-publish format-standard has-post-thumbnail hentry category-policia category-ultimas\">\n<div class=\"article-content clearfix\">\n<div class=\"entry-content clearfix\">\n<p>A reconstitui\u00e7\u00e3o da\u00a0morte de Kezia Stefany da Silva Ribeiro, 21 anos, morta com um tiro em outubro de 2021 pelo ent\u00e3o namorado, o\u00a0advogado criminalista Jos\u00e9 Luiz de Britto Meira J\u00fanior, foi realizada pela Pol\u00edcia Civil (PC) na tarde de segunda-feira (3). A a\u00e7\u00e3o teve in\u00edcio na parte externa do condom\u00ednio Terrazzo Rio Vermelho, no bairro do Rio Vermelho, mas quando seria feita a reprodu\u00e7\u00e3o simulada na parte interna do apartamento houve falta de energia el\u00e9trica no im\u00f3vel.<\/p>\n<p>Por meio de nota, a PC afirmou que \u201ca per\u00edcia ser\u00e1 realizada posteriormente em uma nova data\u201d.<\/p>\n<p>O acusado Jos\u00e9 Luiz de Britto Meira J\u00fanior participou da reconstitui\u00e7\u00e3o e foi reconduzido ao Batalh\u00e3o de Choque da Pol\u00edcia Militar, em Lauro de Freitas, onde est\u00e1 preso.<\/p>\n<h2>O CASO<\/h2>\n<p>O advogado criminalista, Luiz Meira, foi preso em flagrante na madrugada deste domingo (17) ap\u00f3s assassinar a namorada, Kesia Stefany da Silva Ribeiro, de 21 anos, na Rua Barro Vermelho, no bairro do Rio Vermelho, em Salvador. Os dois tinham um relacionamento e ele atirou na cabe\u00e7a dela com uma pistola 9mm. A motiva\u00e7\u00e3o ainda n\u00e3o foi esclarecida.<\/p>\n<p>A v\u00edtima chegou a ser socorrida pelo advogado para o Hospital Geral do Estado (HGE), mas chegou sem vida \u00e0 unidade de sa\u00fade. O suspeito fugiu em seguida, mas foi localizado cerca de uma hora ap\u00f3s o homic\u00eddio.<\/p>\n<p>De acordo com o Centro Integrado de Comunica\u00e7\u00e3o (CICOM), Meira estava em um apartamento, no Edif\u00edcio da Vince Resindeciale, no bairro da Pituba. O ve\u00edculo usado na evas\u00e3o, um modelo \u00d4nix, cor vermelha, de placa RCP-9F17, foi encontrado por policiais militares.<\/p>\n<p>Em nota ao BNews, a Pol\u00edcia Civil afirma que suspeito, que se relacionava com a v\u00edtima h\u00e1 dois anos, foi preso por uma guarni\u00e7\u00e3o da Pol\u00edcia Militar, na casa de familiares, e autuado em flagrante pelo crime de feminic\u00eddio no DHPP<\/p>\n<\/div>\n<\/div>\n<\/article>\n<\/div>\n","protected":false},"excerpt":{"rendered":"<p>A reconstitui\u00e7\u00e3o da\u00a0morte de Kezia Stefany da Silva Ribeiro, 21 anos, morta com um tiro em outubro de 2021 pelo<\/p>\n","protected":false},"author":1,"featured_media":68,"comment_status":"open","ping_status":"open","sticky":false,"template":"","format":"standard","meta":{"colormag_page_container_layout":"default_layout","colormag_page_sidebar_layout":"default_layout","_FSMCFIC_featured_image_caption":"","_FSMCFIC_featured_image_nocaption":"","_FSMCFIC_featured_image_hide":"","footnotes":""},"categories":[3,1],"tags":[],"class_list":["post-67","post","type-post","status-publish","format-standard","has-post-thumbnail","hentry","category-policia","category-ultimas"],"yoast_head":"<!-- This site is optimized with the Yoast SEO plugin v27.1.1 - https:\/\/yoast.com\/product\/yoast-seo-wordpress\/ -->\n<title>POL\u00cdCIA SUSPENDE RECONSTITUI\u00c7\u00c3O DA MORTE DE K\u00c9ZIA STEFANY POR FALTA DE ENERGIA EM APARTAMENTO - Brasil not\u00edcias<\/title>\n<meta name=\"robots\" content=\"index, follow, max-snippet:-1, max-image-preview:large, max-video-preview:-1\" \/>\n<link rel=\"canonical\" href=\"https:\/\/brasilnoticias.org\/site\/policia-suspende-reconstituicao-da-morte-de-kezia-stefany-por-falta-de-energia-em-apartamento\/\" \/>\n<meta property=\"og:locale\" content=\"pt_PT\" \/>\n<meta property=\"og:type\" content=\"article\" \/>\n<meta property=\"og:title\" content=\"POL\u00cdCIA SUSPENDE RECONSTITUI\u00c7\u00c3O DA MORTE DE K\u00c9ZIA STEFANY POR FALTA DE ENERGIA EM APARTAMENTO - Brasil not\u00edcias\" \/>\n<meta property=\"og:description\" content=\"A reconstitui\u00e7\u00e3o da\u00a0morte de Kezia Stefany da Silva Ribeiro, 21 anos, morta com um tiro em outubro de 2021 pelo\" \/>\n<meta property=\"og:url\" content=\"https:\/\/brasilnoticias.org\/site\/policia-suspende-reconstituicao-da-morte-de-kezia-stefany-por-falta-de-energia-em-apartamento\/\" \/>\n<meta property=\"og:site_name\" content=\"Brasil not\u00edcias\" \/>\n<meta property=\"article:published_time\" content=\"2022-01-04T18:13:56+00:00\" \/>\n<meta property=\"article:modified_time\" content=\"2022-05-03T18:15:29+00:00\" \/>\n<meta property=\"og:image\" content=\"https:\/\/brasilnoticias.org\/site\/wp-content\/uploads\/2022\/05\/331921_widelg_widelg-800x445-1.jpg\" \/>\n\t<meta property=\"og:image:width\" content=\"800\" \/>\n\t<meta property=\"og:image:height\" content=\"445\" \/>\n\t<meta property=\"og:image:type\" content=\"image\/jpeg\" \/>\n<meta name=\"author\" content=\"Reda\u00e7\u00e3o\" \/>\n<meta name=\"twitter:card\" content=\"summary_large_image\" \/>\n<meta name=\"twitter:label1\" content=\"Escrito por\" \/>\n\t<meta name=\"twitter:data1\" content=\"Reda\u00e7\u00e3o\" \/>\n\t<meta name=\"twitter:label2\" content=\"Tempo estimado de leitura\" \/>\n\t<meta name=\"twitter:data2\" content=\"2 minutos\" \/>\n<script type=\"application\/ld+json\" class=\"yoast-schema-graph\">{\"@context\":\"https:\/\/schema.org\",\"@graph\":[{\"@type\":\"Article\",\"@id\":\"https:\/\/brasilnoticias.org\/site\/policia-suspende-reconstituicao-da-morte-de-kezia-stefany-por-falta-de-energia-em-apartamento\/#article\",\"isPartOf\":{\"@id\":\"https:\/\/brasilnoticias.org\/site\/policia-suspende-reconstituicao-da-morte-de-kezia-stefany-por-falta-de-energia-em-apartamento\/\"},\"author\":{\"name\":\"Reda\u00e7\u00e3o\",\"@id\":\"https:\/\/brasilnoticias.org\/site\/#\/schema\/person\/a0e05b973ec4d15c658d51911e53507b\"},\"headline\":\"POL\u00cdCIA SUSPENDE RECONSTITUI\u00c7\u00c3O DA MORTE DE K\u00c9ZIA STEFANY POR FALTA DE ENERGIA EM APARTAMENTO\",\"datePublished\":\"2022-01-04T18:13:56+00:00\",\"dateModified\":\"2022-05-03T18:15:29+00:00\",\"mainEntityOfPage\":{\"@id\":\"https:\/\/brasilnoticias.org\/site\/policia-suspende-reconstituicao-da-morte-de-kezia-stefany-por-falta-de-energia-em-apartamento\/\"},\"wordCount\":348,\"commentCount\":0,\"publisher\":{\"@id\":\"https:\/\/brasilnoticias.org\/site\/#organization\"},\"image\":{\"@id\":\"https:\/\/brasilnoticias.org\/site\/policia-suspende-reconstituicao-da-morte-de-kezia-stefany-por-falta-de-energia-em-apartamento\/#primaryimage\"},\"thumbnailUrl\":\"https:\/\/brasilnoticias.org\/site\/wp-content\/uploads\/2022\/05\/331921_widelg_widelg-800x445-1.jpg\",\"articleSection\":[\"Pol\u00edcia\",\"\u00daltimas\"],\"inLanguage\":\"pt-PT\",\"potentialAction\":[{\"@type\":\"CommentAction\",\"name\":\"Comment\",\"target\":[\"https:\/\/brasilnoticias.org\/site\/policia-suspende-reconstituicao-da-morte-de-kezia-stefany-por-falta-de-energia-em-apartamento\/#respond\"]}]},{\"@type\":\"WebPage\",\"@id\":\"https:\/\/brasilnoticias.org\/site\/policia-suspende-reconstituicao-da-morte-de-kezia-stefany-por-falta-de-energia-em-apartamento\/\",\"url\":\"https:\/\/brasilnoticias.org\/site\/policia-suspende-reconstituicao-da-morte-de-kezia-stefany-por-falta-de-energia-em-apartamento\/\",\"name\":\"POL\u00cdCIA SUSPENDE RECONSTITUI\u00c7\u00c3O DA MORTE DE K\u00c9ZIA STEFANY POR FALTA DE ENERGIA EM APARTAMENTO - Brasil not\u00edcias\",\"isPartOf\":{\"@id\":\"https:\/\/brasilnoticias.org\/site\/#website\"},\"primaryImageOfPage\":{\"@id\":\"https:\/\/brasilnoticias.org\/site\/policia-suspende-reconstituicao-da-morte-de-kezia-stefany-por-falta-de-energia-em-apartamento\/#primaryimage\"},\"image\":{\"@id\":\"https:\/\/brasilnoticias.org\/site\/policia-suspende-reconstituicao-da-morte-de-kezia-stefany-por-falta-de-energia-em-apartamento\/#primaryimage\"},\"thumbnailUrl\":\"https:\/\/brasilnoticias.org\/site\/wp-content\/uploads\/2022\/05\/331921_widelg_widelg-800x445-1.jpg\",\"datePublished\":\"2022-01-04T18:13:56+00:00\",\"dateModified\":\"2022-05-03T18:15:29+00:00\",\"breadcrumb\":{\"@id\":\"https:\/\/brasilnoticias.org\/site\/policia-suspende-reconstituicao-da-morte-de-kezia-stefany-por-falta-de-energia-em-apartamento\/#breadcrumb\"},\"inLanguage\":\"pt-PT\",\"potentialAction\":[{\"@type\":\"ReadAction\",\"target\":[\"https:\/\/brasilnoticias.org\/site\/policia-suspende-reconstituicao-da-morte-de-kezia-stefany-por-falta-de-energia-em-apartamento\/\"]}]},{\"@type\":\"ImageObject\",\"inLanguage\":\"pt-PT\",\"@id\":\"https:\/\/brasilnoticias.org\/site\/policia-suspende-reconstituicao-da-morte-de-kezia-stefany-por-falta-de-energia-em-apartamento\/#primaryimage\",\"url\":\"https:\/\/brasilnoticias.org\/site\/wp-content\/uploads\/2022\/05\/331921_widelg_widelg-800x445-1.jpg\",\"contentUrl\":\"https:\/\/brasilnoticias.org\/site\/wp-content\/uploads\/2022\/05\/331921_widelg_widelg-800x445-1.jpg\",\"width\":800,\"height\":445},{\"@type\":\"BreadcrumbList\",\"@id\":\"https:\/\/brasilnoticias.org\/site\/policia-suspende-reconstituicao-da-morte-de-kezia-stefany-por-falta-de-energia-em-apartamento\/#breadcrumb\",\"itemListElement\":[{\"@type\":\"ListItem\",\"position\":1,\"name\":\"In\u00edcio\",\"item\":\"https:\/\/brasilnoticias.org\/site\/\"},{\"@type\":\"ListItem\",\"position\":2,\"name\":\"POL\u00cdCIA SUSPENDE RECONSTITUI\u00c7\u00c3O DA MORTE DE K\u00c9ZIA STEFANY POR FALTA DE ENERGIA EM APARTAMENTO\"}]},{\"@type\":\"WebSite\",\"@id\":\"https:\/\/brasilnoticias.org\/site\/#website\",\"url\":\"https:\/\/brasilnoticias.org\/site\/\",\"name\":\"Brasil not\u00edcias\",\"description\":\"Brasil not\u00edcias\",\"publisher\":{\"@id\":\"https:\/\/brasilnoticias.org\/site\/#organization\"},\"potentialAction\":[{\"@type\":\"SearchAction\",\"target\":{\"@type\":\"EntryPoint\",\"urlTemplate\":\"https:\/\/brasilnoticias.org\/site\/?s={search_term_string}\"},\"query-input\":{\"@type\":\"PropertyValueSpecification\",\"valueRequired\":true,\"valueName\":\"search_term_string\"}}],\"inLanguage\":\"pt-PT\"},{\"@type\":\"Organization\",\"@id\":\"https:\/\/brasilnoticias.org\/site\/#organization\",\"name\":\"Brasil not\u00edcias\",\"url\":\"https:\/\/brasilnoticias.org\/site\/\",\"logo\":{\"@type\":\"ImageObject\",\"inLanguage\":\"pt-PT\",\"@id\":\"https:\/\/brasilnoticias.org\/site\/#\/schema\/logo\/image\/\",\"url\":\"https:\/\/brasilnoticias.org\/site\/wp-content\/uploads\/2022\/05\/cropped-brasilnoticias-mini.jpg\",\"contentUrl\":\"https:\/\/brasilnoticias.org\/site\/wp-content\/uploads\/2022\/05\/cropped-brasilnoticias-mini.jpg\",\"width\":314,\"height\":86,\"caption\":\"Brasil not\u00edcias\"},\"image\":{\"@id\":\"https:\/\/brasilnoticias.org\/site\/#\/schema\/logo\/image\/\"}},{\"@type\":\"Person\",\"@id\":\"https:\/\/brasilnoticias.org\/site\/#\/schema\/person\/a0e05b973ec4d15c658d51911e53507b\",\"name\":\"Reda\u00e7\u00e3o\",\"image\":{\"@type\":\"ImageObject\",\"inLanguage\":\"pt-PT\",\"@id\":\"https:\/\/brasilnoticias.org\/site\/#\/schema\/person\/image\/\",\"url\":\"https:\/\/secure.gravatar.com\/avatar\/75d8b050df2de108b08ae78dfb8e374892df24a383c67db9c46a9c604f6aee9c?s=96&d=mm&r=g\",\"contentUrl\":\"https:\/\/secure.gravatar.com\/avatar\/75d8b050df2de108b08ae78dfb8e374892df24a383c67db9c46a9c604f6aee9c?s=96&d=mm&r=g\",\"caption\":\"Reda\u00e7\u00e3o\"},\"sameAs\":[\"https:\/\/brasilnoticias.org\/site\"],\"url\":\"https:\/\/brasilnoticias.org\/site\/author\/fernandozsngmail-com\/\"}]}<\/script>\n<!-- \/ Yoast SEO plugin. -->","yoast_head_json":{"title":"POL\u00cdCIA SUSPENDE RECONSTITUI\u00c7\u00c3O DA MORTE DE K\u00c9ZIA STEFANY POR FALTA DE ENERGIA EM APARTAMENTO - Brasil not\u00edcias","robots":{"index":"index","follow":"follow","max-snippet":"max-snippet:-1","max-image-preview":"max-image-preview:large","max-video-preview":"max-video-preview:-1"},"canonical":"https:\/\/brasilnoticias.org\/site\/policia-suspende-reconstituicao-da-morte-de-kezia-stefany-por-falta-de-energia-em-apartamento\/","og_locale":"pt_PT","og_type":"article","og_title":"POL\u00cdCIA SUSPENDE RECONSTITUI\u00c7\u00c3O DA MORTE DE K\u00c9ZIA STEFANY POR FALTA DE ENERGIA EM APARTAMENTO - Brasil not\u00edcias","og_description":"A reconstitui\u00e7\u00e3o da\u00a0morte de Kezia Stefany da Silva Ribeiro, 21 anos, morta com um tiro em outubro de 2021 pelo","og_url":"https:\/\/brasilnoticias.org\/site\/policia-suspende-reconstituicao-da-morte-de-kezia-stefany-por-falta-de-energia-em-apartamento\/","og_site_name":"Brasil not\u00edcias","article_published_time":"2022-01-04T18:13:56+00:00","article_modified_time":"2022-05-03T18:15:29+00:00","og_image":[{"width":800,"height":445,"url":"https:\/\/brasilnoticias.org\/site\/wp-content\/uploads\/2022\/05\/331921_widelg_widelg-800x445-1.jpg","type":"image\/jpeg"}],"author":"Reda\u00e7\u00e3o","twitter_card":"summary_large_image","twitter_misc":{"Escrito por":"Reda\u00e7\u00e3o","Tempo estimado de leitura":"2 minutos"},"schema":{"@context":"https:\/\/schema.org","@graph":[{"@type":"Article","@id":"https:\/\/brasilnoticias.org\/site\/policia-suspende-reconstituicao-da-morte-de-kezia-stefany-por-falta-de-energia-em-apartamento\/#article","isPartOf":{"@id":"https:\/\/brasilnoticias.org\/site\/policia-suspende-reconstituicao-da-morte-de-kezia-stefany-por-falta-de-energia-em-apartamento\/"},"author":{"name":"Reda\u00e7\u00e3o","@id":"https:\/\/brasilnoticias.org\/site\/#\/schema\/person\/a0e05b973ec4d15c658d51911e53507b"},"headline":"POL\u00cdCIA SUSPENDE RECONSTITUI\u00c7\u00c3O DA MORTE DE K\u00c9ZIA STEFANY POR FALTA DE ENERGIA EM APARTAMENTO","datePublished":"2022-01-04T18:13:56+00:00","dateModified":"2022-05-03T18:15:29+00:00","mainEntityOfPage":{"@id":"https:\/\/brasilnoticias.org\/site\/policia-suspende-reconstituicao-da-morte-de-kezia-stefany-por-falta-de-energia-em-apartamento\/"},"wordCount":348,"commentCount":0,"publisher":{"@id":"https:\/\/brasilnoticias.org\/site\/#organization"},"image":{"@id":"https:\/\/brasilnoticias.org\/site\/policia-suspende-reconstituicao-da-morte-de-kezia-stefany-por-falta-de-energia-em-apartamento\/#primaryimage"},"thumbnailUrl":"https:\/\/brasilnoticias.org\/site\/wp-content\/uploads\/2022\/05\/331921_widelg_widelg-800x445-1.jpg","articleSection":["Pol\u00edcia","\u00daltimas"],"inLanguage":"pt-PT","potentialAction":[{"@type":"CommentAction","name":"Comment","target":["https:\/\/brasilnoticias.org\/site\/policia-suspende-reconstituicao-da-morte-de-kezia-stefany-por-falta-de-energia-em-apartamento\/#respond"]}]},{"@type":"WebPage","@id":"https:\/\/brasilnoticias.org\/site\/policia-suspende-reconstituicao-da-morte-de-kezia-stefany-por-falta-de-energia-em-apartamento\/","url":"https:\/\/brasilnoticias.org\/site\/policia-suspende-reconstituicao-da-morte-de-kezia-stefany-por-falta-de-energia-em-apartamento\/","name":"POL\u00cdCIA SUSPENDE RECONSTITUI\u00c7\u00c3O DA MORTE DE K\u00c9ZIA STEFANY POR FALTA DE ENERGIA EM APARTAMENTO - Brasil not\u00edcias","isPartOf":{"@id":"https:\/\/brasilnoticias.org\/site\/#website"},"primaryImageOfPage":{"@id":"https:\/\/brasilnoticias.org\/site\/policia-suspende-reconstituicao-da-morte-de-kezia-stefany-por-falta-de-energia-em-apartamento\/#primaryimage"},"image":{"@id":"https:\/\/brasilnoticias.org\/site\/policia-suspende-reconstituicao-da-morte-de-kezia-stefany-por-falta-de-energia-em-apartamento\/#primaryimage"},"thumbnailUrl":"https:\/\/brasilnoticias.org\/site\/wp-content\/uploads\/2022\/05\/331921_widelg_widelg-800x445-1.jpg","datePublished":"2022-01-04T18:13:56+00:00","dateModified":"2022-05-03T18:15:29+00:00","breadcrumb":{"@id":"https:\/\/brasilnoticias.org\/site\/policia-suspende-reconstituicao-da-morte-de-kezia-stefany-por-falta-de-energia-em-apartamento\/#breadcrumb"},"inLanguage":"pt-PT","potentialAction":[{"@type":"ReadAction","target":["https:\/\/brasilnoticias.org\/site\/policia-suspende-reconstituicao-da-morte-de-kezia-stefany-por-falta-de-energia-em-apartamento\/"]}]},{"@type":"ImageObject","inLanguage":"pt-PT","@id":"https:\/\/brasilnoticias.org\/site\/policia-suspende-reconstituicao-da-morte-de-kezia-stefany-por-falta-de-energia-em-apartamento\/#primaryimage","url":"https:\/\/brasilnoticias.org\/site\/wp-content\/uploads\/2022\/05\/331921_widelg_widelg-800x445-1.jpg","contentUrl":"https:\/\/brasilnoticias.org\/site\/wp-content\/uploads\/2022\/05\/331921_widelg_widelg-800x445-1.jpg","width":800,"height":445},{"@type":"BreadcrumbList","@id":"https:\/\/brasilnoticias.org\/site\/policia-suspende-reconstituicao-da-morte-de-kezia-stefany-por-falta-de-energia-em-apartamento\/#breadcrumb","itemListElement":[{"@type":"ListItem","position":1,"name":"In\u00edcio","item":"https:\/\/brasilnoticias.org\/site\/"},{"@type":"ListItem","position":2,"name":"POL\u00cdCIA SUSPENDE RECONSTITUI\u00c7\u00c3O DA MORTE DE K\u00c9ZIA STEFANY POR FALTA DE ENERGIA EM APARTAMENTO"}]},{"@type":"WebSite","@id":"https:\/\/brasilnoticias.org\/site\/#website","url":"https:\/\/brasilnoticias.org\/site\/","name":"Brasil not\u00edcias","description":"Brasil not\u00edcias","publisher":{"@id":"https:\/\/brasilnoticias.org\/site\/#organization"},"potentialAction":[{"@type":"SearchAction","target":{"@type":"EntryPoint","urlTemplate":"https:\/\/brasilnoticias.org\/site\/?s={search_term_string}"},"query-input":{"@type":"PropertyValueSpecification","valueRequired":true,"valueName":"search_term_string"}}],"inLanguage":"pt-PT"},{"@type":"Organization","@id":"https:\/\/brasilnoticias.org\/site\/#organization","name":"Brasil not\u00edcias","url":"https:\/\/brasilnoticias.org\/site\/","logo":{"@type":"ImageObject","inLanguage":"pt-PT","@id":"https:\/\/brasilnoticias.org\/site\/#\/schema\/logo\/image\/","url":"https:\/\/brasilnoticias.org\/site\/wp-content\/uploads\/2022\/05\/cropped-brasilnoticias-mini.jpg","contentUrl":"https:\/\/brasilnoticias.org\/site\/wp-content\/uploads\/2022\/05\/cropped-brasilnoticias-mini.jpg","width":314,"height":86,"caption":"Brasil not\u00edcias"},"image":{"@id":"https:\/\/brasilnoticias.org\/site\/#\/schema\/logo\/image\/"}},{"@type":"Person","@id":"https:\/\/brasilnoticias.org\/site\/#\/schema\/person\/a0e05b973ec4d15c658d51911e53507b","name":"Reda\u00e7\u00e3o","image":{"@type":"ImageObject","inLanguage":"pt-PT","@id":"https:\/\/brasilnoticias.org\/site\/#\/schema\/person\/image\/","url":"https:\/\/secure.gravatar.com\/avatar\/75d8b050df2de108b08ae78dfb8e374892df24a383c67db9c46a9c604f6aee9c?s=96&d=mm&r=g","contentUrl":"https:\/\/secure.gravatar.com\/avatar\/75d8b050df2de108b08ae78dfb8e374892df24a383c67db9c46a9c604f6aee9c?s=96&d=mm&r=g","caption":"Reda\u00e7\u00e3o"},"sameAs":["https:\/\/brasilnoticias.org\/site"],"url":"https:\/\/brasilnoticias.org\/site\/author\/fernandozsngmail-com\/"}]}},"_links":{"self":[{"href":"https:\/\/brasilnoticias.org\/site\/wp-json\/wp\/v2\/posts\/67","targetHints":{"allow":["GET"]}}],"collection":[{"href":"https:\/\/brasilnoticias.org\/site\/wp-json\/wp\/v2\/posts"}],"about":[{"href":"https:\/\/brasilnoticias.org\/site\/wp-json\/wp\/v2\/types\/post"}],"author":[{"embeddable":true,"href":"https:\/\/brasilnoticias.org\/site\/wp-json\/wp\/v2\/users\/1"}],"replies":[{"embeddable":true,"href":"https:\/\/brasilnoticias.org\/site\/wp-json\/wp\/v2\/comments?post=67"}],"version-history":[{"count":1,"href":"https:\/\/brasilnoticias.org\/site\/wp-json\/wp\/v2\/posts\/67\/revisions"}],"predecessor-version":[{"id":69,"href":"https:\/\/brasilnoticias.org\/site\/wp-json\/wp\/v2\/posts\/67\/revisions\/69"}],"wp:featuredmedia":[{"embeddable":true,"href":"https:\/\/brasilnoticias.org\/site\/wp-json\/wp\/v2\/media\/68"}],"wp:attachment":[{"href":"https:\/\/brasilnoticias.org\/site\/wp-json\/wp\/v2\/media?parent=67"}],"wp:term":[{"taxonomy":"category","embeddable":true,"href":"https:\/\/brasilnoticias.org\/site\/wp-json\/wp\/v2\/categories?post=67"},{"taxonomy":"post_tag","embeddable":true,"href":"https:\/\/brasilnoticias.org\/site\/wp-json\/wp\/v2\/tags?post=67"}],"curies":[{"name":"wp","href":"https:\/\/api.w.org\/{rel}","templated":true}]}}