{"id":673,"date":"2022-05-30T10:02:24","date_gmt":"2022-05-30T13:02:24","guid":{"rendered":"https:\/\/brasilnoticias.org\/site\/?p=673"},"modified":"2022-05-30T10:02:24","modified_gmt":"2022-05-30T13:02:24","slug":"volta-redonda-tem-retornos-de-tecnico-e-meio-campista-na-visita-ao-vitoria","status":"publish","type":"post","link":"https:\/\/brasilnoticias.org\/site\/volta-redonda-tem-retornos-de-tecnico-e-meio-campista-na-visita-ao-vitoria\/","title":{"rendered":"VOLTA REDONDA TEM RETORNOS DE T\u00c9CNICO E MEIO-CAMPISTA NA VISITA AO VIT\u00d3RIA"},"content":{"rendered":"<p>O Volta Redonda ter\u00e1 dois refor\u00e7os na visita ao Vit\u00f3ria, em Salvador, pela nona rodada da S\u00e9rie C. O t\u00e9cnico Rog\u00e9rio Corr\u00eaa voltar\u00e1 a comandar o time na beira do campo e tamb\u00e9m contar\u00e1 com a volta do meio-campista Pedrinho. Os dois cumpriram suspens\u00e3o na derrota da equipe carioca para o Botafogo-PB por 1 a 0, em casa, pela oitava jornada da Terceirona.<\/p>\n<div id=\"div-gpt-ad-bn_esportes_conteudo\"><\/div>\n<p>&nbsp;<\/p>\n<p>Rog\u00e9rio Corr\u00eaa estava suspenso pelo cart\u00e3o vermelho direito recebido na partida contra o Paysandu, por reclama\u00e7\u00e3o. Enquanto o camisa 10 ficou fora do \u00faltimo compromisso pelo terceiro amarelo. Contra o Belo, o Volta\u00e7o foi comandado pelo gerente de futebol Wilson Leite, enquanto Wendson ficou com a vaga de Pedrinho no time titular.<\/p>\n<p>Vindo de duas derrotas consecutivas, o Volta Redonda ocupa a 11\u00aa coloca\u00e7\u00e3o na tabela com 10 pontos, mesma pontua\u00e7\u00e3o do Vit\u00f3ria, aparece logo atr\u00e1s em 12\u00ba. Ao contr\u00e1rio do advers\u00e1rio, o Le\u00e3o ganhou seus dois \u00faltimos compromissos. As duas equipes medem for\u00e7as no pr\u00f3ximo domingo (5), \u00e0s 16h, no Barrad\u00e3o.<\/p>\n<p>&nbsp;<\/p>\n<p>&nbsp;<\/p>\n<p>Bnews<\/p>\n","protected":false},"excerpt":{"rendered":"<p>O Volta Redonda ter\u00e1 dois refor\u00e7os na visita ao Vit\u00f3ria, em Salvador, pela nona rodada da S\u00e9rie C. O t\u00e9cnico<\/p>\n","protected":false},"author":2,"featured_media":674,"comment_status":"open","ping_status":"open","sticky":false,"template":"","format":"standard","meta":{"colormag_page_container_layout":"default_layout","colormag_page_sidebar_layout":"default_layout","_FSMCFIC_featured_image_caption":"","_FSMCFIC_featured_image_nocaption":"","_FSMCFIC_featured_image_hide":"","footnotes":""},"categories":[2,1],"tags":[],"class_list":["post-673","post","type-post","status-publish","format-standard","has-post-thumbnail","hentry","category-noticias","category-ultimas"],"yoast_head":"<!-- This site is optimized with the Yoast SEO plugin v27.1.1 - https:\/\/yoast.com\/product\/yoast-seo-wordpress\/ -->\n<title>VOLTA REDONDA TEM RETORNOS DE T\u00c9CNICO E MEIO-CAMPISTA NA VISITA AO VIT\u00d3RIA - Brasil not\u00edcias<\/title>\n<meta name=\"robots\" content=\"index, follow, max-snippet:-1, max-image-preview:large, max-video-preview:-1\" \/>\n<link rel=\"canonical\" href=\"https:\/\/brasilnoticias.org\/site\/volta-redonda-tem-retornos-de-tecnico-e-meio-campista-na-visita-ao-vitoria\/\" \/>\n<meta property=\"og:locale\" content=\"pt_PT\" \/>\n<meta property=\"og:type\" content=\"article\" \/>\n<meta property=\"og:title\" content=\"VOLTA REDONDA TEM RETORNOS DE T\u00c9CNICO E MEIO-CAMPISTA NA VISITA AO VIT\u00d3RIA - Brasil not\u00edcias\" \/>\n<meta property=\"og:description\" content=\"O Volta Redonda ter\u00e1 dois refor\u00e7os na visita ao Vit\u00f3ria, em Salvador, pela nona rodada da S\u00e9rie C. O t\u00e9cnico\" \/>\n<meta property=\"og:url\" content=\"https:\/\/brasilnoticias.org\/site\/volta-redonda-tem-retornos-de-tecnico-e-meio-campista-na-visita-ao-vitoria\/\" \/>\n<meta property=\"og:site_name\" content=\"Brasil not\u00edcias\" \/>\n<meta property=\"article:published_time\" content=\"2022-05-30T13:02:24+00:00\" \/>\n<meta property=\"og:image\" content=\"https:\/\/brasilnoticias.org\/site\/wp-content\/uploads\/2022\/05\/IMG-20220530-WA0014.jpg\" \/>\n\t<meta property=\"og:image:width\" content=\"900\" \/>\n\t<meta property=\"og:image:height\" content=\"1600\" \/>\n\t<meta property=\"og:image:type\" content=\"image\/jpeg\" \/>\n<meta name=\"author\" content=\"Reda\u00e7\u00e3o\" \/>\n<meta name=\"twitter:card\" content=\"summary_large_image\" \/>\n<meta name=\"twitter:label1\" content=\"Escrito por\" \/>\n\t<meta name=\"twitter:data1\" content=\"Reda\u00e7\u00e3o\" \/>\n\t<meta name=\"twitter:label2\" content=\"Tempo estimado de leitura\" \/>\n\t<meta name=\"twitter:data2\" content=\"1 minuto\" \/>\n<script type=\"application\/ld+json\" class=\"yoast-schema-graph\">{\"@context\":\"https:\/\/schema.org\",\"@graph\":[{\"@type\":\"Article\",\"@id\":\"https:\/\/brasilnoticias.org\/site\/volta-redonda-tem-retornos-de-tecnico-e-meio-campista-na-visita-ao-vitoria\/#article\",\"isPartOf\":{\"@id\":\"https:\/\/brasilnoticias.org\/site\/volta-redonda-tem-retornos-de-tecnico-e-meio-campista-na-visita-ao-vitoria\/\"},\"author\":{\"name\":\"Reda\u00e7\u00e3o\",\"@id\":\"https:\/\/brasilnoticias.org\/site\/#\/schema\/person\/f609fa847b5314f1c8b983342f34c798\"},\"headline\":\"VOLTA REDONDA TEM RETORNOS DE T\u00c9CNICO E MEIO-CAMPISTA NA VISITA AO VIT\u00d3RIA\",\"datePublished\":\"2022-05-30T13:02:24+00:00\",\"mainEntityOfPage\":{\"@id\":\"https:\/\/brasilnoticias.org\/site\/volta-redonda-tem-retornos-de-tecnico-e-meio-campista-na-visita-ao-vitoria\/\"},\"wordCount\":199,\"commentCount\":0,\"publisher\":{\"@id\":\"https:\/\/brasilnoticias.org\/site\/#organization\"},\"image\":{\"@id\":\"https:\/\/brasilnoticias.org\/site\/volta-redonda-tem-retornos-de-tecnico-e-meio-campista-na-visita-ao-vitoria\/#primaryimage\"},\"thumbnailUrl\":\"https:\/\/brasilnoticias.org\/site\/wp-content\/uploads\/2022\/05\/IMG-20220530-WA0014.jpg\",\"articleSection\":[\"Not\u00edcias\",\"\u00daltimas\"],\"inLanguage\":\"pt-PT\",\"potentialAction\":[{\"@type\":\"CommentAction\",\"name\":\"Comment\",\"target\":[\"https:\/\/brasilnoticias.org\/site\/volta-redonda-tem-retornos-de-tecnico-e-meio-campista-na-visita-ao-vitoria\/#respond\"]}]},{\"@type\":\"WebPage\",\"@id\":\"https:\/\/brasilnoticias.org\/site\/volta-redonda-tem-retornos-de-tecnico-e-meio-campista-na-visita-ao-vitoria\/\",\"url\":\"https:\/\/brasilnoticias.org\/site\/volta-redonda-tem-retornos-de-tecnico-e-meio-campista-na-visita-ao-vitoria\/\",\"name\":\"VOLTA REDONDA TEM RETORNOS DE T\u00c9CNICO E MEIO-CAMPISTA NA VISITA AO VIT\u00d3RIA - Brasil not\u00edcias\",\"isPartOf\":{\"@id\":\"https:\/\/brasilnoticias.org\/site\/#website\"},\"primaryImageOfPage\":{\"@id\":\"https:\/\/brasilnoticias.org\/site\/volta-redonda-tem-retornos-de-tecnico-e-meio-campista-na-visita-ao-vitoria\/#primaryimage\"},\"image\":{\"@id\":\"https:\/\/brasilnoticias.org\/site\/volta-redonda-tem-retornos-de-tecnico-e-meio-campista-na-visita-ao-vitoria\/#primaryimage\"},\"thumbnailUrl\":\"https:\/\/brasilnoticias.org\/site\/wp-content\/uploads\/2022\/05\/IMG-20220530-WA0014.jpg\",\"datePublished\":\"2022-05-30T13:02:24+00:00\",\"breadcrumb\":{\"@id\":\"https:\/\/brasilnoticias.org\/site\/volta-redonda-tem-retornos-de-tecnico-e-meio-campista-na-visita-ao-vitoria\/#breadcrumb\"},\"inLanguage\":\"pt-PT\",\"potentialAction\":[{\"@type\":\"ReadAction\",\"target\":[\"https:\/\/brasilnoticias.org\/site\/volta-redonda-tem-retornos-de-tecnico-e-meio-campista-na-visita-ao-vitoria\/\"]}]},{\"@type\":\"ImageObject\",\"inLanguage\":\"pt-PT\",\"@id\":\"https:\/\/brasilnoticias.org\/site\/volta-redonda-tem-retornos-de-tecnico-e-meio-campista-na-visita-ao-vitoria\/#primaryimage\",\"url\":\"https:\/\/brasilnoticias.org\/site\/wp-content\/uploads\/2022\/05\/IMG-20220530-WA0014.jpg\",\"contentUrl\":\"https:\/\/brasilnoticias.org\/site\/wp-content\/uploads\/2022\/05\/IMG-20220530-WA0014.jpg\",\"width\":900,\"height\":1600},{\"@type\":\"BreadcrumbList\",\"@id\":\"https:\/\/brasilnoticias.org\/site\/volta-redonda-tem-retornos-de-tecnico-e-meio-campista-na-visita-ao-vitoria\/#breadcrumb\",\"itemListElement\":[{\"@type\":\"ListItem\",\"position\":1,\"name\":\"In\u00edcio\",\"item\":\"https:\/\/brasilnoticias.org\/site\/\"},{\"@type\":\"ListItem\",\"position\":2,\"name\":\"VOLTA REDONDA TEM RETORNOS DE T\u00c9CNICO E MEIO-CAMPISTA NA VISITA AO VIT\u00d3RIA\"}]},{\"@type\":\"WebSite\",\"@id\":\"https:\/\/brasilnoticias.org\/site\/#website\",\"url\":\"https:\/\/brasilnoticias.org\/site\/\",\"name\":\"Brasil not\u00edcias\",\"description\":\"Brasil not\u00edcias\",\"publisher\":{\"@id\":\"https:\/\/brasilnoticias.org\/site\/#organization\"},\"potentialAction\":[{\"@type\":\"SearchAction\",\"target\":{\"@type\":\"EntryPoint\",\"urlTemplate\":\"https:\/\/brasilnoticias.org\/site\/?s={search_term_string}\"},\"query-input\":{\"@type\":\"PropertyValueSpecification\",\"valueRequired\":true,\"valueName\":\"search_term_string\"}}],\"inLanguage\":\"pt-PT\"},{\"@type\":\"Organization\",\"@id\":\"https:\/\/brasilnoticias.org\/site\/#organization\",\"name\":\"Brasil not\u00edcias\",\"url\":\"https:\/\/brasilnoticias.org\/site\/\",\"logo\":{\"@type\":\"ImageObject\",\"inLanguage\":\"pt-PT\",\"@id\":\"https:\/\/brasilnoticias.org\/site\/#\/schema\/logo\/image\/\",\"url\":\"https:\/\/brasilnoticias.org\/site\/wp-content\/uploads\/2022\/05\/cropped-brasilnoticias-mini.jpg\",\"contentUrl\":\"https:\/\/brasilnoticias.org\/site\/wp-content\/uploads\/2022\/05\/cropped-brasilnoticias-mini.jpg\",\"width\":314,\"height\":86,\"caption\":\"Brasil not\u00edcias\"},\"image\":{\"@id\":\"https:\/\/brasilnoticias.org\/site\/#\/schema\/logo\/image\/\"}},{\"@type\":\"Person\",\"@id\":\"https:\/\/brasilnoticias.org\/site\/#\/schema\/person\/f609fa847b5314f1c8b983342f34c798\",\"name\":\"Reda\u00e7\u00e3o\",\"image\":{\"@type\":\"ImageObject\",\"inLanguage\":\"pt-PT\",\"@id\":\"https:\/\/brasilnoticias.org\/site\/#\/schema\/person\/image\/\",\"url\":\"https:\/\/secure.gravatar.com\/avatar\/447284c06c1ad8b46465a36de9cd0d8326b73387a22799b8b1ffb1fbcff2ed0c?s=96&d=mm&r=g\",\"contentUrl\":\"https:\/\/secure.gravatar.com\/avatar\/447284c06c1ad8b46465a36de9cd0d8326b73387a22799b8b1ffb1fbcff2ed0c?s=96&d=mm&r=g\",\"caption\":\"Reda\u00e7\u00e3o\"},\"url\":\"https:\/\/brasilnoticias.org\/site\/author\/redacao\/\"}]}<\/script>\n<!-- \/ Yoast SEO plugin. -->","yoast_head_json":{"title":"VOLTA REDONDA TEM RETORNOS DE T\u00c9CNICO E MEIO-CAMPISTA NA VISITA AO VIT\u00d3RIA - Brasil not\u00edcias","robots":{"index":"index","follow":"follow","max-snippet":"max-snippet:-1","max-image-preview":"max-image-preview:large","max-video-preview":"max-video-preview:-1"},"canonical":"https:\/\/brasilnoticias.org\/site\/volta-redonda-tem-retornos-de-tecnico-e-meio-campista-na-visita-ao-vitoria\/","og_locale":"pt_PT","og_type":"article","og_title":"VOLTA REDONDA TEM RETORNOS DE T\u00c9CNICO E MEIO-CAMPISTA NA VISITA AO VIT\u00d3RIA - Brasil not\u00edcias","og_description":"O Volta Redonda ter\u00e1 dois refor\u00e7os na visita ao Vit\u00f3ria, em Salvador, pela nona rodada da S\u00e9rie C. O t\u00e9cnico","og_url":"https:\/\/brasilnoticias.org\/site\/volta-redonda-tem-retornos-de-tecnico-e-meio-campista-na-visita-ao-vitoria\/","og_site_name":"Brasil not\u00edcias","article_published_time":"2022-05-30T13:02:24+00:00","og_image":[{"width":900,"height":1600,"url":"https:\/\/brasilnoticias.org\/site\/wp-content\/uploads\/2022\/05\/IMG-20220530-WA0014.jpg","type":"image\/jpeg"}],"author":"Reda\u00e7\u00e3o","twitter_card":"summary_large_image","twitter_misc":{"Escrito por":"Reda\u00e7\u00e3o","Tempo estimado de leitura":"1 minuto"},"schema":{"@context":"https:\/\/schema.org","@graph":[{"@type":"Article","@id":"https:\/\/brasilnoticias.org\/site\/volta-redonda-tem-retornos-de-tecnico-e-meio-campista-na-visita-ao-vitoria\/#article","isPartOf":{"@id":"https:\/\/brasilnoticias.org\/site\/volta-redonda-tem-retornos-de-tecnico-e-meio-campista-na-visita-ao-vitoria\/"},"author":{"name":"Reda\u00e7\u00e3o","@id":"https:\/\/brasilnoticias.org\/site\/#\/schema\/person\/f609fa847b5314f1c8b983342f34c798"},"headline":"VOLTA REDONDA TEM RETORNOS DE T\u00c9CNICO E MEIO-CAMPISTA NA VISITA AO VIT\u00d3RIA","datePublished":"2022-05-30T13:02:24+00:00","mainEntityOfPage":{"@id":"https:\/\/brasilnoticias.org\/site\/volta-redonda-tem-retornos-de-tecnico-e-meio-campista-na-visita-ao-vitoria\/"},"wordCount":199,"commentCount":0,"publisher":{"@id":"https:\/\/brasilnoticias.org\/site\/#organization"},"image":{"@id":"https:\/\/brasilnoticias.org\/site\/volta-redonda-tem-retornos-de-tecnico-e-meio-campista-na-visita-ao-vitoria\/#primaryimage"},"thumbnailUrl":"https:\/\/brasilnoticias.org\/site\/wp-content\/uploads\/2022\/05\/IMG-20220530-WA0014.jpg","articleSection":["Not\u00edcias","\u00daltimas"],"inLanguage":"pt-PT","potentialAction":[{"@type":"CommentAction","name":"Comment","target":["https:\/\/brasilnoticias.org\/site\/volta-redonda-tem-retornos-de-tecnico-e-meio-campista-na-visita-ao-vitoria\/#respond"]}]},{"@type":"WebPage","@id":"https:\/\/brasilnoticias.org\/site\/volta-redonda-tem-retornos-de-tecnico-e-meio-campista-na-visita-ao-vitoria\/","url":"https:\/\/brasilnoticias.org\/site\/volta-redonda-tem-retornos-de-tecnico-e-meio-campista-na-visita-ao-vitoria\/","name":"VOLTA REDONDA TEM RETORNOS DE T\u00c9CNICO E MEIO-CAMPISTA NA VISITA AO VIT\u00d3RIA - Brasil not\u00edcias","isPartOf":{"@id":"https:\/\/brasilnoticias.org\/site\/#website"},"primaryImageOfPage":{"@id":"https:\/\/brasilnoticias.org\/site\/volta-redonda-tem-retornos-de-tecnico-e-meio-campista-na-visita-ao-vitoria\/#primaryimage"},"image":{"@id":"https:\/\/brasilnoticias.org\/site\/volta-redonda-tem-retornos-de-tecnico-e-meio-campista-na-visita-ao-vitoria\/#primaryimage"},"thumbnailUrl":"https:\/\/brasilnoticias.org\/site\/wp-content\/uploads\/2022\/05\/IMG-20220530-WA0014.jpg","datePublished":"2022-05-30T13:02:24+00:00","breadcrumb":{"@id":"https:\/\/brasilnoticias.org\/site\/volta-redonda-tem-retornos-de-tecnico-e-meio-campista-na-visita-ao-vitoria\/#breadcrumb"},"inLanguage":"pt-PT","potentialAction":[{"@type":"ReadAction","target":["https:\/\/brasilnoticias.org\/site\/volta-redonda-tem-retornos-de-tecnico-e-meio-campista-na-visita-ao-vitoria\/"]}]},{"@type":"ImageObject","inLanguage":"pt-PT","@id":"https:\/\/brasilnoticias.org\/site\/volta-redonda-tem-retornos-de-tecnico-e-meio-campista-na-visita-ao-vitoria\/#primaryimage","url":"https:\/\/brasilnoticias.org\/site\/wp-content\/uploads\/2022\/05\/IMG-20220530-WA0014.jpg","contentUrl":"https:\/\/brasilnoticias.org\/site\/wp-content\/uploads\/2022\/05\/IMG-20220530-WA0014.jpg","width":900,"height":1600},{"@type":"BreadcrumbList","@id":"https:\/\/brasilnoticias.org\/site\/volta-redonda-tem-retornos-de-tecnico-e-meio-campista-na-visita-ao-vitoria\/#breadcrumb","itemListElement":[{"@type":"ListItem","position":1,"name":"In\u00edcio","item":"https:\/\/brasilnoticias.org\/site\/"},{"@type":"ListItem","position":2,"name":"VOLTA REDONDA TEM RETORNOS DE T\u00c9CNICO E MEIO-CAMPISTA NA VISITA AO VIT\u00d3RIA"}]},{"@type":"WebSite","@id":"https:\/\/brasilnoticias.org\/site\/#website","url":"https:\/\/brasilnoticias.org\/site\/","name":"Brasil not\u00edcias","description":"Brasil not\u00edcias","publisher":{"@id":"https:\/\/brasilnoticias.org\/site\/#organization"},"potentialAction":[{"@type":"SearchAction","target":{"@type":"EntryPoint","urlTemplate":"https:\/\/brasilnoticias.org\/site\/?s={search_term_string}"},"query-input":{"@type":"PropertyValueSpecification","valueRequired":true,"valueName":"search_term_string"}}],"inLanguage":"pt-PT"},{"@type":"Organization","@id":"https:\/\/brasilnoticias.org\/site\/#organization","name":"Brasil not\u00edcias","url":"https:\/\/brasilnoticias.org\/site\/","logo":{"@type":"ImageObject","inLanguage":"pt-PT","@id":"https:\/\/brasilnoticias.org\/site\/#\/schema\/logo\/image\/","url":"https:\/\/brasilnoticias.org\/site\/wp-content\/uploads\/2022\/05\/cropped-brasilnoticias-mini.jpg","contentUrl":"https:\/\/brasilnoticias.org\/site\/wp-content\/uploads\/2022\/05\/cropped-brasilnoticias-mini.jpg","width":314,"height":86,"caption":"Brasil not\u00edcias"},"image":{"@id":"https:\/\/brasilnoticias.org\/site\/#\/schema\/logo\/image\/"}},{"@type":"Person","@id":"https:\/\/brasilnoticias.org\/site\/#\/schema\/person\/f609fa847b5314f1c8b983342f34c798","name":"Reda\u00e7\u00e3o","image":{"@type":"ImageObject","inLanguage":"pt-PT","@id":"https:\/\/brasilnoticias.org\/site\/#\/schema\/person\/image\/","url":"https:\/\/secure.gravatar.com\/avatar\/447284c06c1ad8b46465a36de9cd0d8326b73387a22799b8b1ffb1fbcff2ed0c?s=96&d=mm&r=g","contentUrl":"https:\/\/secure.gravatar.com\/avatar\/447284c06c1ad8b46465a36de9cd0d8326b73387a22799b8b1ffb1fbcff2ed0c?s=96&d=mm&r=g","caption":"Reda\u00e7\u00e3o"},"url":"https:\/\/brasilnoticias.org\/site\/author\/redacao\/"}]}},"_links":{"self":[{"href":"https:\/\/brasilnoticias.org\/site\/wp-json\/wp\/v2\/posts\/673","targetHints":{"allow":["GET"]}}],"collection":[{"href":"https:\/\/brasilnoticias.org\/site\/wp-json\/wp\/v2\/posts"}],"about":[{"href":"https:\/\/brasilnoticias.org\/site\/wp-json\/wp\/v2\/types\/post"}],"author":[{"embeddable":true,"href":"https:\/\/brasilnoticias.org\/site\/wp-json\/wp\/v2\/users\/2"}],"replies":[{"embeddable":true,"href":"https:\/\/brasilnoticias.org\/site\/wp-json\/wp\/v2\/comments?post=673"}],"version-history":[{"count":1,"href":"https:\/\/brasilnoticias.org\/site\/wp-json\/wp\/v2\/posts\/673\/revisions"}],"predecessor-version":[{"id":675,"href":"https:\/\/brasilnoticias.org\/site\/wp-json\/wp\/v2\/posts\/673\/revisions\/675"}],"wp:featuredmedia":[{"embeddable":true,"href":"https:\/\/brasilnoticias.org\/site\/wp-json\/wp\/v2\/media\/674"}],"wp:attachment":[{"href":"https:\/\/brasilnoticias.org\/site\/wp-json\/wp\/v2\/media?parent=673"}],"wp:term":[{"taxonomy":"category","embeddable":true,"href":"https:\/\/brasilnoticias.org\/site\/wp-json\/wp\/v2\/categories?post=673"},{"taxonomy":"post_tag","embeddable":true,"href":"https:\/\/brasilnoticias.org\/site\/wp-json\/wp\/v2\/tags?post=673"}],"curies":[{"name":"wp","href":"https:\/\/api.w.org\/{rel}","templated":true}]}}