{"id":676,"date":"2022-05-30T10:04:26","date_gmt":"2022-05-30T13:04:26","guid":{"rendered":"https:\/\/brasilnoticias.org\/site\/?p=676"},"modified":"2022-05-30T10:04:26","modified_gmt":"2022-05-30T13:04:26","slug":"vendas-em-queda-indicam-que-auxilio-gas-nao-vai-para-compra-de-botijoes-diz-setor","status":"publish","type":"post","link":"https:\/\/brasilnoticias.org\/site\/vendas-em-queda-indicam-que-auxilio-gas-nao-vai-para-compra-de-botijoes-diz-setor\/","title":{"rendered":"VENDAS EM QUEDA INDICAM QUE AUX\u00cdLIO-G\u00c1S N\u00c3O VAI PARA COMPRA DE BOTIJ\u00d5ES, DIZ SETOR"},"content":{"rendered":"<p>A concess\u00e3o de um aux\u00edlio para compra de botij\u00f5es de g\u00e1s de cozinha por fam\u00edlias de baixa renda n\u00e3o vem tendo impactos nas vendas do produto, o que indica que o dinheiro est\u00e1 sendo usado para outras necessidades b\u00e1sicas, diz o setor.<\/p>\n<p>Segundo dados da ANP (Ag\u00eancia Nacional do Petr\u00f3leo, G\u00e1s e Biocombust\u00edveis), as vendas de botij\u00e3o registram queda de 5,6% nos primeiros quatro meses de 2022, em compara\u00e7\u00e3o com o mesmo per\u00edodo do ano anterior.<\/p>\n<p>Entre janeiro mar\u00e7o, o volume de g\u00e1s de cozinha vendido em botij\u00f5es de 13 quilos no pa\u00eds \u00e9 o menor pelo menos desde 2017, tamb\u00e9m de acordo com estat\u00edsticas da ANP.<\/p>\n<p>Ap\u00f3s um pico de vendas no per\u00edodo inicial da pandemia, quando as medidas de isolamento levaram os brasileiros a cozinhar mais em casa, o setor vem amargando queda desde meados de 2021, reflexo da combina\u00e7\u00e3o entre pre\u00e7o em alta e perda de poder aquisitivo da popula\u00e7\u00e3o.<\/p>\n<p>Em dezembro, o governo come\u00e7ou a pagar a fam\u00edlias de baixa renda um aux\u00edlio de R$ 52 por m\u00eas, equivalente a metade do pre\u00e7o m\u00e9dio do botij\u00e3o naquela \u00e9poca. Em abril, o benef\u00edcio atingiu 5,4 milh\u00f5es de pessoas integrantes do Cadastro \u00danico de programas sociais, a um custo de R$ 275 milh\u00f5es.<\/p>\n<p>O setor questiona, por\u00e9m, a falta de regras para a destina\u00e7\u00e3o dos recursos, que s\u00e3o depositados em conta banc\u00e1ria ou por meio de poupan\u00e7a social. A queda persistente nas vendas, dizem executivos, indica que h\u00e1 desvio de finalidade do programa.<\/p>\n<p>\u201cO Aux\u00edlio-G\u00e1s \u00e9 um excelente programa, mas sem destina\u00e7\u00e3o espec\u00edfica n\u00e3o combate a pobreza energ\u00e9tica e propicia desvio de finalidade\u201d, diz Sergio Bandeira de Mello, presidente do Sindig\u00e1s (Sindicato das Empresas Distribuidoras de GLP).<\/p>\n<p>\u201cO programa \u00e9 interessante, mas precisa ser reformulado\u201d, concorda Jos\u00e9 Luiz Rocha, presidente da Abrag\u00e1s, entidade que re\u00fane as revendedoras de botij\u00f5es. \u201cO recurso tem que ser carimbado para compra de g\u00e1s. No modelo atual, esse dinheiro vai acabar sendo gasto em outra coisa.\u201d<\/p>\n<p>O aux\u00edlio-g\u00e1s passou a receber forte apoio do setor e de organiza\u00e7\u00f5es sociais durante a crise econ\u00f4mica gerada pela pandemia do novo coronav\u00edrus.<\/p>\n<p>Com o aumento do desemprego, principalmente entre trabalhadores informais, as fam\u00edlias mais pobres passaram a buscar alternativas para cozinhar, como lenha e at\u00e9 \u00e1lcool, o que levou a um crescimento dos atendimentos por queimaduras em hospitais.<\/p>\n<p>A situa\u00e7\u00e3o piorou a partir de meados de 2021, com a recupera\u00e7\u00e3o das cota\u00e7\u00f5es internacionais do petr\u00f3leo se refletindo nos pre\u00e7os de venda do produto pela Petrobras e, consequentemente, pelas revendas de botij\u00f5es.<\/p>\n<p>Fundamental nas resid\u00eancias brasileiras, o produto n\u00e3o costumava sofrer tanto impacto da varia\u00e7\u00e3o de pre\u00e7os. Em, 2021, por\u00e9m, as vendas ca\u00edram 4,2%, o que levou o governo a anunciar o programa de aux\u00edlio no fim do ano.<\/p>\n<p>Estudo divulgado em abril pela consultoria Kantar conclui que o gasto com botij\u00e3o de g\u00e1s compromete 22% do or\u00e7amento destinado a servi\u00e7os p\u00fablicos das fam\u00edlias mais pobres no Brasil, o que inclui energia el\u00e9trica, \u00e1gua, esgoto, telefone e impostos. Para os mais ricos, a parcela \u00e9 de 13%.<\/p>\n<p>Outro levantamento, divulgado tamb\u00e9m em abril pelo Observat\u00f3rio Social da Petrobras, mostra que o pre\u00e7o do botij\u00e3o equivale hoje a 9,4% do sal\u00e1rio m\u00ednimo, o maior percentual desde 2007. Naquele m\u00eas, o pre\u00e7o m\u00e9dio do botij\u00e3o bateu recorde hist\u00f3rico no pa\u00eds.<\/p>\n<p>A alta do pre\u00e7o passou a impactar at\u00e9 a distribui\u00e7\u00e3o solid\u00e1ria de quentinhas para pessoas em situa\u00e7\u00e3o de rua em diversas cidades brasileiras.<\/p>\n<p>Rocha diz que a queda nas vendas e as margens apertadas est\u00e3o levando revendedores a desistir do neg\u00f3cio. \u201cNa medida em que n\u00e3o conseguem repassar pre\u00e7o, muitos empres\u00e1rios fecham as portas. Ou repassa para sobreviver ou fecha.\u201d<\/p>\n<p>O setor sugere que o governo inclua algum dispositivo que vincule o uso dos recursos \u00e0 compra de botij\u00f5es.\u201dPrograma de renda \u00e9 excelente, mas pobreza energ\u00e9tica combate-se substituindo uma fonte por outra\u201d, afirma Bandeira de Mello.<\/p>\n<p>Em 2017, j\u00e1 sob efeito da recess\u00e3o iniciada em 2014, carv\u00e3o e lenha voltaram a suplantar o g\u00e1s de cozinha na matriz energ\u00e9tica residencial brasileira, de acordo com dados da EPE (Empresa de Planejamento Energ\u00e9tico).<\/p>\n<p>A situa\u00e7\u00e3o perdurou ao menos at\u00e9 2020, quando os \u00faltimos dados foram divulgados. Com a crise da pandemia, o setor estima que o cen\u00e1rio piorou ap\u00f3s esse per\u00edodo.<\/p>\n<p>Respons\u00e1vel pela distribui\u00e7\u00e3o dos recursos, o Minist\u00e9rio da Cidadania n\u00e3o comentou a quest\u00e3o. Em nota enviada \u00e0 Folha, apenas elencou as regras do programa e indicou links para p\u00e1ginas de informa\u00e7\u00f5es sobre os valores pagos e d\u00favidas sobre enquadramento.<\/p>\n<p>&nbsp;<\/p>\n<p><span class=\"assinatura_exclusiva\">Nicola Pamplona \/ Folha de S\u00e3o Paulo<\/span><\/p>\n","protected":false},"excerpt":{"rendered":"<p>A concess\u00e3o de um aux\u00edlio para compra de botij\u00f5es de g\u00e1s de cozinha por fam\u00edlias de baixa renda n\u00e3o vem<\/p>\n","protected":false},"author":2,"featured_media":677,"comment_status":"open","ping_status":"open","sticky":false,"template":"","format":"standard","meta":{"colormag_page_container_layout":"default_layout","colormag_page_sidebar_layout":"default_layout","_FSMCFIC_featured_image_caption":"","_FSMCFIC_featured_image_nocaption":"","_FSMCFIC_featured_image_hide":"","footnotes":""},"categories":[2,1],"tags":[],"class_list":["post-676","post","type-post","status-publish","format-standard","has-post-thumbnail","hentry","category-noticias","category-ultimas"],"yoast_head":"<!-- This site is optimized with the Yoast SEO plugin v27.1.1 - https:\/\/yoast.com\/product\/yoast-seo-wordpress\/ -->\n<title>VENDAS EM QUEDA INDICAM QUE AUX\u00cdLIO-G\u00c1S N\u00c3O VAI PARA COMPRA DE BOTIJ\u00d5ES, DIZ SETOR - Brasil not\u00edcias<\/title>\n<meta name=\"robots\" content=\"index, follow, max-snippet:-1, max-image-preview:large, max-video-preview:-1\" \/>\n<link rel=\"canonical\" href=\"https:\/\/brasilnoticias.org\/site\/vendas-em-queda-indicam-que-auxilio-gas-nao-vai-para-compra-de-botijoes-diz-setor\/\" \/>\n<meta property=\"og:locale\" content=\"pt_PT\" \/>\n<meta property=\"og:type\" content=\"article\" \/>\n<meta property=\"og:title\" content=\"VENDAS EM QUEDA INDICAM QUE AUX\u00cdLIO-G\u00c1S N\u00c3O VAI PARA COMPRA DE BOTIJ\u00d5ES, DIZ SETOR - Brasil not\u00edcias\" \/>\n<meta property=\"og:description\" content=\"A concess\u00e3o de um aux\u00edlio para compra de botij\u00f5es de g\u00e1s de cozinha por fam\u00edlias de baixa renda n\u00e3o vem\" \/>\n<meta property=\"og:url\" content=\"https:\/\/brasilnoticias.org\/site\/vendas-em-queda-indicam-que-auxilio-gas-nao-vai-para-compra-de-botijoes-diz-setor\/\" \/>\n<meta property=\"og:site_name\" content=\"Brasil not\u00edcias\" \/>\n<meta property=\"article:published_time\" content=\"2022-05-30T13:04:26+00:00\" \/>\n<meta property=\"og:image\" content=\"https:\/\/brasilnoticias.org\/site\/wp-content\/uploads\/2022\/05\/Screenshot_20220530-094231-650.png\" \/>\n\t<meta property=\"og:image:width\" content=\"720\" \/>\n\t<meta property=\"og:image:height\" content=\"631\" \/>\n\t<meta property=\"og:image:type\" content=\"image\/png\" \/>\n<meta name=\"author\" content=\"Reda\u00e7\u00e3o\" \/>\n<meta name=\"twitter:card\" content=\"summary_large_image\" \/>\n<meta name=\"twitter:label1\" content=\"Escrito por\" \/>\n\t<meta name=\"twitter:data1\" content=\"Reda\u00e7\u00e3o\" \/>\n\t<meta name=\"twitter:label2\" content=\"Tempo estimado de leitura\" \/>\n\t<meta name=\"twitter:data2\" content=\"4 minutos\" \/>\n<script type=\"application\/ld+json\" class=\"yoast-schema-graph\">{\"@context\":\"https:\/\/schema.org\",\"@graph\":[{\"@type\":\"Article\",\"@id\":\"https:\/\/brasilnoticias.org\/site\/vendas-em-queda-indicam-que-auxilio-gas-nao-vai-para-compra-de-botijoes-diz-setor\/#article\",\"isPartOf\":{\"@id\":\"https:\/\/brasilnoticias.org\/site\/vendas-em-queda-indicam-que-auxilio-gas-nao-vai-para-compra-de-botijoes-diz-setor\/\"},\"author\":{\"name\":\"Reda\u00e7\u00e3o\",\"@id\":\"https:\/\/brasilnoticias.org\/site\/#\/schema\/person\/f609fa847b5314f1c8b983342f34c798\"},\"headline\":\"VENDAS EM QUEDA INDICAM QUE AUX\u00cdLIO-G\u00c1S N\u00c3O VAI PARA COMPRA DE BOTIJ\u00d5ES, DIZ SETOR\",\"datePublished\":\"2022-05-30T13:04:26+00:00\",\"mainEntityOfPage\":{\"@id\":\"https:\/\/brasilnoticias.org\/site\/vendas-em-queda-indicam-que-auxilio-gas-nao-vai-para-compra-de-botijoes-diz-setor\/\"},\"wordCount\":858,\"commentCount\":0,\"publisher\":{\"@id\":\"https:\/\/brasilnoticias.org\/site\/#organization\"},\"image\":{\"@id\":\"https:\/\/brasilnoticias.org\/site\/vendas-em-queda-indicam-que-auxilio-gas-nao-vai-para-compra-de-botijoes-diz-setor\/#primaryimage\"},\"thumbnailUrl\":\"https:\/\/brasilnoticias.org\/site\/wp-content\/uploads\/2022\/05\/Screenshot_20220530-094231-650.png\",\"articleSection\":[\"Not\u00edcias\",\"\u00daltimas\"],\"inLanguage\":\"pt-PT\",\"potentialAction\":[{\"@type\":\"CommentAction\",\"name\":\"Comment\",\"target\":[\"https:\/\/brasilnoticias.org\/site\/vendas-em-queda-indicam-que-auxilio-gas-nao-vai-para-compra-de-botijoes-diz-setor\/#respond\"]}]},{\"@type\":\"WebPage\",\"@id\":\"https:\/\/brasilnoticias.org\/site\/vendas-em-queda-indicam-que-auxilio-gas-nao-vai-para-compra-de-botijoes-diz-setor\/\",\"url\":\"https:\/\/brasilnoticias.org\/site\/vendas-em-queda-indicam-que-auxilio-gas-nao-vai-para-compra-de-botijoes-diz-setor\/\",\"name\":\"VENDAS EM QUEDA INDICAM QUE AUX\u00cdLIO-G\u00c1S N\u00c3O VAI PARA COMPRA DE BOTIJ\u00d5ES, DIZ SETOR - Brasil not\u00edcias\",\"isPartOf\":{\"@id\":\"https:\/\/brasilnoticias.org\/site\/#website\"},\"primaryImageOfPage\":{\"@id\":\"https:\/\/brasilnoticias.org\/site\/vendas-em-queda-indicam-que-auxilio-gas-nao-vai-para-compra-de-botijoes-diz-setor\/#primaryimage\"},\"image\":{\"@id\":\"https:\/\/brasilnoticias.org\/site\/vendas-em-queda-indicam-que-auxilio-gas-nao-vai-para-compra-de-botijoes-diz-setor\/#primaryimage\"},\"thumbnailUrl\":\"https:\/\/brasilnoticias.org\/site\/wp-content\/uploads\/2022\/05\/Screenshot_20220530-094231-650.png\",\"datePublished\":\"2022-05-30T13:04:26+00:00\",\"breadcrumb\":{\"@id\":\"https:\/\/brasilnoticias.org\/site\/vendas-em-queda-indicam-que-auxilio-gas-nao-vai-para-compra-de-botijoes-diz-setor\/#breadcrumb\"},\"inLanguage\":\"pt-PT\",\"potentialAction\":[{\"@type\":\"ReadAction\",\"target\":[\"https:\/\/brasilnoticias.org\/site\/vendas-em-queda-indicam-que-auxilio-gas-nao-vai-para-compra-de-botijoes-diz-setor\/\"]}]},{\"@type\":\"ImageObject\",\"inLanguage\":\"pt-PT\",\"@id\":\"https:\/\/brasilnoticias.org\/site\/vendas-em-queda-indicam-que-auxilio-gas-nao-vai-para-compra-de-botijoes-diz-setor\/#primaryimage\",\"url\":\"https:\/\/brasilnoticias.org\/site\/wp-content\/uploads\/2022\/05\/Screenshot_20220530-094231-650.png\",\"contentUrl\":\"https:\/\/brasilnoticias.org\/site\/wp-content\/uploads\/2022\/05\/Screenshot_20220530-094231-650.png\",\"width\":720,\"height\":631},{\"@type\":\"BreadcrumbList\",\"@id\":\"https:\/\/brasilnoticias.org\/site\/vendas-em-queda-indicam-que-auxilio-gas-nao-vai-para-compra-de-botijoes-diz-setor\/#breadcrumb\",\"itemListElement\":[{\"@type\":\"ListItem\",\"position\":1,\"name\":\"In\u00edcio\",\"item\":\"https:\/\/brasilnoticias.org\/site\/\"},{\"@type\":\"ListItem\",\"position\":2,\"name\":\"VENDAS EM QUEDA INDICAM QUE AUX\u00cdLIO-G\u00c1S N\u00c3O VAI PARA COMPRA DE BOTIJ\u00d5ES, DIZ SETOR\"}]},{\"@type\":\"WebSite\",\"@id\":\"https:\/\/brasilnoticias.org\/site\/#website\",\"url\":\"https:\/\/brasilnoticias.org\/site\/\",\"name\":\"Brasil not\u00edcias\",\"description\":\"Brasil not\u00edcias\",\"publisher\":{\"@id\":\"https:\/\/brasilnoticias.org\/site\/#organization\"},\"potentialAction\":[{\"@type\":\"SearchAction\",\"target\":{\"@type\":\"EntryPoint\",\"urlTemplate\":\"https:\/\/brasilnoticias.org\/site\/?s={search_term_string}\"},\"query-input\":{\"@type\":\"PropertyValueSpecification\",\"valueRequired\":true,\"valueName\":\"search_term_string\"}}],\"inLanguage\":\"pt-PT\"},{\"@type\":\"Organization\",\"@id\":\"https:\/\/brasilnoticias.org\/site\/#organization\",\"name\":\"Brasil not\u00edcias\",\"url\":\"https:\/\/brasilnoticias.org\/site\/\",\"logo\":{\"@type\":\"ImageObject\",\"inLanguage\":\"pt-PT\",\"@id\":\"https:\/\/brasilnoticias.org\/site\/#\/schema\/logo\/image\/\",\"url\":\"https:\/\/brasilnoticias.org\/site\/wp-content\/uploads\/2022\/05\/cropped-brasilnoticias-mini.jpg\",\"contentUrl\":\"https:\/\/brasilnoticias.org\/site\/wp-content\/uploads\/2022\/05\/cropped-brasilnoticias-mini.jpg\",\"width\":314,\"height\":86,\"caption\":\"Brasil not\u00edcias\"},\"image\":{\"@id\":\"https:\/\/brasilnoticias.org\/site\/#\/schema\/logo\/image\/\"}},{\"@type\":\"Person\",\"@id\":\"https:\/\/brasilnoticias.org\/site\/#\/schema\/person\/f609fa847b5314f1c8b983342f34c798\",\"name\":\"Reda\u00e7\u00e3o\",\"image\":{\"@type\":\"ImageObject\",\"inLanguage\":\"pt-PT\",\"@id\":\"https:\/\/brasilnoticias.org\/site\/#\/schema\/person\/image\/\",\"url\":\"https:\/\/secure.gravatar.com\/avatar\/447284c06c1ad8b46465a36de9cd0d8326b73387a22799b8b1ffb1fbcff2ed0c?s=96&d=mm&r=g\",\"contentUrl\":\"https:\/\/secure.gravatar.com\/avatar\/447284c06c1ad8b46465a36de9cd0d8326b73387a22799b8b1ffb1fbcff2ed0c?s=96&d=mm&r=g\",\"caption\":\"Reda\u00e7\u00e3o\"},\"url\":\"https:\/\/brasilnoticias.org\/site\/author\/redacao\/\"}]}<\/script>\n<!-- \/ Yoast SEO plugin. -->","yoast_head_json":{"title":"VENDAS EM QUEDA INDICAM QUE AUX\u00cdLIO-G\u00c1S N\u00c3O VAI PARA COMPRA DE BOTIJ\u00d5ES, DIZ SETOR - Brasil not\u00edcias","robots":{"index":"index","follow":"follow","max-snippet":"max-snippet:-1","max-image-preview":"max-image-preview:large","max-video-preview":"max-video-preview:-1"},"canonical":"https:\/\/brasilnoticias.org\/site\/vendas-em-queda-indicam-que-auxilio-gas-nao-vai-para-compra-de-botijoes-diz-setor\/","og_locale":"pt_PT","og_type":"article","og_title":"VENDAS EM QUEDA INDICAM QUE AUX\u00cdLIO-G\u00c1S N\u00c3O VAI PARA COMPRA DE BOTIJ\u00d5ES, DIZ SETOR - Brasil not\u00edcias","og_description":"A concess\u00e3o de um aux\u00edlio para compra de botij\u00f5es de g\u00e1s de cozinha por fam\u00edlias de baixa renda n\u00e3o vem","og_url":"https:\/\/brasilnoticias.org\/site\/vendas-em-queda-indicam-que-auxilio-gas-nao-vai-para-compra-de-botijoes-diz-setor\/","og_site_name":"Brasil not\u00edcias","article_published_time":"2022-05-30T13:04:26+00:00","og_image":[{"width":720,"height":631,"url":"https:\/\/brasilnoticias.org\/site\/wp-content\/uploads\/2022\/05\/Screenshot_20220530-094231-650.png","type":"image\/png"}],"author":"Reda\u00e7\u00e3o","twitter_card":"summary_large_image","twitter_misc":{"Escrito por":"Reda\u00e7\u00e3o","Tempo estimado de leitura":"4 minutos"},"schema":{"@context":"https:\/\/schema.org","@graph":[{"@type":"Article","@id":"https:\/\/brasilnoticias.org\/site\/vendas-em-queda-indicam-que-auxilio-gas-nao-vai-para-compra-de-botijoes-diz-setor\/#article","isPartOf":{"@id":"https:\/\/brasilnoticias.org\/site\/vendas-em-queda-indicam-que-auxilio-gas-nao-vai-para-compra-de-botijoes-diz-setor\/"},"author":{"name":"Reda\u00e7\u00e3o","@id":"https:\/\/brasilnoticias.org\/site\/#\/schema\/person\/f609fa847b5314f1c8b983342f34c798"},"headline":"VENDAS EM QUEDA INDICAM QUE AUX\u00cdLIO-G\u00c1S N\u00c3O VAI PARA COMPRA DE BOTIJ\u00d5ES, DIZ SETOR","datePublished":"2022-05-30T13:04:26+00:00","mainEntityOfPage":{"@id":"https:\/\/brasilnoticias.org\/site\/vendas-em-queda-indicam-que-auxilio-gas-nao-vai-para-compra-de-botijoes-diz-setor\/"},"wordCount":858,"commentCount":0,"publisher":{"@id":"https:\/\/brasilnoticias.org\/site\/#organization"},"image":{"@id":"https:\/\/brasilnoticias.org\/site\/vendas-em-queda-indicam-que-auxilio-gas-nao-vai-para-compra-de-botijoes-diz-setor\/#primaryimage"},"thumbnailUrl":"https:\/\/brasilnoticias.org\/site\/wp-content\/uploads\/2022\/05\/Screenshot_20220530-094231-650.png","articleSection":["Not\u00edcias","\u00daltimas"],"inLanguage":"pt-PT","potentialAction":[{"@type":"CommentAction","name":"Comment","target":["https:\/\/brasilnoticias.org\/site\/vendas-em-queda-indicam-que-auxilio-gas-nao-vai-para-compra-de-botijoes-diz-setor\/#respond"]}]},{"@type":"WebPage","@id":"https:\/\/brasilnoticias.org\/site\/vendas-em-queda-indicam-que-auxilio-gas-nao-vai-para-compra-de-botijoes-diz-setor\/","url":"https:\/\/brasilnoticias.org\/site\/vendas-em-queda-indicam-que-auxilio-gas-nao-vai-para-compra-de-botijoes-diz-setor\/","name":"VENDAS EM QUEDA INDICAM QUE AUX\u00cdLIO-G\u00c1S N\u00c3O VAI PARA COMPRA DE BOTIJ\u00d5ES, DIZ SETOR - Brasil not\u00edcias","isPartOf":{"@id":"https:\/\/brasilnoticias.org\/site\/#website"},"primaryImageOfPage":{"@id":"https:\/\/brasilnoticias.org\/site\/vendas-em-queda-indicam-que-auxilio-gas-nao-vai-para-compra-de-botijoes-diz-setor\/#primaryimage"},"image":{"@id":"https:\/\/brasilnoticias.org\/site\/vendas-em-queda-indicam-que-auxilio-gas-nao-vai-para-compra-de-botijoes-diz-setor\/#primaryimage"},"thumbnailUrl":"https:\/\/brasilnoticias.org\/site\/wp-content\/uploads\/2022\/05\/Screenshot_20220530-094231-650.png","datePublished":"2022-05-30T13:04:26+00:00","breadcrumb":{"@id":"https:\/\/brasilnoticias.org\/site\/vendas-em-queda-indicam-que-auxilio-gas-nao-vai-para-compra-de-botijoes-diz-setor\/#breadcrumb"},"inLanguage":"pt-PT","potentialAction":[{"@type":"ReadAction","target":["https:\/\/brasilnoticias.org\/site\/vendas-em-queda-indicam-que-auxilio-gas-nao-vai-para-compra-de-botijoes-diz-setor\/"]}]},{"@type":"ImageObject","inLanguage":"pt-PT","@id":"https:\/\/brasilnoticias.org\/site\/vendas-em-queda-indicam-que-auxilio-gas-nao-vai-para-compra-de-botijoes-diz-setor\/#primaryimage","url":"https:\/\/brasilnoticias.org\/site\/wp-content\/uploads\/2022\/05\/Screenshot_20220530-094231-650.png","contentUrl":"https:\/\/brasilnoticias.org\/site\/wp-content\/uploads\/2022\/05\/Screenshot_20220530-094231-650.png","width":720,"height":631},{"@type":"BreadcrumbList","@id":"https:\/\/brasilnoticias.org\/site\/vendas-em-queda-indicam-que-auxilio-gas-nao-vai-para-compra-de-botijoes-diz-setor\/#breadcrumb","itemListElement":[{"@type":"ListItem","position":1,"name":"In\u00edcio","item":"https:\/\/brasilnoticias.org\/site\/"},{"@type":"ListItem","position":2,"name":"VENDAS EM QUEDA INDICAM QUE AUX\u00cdLIO-G\u00c1S N\u00c3O VAI PARA COMPRA DE BOTIJ\u00d5ES, DIZ SETOR"}]},{"@type":"WebSite","@id":"https:\/\/brasilnoticias.org\/site\/#website","url":"https:\/\/brasilnoticias.org\/site\/","name":"Brasil not\u00edcias","description":"Brasil not\u00edcias","publisher":{"@id":"https:\/\/brasilnoticias.org\/site\/#organization"},"potentialAction":[{"@type":"SearchAction","target":{"@type":"EntryPoint","urlTemplate":"https:\/\/brasilnoticias.org\/site\/?s={search_term_string}"},"query-input":{"@type":"PropertyValueSpecification","valueRequired":true,"valueName":"search_term_string"}}],"inLanguage":"pt-PT"},{"@type":"Organization","@id":"https:\/\/brasilnoticias.org\/site\/#organization","name":"Brasil not\u00edcias","url":"https:\/\/brasilnoticias.org\/site\/","logo":{"@type":"ImageObject","inLanguage":"pt-PT","@id":"https:\/\/brasilnoticias.org\/site\/#\/schema\/logo\/image\/","url":"https:\/\/brasilnoticias.org\/site\/wp-content\/uploads\/2022\/05\/cropped-brasilnoticias-mini.jpg","contentUrl":"https:\/\/brasilnoticias.org\/site\/wp-content\/uploads\/2022\/05\/cropped-brasilnoticias-mini.jpg","width":314,"height":86,"caption":"Brasil not\u00edcias"},"image":{"@id":"https:\/\/brasilnoticias.org\/site\/#\/schema\/logo\/image\/"}},{"@type":"Person","@id":"https:\/\/brasilnoticias.org\/site\/#\/schema\/person\/f609fa847b5314f1c8b983342f34c798","name":"Reda\u00e7\u00e3o","image":{"@type":"ImageObject","inLanguage":"pt-PT","@id":"https:\/\/brasilnoticias.org\/site\/#\/schema\/person\/image\/","url":"https:\/\/secure.gravatar.com\/avatar\/447284c06c1ad8b46465a36de9cd0d8326b73387a22799b8b1ffb1fbcff2ed0c?s=96&d=mm&r=g","contentUrl":"https:\/\/secure.gravatar.com\/avatar\/447284c06c1ad8b46465a36de9cd0d8326b73387a22799b8b1ffb1fbcff2ed0c?s=96&d=mm&r=g","caption":"Reda\u00e7\u00e3o"},"url":"https:\/\/brasilnoticias.org\/site\/author\/redacao\/"}]}},"_links":{"self":[{"href":"https:\/\/brasilnoticias.org\/site\/wp-json\/wp\/v2\/posts\/676","targetHints":{"allow":["GET"]}}],"collection":[{"href":"https:\/\/brasilnoticias.org\/site\/wp-json\/wp\/v2\/posts"}],"about":[{"href":"https:\/\/brasilnoticias.org\/site\/wp-json\/wp\/v2\/types\/post"}],"author":[{"embeddable":true,"href":"https:\/\/brasilnoticias.org\/site\/wp-json\/wp\/v2\/users\/2"}],"replies":[{"embeddable":true,"href":"https:\/\/brasilnoticias.org\/site\/wp-json\/wp\/v2\/comments?post=676"}],"version-history":[{"count":1,"href":"https:\/\/brasilnoticias.org\/site\/wp-json\/wp\/v2\/posts\/676\/revisions"}],"predecessor-version":[{"id":678,"href":"https:\/\/brasilnoticias.org\/site\/wp-json\/wp\/v2\/posts\/676\/revisions\/678"}],"wp:featuredmedia":[{"embeddable":true,"href":"https:\/\/brasilnoticias.org\/site\/wp-json\/wp\/v2\/media\/677"}],"wp:attachment":[{"href":"https:\/\/brasilnoticias.org\/site\/wp-json\/wp\/v2\/media?parent=676"}],"wp:term":[{"taxonomy":"category","embeddable":true,"href":"https:\/\/brasilnoticias.org\/site\/wp-json\/wp\/v2\/categories?post=676"},{"taxonomy":"post_tag","embeddable":true,"href":"https:\/\/brasilnoticias.org\/site\/wp-json\/wp\/v2\/tags?post=676"}],"curies":[{"name":"wp","href":"https:\/\/api.w.org\/{rel}","templated":true}]}}