{"id":6778,"date":"2023-06-20T17:35:58","date_gmt":"2023-06-20T20:35:58","guid":{"rendered":"https:\/\/brasilnoticias.org\/site\/?p=6778"},"modified":"2023-06-20T17:35:58","modified_gmt":"2023-06-20T20:35:58","slug":"escandalo-do-pix-ex-jornalistas-da-record-tv-itapoan-sao-indiciados","status":"publish","type":"post","link":"https:\/\/brasilnoticias.org\/site\/escandalo-do-pix-ex-jornalistas-da-record-tv-itapoan-sao-indiciados\/","title":{"rendered":"Esc\u00e2ndalo do pix: Ex-jornalistas da Record TV Itapoan s\u00e3o indiciados"},"content":{"rendered":"<p>Os ex-jornalistas da Record TV Itapoan, Marcelo Castro e Jamerson Oliveira foram indiciados por estelionato, associa\u00e7\u00e3o criminosa e lavagem de dinheiro. Al\u00e9m disso, o amigo de inf\u00e2ncia de um deles, tamb\u00e9m responder\u00e1 pelos mesmos crimes. As informa\u00e7\u00f5es foram divulgadas pelo delegado Charles Le\u00e3o, titular da Delegacia de Repress\u00e3o a Crimes de Estelionato por Meio Eletr\u00f4nico (DreofCiber), que investiga o desvio de doa\u00e7\u00f5es feitas por meio do pix durante apresenta\u00e7\u00e3o do programa da emissora.<\/p>\n<p>\u201cAt\u00e9 o presente momento, todas alega\u00e7\u00f5es trazidas n\u00e3o foram alicer\u00e7adas com qualquer documento. Eu acredito nas v\u00edtimas, humanas pais, m\u00e3es, em pessoas com graves doen\u00e7as do que em uma afirmativa separada de qualquer fundamento documental ou outro qualquer meio de prova. Eles s\u00e3o indiciados por estelionato, associa\u00e7\u00e3o criminosa e lavagem de dinheiro. \u00c9 uma investiga\u00e7\u00e3o demorada\u201d, disse.<\/p>\n<p>At\u00e9 o momento, segundo a pol\u00edcia, 61 pessoas j\u00e1 foram ouvidas, e 15 pessoas podem ter sido v\u00edtimas do crime.<\/p>\n<p>Foto Joilson Cesar \/ BNews<br \/>\n BNews<\/p>\n","protected":false},"excerpt":{"rendered":"<p>Os ex-jornalistas da Record TV Itapoan, Marcelo Castro e Jamerson Oliveira foram indiciados por estelionato, associa\u00e7\u00e3o criminosa e lavagem de<\/p>\n","protected":false},"author":1,"featured_media":6779,"comment_status":"open","ping_status":"open","sticky":false,"template":"","format":"standard","meta":{"colormag_page_container_layout":"default_layout","colormag_page_sidebar_layout":"default_layout","_FSMCFIC_featured_image_caption":"","_FSMCFIC_featured_image_nocaption":"","_FSMCFIC_featured_image_hide":"","footnotes":""},"categories":[2,1],"tags":[],"class_list":["post-6778","post","type-post","status-publish","format-standard","has-post-thumbnail","hentry","category-noticias","category-ultimas"],"yoast_head":"<!-- This site is optimized with the Yoast SEO plugin v27.1.1 - https:\/\/yoast.com\/product\/yoast-seo-wordpress\/ -->\n<title>Esc\u00e2ndalo do pix: Ex-jornalistas da Record TV Itapoan s\u00e3o indiciados - Brasil not\u00edcias<\/title>\n<meta name=\"robots\" content=\"index, follow, max-snippet:-1, max-image-preview:large, max-video-preview:-1\" \/>\n<link rel=\"canonical\" href=\"https:\/\/brasilnoticias.org\/site\/escandalo-do-pix-ex-jornalistas-da-record-tv-itapoan-sao-indiciados\/\" \/>\n<meta property=\"og:locale\" content=\"pt_PT\" \/>\n<meta property=\"og:type\" content=\"article\" \/>\n<meta property=\"og:title\" content=\"Esc\u00e2ndalo do pix: Ex-jornalistas da Record TV Itapoan s\u00e3o indiciados - Brasil not\u00edcias\" \/>\n<meta property=\"og:description\" content=\"Os ex-jornalistas da Record TV Itapoan, Marcelo Castro e Jamerson Oliveira foram indiciados por estelionato, associa\u00e7\u00e3o criminosa e lavagem de\" \/>\n<meta property=\"og:url\" content=\"https:\/\/brasilnoticias.org\/site\/escandalo-do-pix-ex-jornalistas-da-record-tv-itapoan-sao-indiciados\/\" \/>\n<meta property=\"og:site_name\" content=\"Brasil not\u00edcias\" \/>\n<meta property=\"article:published_time\" content=\"2023-06-20T20:35:58+00:00\" \/>\n<meta property=\"og:image\" content=\"https:\/\/brasilnoticias.org\/site\/wp-content\/uploads\/2023\/06\/escandalo_do_pix_jornalistas_da_record_tv_itapoan_sao_indiciados_widelg.jpeg\" \/>\n\t<meta property=\"og:image:width\" content=\"800\" \/>\n\t<meta property=\"og:image:height\" content=\"450\" \/>\n\t<meta property=\"og:image:type\" content=\"image\/jpeg\" \/>\n<meta name=\"author\" content=\"Reda\u00e7\u00e3o\" \/>\n<meta name=\"twitter:card\" content=\"summary_large_image\" \/>\n<meta name=\"twitter:label1\" content=\"Escrito por\" \/>\n\t<meta name=\"twitter:data1\" content=\"Reda\u00e7\u00e3o\" \/>\n<script type=\"application\/ld+json\" class=\"yoast-schema-graph\">{\"@context\":\"https:\/\/schema.org\",\"@graph\":[{\"@type\":\"Article\",\"@id\":\"https:\/\/brasilnoticias.org\/site\/escandalo-do-pix-ex-jornalistas-da-record-tv-itapoan-sao-indiciados\/#article\",\"isPartOf\":{\"@id\":\"https:\/\/brasilnoticias.org\/site\/escandalo-do-pix-ex-jornalistas-da-record-tv-itapoan-sao-indiciados\/\"},\"author\":{\"name\":\"Reda\u00e7\u00e3o\",\"@id\":\"https:\/\/brasilnoticias.org\/site\/#\/schema\/person\/a0e05b973ec4d15c658d51911e53507b\"},\"headline\":\"Esc\u00e2ndalo do pix: Ex-jornalistas da Record TV Itapoan s\u00e3o indiciados\",\"datePublished\":\"2023-06-20T20:35:58+00:00\",\"mainEntityOfPage\":{\"@id\":\"https:\/\/brasilnoticias.org\/site\/escandalo-do-pix-ex-jornalistas-da-record-tv-itapoan-sao-indiciados\/\"},\"wordCount\":185,\"commentCount\":0,\"publisher\":{\"@id\":\"https:\/\/brasilnoticias.org\/site\/#organization\"},\"image\":{\"@id\":\"https:\/\/brasilnoticias.org\/site\/escandalo-do-pix-ex-jornalistas-da-record-tv-itapoan-sao-indiciados\/#primaryimage\"},\"thumbnailUrl\":\"https:\/\/brasilnoticias.org\/site\/wp-content\/uploads\/2023\/06\/escandalo_do_pix_jornalistas_da_record_tv_itapoan_sao_indiciados_widelg.jpeg\",\"articleSection\":[\"Not\u00edcias\",\"\u00daltimas\"],\"inLanguage\":\"pt-PT\",\"potentialAction\":[{\"@type\":\"CommentAction\",\"name\":\"Comment\",\"target\":[\"https:\/\/brasilnoticias.org\/site\/escandalo-do-pix-ex-jornalistas-da-record-tv-itapoan-sao-indiciados\/#respond\"]}]},{\"@type\":\"WebPage\",\"@id\":\"https:\/\/brasilnoticias.org\/site\/escandalo-do-pix-ex-jornalistas-da-record-tv-itapoan-sao-indiciados\/\",\"url\":\"https:\/\/brasilnoticias.org\/site\/escandalo-do-pix-ex-jornalistas-da-record-tv-itapoan-sao-indiciados\/\",\"name\":\"Esc\u00e2ndalo do pix: Ex-jornalistas da Record TV Itapoan s\u00e3o indiciados - Brasil not\u00edcias\",\"isPartOf\":{\"@id\":\"https:\/\/brasilnoticias.org\/site\/#website\"},\"primaryImageOfPage\":{\"@id\":\"https:\/\/brasilnoticias.org\/site\/escandalo-do-pix-ex-jornalistas-da-record-tv-itapoan-sao-indiciados\/#primaryimage\"},\"image\":{\"@id\":\"https:\/\/brasilnoticias.org\/site\/escandalo-do-pix-ex-jornalistas-da-record-tv-itapoan-sao-indiciados\/#primaryimage\"},\"thumbnailUrl\":\"https:\/\/brasilnoticias.org\/site\/wp-content\/uploads\/2023\/06\/escandalo_do_pix_jornalistas_da_record_tv_itapoan_sao_indiciados_widelg.jpeg\",\"datePublished\":\"2023-06-20T20:35:58+00:00\",\"breadcrumb\":{\"@id\":\"https:\/\/brasilnoticias.org\/site\/escandalo-do-pix-ex-jornalistas-da-record-tv-itapoan-sao-indiciados\/#breadcrumb\"},\"inLanguage\":\"pt-PT\",\"potentialAction\":[{\"@type\":\"ReadAction\",\"target\":[\"https:\/\/brasilnoticias.org\/site\/escandalo-do-pix-ex-jornalistas-da-record-tv-itapoan-sao-indiciados\/\"]}]},{\"@type\":\"ImageObject\",\"inLanguage\":\"pt-PT\",\"@id\":\"https:\/\/brasilnoticias.org\/site\/escandalo-do-pix-ex-jornalistas-da-record-tv-itapoan-sao-indiciados\/#primaryimage\",\"url\":\"https:\/\/brasilnoticias.org\/site\/wp-content\/uploads\/2023\/06\/escandalo_do_pix_jornalistas_da_record_tv_itapoan_sao_indiciados_widelg.jpeg\",\"contentUrl\":\"https:\/\/brasilnoticias.org\/site\/wp-content\/uploads\/2023\/06\/escandalo_do_pix_jornalistas_da_record_tv_itapoan_sao_indiciados_widelg.jpeg\",\"width\":800,\"height\":450},{\"@type\":\"BreadcrumbList\",\"@id\":\"https:\/\/brasilnoticias.org\/site\/escandalo-do-pix-ex-jornalistas-da-record-tv-itapoan-sao-indiciados\/#breadcrumb\",\"itemListElement\":[{\"@type\":\"ListItem\",\"position\":1,\"name\":\"In\u00edcio\",\"item\":\"https:\/\/brasilnoticias.org\/site\/\"},{\"@type\":\"ListItem\",\"position\":2,\"name\":\"Esc\u00e2ndalo do pix: Ex-jornalistas da Record TV Itapoan s\u00e3o indiciados\"}]},{\"@type\":\"WebSite\",\"@id\":\"https:\/\/brasilnoticias.org\/site\/#website\",\"url\":\"https:\/\/brasilnoticias.org\/site\/\",\"name\":\"Brasil not\u00edcias\",\"description\":\"Brasil not\u00edcias\",\"publisher\":{\"@id\":\"https:\/\/brasilnoticias.org\/site\/#organization\"},\"potentialAction\":[{\"@type\":\"SearchAction\",\"target\":{\"@type\":\"EntryPoint\",\"urlTemplate\":\"https:\/\/brasilnoticias.org\/site\/?s={search_term_string}\"},\"query-input\":{\"@type\":\"PropertyValueSpecification\",\"valueRequired\":true,\"valueName\":\"search_term_string\"}}],\"inLanguage\":\"pt-PT\"},{\"@type\":\"Organization\",\"@id\":\"https:\/\/brasilnoticias.org\/site\/#organization\",\"name\":\"Brasil not\u00edcias\",\"url\":\"https:\/\/brasilnoticias.org\/site\/\",\"logo\":{\"@type\":\"ImageObject\",\"inLanguage\":\"pt-PT\",\"@id\":\"https:\/\/brasilnoticias.org\/site\/#\/schema\/logo\/image\/\",\"url\":\"https:\/\/brasilnoticias.org\/site\/wp-content\/uploads\/2022\/05\/cropped-brasilnoticias-mini.jpg\",\"contentUrl\":\"https:\/\/brasilnoticias.org\/site\/wp-content\/uploads\/2022\/05\/cropped-brasilnoticias-mini.jpg\",\"width\":314,\"height\":86,\"caption\":\"Brasil not\u00edcias\"},\"image\":{\"@id\":\"https:\/\/brasilnoticias.org\/site\/#\/schema\/logo\/image\/\"}},{\"@type\":\"Person\",\"@id\":\"https:\/\/brasilnoticias.org\/site\/#\/schema\/person\/a0e05b973ec4d15c658d51911e53507b\",\"name\":\"Reda\u00e7\u00e3o\",\"image\":{\"@type\":\"ImageObject\",\"inLanguage\":\"pt-PT\",\"@id\":\"https:\/\/brasilnoticias.org\/site\/#\/schema\/person\/image\/\",\"url\":\"https:\/\/secure.gravatar.com\/avatar\/75d8b050df2de108b08ae78dfb8e374892df24a383c67db9c46a9c604f6aee9c?s=96&d=mm&r=g\",\"contentUrl\":\"https:\/\/secure.gravatar.com\/avatar\/75d8b050df2de108b08ae78dfb8e374892df24a383c67db9c46a9c604f6aee9c?s=96&d=mm&r=g\",\"caption\":\"Reda\u00e7\u00e3o\"},\"sameAs\":[\"https:\/\/brasilnoticias.org\/site\"],\"url\":\"https:\/\/brasilnoticias.org\/site\/author\/fernandozsngmail-com\/\"}]}<\/script>\n<!-- \/ Yoast SEO plugin. -->","yoast_head_json":{"title":"Esc\u00e2ndalo do pix: Ex-jornalistas da Record TV Itapoan s\u00e3o indiciados - Brasil not\u00edcias","robots":{"index":"index","follow":"follow","max-snippet":"max-snippet:-1","max-image-preview":"max-image-preview:large","max-video-preview":"max-video-preview:-1"},"canonical":"https:\/\/brasilnoticias.org\/site\/escandalo-do-pix-ex-jornalistas-da-record-tv-itapoan-sao-indiciados\/","og_locale":"pt_PT","og_type":"article","og_title":"Esc\u00e2ndalo do pix: Ex-jornalistas da Record TV Itapoan s\u00e3o indiciados - Brasil not\u00edcias","og_description":"Os ex-jornalistas da Record TV Itapoan, Marcelo Castro e Jamerson Oliveira foram indiciados por estelionato, associa\u00e7\u00e3o criminosa e lavagem de","og_url":"https:\/\/brasilnoticias.org\/site\/escandalo-do-pix-ex-jornalistas-da-record-tv-itapoan-sao-indiciados\/","og_site_name":"Brasil not\u00edcias","article_published_time":"2023-06-20T20:35:58+00:00","og_image":[{"width":800,"height":450,"url":"https:\/\/brasilnoticias.org\/site\/wp-content\/uploads\/2023\/06\/escandalo_do_pix_jornalistas_da_record_tv_itapoan_sao_indiciados_widelg.jpeg","type":"image\/jpeg"}],"author":"Reda\u00e7\u00e3o","twitter_card":"summary_large_image","twitter_misc":{"Escrito por":"Reda\u00e7\u00e3o"},"schema":{"@context":"https:\/\/schema.org","@graph":[{"@type":"Article","@id":"https:\/\/brasilnoticias.org\/site\/escandalo-do-pix-ex-jornalistas-da-record-tv-itapoan-sao-indiciados\/#article","isPartOf":{"@id":"https:\/\/brasilnoticias.org\/site\/escandalo-do-pix-ex-jornalistas-da-record-tv-itapoan-sao-indiciados\/"},"author":{"name":"Reda\u00e7\u00e3o","@id":"https:\/\/brasilnoticias.org\/site\/#\/schema\/person\/a0e05b973ec4d15c658d51911e53507b"},"headline":"Esc\u00e2ndalo do pix: Ex-jornalistas da Record TV Itapoan s\u00e3o indiciados","datePublished":"2023-06-20T20:35:58+00:00","mainEntityOfPage":{"@id":"https:\/\/brasilnoticias.org\/site\/escandalo-do-pix-ex-jornalistas-da-record-tv-itapoan-sao-indiciados\/"},"wordCount":185,"commentCount":0,"publisher":{"@id":"https:\/\/brasilnoticias.org\/site\/#organization"},"image":{"@id":"https:\/\/brasilnoticias.org\/site\/escandalo-do-pix-ex-jornalistas-da-record-tv-itapoan-sao-indiciados\/#primaryimage"},"thumbnailUrl":"https:\/\/brasilnoticias.org\/site\/wp-content\/uploads\/2023\/06\/escandalo_do_pix_jornalistas_da_record_tv_itapoan_sao_indiciados_widelg.jpeg","articleSection":["Not\u00edcias","\u00daltimas"],"inLanguage":"pt-PT","potentialAction":[{"@type":"CommentAction","name":"Comment","target":["https:\/\/brasilnoticias.org\/site\/escandalo-do-pix-ex-jornalistas-da-record-tv-itapoan-sao-indiciados\/#respond"]}]},{"@type":"WebPage","@id":"https:\/\/brasilnoticias.org\/site\/escandalo-do-pix-ex-jornalistas-da-record-tv-itapoan-sao-indiciados\/","url":"https:\/\/brasilnoticias.org\/site\/escandalo-do-pix-ex-jornalistas-da-record-tv-itapoan-sao-indiciados\/","name":"Esc\u00e2ndalo do pix: Ex-jornalistas da Record TV Itapoan s\u00e3o indiciados - Brasil not\u00edcias","isPartOf":{"@id":"https:\/\/brasilnoticias.org\/site\/#website"},"primaryImageOfPage":{"@id":"https:\/\/brasilnoticias.org\/site\/escandalo-do-pix-ex-jornalistas-da-record-tv-itapoan-sao-indiciados\/#primaryimage"},"image":{"@id":"https:\/\/brasilnoticias.org\/site\/escandalo-do-pix-ex-jornalistas-da-record-tv-itapoan-sao-indiciados\/#primaryimage"},"thumbnailUrl":"https:\/\/brasilnoticias.org\/site\/wp-content\/uploads\/2023\/06\/escandalo_do_pix_jornalistas_da_record_tv_itapoan_sao_indiciados_widelg.jpeg","datePublished":"2023-06-20T20:35:58+00:00","breadcrumb":{"@id":"https:\/\/brasilnoticias.org\/site\/escandalo-do-pix-ex-jornalistas-da-record-tv-itapoan-sao-indiciados\/#breadcrumb"},"inLanguage":"pt-PT","potentialAction":[{"@type":"ReadAction","target":["https:\/\/brasilnoticias.org\/site\/escandalo-do-pix-ex-jornalistas-da-record-tv-itapoan-sao-indiciados\/"]}]},{"@type":"ImageObject","inLanguage":"pt-PT","@id":"https:\/\/brasilnoticias.org\/site\/escandalo-do-pix-ex-jornalistas-da-record-tv-itapoan-sao-indiciados\/#primaryimage","url":"https:\/\/brasilnoticias.org\/site\/wp-content\/uploads\/2023\/06\/escandalo_do_pix_jornalistas_da_record_tv_itapoan_sao_indiciados_widelg.jpeg","contentUrl":"https:\/\/brasilnoticias.org\/site\/wp-content\/uploads\/2023\/06\/escandalo_do_pix_jornalistas_da_record_tv_itapoan_sao_indiciados_widelg.jpeg","width":800,"height":450},{"@type":"BreadcrumbList","@id":"https:\/\/brasilnoticias.org\/site\/escandalo-do-pix-ex-jornalistas-da-record-tv-itapoan-sao-indiciados\/#breadcrumb","itemListElement":[{"@type":"ListItem","position":1,"name":"In\u00edcio","item":"https:\/\/brasilnoticias.org\/site\/"},{"@type":"ListItem","position":2,"name":"Esc\u00e2ndalo do pix: Ex-jornalistas da Record TV Itapoan s\u00e3o indiciados"}]},{"@type":"WebSite","@id":"https:\/\/brasilnoticias.org\/site\/#website","url":"https:\/\/brasilnoticias.org\/site\/","name":"Brasil not\u00edcias","description":"Brasil not\u00edcias","publisher":{"@id":"https:\/\/brasilnoticias.org\/site\/#organization"},"potentialAction":[{"@type":"SearchAction","target":{"@type":"EntryPoint","urlTemplate":"https:\/\/brasilnoticias.org\/site\/?s={search_term_string}"},"query-input":{"@type":"PropertyValueSpecification","valueRequired":true,"valueName":"search_term_string"}}],"inLanguage":"pt-PT"},{"@type":"Organization","@id":"https:\/\/brasilnoticias.org\/site\/#organization","name":"Brasil not\u00edcias","url":"https:\/\/brasilnoticias.org\/site\/","logo":{"@type":"ImageObject","inLanguage":"pt-PT","@id":"https:\/\/brasilnoticias.org\/site\/#\/schema\/logo\/image\/","url":"https:\/\/brasilnoticias.org\/site\/wp-content\/uploads\/2022\/05\/cropped-brasilnoticias-mini.jpg","contentUrl":"https:\/\/brasilnoticias.org\/site\/wp-content\/uploads\/2022\/05\/cropped-brasilnoticias-mini.jpg","width":314,"height":86,"caption":"Brasil not\u00edcias"},"image":{"@id":"https:\/\/brasilnoticias.org\/site\/#\/schema\/logo\/image\/"}},{"@type":"Person","@id":"https:\/\/brasilnoticias.org\/site\/#\/schema\/person\/a0e05b973ec4d15c658d51911e53507b","name":"Reda\u00e7\u00e3o","image":{"@type":"ImageObject","inLanguage":"pt-PT","@id":"https:\/\/brasilnoticias.org\/site\/#\/schema\/person\/image\/","url":"https:\/\/secure.gravatar.com\/avatar\/75d8b050df2de108b08ae78dfb8e374892df24a383c67db9c46a9c604f6aee9c?s=96&d=mm&r=g","contentUrl":"https:\/\/secure.gravatar.com\/avatar\/75d8b050df2de108b08ae78dfb8e374892df24a383c67db9c46a9c604f6aee9c?s=96&d=mm&r=g","caption":"Reda\u00e7\u00e3o"},"sameAs":["https:\/\/brasilnoticias.org\/site"],"url":"https:\/\/brasilnoticias.org\/site\/author\/fernandozsngmail-com\/"}]}},"_links":{"self":[{"href":"https:\/\/brasilnoticias.org\/site\/wp-json\/wp\/v2\/posts\/6778","targetHints":{"allow":["GET"]}}],"collection":[{"href":"https:\/\/brasilnoticias.org\/site\/wp-json\/wp\/v2\/posts"}],"about":[{"href":"https:\/\/brasilnoticias.org\/site\/wp-json\/wp\/v2\/types\/post"}],"author":[{"embeddable":true,"href":"https:\/\/brasilnoticias.org\/site\/wp-json\/wp\/v2\/users\/1"}],"replies":[{"embeddable":true,"href":"https:\/\/brasilnoticias.org\/site\/wp-json\/wp\/v2\/comments?post=6778"}],"version-history":[{"count":1,"href":"https:\/\/brasilnoticias.org\/site\/wp-json\/wp\/v2\/posts\/6778\/revisions"}],"predecessor-version":[{"id":6780,"href":"https:\/\/brasilnoticias.org\/site\/wp-json\/wp\/v2\/posts\/6778\/revisions\/6780"}],"wp:featuredmedia":[{"embeddable":true,"href":"https:\/\/brasilnoticias.org\/site\/wp-json\/wp\/v2\/media\/6779"}],"wp:attachment":[{"href":"https:\/\/brasilnoticias.org\/site\/wp-json\/wp\/v2\/media?parent=6778"}],"wp:term":[{"taxonomy":"category","embeddable":true,"href":"https:\/\/brasilnoticias.org\/site\/wp-json\/wp\/v2\/categories?post=6778"},{"taxonomy":"post_tag","embeddable":true,"href":"https:\/\/brasilnoticias.org\/site\/wp-json\/wp\/v2\/tags?post=6778"}],"curies":[{"name":"wp","href":"https:\/\/api.w.org\/{rel}","templated":true}]}}