{"id":6813,"date":"2023-06-21T17:58:30","date_gmt":"2023-06-21T20:58:30","guid":{"rendered":"https:\/\/brasilnoticias.org\/site\/?p=6813"},"modified":"2023-06-21T17:58:30","modified_gmt":"2023-06-21T20:58:30","slug":"capitao-alden-diz-que-esquerda-inverte-valores-e-ideologiza-seguranca-publica-e-diz-que-flavio-dino-nao-e-juiz","status":"publish","type":"post","link":"https:\/\/brasilnoticias.org\/site\/capitao-alden-diz-que-esquerda-inverte-valores-e-ideologiza-seguranca-publica-e-diz-que-flavio-dino-nao-e-juiz\/","title":{"rendered":"Capit\u00e3o Alden diz que esquerda &#8220;inverte valores e ideologiza seguran\u00e7a p\u00fablica\u201d e diz que Fl\u00e1vio Dino &#8220;n\u00e3o \u00e9 juiz&#8221;"},"content":{"rendered":"<p>Ap\u00f3s o Monitor da Viol\u00eancia apontar que Bahia \u00e9 o estado que registrou o maior n\u00famero de mortes violentas no primeiro trimestre de 2023, o deputado federal Capit\u00e3o Alden (PL-BA) afirmou que a esquerda inverte valores quando trata sobre seguran\u00e7a p\u00fablica. A fala do parlamentar tamb\u00e9m foi em tom de cr\u00edtica \u00e0s falas do ministro da Justi\u00e7a Fl\u00e1vio Dino (PSB), que afirmou que &#8220;n\u00e3o passa uma semana sem punir um policial&#8221; ao ser questionado sobre o uso de armamento. <\/p>\n<p>A fala do socialista foi feita em um evento realizado em Niter\u00f3i, Rio de Janeiro. De acordo com Dino, &#8220;voc\u00ea n\u00e3o pode disparar uma arma de fogo sem que haja necessidade comprovada.\u201d Ora, isso \u00e9 \u00f3bvio, disparou o capit\u00e3o.<br \/>\nAinda no evento o Ministro disse que \u201cn\u00e3o passa uma semana sem que eu puna um policial federal&#8221;. <\/p>\n<p>&#8220;O governo Lula, que tem como ministro da Justi\u00e7a o Fl\u00e1vio Dino, ainda n\u00e3o saiu do palanque. Querem falar de seguran\u00e7a p\u00fablica de forma pol\u00edtica e n\u00e3o t\u00e9cnica. Gostaria de questionar ao ministro se por um acaso ele \u00e9 juiz para dizer que pune policiais. Essa n\u00e3o \u00e9 a fun\u00e7\u00e3o dele, mas sim da corregedoria da Pol\u00edcia Federal ap\u00f3s instaura\u00e7\u00e3o do devido processo legal para apurar os fatos. Outra situa\u00e7\u00e3o \u00e9: o policial n\u00e3o tem recomenda\u00e7\u00e3o em atirar? \u201cO uso da for\u00e7a policial n\u00e3o est\u00e1 sujeita a recomenda\u00e7\u00f5es pessoais ou administrativas como disse o ministro, mas sim \u00e0s Leis que s\u00e3o por demais claras nesse sentido&#8221;, esclareceu Capit\u00e3o Alden. <\/p>\n<p>\u201cInfelizmente temos um ministro que insiste em se portar como militante e Juiz e isso \u00e9 lament\u00e1vel\u201c, acrescentou<\/p>\n<p>Ao comentar sobre os dados do Monitor da Viol\u00eancia, que apontou que, entre janeiro e mar\u00e7o deste ano, 1.289 pessoas morreram em casos de feminic\u00eddios, homic\u00eddios dolosos, latroc\u00ednios ou les\u00f5es corporais seguidas de morte. &#8220;\u00c9 o reflexo do PT. Eles culpam os policiais pelo viol\u00eancia quando deveriam pensar a\u00e7\u00f5es contra quem realmente criminoso&#8221;, completou.<\/p>\n","protected":false},"excerpt":{"rendered":"<p>Ap\u00f3s o Monitor da Viol\u00eancia apontar que Bahia \u00e9 o estado que registrou o maior n\u00famero de mortes violentas no<\/p>\n","protected":false},"author":1,"featured_media":6814,"comment_status":"open","ping_status":"open","sticky":false,"template":"","format":"standard","meta":{"colormag_page_container_layout":"default_layout","colormag_page_sidebar_layout":"default_layout","_FSMCFIC_featured_image_caption":"","_FSMCFIC_featured_image_nocaption":"","_FSMCFIC_featured_image_hide":"","footnotes":""},"categories":[5,1],"tags":[],"class_list":["post-6813","post","type-post","status-publish","format-standard","has-post-thumbnail","hentry","category-politica","category-ultimas"],"yoast_head":"<!-- This site is optimized with the Yoast SEO plugin v27.1.1 - https:\/\/yoast.com\/product\/yoast-seo-wordpress\/ -->\n<title>Capit\u00e3o Alden diz que esquerda &quot;inverte valores e ideologiza seguran\u00e7a p\u00fablica\u201d e diz que Fl\u00e1vio Dino &quot;n\u00e3o \u00e9 juiz&quot; - Brasil not\u00edcias<\/title>\n<meta name=\"robots\" content=\"index, follow, max-snippet:-1, max-image-preview:large, max-video-preview:-1\" \/>\n<link rel=\"canonical\" href=\"https:\/\/brasilnoticias.org\/site\/capitao-alden-diz-que-esquerda-inverte-valores-e-ideologiza-seguranca-publica-e-diz-que-flavio-dino-nao-e-juiz\/\" \/>\n<meta property=\"og:locale\" content=\"pt_PT\" \/>\n<meta property=\"og:type\" content=\"article\" \/>\n<meta property=\"og:title\" content=\"Capit\u00e3o Alden diz que esquerda &quot;inverte valores e ideologiza seguran\u00e7a p\u00fablica\u201d e diz que Fl\u00e1vio Dino &quot;n\u00e3o \u00e9 juiz&quot; - Brasil not\u00edcias\" \/>\n<meta property=\"og:description\" content=\"Ap\u00f3s o Monitor da Viol\u00eancia apontar que Bahia \u00e9 o estado que registrou o maior n\u00famero de mortes violentas no\" \/>\n<meta property=\"og:url\" content=\"https:\/\/brasilnoticias.org\/site\/capitao-alden-diz-que-esquerda-inverte-valores-e-ideologiza-seguranca-publica-e-diz-que-flavio-dino-nao-e-juiz\/\" \/>\n<meta property=\"og:site_name\" content=\"Brasil not\u00edcias\" \/>\n<meta property=\"article:published_time\" content=\"2023-06-21T20:58:30+00:00\" \/>\n<meta property=\"og:image\" content=\"https:\/\/brasilnoticias.org\/site\/wp-content\/uploads\/2023\/06\/WhatsApp-Image-2023-06-21-at-17.46.02.jpeg\" \/>\n\t<meta property=\"og:image:width\" content=\"1024\" \/>\n\t<meta property=\"og:image:height\" content=\"682\" \/>\n\t<meta property=\"og:image:type\" content=\"image\/jpeg\" \/>\n<meta name=\"author\" content=\"Reda\u00e7\u00e3o\" \/>\n<meta name=\"twitter:card\" content=\"summary_large_image\" \/>\n<meta name=\"twitter:label1\" content=\"Escrito por\" \/>\n\t<meta name=\"twitter:data1\" content=\"Reda\u00e7\u00e3o\" \/>\n<script type=\"application\/ld+json\" class=\"yoast-schema-graph\">{\"@context\":\"https:\/\/schema.org\",\"@graph\":[{\"@type\":\"Article\",\"@id\":\"https:\/\/brasilnoticias.org\/site\/capitao-alden-diz-que-esquerda-inverte-valores-e-ideologiza-seguranca-publica-e-diz-que-flavio-dino-nao-e-juiz\/#article\",\"isPartOf\":{\"@id\":\"https:\/\/brasilnoticias.org\/site\/capitao-alden-diz-que-esquerda-inverte-valores-e-ideologiza-seguranca-publica-e-diz-que-flavio-dino-nao-e-juiz\/\"},\"author\":{\"name\":\"Reda\u00e7\u00e3o\",\"@id\":\"https:\/\/brasilnoticias.org\/site\/#\/schema\/person\/a0e05b973ec4d15c658d51911e53507b\"},\"headline\":\"Capit\u00e3o Alden diz que esquerda &#8220;inverte valores e ideologiza seguran\u00e7a p\u00fablica\u201d e diz que Fl\u00e1vio Dino &#8220;n\u00e3o \u00e9 juiz&#8221;\",\"datePublished\":\"2023-06-21T20:58:30+00:00\",\"mainEntityOfPage\":{\"@id\":\"https:\/\/brasilnoticias.org\/site\/capitao-alden-diz-que-esquerda-inverte-valores-e-ideologiza-seguranca-publica-e-diz-que-flavio-dino-nao-e-juiz\/\"},\"wordCount\":376,\"commentCount\":0,\"publisher\":{\"@id\":\"https:\/\/brasilnoticias.org\/site\/#organization\"},\"image\":{\"@id\":\"https:\/\/brasilnoticias.org\/site\/capitao-alden-diz-que-esquerda-inverte-valores-e-ideologiza-seguranca-publica-e-diz-que-flavio-dino-nao-e-juiz\/#primaryimage\"},\"thumbnailUrl\":\"https:\/\/brasilnoticias.org\/site\/wp-content\/uploads\/2023\/06\/WhatsApp-Image-2023-06-21-at-17.46.02.jpeg\",\"articleSection\":[\"Pol\u00edtica\",\"\u00daltimas\"],\"inLanguage\":\"pt-PT\",\"potentialAction\":[{\"@type\":\"CommentAction\",\"name\":\"Comment\",\"target\":[\"https:\/\/brasilnoticias.org\/site\/capitao-alden-diz-que-esquerda-inverte-valores-e-ideologiza-seguranca-publica-e-diz-que-flavio-dino-nao-e-juiz\/#respond\"]}]},{\"@type\":\"WebPage\",\"@id\":\"https:\/\/brasilnoticias.org\/site\/capitao-alden-diz-que-esquerda-inverte-valores-e-ideologiza-seguranca-publica-e-diz-que-flavio-dino-nao-e-juiz\/\",\"url\":\"https:\/\/brasilnoticias.org\/site\/capitao-alden-diz-que-esquerda-inverte-valores-e-ideologiza-seguranca-publica-e-diz-que-flavio-dino-nao-e-juiz\/\",\"name\":\"Capit\u00e3o Alden diz que esquerda \\\"inverte valores e ideologiza seguran\u00e7a p\u00fablica\u201d e diz que Fl\u00e1vio Dino \\\"n\u00e3o \u00e9 juiz\\\" - Brasil not\u00edcias\",\"isPartOf\":{\"@id\":\"https:\/\/brasilnoticias.org\/site\/#website\"},\"primaryImageOfPage\":{\"@id\":\"https:\/\/brasilnoticias.org\/site\/capitao-alden-diz-que-esquerda-inverte-valores-e-ideologiza-seguranca-publica-e-diz-que-flavio-dino-nao-e-juiz\/#primaryimage\"},\"image\":{\"@id\":\"https:\/\/brasilnoticias.org\/site\/capitao-alden-diz-que-esquerda-inverte-valores-e-ideologiza-seguranca-publica-e-diz-que-flavio-dino-nao-e-juiz\/#primaryimage\"},\"thumbnailUrl\":\"https:\/\/brasilnoticias.org\/site\/wp-content\/uploads\/2023\/06\/WhatsApp-Image-2023-06-21-at-17.46.02.jpeg\",\"datePublished\":\"2023-06-21T20:58:30+00:00\",\"breadcrumb\":{\"@id\":\"https:\/\/brasilnoticias.org\/site\/capitao-alden-diz-que-esquerda-inverte-valores-e-ideologiza-seguranca-publica-e-diz-que-flavio-dino-nao-e-juiz\/#breadcrumb\"},\"inLanguage\":\"pt-PT\",\"potentialAction\":[{\"@type\":\"ReadAction\",\"target\":[\"https:\/\/brasilnoticias.org\/site\/capitao-alden-diz-que-esquerda-inverte-valores-e-ideologiza-seguranca-publica-e-diz-que-flavio-dino-nao-e-juiz\/\"]}]},{\"@type\":\"ImageObject\",\"inLanguage\":\"pt-PT\",\"@id\":\"https:\/\/brasilnoticias.org\/site\/capitao-alden-diz-que-esquerda-inverte-valores-e-ideologiza-seguranca-publica-e-diz-que-flavio-dino-nao-e-juiz\/#primaryimage\",\"url\":\"https:\/\/brasilnoticias.org\/site\/wp-content\/uploads\/2023\/06\/WhatsApp-Image-2023-06-21-at-17.46.02.jpeg\",\"contentUrl\":\"https:\/\/brasilnoticias.org\/site\/wp-content\/uploads\/2023\/06\/WhatsApp-Image-2023-06-21-at-17.46.02.jpeg\",\"width\":1024,\"height\":682},{\"@type\":\"BreadcrumbList\",\"@id\":\"https:\/\/brasilnoticias.org\/site\/capitao-alden-diz-que-esquerda-inverte-valores-e-ideologiza-seguranca-publica-e-diz-que-flavio-dino-nao-e-juiz\/#breadcrumb\",\"itemListElement\":[{\"@type\":\"ListItem\",\"position\":1,\"name\":\"In\u00edcio\",\"item\":\"https:\/\/brasilnoticias.org\/site\/\"},{\"@type\":\"ListItem\",\"position\":2,\"name\":\"Capit\u00e3o Alden diz que esquerda &#8220;inverte valores e ideologiza seguran\u00e7a p\u00fablica\u201d e diz que Fl\u00e1vio Dino &#8220;n\u00e3o \u00e9 juiz&#8221;\"}]},{\"@type\":\"WebSite\",\"@id\":\"https:\/\/brasilnoticias.org\/site\/#website\",\"url\":\"https:\/\/brasilnoticias.org\/site\/\",\"name\":\"Brasil not\u00edcias\",\"description\":\"Brasil not\u00edcias\",\"publisher\":{\"@id\":\"https:\/\/brasilnoticias.org\/site\/#organization\"},\"potentialAction\":[{\"@type\":\"SearchAction\",\"target\":{\"@type\":\"EntryPoint\",\"urlTemplate\":\"https:\/\/brasilnoticias.org\/site\/?s={search_term_string}\"},\"query-input\":{\"@type\":\"PropertyValueSpecification\",\"valueRequired\":true,\"valueName\":\"search_term_string\"}}],\"inLanguage\":\"pt-PT\"},{\"@type\":\"Organization\",\"@id\":\"https:\/\/brasilnoticias.org\/site\/#organization\",\"name\":\"Brasil not\u00edcias\",\"url\":\"https:\/\/brasilnoticias.org\/site\/\",\"logo\":{\"@type\":\"ImageObject\",\"inLanguage\":\"pt-PT\",\"@id\":\"https:\/\/brasilnoticias.org\/site\/#\/schema\/logo\/image\/\",\"url\":\"https:\/\/brasilnoticias.org\/site\/wp-content\/uploads\/2022\/05\/cropped-brasilnoticias-mini.jpg\",\"contentUrl\":\"https:\/\/brasilnoticias.org\/site\/wp-content\/uploads\/2022\/05\/cropped-brasilnoticias-mini.jpg\",\"width\":314,\"height\":86,\"caption\":\"Brasil not\u00edcias\"},\"image\":{\"@id\":\"https:\/\/brasilnoticias.org\/site\/#\/schema\/logo\/image\/\"}},{\"@type\":\"Person\",\"@id\":\"https:\/\/brasilnoticias.org\/site\/#\/schema\/person\/a0e05b973ec4d15c658d51911e53507b\",\"name\":\"Reda\u00e7\u00e3o\",\"image\":{\"@type\":\"ImageObject\",\"inLanguage\":\"pt-PT\",\"@id\":\"https:\/\/brasilnoticias.org\/site\/#\/schema\/person\/image\/\",\"url\":\"https:\/\/secure.gravatar.com\/avatar\/75d8b050df2de108b08ae78dfb8e374892df24a383c67db9c46a9c604f6aee9c?s=96&d=mm&r=g\",\"contentUrl\":\"https:\/\/secure.gravatar.com\/avatar\/75d8b050df2de108b08ae78dfb8e374892df24a383c67db9c46a9c604f6aee9c?s=96&d=mm&r=g\",\"caption\":\"Reda\u00e7\u00e3o\"},\"sameAs\":[\"https:\/\/brasilnoticias.org\/site\"],\"url\":\"https:\/\/brasilnoticias.org\/site\/author\/fernandozsngmail-com\/\"}]}<\/script>\n<!-- \/ Yoast SEO plugin. -->","yoast_head_json":{"title":"Capit\u00e3o Alden diz que esquerda \"inverte valores e ideologiza seguran\u00e7a p\u00fablica\u201d e diz que Fl\u00e1vio Dino \"n\u00e3o \u00e9 juiz\" - Brasil not\u00edcias","robots":{"index":"index","follow":"follow","max-snippet":"max-snippet:-1","max-image-preview":"max-image-preview:large","max-video-preview":"max-video-preview:-1"},"canonical":"https:\/\/brasilnoticias.org\/site\/capitao-alden-diz-que-esquerda-inverte-valores-e-ideologiza-seguranca-publica-e-diz-que-flavio-dino-nao-e-juiz\/","og_locale":"pt_PT","og_type":"article","og_title":"Capit\u00e3o Alden diz que esquerda \"inverte valores e ideologiza seguran\u00e7a p\u00fablica\u201d e diz que Fl\u00e1vio Dino \"n\u00e3o \u00e9 juiz\" - Brasil not\u00edcias","og_description":"Ap\u00f3s o Monitor da Viol\u00eancia apontar que Bahia \u00e9 o estado que registrou o maior n\u00famero de mortes violentas no","og_url":"https:\/\/brasilnoticias.org\/site\/capitao-alden-diz-que-esquerda-inverte-valores-e-ideologiza-seguranca-publica-e-diz-que-flavio-dino-nao-e-juiz\/","og_site_name":"Brasil not\u00edcias","article_published_time":"2023-06-21T20:58:30+00:00","og_image":[{"width":1024,"height":682,"url":"https:\/\/brasilnoticias.org\/site\/wp-content\/uploads\/2023\/06\/WhatsApp-Image-2023-06-21-at-17.46.02.jpeg","type":"image\/jpeg"}],"author":"Reda\u00e7\u00e3o","twitter_card":"summary_large_image","twitter_misc":{"Escrito por":"Reda\u00e7\u00e3o"},"schema":{"@context":"https:\/\/schema.org","@graph":[{"@type":"Article","@id":"https:\/\/brasilnoticias.org\/site\/capitao-alden-diz-que-esquerda-inverte-valores-e-ideologiza-seguranca-publica-e-diz-que-flavio-dino-nao-e-juiz\/#article","isPartOf":{"@id":"https:\/\/brasilnoticias.org\/site\/capitao-alden-diz-que-esquerda-inverte-valores-e-ideologiza-seguranca-publica-e-diz-que-flavio-dino-nao-e-juiz\/"},"author":{"name":"Reda\u00e7\u00e3o","@id":"https:\/\/brasilnoticias.org\/site\/#\/schema\/person\/a0e05b973ec4d15c658d51911e53507b"},"headline":"Capit\u00e3o Alden diz que esquerda &#8220;inverte valores e ideologiza seguran\u00e7a p\u00fablica\u201d e diz que Fl\u00e1vio Dino &#8220;n\u00e3o \u00e9 juiz&#8221;","datePublished":"2023-06-21T20:58:30+00:00","mainEntityOfPage":{"@id":"https:\/\/brasilnoticias.org\/site\/capitao-alden-diz-que-esquerda-inverte-valores-e-ideologiza-seguranca-publica-e-diz-que-flavio-dino-nao-e-juiz\/"},"wordCount":376,"commentCount":0,"publisher":{"@id":"https:\/\/brasilnoticias.org\/site\/#organization"},"image":{"@id":"https:\/\/brasilnoticias.org\/site\/capitao-alden-diz-que-esquerda-inverte-valores-e-ideologiza-seguranca-publica-e-diz-que-flavio-dino-nao-e-juiz\/#primaryimage"},"thumbnailUrl":"https:\/\/brasilnoticias.org\/site\/wp-content\/uploads\/2023\/06\/WhatsApp-Image-2023-06-21-at-17.46.02.jpeg","articleSection":["Pol\u00edtica","\u00daltimas"],"inLanguage":"pt-PT","potentialAction":[{"@type":"CommentAction","name":"Comment","target":["https:\/\/brasilnoticias.org\/site\/capitao-alden-diz-que-esquerda-inverte-valores-e-ideologiza-seguranca-publica-e-diz-que-flavio-dino-nao-e-juiz\/#respond"]}]},{"@type":"WebPage","@id":"https:\/\/brasilnoticias.org\/site\/capitao-alden-diz-que-esquerda-inverte-valores-e-ideologiza-seguranca-publica-e-diz-que-flavio-dino-nao-e-juiz\/","url":"https:\/\/brasilnoticias.org\/site\/capitao-alden-diz-que-esquerda-inverte-valores-e-ideologiza-seguranca-publica-e-diz-que-flavio-dino-nao-e-juiz\/","name":"Capit\u00e3o Alden diz que esquerda \"inverte valores e ideologiza seguran\u00e7a p\u00fablica\u201d e diz que Fl\u00e1vio Dino \"n\u00e3o \u00e9 juiz\" - Brasil not\u00edcias","isPartOf":{"@id":"https:\/\/brasilnoticias.org\/site\/#website"},"primaryImageOfPage":{"@id":"https:\/\/brasilnoticias.org\/site\/capitao-alden-diz-que-esquerda-inverte-valores-e-ideologiza-seguranca-publica-e-diz-que-flavio-dino-nao-e-juiz\/#primaryimage"},"image":{"@id":"https:\/\/brasilnoticias.org\/site\/capitao-alden-diz-que-esquerda-inverte-valores-e-ideologiza-seguranca-publica-e-diz-que-flavio-dino-nao-e-juiz\/#primaryimage"},"thumbnailUrl":"https:\/\/brasilnoticias.org\/site\/wp-content\/uploads\/2023\/06\/WhatsApp-Image-2023-06-21-at-17.46.02.jpeg","datePublished":"2023-06-21T20:58:30+00:00","breadcrumb":{"@id":"https:\/\/brasilnoticias.org\/site\/capitao-alden-diz-que-esquerda-inverte-valores-e-ideologiza-seguranca-publica-e-diz-que-flavio-dino-nao-e-juiz\/#breadcrumb"},"inLanguage":"pt-PT","potentialAction":[{"@type":"ReadAction","target":["https:\/\/brasilnoticias.org\/site\/capitao-alden-diz-que-esquerda-inverte-valores-e-ideologiza-seguranca-publica-e-diz-que-flavio-dino-nao-e-juiz\/"]}]},{"@type":"ImageObject","inLanguage":"pt-PT","@id":"https:\/\/brasilnoticias.org\/site\/capitao-alden-diz-que-esquerda-inverte-valores-e-ideologiza-seguranca-publica-e-diz-que-flavio-dino-nao-e-juiz\/#primaryimage","url":"https:\/\/brasilnoticias.org\/site\/wp-content\/uploads\/2023\/06\/WhatsApp-Image-2023-06-21-at-17.46.02.jpeg","contentUrl":"https:\/\/brasilnoticias.org\/site\/wp-content\/uploads\/2023\/06\/WhatsApp-Image-2023-06-21-at-17.46.02.jpeg","width":1024,"height":682},{"@type":"BreadcrumbList","@id":"https:\/\/brasilnoticias.org\/site\/capitao-alden-diz-que-esquerda-inverte-valores-e-ideologiza-seguranca-publica-e-diz-que-flavio-dino-nao-e-juiz\/#breadcrumb","itemListElement":[{"@type":"ListItem","position":1,"name":"In\u00edcio","item":"https:\/\/brasilnoticias.org\/site\/"},{"@type":"ListItem","position":2,"name":"Capit\u00e3o Alden diz que esquerda &#8220;inverte valores e ideologiza seguran\u00e7a p\u00fablica\u201d e diz que Fl\u00e1vio Dino &#8220;n\u00e3o \u00e9 juiz&#8221;"}]},{"@type":"WebSite","@id":"https:\/\/brasilnoticias.org\/site\/#website","url":"https:\/\/brasilnoticias.org\/site\/","name":"Brasil not\u00edcias","description":"Brasil not\u00edcias","publisher":{"@id":"https:\/\/brasilnoticias.org\/site\/#organization"},"potentialAction":[{"@type":"SearchAction","target":{"@type":"EntryPoint","urlTemplate":"https:\/\/brasilnoticias.org\/site\/?s={search_term_string}"},"query-input":{"@type":"PropertyValueSpecification","valueRequired":true,"valueName":"search_term_string"}}],"inLanguage":"pt-PT"},{"@type":"Organization","@id":"https:\/\/brasilnoticias.org\/site\/#organization","name":"Brasil not\u00edcias","url":"https:\/\/brasilnoticias.org\/site\/","logo":{"@type":"ImageObject","inLanguage":"pt-PT","@id":"https:\/\/brasilnoticias.org\/site\/#\/schema\/logo\/image\/","url":"https:\/\/brasilnoticias.org\/site\/wp-content\/uploads\/2022\/05\/cropped-brasilnoticias-mini.jpg","contentUrl":"https:\/\/brasilnoticias.org\/site\/wp-content\/uploads\/2022\/05\/cropped-brasilnoticias-mini.jpg","width":314,"height":86,"caption":"Brasil not\u00edcias"},"image":{"@id":"https:\/\/brasilnoticias.org\/site\/#\/schema\/logo\/image\/"}},{"@type":"Person","@id":"https:\/\/brasilnoticias.org\/site\/#\/schema\/person\/a0e05b973ec4d15c658d51911e53507b","name":"Reda\u00e7\u00e3o","image":{"@type":"ImageObject","inLanguage":"pt-PT","@id":"https:\/\/brasilnoticias.org\/site\/#\/schema\/person\/image\/","url":"https:\/\/secure.gravatar.com\/avatar\/75d8b050df2de108b08ae78dfb8e374892df24a383c67db9c46a9c604f6aee9c?s=96&d=mm&r=g","contentUrl":"https:\/\/secure.gravatar.com\/avatar\/75d8b050df2de108b08ae78dfb8e374892df24a383c67db9c46a9c604f6aee9c?s=96&d=mm&r=g","caption":"Reda\u00e7\u00e3o"},"sameAs":["https:\/\/brasilnoticias.org\/site"],"url":"https:\/\/brasilnoticias.org\/site\/author\/fernandozsngmail-com\/"}]}},"_links":{"self":[{"href":"https:\/\/brasilnoticias.org\/site\/wp-json\/wp\/v2\/posts\/6813","targetHints":{"allow":["GET"]}}],"collection":[{"href":"https:\/\/brasilnoticias.org\/site\/wp-json\/wp\/v2\/posts"}],"about":[{"href":"https:\/\/brasilnoticias.org\/site\/wp-json\/wp\/v2\/types\/post"}],"author":[{"embeddable":true,"href":"https:\/\/brasilnoticias.org\/site\/wp-json\/wp\/v2\/users\/1"}],"replies":[{"embeddable":true,"href":"https:\/\/brasilnoticias.org\/site\/wp-json\/wp\/v2\/comments?post=6813"}],"version-history":[{"count":1,"href":"https:\/\/brasilnoticias.org\/site\/wp-json\/wp\/v2\/posts\/6813\/revisions"}],"predecessor-version":[{"id":6815,"href":"https:\/\/brasilnoticias.org\/site\/wp-json\/wp\/v2\/posts\/6813\/revisions\/6815"}],"wp:featuredmedia":[{"embeddable":true,"href":"https:\/\/brasilnoticias.org\/site\/wp-json\/wp\/v2\/media\/6814"}],"wp:attachment":[{"href":"https:\/\/brasilnoticias.org\/site\/wp-json\/wp\/v2\/media?parent=6813"}],"wp:term":[{"taxonomy":"category","embeddable":true,"href":"https:\/\/brasilnoticias.org\/site\/wp-json\/wp\/v2\/categories?post=6813"},{"taxonomy":"post_tag","embeddable":true,"href":"https:\/\/brasilnoticias.org\/site\/wp-json\/wp\/v2\/tags?post=6813"}],"curies":[{"name":"wp","href":"https:\/\/api.w.org\/{rel}","templated":true}]}}