{"id":6818,"date":"2023-06-22T06:27:16","date_gmt":"2023-06-22T09:27:16","guid":{"rendered":"https:\/\/brasilnoticias.org\/site\/?p=6818"},"modified":"2023-06-22T06:27:16","modified_gmt":"2023-06-22T09:27:16","slug":"ministros-do-stf-e-politicos-exaltam-aprovacao-de-zanin-no-senado","status":"publish","type":"post","link":"https:\/\/brasilnoticias.org\/site\/ministros-do-stf-e-politicos-exaltam-aprovacao-de-zanin-no-senado\/","title":{"rendered":"Ministros do STF e pol\u00edticos exaltam aprova\u00e7\u00e3o de Zanin no Senado"},"content":{"rendered":"<p>Ministros do STF (Supremo Tribunal Federal) e o mundo pol\u00edtico reagiram \u00e0 aprova\u00e7\u00e3o pelo plen\u00e1rio do Senado da indica\u00e7\u00e3o do advogado Cristiano Zanin como novo ministro da Corte.<\/p>\n<p>Seus futuros colegas de Supremo exaltaram as suas qualidades, deram boas-vindas e previram uma boa atua\u00e7\u00e3o do indicado do presidente Lula (PT).<\/p>\n<p>Ministros do governo Lula tamb\u00e9m celebraram a aprova\u00e7\u00e3o. Mesmo opositores, em particular bolsonaristas, evitaram cr\u00edticas ao resultado da vota\u00e7\u00e3o e a consequente confirma\u00e7\u00e3o de Zanin.<\/p>\n<p>Primeiro indicado por Lula (PT) no atual mandato para o \u00f3rg\u00e3o, Zanin \u00e9 amigo do presidente, para quem advogou nas a\u00e7\u00f5es da Opera\u00e7\u00e3o Lava Jato, e precisava do voto de ao menos 41 senadores (de um total de 81 integrantes da Casa) para ser chancelado.<\/p>\n<p>Ele ocupar\u00e1 a vaga de Ricardo Lewandowski, que se aposentou em abril, e poder\u00e1 ficar no STF at\u00e9 novembro de 2050, quando completa 75 anos, idade-limite para ministros da corte.<\/p>\n<p>O ministro do STF Alexandre de Moraes afirmou que a aprova\u00e7\u00e3o foi merecida e disse ter certeza de que o Brasil vai ganhar com a sua &#8220;atua\u00e7\u00e3o competente e corajosa em nossa Suprema Corte&#8221;.<\/p>\n<p>Na mesma linha, Dias Toffoli afirmou que Zanin honrar\u00e1 a Corte e tamb\u00e9m o Brasil. &#8220;\u00c9 com satisfa\u00e7\u00e3o que recebi a aprova\u00e7\u00e3o pelo Senado da Rep\u00fablica, por larga margem de votos, do nome do indicado pelo presidente Lula para o Supremo Tribunal Federal, Dr. Cristiano Zanin, que com certeza somar\u00e1 ao STF com todo seu brilho, intelig\u00eancia, capacidade e sua lhaneza. Com certeza ser\u00e1 um grande ministro do STF, honrando a Corte e honrando o Brasil&#8221;, informou por meio de nota.<\/p>\n<p>Lu\u00eds Roberto Barroso tamb\u00e9m divulgou nota parabenizando o advogado e acrescentou que ele sempre &#8220;com elevada qualidade profissional e tenho dele a vis\u00e3o de advogado s\u00e9rio, competente e \u00e9tico mesmo diante de adversidades. Dou-lhe as boas-vindas&#8221;.<\/p>\n<p>O ministro Edson Fachin disse que a indica\u00e7\u00e3o de Zanin era um &#8220;gesto de defer\u00eancia&#8221; do presidente Lula com o STF, mas, diferente dos seus pares, n\u00e3o exaltou as qualidades do advogado. &#8220;A indica\u00e7\u00e3o do Dr. Cristiano Zanin \u00e9 gesto de defer\u00eancia do Presidente da Rep\u00fablica com este Tribunal, assim como \u00e9, por parte do Senado Federal, a sua r\u00e1pida aprova\u00e7\u00e3o. O Supremo Tribunal Federal volta a ter sua composi\u00e7\u00e3o completa com um novo integrante para continuar honrando a miss\u00e3o democr\u00e1tica almejada pela Constitui\u00e7\u00e3o cidad\u00e3. Ao novo Ministro os nossos cumprimentos.&#8221;<\/p>\n<p>Primeiro indicado do ex-presidente Jair Bolsonaro (PL), Kassio Nunes Marques tamb\u00e9m divulgou uma breve nota desejando &#8220;muito sucesso no desempenho da magistratura no STF&#8221;.<\/p>\n<p>Outro indicado por Bolsonaro, Andr\u00e9 Mendon\u00e7a afirmou que Zanin \u00e9 um &#8220;jurista preparado&#8221; e que tem muito a contribuir com a justi\u00e7a do Brasil.<\/p>\n<p>Ministros do governo Lula tamb\u00e9m se manifestaram em suas redes sociais, comemorando o resultado da vota\u00e7\u00e3o do Senado e exaltando o seu conhecimento jur\u00eddico e preparo para exercer o cargo. &#8220;O ministro Zanin levar\u00e1 ao STF a importante experi\u00eancia da advocacia, conhecimento jur\u00eddico, coragem para enfrentar controv\u00e9rsias e pondera\u00e7\u00e3o. Felicito o novo ministro, desejando sucesso e a prote\u00e7\u00e3o de Deus. Cumprimento o presidente Lula e o Senado Federal&#8221;, escreveu o ministro da Justi\u00e7a, Fl\u00e1vio Dino (PSB).<\/p>\n<p>Rui Costa (PT), da Casa Civil, afirmou que Zanin tem uma &#8220;trajet\u00f3ria brilhante&#8221; e &#8220;compet\u00eancia comprovada&#8221;.<\/p>\n<p>Mesmo parlamentares bolsonaristas evitaram criticar a aprova\u00e7\u00e3o pelo Senado da indica\u00e7\u00e3o de Cristiano Zanin. Nos \u00faltimos dias, deputados e senadores da oposi\u00e7\u00e3o j\u00e1 haviam passado a elogiar o advogado.<\/p>\n<p>A deputada bolsonarista Bia Kicis (PL-DF) apenas postou em suas redes sociais &#8220;E viva a democracia&#8221;. Na sequ\u00eancia, em uma imagem anexada \u00e0 postagem apenas acrescenta que a indica\u00e7\u00e3o foi &#8220;mais aceita no Senado do que a indica\u00e7\u00e3o do ex-presidente Jair Bolsonaro para a nomea\u00e7\u00e3o de Andr\u00e9 Mendon\u00e7a&#8221;.<\/p>\n<p>Foto Lula Marques \/ Ag\u00eancia Brasil<br \/>\nBNews<\/p>\n","protected":false},"excerpt":{"rendered":"<p>Ministros do STF (Supremo Tribunal Federal) e o mundo pol\u00edtico reagiram \u00e0 aprova\u00e7\u00e3o pelo plen\u00e1rio do Senado da indica\u00e7\u00e3o do<\/p>\n","protected":false},"author":1,"featured_media":6819,"comment_status":"open","ping_status":"open","sticky":false,"template":"","format":"standard","meta":{"colormag_page_container_layout":"default_layout","colormag_page_sidebar_layout":"default_layout","_FSMCFIC_featured_image_caption":"","_FSMCFIC_featured_image_nocaption":"","_FSMCFIC_featured_image_hide":"","footnotes":""},"categories":[5,1],"tags":[],"class_list":["post-6818","post","type-post","status-publish","format-standard","has-post-thumbnail","hentry","category-politica","category-ultimas"],"yoast_head":"<!-- This site is optimized with the Yoast SEO plugin v27.1.1 - https:\/\/yoast.com\/product\/yoast-seo-wordpress\/ -->\n<title>Ministros do STF e pol\u00edticos exaltam aprova\u00e7\u00e3o de Zanin no Senado - Brasil not\u00edcias<\/title>\n<meta name=\"robots\" content=\"index, follow, max-snippet:-1, max-image-preview:large, max-video-preview:-1\" \/>\n<link rel=\"canonical\" href=\"https:\/\/brasilnoticias.org\/site\/ministros-do-stf-e-politicos-exaltam-aprovacao-de-zanin-no-senado\/\" \/>\n<meta property=\"og:locale\" content=\"pt_PT\" \/>\n<meta property=\"og:type\" content=\"article\" \/>\n<meta property=\"og:title\" content=\"Ministros do STF e pol\u00edticos exaltam aprova\u00e7\u00e3o de Zanin no Senado - Brasil not\u00edcias\" \/>\n<meta property=\"og:description\" content=\"Ministros do STF (Supremo Tribunal Federal) e o mundo pol\u00edtico reagiram \u00e0 aprova\u00e7\u00e3o pelo plen\u00e1rio do Senado da indica\u00e7\u00e3o do\" \/>\n<meta property=\"og:url\" content=\"https:\/\/brasilnoticias.org\/site\/ministros-do-stf-e-politicos-exaltam-aprovacao-de-zanin-no-senado\/\" \/>\n<meta property=\"og:site_name\" content=\"Brasil not\u00edcias\" \/>\n<meta property=\"article:published_time\" content=\"2023-06-22T09:27:16+00:00\" \/>\n<meta property=\"og:image\" content=\"https:\/\/brasilnoticias.org\/site\/wp-content\/uploads\/2023\/06\/lula0449-32_widelg.jpg\" \/>\n\t<meta property=\"og:image:width\" content=\"800\" \/>\n\t<meta property=\"og:image:height\" content=\"450\" \/>\n\t<meta property=\"og:image:type\" content=\"image\/jpeg\" \/>\n<meta name=\"author\" content=\"Reda\u00e7\u00e3o\" \/>\n<meta name=\"twitter:card\" content=\"summary_large_image\" \/>\n<meta name=\"twitter:label1\" content=\"Escrito por\" \/>\n\t<meta name=\"twitter:data1\" content=\"Reda\u00e7\u00e3o\" \/>\n<script type=\"application\/ld+json\" class=\"yoast-schema-graph\">{\"@context\":\"https:\/\/schema.org\",\"@graph\":[{\"@type\":\"Article\",\"@id\":\"https:\/\/brasilnoticias.org\/site\/ministros-do-stf-e-politicos-exaltam-aprovacao-de-zanin-no-senado\/#article\",\"isPartOf\":{\"@id\":\"https:\/\/brasilnoticias.org\/site\/ministros-do-stf-e-politicos-exaltam-aprovacao-de-zanin-no-senado\/\"},\"author\":{\"name\":\"Reda\u00e7\u00e3o\",\"@id\":\"https:\/\/brasilnoticias.org\/site\/#\/schema\/person\/a0e05b973ec4d15c658d51911e53507b\"},\"headline\":\"Ministros do STF e pol\u00edticos exaltam aprova\u00e7\u00e3o de Zanin no Senado\",\"datePublished\":\"2023-06-22T09:27:16+00:00\",\"mainEntityOfPage\":{\"@id\":\"https:\/\/brasilnoticias.org\/site\/ministros-do-stf-e-politicos-exaltam-aprovacao-de-zanin-no-senado\/\"},\"wordCount\":677,\"commentCount\":0,\"publisher\":{\"@id\":\"https:\/\/brasilnoticias.org\/site\/#organization\"},\"image\":{\"@id\":\"https:\/\/brasilnoticias.org\/site\/ministros-do-stf-e-politicos-exaltam-aprovacao-de-zanin-no-senado\/#primaryimage\"},\"thumbnailUrl\":\"https:\/\/brasilnoticias.org\/site\/wp-content\/uploads\/2023\/06\/lula0449-32_widelg.jpg\",\"articleSection\":[\"Pol\u00edtica\",\"\u00daltimas\"],\"inLanguage\":\"pt-PT\",\"potentialAction\":[{\"@type\":\"CommentAction\",\"name\":\"Comment\",\"target\":[\"https:\/\/brasilnoticias.org\/site\/ministros-do-stf-e-politicos-exaltam-aprovacao-de-zanin-no-senado\/#respond\"]}]},{\"@type\":\"WebPage\",\"@id\":\"https:\/\/brasilnoticias.org\/site\/ministros-do-stf-e-politicos-exaltam-aprovacao-de-zanin-no-senado\/\",\"url\":\"https:\/\/brasilnoticias.org\/site\/ministros-do-stf-e-politicos-exaltam-aprovacao-de-zanin-no-senado\/\",\"name\":\"Ministros do STF e pol\u00edticos exaltam aprova\u00e7\u00e3o de Zanin no Senado - Brasil not\u00edcias\",\"isPartOf\":{\"@id\":\"https:\/\/brasilnoticias.org\/site\/#website\"},\"primaryImageOfPage\":{\"@id\":\"https:\/\/brasilnoticias.org\/site\/ministros-do-stf-e-politicos-exaltam-aprovacao-de-zanin-no-senado\/#primaryimage\"},\"image\":{\"@id\":\"https:\/\/brasilnoticias.org\/site\/ministros-do-stf-e-politicos-exaltam-aprovacao-de-zanin-no-senado\/#primaryimage\"},\"thumbnailUrl\":\"https:\/\/brasilnoticias.org\/site\/wp-content\/uploads\/2023\/06\/lula0449-32_widelg.jpg\",\"datePublished\":\"2023-06-22T09:27:16+00:00\",\"breadcrumb\":{\"@id\":\"https:\/\/brasilnoticias.org\/site\/ministros-do-stf-e-politicos-exaltam-aprovacao-de-zanin-no-senado\/#breadcrumb\"},\"inLanguage\":\"pt-PT\",\"potentialAction\":[{\"@type\":\"ReadAction\",\"target\":[\"https:\/\/brasilnoticias.org\/site\/ministros-do-stf-e-politicos-exaltam-aprovacao-de-zanin-no-senado\/\"]}]},{\"@type\":\"ImageObject\",\"inLanguage\":\"pt-PT\",\"@id\":\"https:\/\/brasilnoticias.org\/site\/ministros-do-stf-e-politicos-exaltam-aprovacao-de-zanin-no-senado\/#primaryimage\",\"url\":\"https:\/\/brasilnoticias.org\/site\/wp-content\/uploads\/2023\/06\/lula0449-32_widelg.jpg\",\"contentUrl\":\"https:\/\/brasilnoticias.org\/site\/wp-content\/uploads\/2023\/06\/lula0449-32_widelg.jpg\",\"width\":800,\"height\":450},{\"@type\":\"BreadcrumbList\",\"@id\":\"https:\/\/brasilnoticias.org\/site\/ministros-do-stf-e-politicos-exaltam-aprovacao-de-zanin-no-senado\/#breadcrumb\",\"itemListElement\":[{\"@type\":\"ListItem\",\"position\":1,\"name\":\"In\u00edcio\",\"item\":\"https:\/\/brasilnoticias.org\/site\/\"},{\"@type\":\"ListItem\",\"position\":2,\"name\":\"Ministros do STF e pol\u00edticos exaltam aprova\u00e7\u00e3o de Zanin no Senado\"}]},{\"@type\":\"WebSite\",\"@id\":\"https:\/\/brasilnoticias.org\/site\/#website\",\"url\":\"https:\/\/brasilnoticias.org\/site\/\",\"name\":\"Brasil not\u00edcias\",\"description\":\"Brasil not\u00edcias\",\"publisher\":{\"@id\":\"https:\/\/brasilnoticias.org\/site\/#organization\"},\"potentialAction\":[{\"@type\":\"SearchAction\",\"target\":{\"@type\":\"EntryPoint\",\"urlTemplate\":\"https:\/\/brasilnoticias.org\/site\/?s={search_term_string}\"},\"query-input\":{\"@type\":\"PropertyValueSpecification\",\"valueRequired\":true,\"valueName\":\"search_term_string\"}}],\"inLanguage\":\"pt-PT\"},{\"@type\":\"Organization\",\"@id\":\"https:\/\/brasilnoticias.org\/site\/#organization\",\"name\":\"Brasil not\u00edcias\",\"url\":\"https:\/\/brasilnoticias.org\/site\/\",\"logo\":{\"@type\":\"ImageObject\",\"inLanguage\":\"pt-PT\",\"@id\":\"https:\/\/brasilnoticias.org\/site\/#\/schema\/logo\/image\/\",\"url\":\"https:\/\/brasilnoticias.org\/site\/wp-content\/uploads\/2022\/05\/cropped-brasilnoticias-mini.jpg\",\"contentUrl\":\"https:\/\/brasilnoticias.org\/site\/wp-content\/uploads\/2022\/05\/cropped-brasilnoticias-mini.jpg\",\"width\":314,\"height\":86,\"caption\":\"Brasil not\u00edcias\"},\"image\":{\"@id\":\"https:\/\/brasilnoticias.org\/site\/#\/schema\/logo\/image\/\"}},{\"@type\":\"Person\",\"@id\":\"https:\/\/brasilnoticias.org\/site\/#\/schema\/person\/a0e05b973ec4d15c658d51911e53507b\",\"name\":\"Reda\u00e7\u00e3o\",\"image\":{\"@type\":\"ImageObject\",\"inLanguage\":\"pt-PT\",\"@id\":\"https:\/\/brasilnoticias.org\/site\/#\/schema\/person\/image\/\",\"url\":\"https:\/\/secure.gravatar.com\/avatar\/75d8b050df2de108b08ae78dfb8e374892df24a383c67db9c46a9c604f6aee9c?s=96&d=mm&r=g\",\"contentUrl\":\"https:\/\/secure.gravatar.com\/avatar\/75d8b050df2de108b08ae78dfb8e374892df24a383c67db9c46a9c604f6aee9c?s=96&d=mm&r=g\",\"caption\":\"Reda\u00e7\u00e3o\"},\"sameAs\":[\"https:\/\/brasilnoticias.org\/site\"],\"url\":\"https:\/\/brasilnoticias.org\/site\/author\/fernandozsngmail-com\/\"}]}<\/script>\n<!-- \/ Yoast SEO plugin. -->","yoast_head_json":{"title":"Ministros do STF e pol\u00edticos exaltam aprova\u00e7\u00e3o de Zanin no Senado - Brasil not\u00edcias","robots":{"index":"index","follow":"follow","max-snippet":"max-snippet:-1","max-image-preview":"max-image-preview:large","max-video-preview":"max-video-preview:-1"},"canonical":"https:\/\/brasilnoticias.org\/site\/ministros-do-stf-e-politicos-exaltam-aprovacao-de-zanin-no-senado\/","og_locale":"pt_PT","og_type":"article","og_title":"Ministros do STF e pol\u00edticos exaltam aprova\u00e7\u00e3o de Zanin no Senado - Brasil not\u00edcias","og_description":"Ministros do STF (Supremo Tribunal Federal) e o mundo pol\u00edtico reagiram \u00e0 aprova\u00e7\u00e3o pelo plen\u00e1rio do Senado da indica\u00e7\u00e3o do","og_url":"https:\/\/brasilnoticias.org\/site\/ministros-do-stf-e-politicos-exaltam-aprovacao-de-zanin-no-senado\/","og_site_name":"Brasil not\u00edcias","article_published_time":"2023-06-22T09:27:16+00:00","og_image":[{"width":800,"height":450,"url":"https:\/\/brasilnoticias.org\/site\/wp-content\/uploads\/2023\/06\/lula0449-32_widelg.jpg","type":"image\/jpeg"}],"author":"Reda\u00e7\u00e3o","twitter_card":"summary_large_image","twitter_misc":{"Escrito por":"Reda\u00e7\u00e3o"},"schema":{"@context":"https:\/\/schema.org","@graph":[{"@type":"Article","@id":"https:\/\/brasilnoticias.org\/site\/ministros-do-stf-e-politicos-exaltam-aprovacao-de-zanin-no-senado\/#article","isPartOf":{"@id":"https:\/\/brasilnoticias.org\/site\/ministros-do-stf-e-politicos-exaltam-aprovacao-de-zanin-no-senado\/"},"author":{"name":"Reda\u00e7\u00e3o","@id":"https:\/\/brasilnoticias.org\/site\/#\/schema\/person\/a0e05b973ec4d15c658d51911e53507b"},"headline":"Ministros do STF e pol\u00edticos exaltam aprova\u00e7\u00e3o de Zanin no Senado","datePublished":"2023-06-22T09:27:16+00:00","mainEntityOfPage":{"@id":"https:\/\/brasilnoticias.org\/site\/ministros-do-stf-e-politicos-exaltam-aprovacao-de-zanin-no-senado\/"},"wordCount":677,"commentCount":0,"publisher":{"@id":"https:\/\/brasilnoticias.org\/site\/#organization"},"image":{"@id":"https:\/\/brasilnoticias.org\/site\/ministros-do-stf-e-politicos-exaltam-aprovacao-de-zanin-no-senado\/#primaryimage"},"thumbnailUrl":"https:\/\/brasilnoticias.org\/site\/wp-content\/uploads\/2023\/06\/lula0449-32_widelg.jpg","articleSection":["Pol\u00edtica","\u00daltimas"],"inLanguage":"pt-PT","potentialAction":[{"@type":"CommentAction","name":"Comment","target":["https:\/\/brasilnoticias.org\/site\/ministros-do-stf-e-politicos-exaltam-aprovacao-de-zanin-no-senado\/#respond"]}]},{"@type":"WebPage","@id":"https:\/\/brasilnoticias.org\/site\/ministros-do-stf-e-politicos-exaltam-aprovacao-de-zanin-no-senado\/","url":"https:\/\/brasilnoticias.org\/site\/ministros-do-stf-e-politicos-exaltam-aprovacao-de-zanin-no-senado\/","name":"Ministros do STF e pol\u00edticos exaltam aprova\u00e7\u00e3o de Zanin no Senado - Brasil not\u00edcias","isPartOf":{"@id":"https:\/\/brasilnoticias.org\/site\/#website"},"primaryImageOfPage":{"@id":"https:\/\/brasilnoticias.org\/site\/ministros-do-stf-e-politicos-exaltam-aprovacao-de-zanin-no-senado\/#primaryimage"},"image":{"@id":"https:\/\/brasilnoticias.org\/site\/ministros-do-stf-e-politicos-exaltam-aprovacao-de-zanin-no-senado\/#primaryimage"},"thumbnailUrl":"https:\/\/brasilnoticias.org\/site\/wp-content\/uploads\/2023\/06\/lula0449-32_widelg.jpg","datePublished":"2023-06-22T09:27:16+00:00","breadcrumb":{"@id":"https:\/\/brasilnoticias.org\/site\/ministros-do-stf-e-politicos-exaltam-aprovacao-de-zanin-no-senado\/#breadcrumb"},"inLanguage":"pt-PT","potentialAction":[{"@type":"ReadAction","target":["https:\/\/brasilnoticias.org\/site\/ministros-do-stf-e-politicos-exaltam-aprovacao-de-zanin-no-senado\/"]}]},{"@type":"ImageObject","inLanguage":"pt-PT","@id":"https:\/\/brasilnoticias.org\/site\/ministros-do-stf-e-politicos-exaltam-aprovacao-de-zanin-no-senado\/#primaryimage","url":"https:\/\/brasilnoticias.org\/site\/wp-content\/uploads\/2023\/06\/lula0449-32_widelg.jpg","contentUrl":"https:\/\/brasilnoticias.org\/site\/wp-content\/uploads\/2023\/06\/lula0449-32_widelg.jpg","width":800,"height":450},{"@type":"BreadcrumbList","@id":"https:\/\/brasilnoticias.org\/site\/ministros-do-stf-e-politicos-exaltam-aprovacao-de-zanin-no-senado\/#breadcrumb","itemListElement":[{"@type":"ListItem","position":1,"name":"In\u00edcio","item":"https:\/\/brasilnoticias.org\/site\/"},{"@type":"ListItem","position":2,"name":"Ministros do STF e pol\u00edticos exaltam aprova\u00e7\u00e3o de Zanin no Senado"}]},{"@type":"WebSite","@id":"https:\/\/brasilnoticias.org\/site\/#website","url":"https:\/\/brasilnoticias.org\/site\/","name":"Brasil not\u00edcias","description":"Brasil not\u00edcias","publisher":{"@id":"https:\/\/brasilnoticias.org\/site\/#organization"},"potentialAction":[{"@type":"SearchAction","target":{"@type":"EntryPoint","urlTemplate":"https:\/\/brasilnoticias.org\/site\/?s={search_term_string}"},"query-input":{"@type":"PropertyValueSpecification","valueRequired":true,"valueName":"search_term_string"}}],"inLanguage":"pt-PT"},{"@type":"Organization","@id":"https:\/\/brasilnoticias.org\/site\/#organization","name":"Brasil not\u00edcias","url":"https:\/\/brasilnoticias.org\/site\/","logo":{"@type":"ImageObject","inLanguage":"pt-PT","@id":"https:\/\/brasilnoticias.org\/site\/#\/schema\/logo\/image\/","url":"https:\/\/brasilnoticias.org\/site\/wp-content\/uploads\/2022\/05\/cropped-brasilnoticias-mini.jpg","contentUrl":"https:\/\/brasilnoticias.org\/site\/wp-content\/uploads\/2022\/05\/cropped-brasilnoticias-mini.jpg","width":314,"height":86,"caption":"Brasil not\u00edcias"},"image":{"@id":"https:\/\/brasilnoticias.org\/site\/#\/schema\/logo\/image\/"}},{"@type":"Person","@id":"https:\/\/brasilnoticias.org\/site\/#\/schema\/person\/a0e05b973ec4d15c658d51911e53507b","name":"Reda\u00e7\u00e3o","image":{"@type":"ImageObject","inLanguage":"pt-PT","@id":"https:\/\/brasilnoticias.org\/site\/#\/schema\/person\/image\/","url":"https:\/\/secure.gravatar.com\/avatar\/75d8b050df2de108b08ae78dfb8e374892df24a383c67db9c46a9c604f6aee9c?s=96&d=mm&r=g","contentUrl":"https:\/\/secure.gravatar.com\/avatar\/75d8b050df2de108b08ae78dfb8e374892df24a383c67db9c46a9c604f6aee9c?s=96&d=mm&r=g","caption":"Reda\u00e7\u00e3o"},"sameAs":["https:\/\/brasilnoticias.org\/site"],"url":"https:\/\/brasilnoticias.org\/site\/author\/fernandozsngmail-com\/"}]}},"_links":{"self":[{"href":"https:\/\/brasilnoticias.org\/site\/wp-json\/wp\/v2\/posts\/6818","targetHints":{"allow":["GET"]}}],"collection":[{"href":"https:\/\/brasilnoticias.org\/site\/wp-json\/wp\/v2\/posts"}],"about":[{"href":"https:\/\/brasilnoticias.org\/site\/wp-json\/wp\/v2\/types\/post"}],"author":[{"embeddable":true,"href":"https:\/\/brasilnoticias.org\/site\/wp-json\/wp\/v2\/users\/1"}],"replies":[{"embeddable":true,"href":"https:\/\/brasilnoticias.org\/site\/wp-json\/wp\/v2\/comments?post=6818"}],"version-history":[{"count":1,"href":"https:\/\/brasilnoticias.org\/site\/wp-json\/wp\/v2\/posts\/6818\/revisions"}],"predecessor-version":[{"id":6820,"href":"https:\/\/brasilnoticias.org\/site\/wp-json\/wp\/v2\/posts\/6818\/revisions\/6820"}],"wp:featuredmedia":[{"embeddable":true,"href":"https:\/\/brasilnoticias.org\/site\/wp-json\/wp\/v2\/media\/6819"}],"wp:attachment":[{"href":"https:\/\/brasilnoticias.org\/site\/wp-json\/wp\/v2\/media?parent=6818"}],"wp:term":[{"taxonomy":"category","embeddable":true,"href":"https:\/\/brasilnoticias.org\/site\/wp-json\/wp\/v2\/categories?post=6818"},{"taxonomy":"post_tag","embeddable":true,"href":"https:\/\/brasilnoticias.org\/site\/wp-json\/wp\/v2\/tags?post=6818"}],"curies":[{"name":"wp","href":"https:\/\/api.w.org\/{rel}","templated":true}]}}