{"id":6827,"date":"2023-06-22T06:32:55","date_gmt":"2023-06-22T09:32:55","guid":{"rendered":"https:\/\/brasilnoticias.org\/site\/?p=6827"},"modified":"2023-06-22T06:32:55","modified_gmt":"2023-06-22T09:32:55","slug":"contas-do-prefeito-antonio-calmon-sao-aprovadas-pelo-tcm","status":"publish","type":"post","link":"https:\/\/brasilnoticias.org\/site\/contas-do-prefeito-antonio-calmon-sao-aprovadas-pelo-tcm\/","title":{"rendered":"Contas do prefeito Ant\u00f4nio Calmon s\u00e3o aprovadas pelo TCM"},"content":{"rendered":"<p>Na sess\u00e3o desta ter\u00e7a-feira (20\/06), os conselheiros do Tribunal de Contas dos Munic\u00edpios da aprovaram, com ressalvas, as contas do prefeito de S\u00e3o Francisco do Conde, na Regi\u00e3o Metropolitana de Salvador, Ant\u00f4nio Calmon, relativas ao exerc\u00edcio de 2021.<\/p>\n<p>Sem especificar em relat\u00f3rio t\u00e9cnico qual tipo de irregularidade o prefeito cometeu, foi imputado contra o gestor uma multa no valor de R$ 6 mil reais.<\/p>\n<p>Al\u00e9m das contas de Calmon, outros tr\u00eas gestores tamb\u00e9m tiveram contas aprovadas pelo \u00f3rg\u00e3o fiscalizador: Seabra, Mirante e Conde\u00faba.<\/p>\n<p>MNoticia<\/p>\n","protected":false},"excerpt":{"rendered":"<p>Na sess\u00e3o desta ter\u00e7a-feira (20\/06), os conselheiros do Tribunal de Contas dos Munic\u00edpios da aprovaram, com ressalvas, as contas do<\/p>\n","protected":false},"author":1,"featured_media":6828,"comment_status":"open","ping_status":"open","sticky":false,"template":"","format":"standard","meta":{"colormag_page_container_layout":"default_layout","colormag_page_sidebar_layout":"default_layout","_FSMCFIC_featured_image_caption":"","_FSMCFIC_featured_image_nocaption":"","_FSMCFIC_featured_image_hide":"","footnotes":""},"categories":[5,1],"tags":[],"class_list":["post-6827","post","type-post","status-publish","format-standard","has-post-thumbnail","hentry","category-politica","category-ultimas"],"yoast_head":"<!-- This site is optimized with the Yoast SEO plugin v27.1.1 - https:\/\/yoast.com\/product\/yoast-seo-wordpress\/ -->\n<title>Contas do prefeito Ant\u00f4nio Calmon s\u00e3o aprovadas pelo TCM - Brasil not\u00edcias<\/title>\n<meta name=\"robots\" content=\"index, follow, max-snippet:-1, max-image-preview:large, max-video-preview:-1\" \/>\n<link rel=\"canonical\" href=\"https:\/\/brasilnoticias.org\/site\/contas-do-prefeito-antonio-calmon-sao-aprovadas-pelo-tcm\/\" \/>\n<meta property=\"og:locale\" content=\"pt_PT\" \/>\n<meta property=\"og:type\" content=\"article\" \/>\n<meta property=\"og:title\" content=\"Contas do prefeito Ant\u00f4nio Calmon s\u00e3o aprovadas pelo TCM - Brasil not\u00edcias\" \/>\n<meta property=\"og:description\" content=\"Na sess\u00e3o desta ter\u00e7a-feira (20\/06), os conselheiros do Tribunal de Contas dos Munic\u00edpios da aprovaram, com ressalvas, as contas do\" \/>\n<meta property=\"og:url\" content=\"https:\/\/brasilnoticias.org\/site\/contas-do-prefeito-antonio-calmon-sao-aprovadas-pelo-tcm\/\" \/>\n<meta property=\"og:site_name\" content=\"Brasil not\u00edcias\" \/>\n<meta property=\"article:published_time\" content=\"2023-06-22T09:32:55+00:00\" \/>\n<meta property=\"og:image\" content=\"https:\/\/brasilnoticias.org\/site\/wp-content\/uploads\/2023\/06\/Calmon.webp\" \/>\n\t<meta property=\"og:image:width\" content=\"600\" \/>\n\t<meta property=\"og:image:height\" content=\"398\" \/>\n\t<meta property=\"og:image:type\" content=\"image\/webp\" \/>\n<meta name=\"author\" content=\"Reda\u00e7\u00e3o\" \/>\n<meta name=\"twitter:card\" content=\"summary_large_image\" \/>\n<meta name=\"twitter:label1\" content=\"Escrito por\" \/>\n\t<meta name=\"twitter:data1\" content=\"Reda\u00e7\u00e3o\" \/>\n<script type=\"application\/ld+json\" class=\"yoast-schema-graph\">{\"@context\":\"https:\/\/schema.org\",\"@graph\":[{\"@type\":\"Article\",\"@id\":\"https:\/\/brasilnoticias.org\/site\/contas-do-prefeito-antonio-calmon-sao-aprovadas-pelo-tcm\/#article\",\"isPartOf\":{\"@id\":\"https:\/\/brasilnoticias.org\/site\/contas-do-prefeito-antonio-calmon-sao-aprovadas-pelo-tcm\/\"},\"author\":{\"name\":\"Reda\u00e7\u00e3o\",\"@id\":\"https:\/\/brasilnoticias.org\/site\/#\/schema\/person\/a0e05b973ec4d15c658d51911e53507b\"},\"headline\":\"Contas do prefeito Ant\u00f4nio Calmon s\u00e3o aprovadas pelo TCM\",\"datePublished\":\"2023-06-22T09:32:55+00:00\",\"mainEntityOfPage\":{\"@id\":\"https:\/\/brasilnoticias.org\/site\/contas-do-prefeito-antonio-calmon-sao-aprovadas-pelo-tcm\/\"},\"wordCount\":106,\"commentCount\":0,\"publisher\":{\"@id\":\"https:\/\/brasilnoticias.org\/site\/#organization\"},\"image\":{\"@id\":\"https:\/\/brasilnoticias.org\/site\/contas-do-prefeito-antonio-calmon-sao-aprovadas-pelo-tcm\/#primaryimage\"},\"thumbnailUrl\":\"https:\/\/brasilnoticias.org\/site\/wp-content\/uploads\/2023\/06\/Calmon.webp\",\"articleSection\":[\"Pol\u00edtica\",\"\u00daltimas\"],\"inLanguage\":\"pt-PT\",\"potentialAction\":[{\"@type\":\"CommentAction\",\"name\":\"Comment\",\"target\":[\"https:\/\/brasilnoticias.org\/site\/contas-do-prefeito-antonio-calmon-sao-aprovadas-pelo-tcm\/#respond\"]}]},{\"@type\":\"WebPage\",\"@id\":\"https:\/\/brasilnoticias.org\/site\/contas-do-prefeito-antonio-calmon-sao-aprovadas-pelo-tcm\/\",\"url\":\"https:\/\/brasilnoticias.org\/site\/contas-do-prefeito-antonio-calmon-sao-aprovadas-pelo-tcm\/\",\"name\":\"Contas do prefeito Ant\u00f4nio Calmon s\u00e3o aprovadas pelo TCM - Brasil not\u00edcias\",\"isPartOf\":{\"@id\":\"https:\/\/brasilnoticias.org\/site\/#website\"},\"primaryImageOfPage\":{\"@id\":\"https:\/\/brasilnoticias.org\/site\/contas-do-prefeito-antonio-calmon-sao-aprovadas-pelo-tcm\/#primaryimage\"},\"image\":{\"@id\":\"https:\/\/brasilnoticias.org\/site\/contas-do-prefeito-antonio-calmon-sao-aprovadas-pelo-tcm\/#primaryimage\"},\"thumbnailUrl\":\"https:\/\/brasilnoticias.org\/site\/wp-content\/uploads\/2023\/06\/Calmon.webp\",\"datePublished\":\"2023-06-22T09:32:55+00:00\",\"breadcrumb\":{\"@id\":\"https:\/\/brasilnoticias.org\/site\/contas-do-prefeito-antonio-calmon-sao-aprovadas-pelo-tcm\/#breadcrumb\"},\"inLanguage\":\"pt-PT\",\"potentialAction\":[{\"@type\":\"ReadAction\",\"target\":[\"https:\/\/brasilnoticias.org\/site\/contas-do-prefeito-antonio-calmon-sao-aprovadas-pelo-tcm\/\"]}]},{\"@type\":\"ImageObject\",\"inLanguage\":\"pt-PT\",\"@id\":\"https:\/\/brasilnoticias.org\/site\/contas-do-prefeito-antonio-calmon-sao-aprovadas-pelo-tcm\/#primaryimage\",\"url\":\"https:\/\/brasilnoticias.org\/site\/wp-content\/uploads\/2023\/06\/Calmon.webp\",\"contentUrl\":\"https:\/\/brasilnoticias.org\/site\/wp-content\/uploads\/2023\/06\/Calmon.webp\",\"width\":600,\"height\":398},{\"@type\":\"BreadcrumbList\",\"@id\":\"https:\/\/brasilnoticias.org\/site\/contas-do-prefeito-antonio-calmon-sao-aprovadas-pelo-tcm\/#breadcrumb\",\"itemListElement\":[{\"@type\":\"ListItem\",\"position\":1,\"name\":\"In\u00edcio\",\"item\":\"https:\/\/brasilnoticias.org\/site\/\"},{\"@type\":\"ListItem\",\"position\":2,\"name\":\"Contas do prefeito Ant\u00f4nio Calmon s\u00e3o aprovadas pelo TCM\"}]},{\"@type\":\"WebSite\",\"@id\":\"https:\/\/brasilnoticias.org\/site\/#website\",\"url\":\"https:\/\/brasilnoticias.org\/site\/\",\"name\":\"Brasil not\u00edcias\",\"description\":\"Brasil not\u00edcias\",\"publisher\":{\"@id\":\"https:\/\/brasilnoticias.org\/site\/#organization\"},\"potentialAction\":[{\"@type\":\"SearchAction\",\"target\":{\"@type\":\"EntryPoint\",\"urlTemplate\":\"https:\/\/brasilnoticias.org\/site\/?s={search_term_string}\"},\"query-input\":{\"@type\":\"PropertyValueSpecification\",\"valueRequired\":true,\"valueName\":\"search_term_string\"}}],\"inLanguage\":\"pt-PT\"},{\"@type\":\"Organization\",\"@id\":\"https:\/\/brasilnoticias.org\/site\/#organization\",\"name\":\"Brasil not\u00edcias\",\"url\":\"https:\/\/brasilnoticias.org\/site\/\",\"logo\":{\"@type\":\"ImageObject\",\"inLanguage\":\"pt-PT\",\"@id\":\"https:\/\/brasilnoticias.org\/site\/#\/schema\/logo\/image\/\",\"url\":\"https:\/\/brasilnoticias.org\/site\/wp-content\/uploads\/2022\/05\/cropped-brasilnoticias-mini.jpg\",\"contentUrl\":\"https:\/\/brasilnoticias.org\/site\/wp-content\/uploads\/2022\/05\/cropped-brasilnoticias-mini.jpg\",\"width\":314,\"height\":86,\"caption\":\"Brasil not\u00edcias\"},\"image\":{\"@id\":\"https:\/\/brasilnoticias.org\/site\/#\/schema\/logo\/image\/\"}},{\"@type\":\"Person\",\"@id\":\"https:\/\/brasilnoticias.org\/site\/#\/schema\/person\/a0e05b973ec4d15c658d51911e53507b\",\"name\":\"Reda\u00e7\u00e3o\",\"image\":{\"@type\":\"ImageObject\",\"inLanguage\":\"pt-PT\",\"@id\":\"https:\/\/brasilnoticias.org\/site\/#\/schema\/person\/image\/\",\"url\":\"https:\/\/secure.gravatar.com\/avatar\/75d8b050df2de108b08ae78dfb8e374892df24a383c67db9c46a9c604f6aee9c?s=96&d=mm&r=g\",\"contentUrl\":\"https:\/\/secure.gravatar.com\/avatar\/75d8b050df2de108b08ae78dfb8e374892df24a383c67db9c46a9c604f6aee9c?s=96&d=mm&r=g\",\"caption\":\"Reda\u00e7\u00e3o\"},\"sameAs\":[\"https:\/\/brasilnoticias.org\/site\"],\"url\":\"https:\/\/brasilnoticias.org\/site\/author\/fernandozsngmail-com\/\"}]}<\/script>\n<!-- \/ Yoast SEO plugin. -->","yoast_head_json":{"title":"Contas do prefeito Ant\u00f4nio Calmon s\u00e3o aprovadas pelo TCM - Brasil not\u00edcias","robots":{"index":"index","follow":"follow","max-snippet":"max-snippet:-1","max-image-preview":"max-image-preview:large","max-video-preview":"max-video-preview:-1"},"canonical":"https:\/\/brasilnoticias.org\/site\/contas-do-prefeito-antonio-calmon-sao-aprovadas-pelo-tcm\/","og_locale":"pt_PT","og_type":"article","og_title":"Contas do prefeito Ant\u00f4nio Calmon s\u00e3o aprovadas pelo TCM - Brasil not\u00edcias","og_description":"Na sess\u00e3o desta ter\u00e7a-feira (20\/06), os conselheiros do Tribunal de Contas dos Munic\u00edpios da aprovaram, com ressalvas, as contas do","og_url":"https:\/\/brasilnoticias.org\/site\/contas-do-prefeito-antonio-calmon-sao-aprovadas-pelo-tcm\/","og_site_name":"Brasil not\u00edcias","article_published_time":"2023-06-22T09:32:55+00:00","og_image":[{"width":600,"height":398,"url":"https:\/\/brasilnoticias.org\/site\/wp-content\/uploads\/2023\/06\/Calmon.webp","type":"image\/webp"}],"author":"Reda\u00e7\u00e3o","twitter_card":"summary_large_image","twitter_misc":{"Escrito por":"Reda\u00e7\u00e3o"},"schema":{"@context":"https:\/\/schema.org","@graph":[{"@type":"Article","@id":"https:\/\/brasilnoticias.org\/site\/contas-do-prefeito-antonio-calmon-sao-aprovadas-pelo-tcm\/#article","isPartOf":{"@id":"https:\/\/brasilnoticias.org\/site\/contas-do-prefeito-antonio-calmon-sao-aprovadas-pelo-tcm\/"},"author":{"name":"Reda\u00e7\u00e3o","@id":"https:\/\/brasilnoticias.org\/site\/#\/schema\/person\/a0e05b973ec4d15c658d51911e53507b"},"headline":"Contas do prefeito Ant\u00f4nio Calmon s\u00e3o aprovadas pelo TCM","datePublished":"2023-06-22T09:32:55+00:00","mainEntityOfPage":{"@id":"https:\/\/brasilnoticias.org\/site\/contas-do-prefeito-antonio-calmon-sao-aprovadas-pelo-tcm\/"},"wordCount":106,"commentCount":0,"publisher":{"@id":"https:\/\/brasilnoticias.org\/site\/#organization"},"image":{"@id":"https:\/\/brasilnoticias.org\/site\/contas-do-prefeito-antonio-calmon-sao-aprovadas-pelo-tcm\/#primaryimage"},"thumbnailUrl":"https:\/\/brasilnoticias.org\/site\/wp-content\/uploads\/2023\/06\/Calmon.webp","articleSection":["Pol\u00edtica","\u00daltimas"],"inLanguage":"pt-PT","potentialAction":[{"@type":"CommentAction","name":"Comment","target":["https:\/\/brasilnoticias.org\/site\/contas-do-prefeito-antonio-calmon-sao-aprovadas-pelo-tcm\/#respond"]}]},{"@type":"WebPage","@id":"https:\/\/brasilnoticias.org\/site\/contas-do-prefeito-antonio-calmon-sao-aprovadas-pelo-tcm\/","url":"https:\/\/brasilnoticias.org\/site\/contas-do-prefeito-antonio-calmon-sao-aprovadas-pelo-tcm\/","name":"Contas do prefeito Ant\u00f4nio Calmon s\u00e3o aprovadas pelo TCM - Brasil not\u00edcias","isPartOf":{"@id":"https:\/\/brasilnoticias.org\/site\/#website"},"primaryImageOfPage":{"@id":"https:\/\/brasilnoticias.org\/site\/contas-do-prefeito-antonio-calmon-sao-aprovadas-pelo-tcm\/#primaryimage"},"image":{"@id":"https:\/\/brasilnoticias.org\/site\/contas-do-prefeito-antonio-calmon-sao-aprovadas-pelo-tcm\/#primaryimage"},"thumbnailUrl":"https:\/\/brasilnoticias.org\/site\/wp-content\/uploads\/2023\/06\/Calmon.webp","datePublished":"2023-06-22T09:32:55+00:00","breadcrumb":{"@id":"https:\/\/brasilnoticias.org\/site\/contas-do-prefeito-antonio-calmon-sao-aprovadas-pelo-tcm\/#breadcrumb"},"inLanguage":"pt-PT","potentialAction":[{"@type":"ReadAction","target":["https:\/\/brasilnoticias.org\/site\/contas-do-prefeito-antonio-calmon-sao-aprovadas-pelo-tcm\/"]}]},{"@type":"ImageObject","inLanguage":"pt-PT","@id":"https:\/\/brasilnoticias.org\/site\/contas-do-prefeito-antonio-calmon-sao-aprovadas-pelo-tcm\/#primaryimage","url":"https:\/\/brasilnoticias.org\/site\/wp-content\/uploads\/2023\/06\/Calmon.webp","contentUrl":"https:\/\/brasilnoticias.org\/site\/wp-content\/uploads\/2023\/06\/Calmon.webp","width":600,"height":398},{"@type":"BreadcrumbList","@id":"https:\/\/brasilnoticias.org\/site\/contas-do-prefeito-antonio-calmon-sao-aprovadas-pelo-tcm\/#breadcrumb","itemListElement":[{"@type":"ListItem","position":1,"name":"In\u00edcio","item":"https:\/\/brasilnoticias.org\/site\/"},{"@type":"ListItem","position":2,"name":"Contas do prefeito Ant\u00f4nio Calmon s\u00e3o aprovadas pelo TCM"}]},{"@type":"WebSite","@id":"https:\/\/brasilnoticias.org\/site\/#website","url":"https:\/\/brasilnoticias.org\/site\/","name":"Brasil not\u00edcias","description":"Brasil not\u00edcias","publisher":{"@id":"https:\/\/brasilnoticias.org\/site\/#organization"},"potentialAction":[{"@type":"SearchAction","target":{"@type":"EntryPoint","urlTemplate":"https:\/\/brasilnoticias.org\/site\/?s={search_term_string}"},"query-input":{"@type":"PropertyValueSpecification","valueRequired":true,"valueName":"search_term_string"}}],"inLanguage":"pt-PT"},{"@type":"Organization","@id":"https:\/\/brasilnoticias.org\/site\/#organization","name":"Brasil not\u00edcias","url":"https:\/\/brasilnoticias.org\/site\/","logo":{"@type":"ImageObject","inLanguage":"pt-PT","@id":"https:\/\/brasilnoticias.org\/site\/#\/schema\/logo\/image\/","url":"https:\/\/brasilnoticias.org\/site\/wp-content\/uploads\/2022\/05\/cropped-brasilnoticias-mini.jpg","contentUrl":"https:\/\/brasilnoticias.org\/site\/wp-content\/uploads\/2022\/05\/cropped-brasilnoticias-mini.jpg","width":314,"height":86,"caption":"Brasil not\u00edcias"},"image":{"@id":"https:\/\/brasilnoticias.org\/site\/#\/schema\/logo\/image\/"}},{"@type":"Person","@id":"https:\/\/brasilnoticias.org\/site\/#\/schema\/person\/a0e05b973ec4d15c658d51911e53507b","name":"Reda\u00e7\u00e3o","image":{"@type":"ImageObject","inLanguage":"pt-PT","@id":"https:\/\/brasilnoticias.org\/site\/#\/schema\/person\/image\/","url":"https:\/\/secure.gravatar.com\/avatar\/75d8b050df2de108b08ae78dfb8e374892df24a383c67db9c46a9c604f6aee9c?s=96&d=mm&r=g","contentUrl":"https:\/\/secure.gravatar.com\/avatar\/75d8b050df2de108b08ae78dfb8e374892df24a383c67db9c46a9c604f6aee9c?s=96&d=mm&r=g","caption":"Reda\u00e7\u00e3o"},"sameAs":["https:\/\/brasilnoticias.org\/site"],"url":"https:\/\/brasilnoticias.org\/site\/author\/fernandozsngmail-com\/"}]}},"_links":{"self":[{"href":"https:\/\/brasilnoticias.org\/site\/wp-json\/wp\/v2\/posts\/6827","targetHints":{"allow":["GET"]}}],"collection":[{"href":"https:\/\/brasilnoticias.org\/site\/wp-json\/wp\/v2\/posts"}],"about":[{"href":"https:\/\/brasilnoticias.org\/site\/wp-json\/wp\/v2\/types\/post"}],"author":[{"embeddable":true,"href":"https:\/\/brasilnoticias.org\/site\/wp-json\/wp\/v2\/users\/1"}],"replies":[{"embeddable":true,"href":"https:\/\/brasilnoticias.org\/site\/wp-json\/wp\/v2\/comments?post=6827"}],"version-history":[{"count":1,"href":"https:\/\/brasilnoticias.org\/site\/wp-json\/wp\/v2\/posts\/6827\/revisions"}],"predecessor-version":[{"id":6829,"href":"https:\/\/brasilnoticias.org\/site\/wp-json\/wp\/v2\/posts\/6827\/revisions\/6829"}],"wp:featuredmedia":[{"embeddable":true,"href":"https:\/\/brasilnoticias.org\/site\/wp-json\/wp\/v2\/media\/6828"}],"wp:attachment":[{"href":"https:\/\/brasilnoticias.org\/site\/wp-json\/wp\/v2\/media?parent=6827"}],"wp:term":[{"taxonomy":"category","embeddable":true,"href":"https:\/\/brasilnoticias.org\/site\/wp-json\/wp\/v2\/categories?post=6827"},{"taxonomy":"post_tag","embeddable":true,"href":"https:\/\/brasilnoticias.org\/site\/wp-json\/wp\/v2\/tags?post=6827"}],"curies":[{"name":"wp","href":"https:\/\/api.w.org\/{rel}","templated":true}]}}