{"id":6843,"date":"2023-06-22T18:30:06","date_gmt":"2023-06-22T21:30:06","guid":{"rendered":"https:\/\/brasilnoticias.org\/site\/?p=6843"},"modified":"2023-06-22T16:40:45","modified_gmt":"2023-06-22T19:40:45","slug":"senado-aprova-a-indicacao-e-cristiano-zanin-sera-ministro-do-stf","status":"publish","type":"post","link":"https:\/\/brasilnoticias.org\/site\/senado-aprova-a-indicacao-e-cristiano-zanin-sera-ministro-do-stf\/","title":{"rendered":"Senado aprova a indica\u00e7\u00e3o e Cristiano Zanin ser\u00e1 ministro do STF"},"content":{"rendered":"<p>O plen\u00e1rio do Senado aprovou, por 58 votos a 18, nesta quarta-feira (21\/6) o advogado Cristiano Zanin para a vaga de ministro deixada por Ricardo Lewandowski no Supremo Tribunal Federal (STF). N\u00e3o houve absten\u00e7\u00e3o.<\/p>\n<p>Zanin foi designado para a vaga pelo presidente Luiz In\u00e1cio Lula da Silva (PT). Ele atuou na defesa de Lula durante os processos da Opera\u00e7\u00e3o Lava Jato e na campanha ao Planalto em 2022.<\/p>\n<p>Nas indica\u00e7\u00f5es de ministros ao STF, cabe somente ao Senado analisar a escolha. A vota\u00e7\u00e3o \u00e9 secreta. N\u00e3o h\u00e1 vota\u00e7\u00e3o na C\u00e2mara dos Deputados.<\/p>\n<p>Aos 47 anos, considerando as atuais regras para aposentadoria no Supremo, ele poder\u00e1 atuar por 28 anos no STF \u2014 at\u00e9 atingir 75 anos.<\/p>\n<p>Foto: Divulga\u00e7\u00e3o<br \/>\nAratuon<\/p>\n","protected":false},"excerpt":{"rendered":"<p>O plen\u00e1rio do Senado aprovou, por 58 votos a 18, nesta quarta-feira (21\/6) o advogado Cristiano Zanin para a vaga<\/p>\n","protected":false},"author":1,"featured_media":6844,"comment_status":"open","ping_status":"open","sticky":false,"template":"","format":"standard","meta":{"colormag_page_container_layout":"default_layout","colormag_page_sidebar_layout":"default_layout","_FSMCFIC_featured_image_caption":"","_FSMCFIC_featured_image_nocaption":"","_FSMCFIC_featured_image_hide":"","footnotes":""},"categories":[5,1],"tags":[],"class_list":["post-6843","post","type-post","status-publish","format-standard","has-post-thumbnail","hentry","category-politica","category-ultimas"],"yoast_head":"<!-- This site is optimized with the Yoast SEO plugin v27.1.1 - https:\/\/yoast.com\/product\/yoast-seo-wordpress\/ -->\n<title>Senado aprova a indica\u00e7\u00e3o e Cristiano Zanin ser\u00e1 ministro do STF - Brasil not\u00edcias<\/title>\n<meta name=\"robots\" content=\"index, follow, max-snippet:-1, max-image-preview:large, max-video-preview:-1\" \/>\n<link rel=\"canonical\" href=\"https:\/\/brasilnoticias.org\/site\/senado-aprova-a-indicacao-e-cristiano-zanin-sera-ministro-do-stf\/\" \/>\n<meta property=\"og:locale\" content=\"pt_PT\" \/>\n<meta property=\"og:type\" content=\"article\" \/>\n<meta property=\"og:title\" content=\"Senado aprova a indica\u00e7\u00e3o e Cristiano Zanin ser\u00e1 ministro do STF - Brasil not\u00edcias\" \/>\n<meta property=\"og:description\" content=\"O plen\u00e1rio do Senado aprovou, por 58 votos a 18, nesta quarta-feira (21\/6) o advogado Cristiano Zanin para a vaga\" \/>\n<meta property=\"og:url\" content=\"https:\/\/brasilnoticias.org\/site\/senado-aprova-a-indicacao-e-cristiano-zanin-sera-ministro-do-stf\/\" \/>\n<meta property=\"og:site_name\" content=\"Brasil not\u00edcias\" \/>\n<meta property=\"article:published_time\" content=\"2023-06-22T21:30:06+00:00\" \/>\n<meta property=\"og:image\" content=\"https:\/\/brasilnoticias.org\/site\/wp-content\/uploads\/2023\/06\/zanin.jpg\" \/>\n\t<meta property=\"og:image:width\" content=\"740\" \/>\n\t<meta property=\"og:image:height\" content=\"470\" \/>\n\t<meta property=\"og:image:type\" content=\"image\/jpeg\" \/>\n<meta name=\"author\" content=\"Reda\u00e7\u00e3o\" \/>\n<meta name=\"twitter:card\" content=\"summary_large_image\" \/>\n<meta name=\"twitter:label1\" content=\"Escrito por\" \/>\n\t<meta name=\"twitter:data1\" content=\"Reda\u00e7\u00e3o\" \/>\n<script type=\"application\/ld+json\" class=\"yoast-schema-graph\">{\"@context\":\"https:\/\/schema.org\",\"@graph\":[{\"@type\":\"Article\",\"@id\":\"https:\/\/brasilnoticias.org\/site\/senado-aprova-a-indicacao-e-cristiano-zanin-sera-ministro-do-stf\/#article\",\"isPartOf\":{\"@id\":\"https:\/\/brasilnoticias.org\/site\/senado-aprova-a-indicacao-e-cristiano-zanin-sera-ministro-do-stf\/\"},\"author\":{\"name\":\"Reda\u00e7\u00e3o\",\"@id\":\"https:\/\/brasilnoticias.org\/site\/#\/schema\/person\/a0e05b973ec4d15c658d51911e53507b\"},\"headline\":\"Senado aprova a indica\u00e7\u00e3o e Cristiano Zanin ser\u00e1 ministro do STF\",\"datePublished\":\"2023-06-22T21:30:06+00:00\",\"mainEntityOfPage\":{\"@id\":\"https:\/\/brasilnoticias.org\/site\/senado-aprova-a-indicacao-e-cristiano-zanin-sera-ministro-do-stf\/\"},\"wordCount\":133,\"commentCount\":0,\"publisher\":{\"@id\":\"https:\/\/brasilnoticias.org\/site\/#organization\"},\"image\":{\"@id\":\"https:\/\/brasilnoticias.org\/site\/senado-aprova-a-indicacao-e-cristiano-zanin-sera-ministro-do-stf\/#primaryimage\"},\"thumbnailUrl\":\"https:\/\/brasilnoticias.org\/site\/wp-content\/uploads\/2023\/06\/zanin.jpg\",\"articleSection\":[\"Pol\u00edtica\",\"\u00daltimas\"],\"inLanguage\":\"pt-PT\",\"potentialAction\":[{\"@type\":\"CommentAction\",\"name\":\"Comment\",\"target\":[\"https:\/\/brasilnoticias.org\/site\/senado-aprova-a-indicacao-e-cristiano-zanin-sera-ministro-do-stf\/#respond\"]}]},{\"@type\":\"WebPage\",\"@id\":\"https:\/\/brasilnoticias.org\/site\/senado-aprova-a-indicacao-e-cristiano-zanin-sera-ministro-do-stf\/\",\"url\":\"https:\/\/brasilnoticias.org\/site\/senado-aprova-a-indicacao-e-cristiano-zanin-sera-ministro-do-stf\/\",\"name\":\"Senado aprova a indica\u00e7\u00e3o e Cristiano Zanin ser\u00e1 ministro do STF - Brasil not\u00edcias\",\"isPartOf\":{\"@id\":\"https:\/\/brasilnoticias.org\/site\/#website\"},\"primaryImageOfPage\":{\"@id\":\"https:\/\/brasilnoticias.org\/site\/senado-aprova-a-indicacao-e-cristiano-zanin-sera-ministro-do-stf\/#primaryimage\"},\"image\":{\"@id\":\"https:\/\/brasilnoticias.org\/site\/senado-aprova-a-indicacao-e-cristiano-zanin-sera-ministro-do-stf\/#primaryimage\"},\"thumbnailUrl\":\"https:\/\/brasilnoticias.org\/site\/wp-content\/uploads\/2023\/06\/zanin.jpg\",\"datePublished\":\"2023-06-22T21:30:06+00:00\",\"breadcrumb\":{\"@id\":\"https:\/\/brasilnoticias.org\/site\/senado-aprova-a-indicacao-e-cristiano-zanin-sera-ministro-do-stf\/#breadcrumb\"},\"inLanguage\":\"pt-PT\",\"potentialAction\":[{\"@type\":\"ReadAction\",\"target\":[\"https:\/\/brasilnoticias.org\/site\/senado-aprova-a-indicacao-e-cristiano-zanin-sera-ministro-do-stf\/\"]}]},{\"@type\":\"ImageObject\",\"inLanguage\":\"pt-PT\",\"@id\":\"https:\/\/brasilnoticias.org\/site\/senado-aprova-a-indicacao-e-cristiano-zanin-sera-ministro-do-stf\/#primaryimage\",\"url\":\"https:\/\/brasilnoticias.org\/site\/wp-content\/uploads\/2023\/06\/zanin.jpg\",\"contentUrl\":\"https:\/\/brasilnoticias.org\/site\/wp-content\/uploads\/2023\/06\/zanin.jpg\",\"width\":740,\"height\":470},{\"@type\":\"BreadcrumbList\",\"@id\":\"https:\/\/brasilnoticias.org\/site\/senado-aprova-a-indicacao-e-cristiano-zanin-sera-ministro-do-stf\/#breadcrumb\",\"itemListElement\":[{\"@type\":\"ListItem\",\"position\":1,\"name\":\"In\u00edcio\",\"item\":\"https:\/\/brasilnoticias.org\/site\/\"},{\"@type\":\"ListItem\",\"position\":2,\"name\":\"Senado aprova a indica\u00e7\u00e3o e Cristiano Zanin ser\u00e1 ministro do STF\"}]},{\"@type\":\"WebSite\",\"@id\":\"https:\/\/brasilnoticias.org\/site\/#website\",\"url\":\"https:\/\/brasilnoticias.org\/site\/\",\"name\":\"Brasil not\u00edcias\",\"description\":\"Brasil not\u00edcias\",\"publisher\":{\"@id\":\"https:\/\/brasilnoticias.org\/site\/#organization\"},\"potentialAction\":[{\"@type\":\"SearchAction\",\"target\":{\"@type\":\"EntryPoint\",\"urlTemplate\":\"https:\/\/brasilnoticias.org\/site\/?s={search_term_string}\"},\"query-input\":{\"@type\":\"PropertyValueSpecification\",\"valueRequired\":true,\"valueName\":\"search_term_string\"}}],\"inLanguage\":\"pt-PT\"},{\"@type\":\"Organization\",\"@id\":\"https:\/\/brasilnoticias.org\/site\/#organization\",\"name\":\"Brasil not\u00edcias\",\"url\":\"https:\/\/brasilnoticias.org\/site\/\",\"logo\":{\"@type\":\"ImageObject\",\"inLanguage\":\"pt-PT\",\"@id\":\"https:\/\/brasilnoticias.org\/site\/#\/schema\/logo\/image\/\",\"url\":\"https:\/\/brasilnoticias.org\/site\/wp-content\/uploads\/2022\/05\/cropped-brasilnoticias-mini.jpg\",\"contentUrl\":\"https:\/\/brasilnoticias.org\/site\/wp-content\/uploads\/2022\/05\/cropped-brasilnoticias-mini.jpg\",\"width\":314,\"height\":86,\"caption\":\"Brasil not\u00edcias\"},\"image\":{\"@id\":\"https:\/\/brasilnoticias.org\/site\/#\/schema\/logo\/image\/\"}},{\"@type\":\"Person\",\"@id\":\"https:\/\/brasilnoticias.org\/site\/#\/schema\/person\/a0e05b973ec4d15c658d51911e53507b\",\"name\":\"Reda\u00e7\u00e3o\",\"image\":{\"@type\":\"ImageObject\",\"inLanguage\":\"pt-PT\",\"@id\":\"https:\/\/brasilnoticias.org\/site\/#\/schema\/person\/image\/\",\"url\":\"https:\/\/secure.gravatar.com\/avatar\/75d8b050df2de108b08ae78dfb8e374892df24a383c67db9c46a9c604f6aee9c?s=96&d=mm&r=g\",\"contentUrl\":\"https:\/\/secure.gravatar.com\/avatar\/75d8b050df2de108b08ae78dfb8e374892df24a383c67db9c46a9c604f6aee9c?s=96&d=mm&r=g\",\"caption\":\"Reda\u00e7\u00e3o\"},\"sameAs\":[\"https:\/\/brasilnoticias.org\/site\"],\"url\":\"https:\/\/brasilnoticias.org\/site\/author\/fernandozsngmail-com\/\"}]}<\/script>\n<!-- \/ Yoast SEO plugin. -->","yoast_head_json":{"title":"Senado aprova a indica\u00e7\u00e3o e Cristiano Zanin ser\u00e1 ministro do STF - Brasil not\u00edcias","robots":{"index":"index","follow":"follow","max-snippet":"max-snippet:-1","max-image-preview":"max-image-preview:large","max-video-preview":"max-video-preview:-1"},"canonical":"https:\/\/brasilnoticias.org\/site\/senado-aprova-a-indicacao-e-cristiano-zanin-sera-ministro-do-stf\/","og_locale":"pt_PT","og_type":"article","og_title":"Senado aprova a indica\u00e7\u00e3o e Cristiano Zanin ser\u00e1 ministro do STF - Brasil not\u00edcias","og_description":"O plen\u00e1rio do Senado aprovou, por 58 votos a 18, nesta quarta-feira (21\/6) o advogado Cristiano Zanin para a vaga","og_url":"https:\/\/brasilnoticias.org\/site\/senado-aprova-a-indicacao-e-cristiano-zanin-sera-ministro-do-stf\/","og_site_name":"Brasil not\u00edcias","article_published_time":"2023-06-22T21:30:06+00:00","og_image":[{"width":740,"height":470,"url":"https:\/\/brasilnoticias.org\/site\/wp-content\/uploads\/2023\/06\/zanin.jpg","type":"image\/jpeg"}],"author":"Reda\u00e7\u00e3o","twitter_card":"summary_large_image","twitter_misc":{"Escrito por":"Reda\u00e7\u00e3o"},"schema":{"@context":"https:\/\/schema.org","@graph":[{"@type":"Article","@id":"https:\/\/brasilnoticias.org\/site\/senado-aprova-a-indicacao-e-cristiano-zanin-sera-ministro-do-stf\/#article","isPartOf":{"@id":"https:\/\/brasilnoticias.org\/site\/senado-aprova-a-indicacao-e-cristiano-zanin-sera-ministro-do-stf\/"},"author":{"name":"Reda\u00e7\u00e3o","@id":"https:\/\/brasilnoticias.org\/site\/#\/schema\/person\/a0e05b973ec4d15c658d51911e53507b"},"headline":"Senado aprova a indica\u00e7\u00e3o e Cristiano Zanin ser\u00e1 ministro do STF","datePublished":"2023-06-22T21:30:06+00:00","mainEntityOfPage":{"@id":"https:\/\/brasilnoticias.org\/site\/senado-aprova-a-indicacao-e-cristiano-zanin-sera-ministro-do-stf\/"},"wordCount":133,"commentCount":0,"publisher":{"@id":"https:\/\/brasilnoticias.org\/site\/#organization"},"image":{"@id":"https:\/\/brasilnoticias.org\/site\/senado-aprova-a-indicacao-e-cristiano-zanin-sera-ministro-do-stf\/#primaryimage"},"thumbnailUrl":"https:\/\/brasilnoticias.org\/site\/wp-content\/uploads\/2023\/06\/zanin.jpg","articleSection":["Pol\u00edtica","\u00daltimas"],"inLanguage":"pt-PT","potentialAction":[{"@type":"CommentAction","name":"Comment","target":["https:\/\/brasilnoticias.org\/site\/senado-aprova-a-indicacao-e-cristiano-zanin-sera-ministro-do-stf\/#respond"]}]},{"@type":"WebPage","@id":"https:\/\/brasilnoticias.org\/site\/senado-aprova-a-indicacao-e-cristiano-zanin-sera-ministro-do-stf\/","url":"https:\/\/brasilnoticias.org\/site\/senado-aprova-a-indicacao-e-cristiano-zanin-sera-ministro-do-stf\/","name":"Senado aprova a indica\u00e7\u00e3o e Cristiano Zanin ser\u00e1 ministro do STF - Brasil not\u00edcias","isPartOf":{"@id":"https:\/\/brasilnoticias.org\/site\/#website"},"primaryImageOfPage":{"@id":"https:\/\/brasilnoticias.org\/site\/senado-aprova-a-indicacao-e-cristiano-zanin-sera-ministro-do-stf\/#primaryimage"},"image":{"@id":"https:\/\/brasilnoticias.org\/site\/senado-aprova-a-indicacao-e-cristiano-zanin-sera-ministro-do-stf\/#primaryimage"},"thumbnailUrl":"https:\/\/brasilnoticias.org\/site\/wp-content\/uploads\/2023\/06\/zanin.jpg","datePublished":"2023-06-22T21:30:06+00:00","breadcrumb":{"@id":"https:\/\/brasilnoticias.org\/site\/senado-aprova-a-indicacao-e-cristiano-zanin-sera-ministro-do-stf\/#breadcrumb"},"inLanguage":"pt-PT","potentialAction":[{"@type":"ReadAction","target":["https:\/\/brasilnoticias.org\/site\/senado-aprova-a-indicacao-e-cristiano-zanin-sera-ministro-do-stf\/"]}]},{"@type":"ImageObject","inLanguage":"pt-PT","@id":"https:\/\/brasilnoticias.org\/site\/senado-aprova-a-indicacao-e-cristiano-zanin-sera-ministro-do-stf\/#primaryimage","url":"https:\/\/brasilnoticias.org\/site\/wp-content\/uploads\/2023\/06\/zanin.jpg","contentUrl":"https:\/\/brasilnoticias.org\/site\/wp-content\/uploads\/2023\/06\/zanin.jpg","width":740,"height":470},{"@type":"BreadcrumbList","@id":"https:\/\/brasilnoticias.org\/site\/senado-aprova-a-indicacao-e-cristiano-zanin-sera-ministro-do-stf\/#breadcrumb","itemListElement":[{"@type":"ListItem","position":1,"name":"In\u00edcio","item":"https:\/\/brasilnoticias.org\/site\/"},{"@type":"ListItem","position":2,"name":"Senado aprova a indica\u00e7\u00e3o e Cristiano Zanin ser\u00e1 ministro do STF"}]},{"@type":"WebSite","@id":"https:\/\/brasilnoticias.org\/site\/#website","url":"https:\/\/brasilnoticias.org\/site\/","name":"Brasil not\u00edcias","description":"Brasil not\u00edcias","publisher":{"@id":"https:\/\/brasilnoticias.org\/site\/#organization"},"potentialAction":[{"@type":"SearchAction","target":{"@type":"EntryPoint","urlTemplate":"https:\/\/brasilnoticias.org\/site\/?s={search_term_string}"},"query-input":{"@type":"PropertyValueSpecification","valueRequired":true,"valueName":"search_term_string"}}],"inLanguage":"pt-PT"},{"@type":"Organization","@id":"https:\/\/brasilnoticias.org\/site\/#organization","name":"Brasil not\u00edcias","url":"https:\/\/brasilnoticias.org\/site\/","logo":{"@type":"ImageObject","inLanguage":"pt-PT","@id":"https:\/\/brasilnoticias.org\/site\/#\/schema\/logo\/image\/","url":"https:\/\/brasilnoticias.org\/site\/wp-content\/uploads\/2022\/05\/cropped-brasilnoticias-mini.jpg","contentUrl":"https:\/\/brasilnoticias.org\/site\/wp-content\/uploads\/2022\/05\/cropped-brasilnoticias-mini.jpg","width":314,"height":86,"caption":"Brasil not\u00edcias"},"image":{"@id":"https:\/\/brasilnoticias.org\/site\/#\/schema\/logo\/image\/"}},{"@type":"Person","@id":"https:\/\/brasilnoticias.org\/site\/#\/schema\/person\/a0e05b973ec4d15c658d51911e53507b","name":"Reda\u00e7\u00e3o","image":{"@type":"ImageObject","inLanguage":"pt-PT","@id":"https:\/\/brasilnoticias.org\/site\/#\/schema\/person\/image\/","url":"https:\/\/secure.gravatar.com\/avatar\/75d8b050df2de108b08ae78dfb8e374892df24a383c67db9c46a9c604f6aee9c?s=96&d=mm&r=g","contentUrl":"https:\/\/secure.gravatar.com\/avatar\/75d8b050df2de108b08ae78dfb8e374892df24a383c67db9c46a9c604f6aee9c?s=96&d=mm&r=g","caption":"Reda\u00e7\u00e3o"},"sameAs":["https:\/\/brasilnoticias.org\/site"],"url":"https:\/\/brasilnoticias.org\/site\/author\/fernandozsngmail-com\/"}]}},"_links":{"self":[{"href":"https:\/\/brasilnoticias.org\/site\/wp-json\/wp\/v2\/posts\/6843","targetHints":{"allow":["GET"]}}],"collection":[{"href":"https:\/\/brasilnoticias.org\/site\/wp-json\/wp\/v2\/posts"}],"about":[{"href":"https:\/\/brasilnoticias.org\/site\/wp-json\/wp\/v2\/types\/post"}],"author":[{"embeddable":true,"href":"https:\/\/brasilnoticias.org\/site\/wp-json\/wp\/v2\/users\/1"}],"replies":[{"embeddable":true,"href":"https:\/\/brasilnoticias.org\/site\/wp-json\/wp\/v2\/comments?post=6843"}],"version-history":[{"count":1,"href":"https:\/\/brasilnoticias.org\/site\/wp-json\/wp\/v2\/posts\/6843\/revisions"}],"predecessor-version":[{"id":6845,"href":"https:\/\/brasilnoticias.org\/site\/wp-json\/wp\/v2\/posts\/6843\/revisions\/6845"}],"wp:featuredmedia":[{"embeddable":true,"href":"https:\/\/brasilnoticias.org\/site\/wp-json\/wp\/v2\/media\/6844"}],"wp:attachment":[{"href":"https:\/\/brasilnoticias.org\/site\/wp-json\/wp\/v2\/media?parent=6843"}],"wp:term":[{"taxonomy":"category","embeddable":true,"href":"https:\/\/brasilnoticias.org\/site\/wp-json\/wp\/v2\/categories?post=6843"},{"taxonomy":"post_tag","embeddable":true,"href":"https:\/\/brasilnoticias.org\/site\/wp-json\/wp\/v2\/tags?post=6843"}],"curies":[{"name":"wp","href":"https:\/\/api.w.org\/{rel}","templated":true}]}}