{"id":685,"date":"2022-05-30T10:14:37","date_gmt":"2022-05-30T13:14:37","guid":{"rendered":"https:\/\/brasilnoticias.org\/site\/?p=685"},"modified":"2022-05-30T10:14:37","modified_gmt":"2022-05-30T13:14:37","slug":"bebe-de-dois-meses-morre-apos-ser-arremessada-do-segundo-andar-pelo-pai","status":"publish","type":"post","link":"https:\/\/brasilnoticias.org\/site\/bebe-de-dois-meses-morre-apos-ser-arremessada-do-segundo-andar-pelo-pai\/","title":{"rendered":"BEB\u00ca DE DOIS MESES MORRE AP\u00d3S SER ARREMESSADA DO SEGUNDO ANDAR PELO PAI"},"content":{"rendered":"<p>Uma beb\u00ea de dois meses foi arremessada do segundo andar de um pr\u00e9dio pelo pr\u00f3prio pai, um homem de 26 anos, na noite de s\u00e1bado (28). A crian\u00e7a n\u00e3o resistiu \u00e0 queda e morreu ap\u00f3s ser socorrida pela m\u00e3e e populares. O caso aconteceu na cidade de Te\u00f3filo Otoni, no interior de Minas Gerais.<\/p>\n<p>De acordo com a pol\u00edcia local, no momento em que pegou a filha no colo e a arremessou pela janela, o pai havia acabado de discutir com a m\u00e3e da crian\u00e7a. O crime teria acontecido ap\u00f3s a mulher sair do c\u00f4modo onde o pai e a filha estavam, e ir at\u00e9 \u00e0 cozinha da resid\u00eancia olhar uma panela que estava no fog\u00e3o.<\/p>\n<p>Isabel de Aguilar Loesch caiu de uma altura de cerca de cinco metros. Ap\u00f3s a queda da beb\u00ea, o homem tentou fugir do local, mas policiais fizeram um cerco e conseguiram captur\u00e1-lo.<\/p>\n<p>O crime causou indigna\u00e7\u00e3o na cidade. Um morador afirmou, em entrevista ao portal Hoje em Dia, que um clima de consterna\u00e7\u00e3o tomou conta da popula\u00e7\u00e3o.<\/p>\n<p>\u201cMuita indigna\u00e7\u00e3o na cidade. Logo que o fato aconteceu, as redes sociais e os grupos de Whatsapp da cidade n\u00e3o param de receber mensagens, com todo mundo incr\u00e9dulo. \u00c9 um crime muito b\u00e1rbaro e at\u00edpico. Moro aqui desde que nasci e nunca presenciei esse tipo de crime. Era um rapaz jovem e sem motivos aparentes\u201d, lamentou o advogado Yuri Rocha, de 38 anos.<\/p>\n<p>&nbsp;<\/p>\n<p>&nbsp;<\/p>\n<p>Bnews<\/p>\n","protected":false},"excerpt":{"rendered":"<p>Uma beb\u00ea de dois meses foi arremessada do segundo andar de um pr\u00e9dio pelo pr\u00f3prio pai, um homem de 26<\/p>\n","protected":false},"author":2,"featured_media":686,"comment_status":"open","ping_status":"open","sticky":false,"template":"","format":"standard","meta":{"colormag_page_container_layout":"default_layout","colormag_page_sidebar_layout":"default_layout","_FSMCFIC_featured_image_caption":"","_FSMCFIC_featured_image_nocaption":"","_FSMCFIC_featured_image_hide":"","footnotes":""},"categories":[3,1],"tags":[],"class_list":["post-685","post","type-post","status-publish","format-standard","has-post-thumbnail","hentry","category-policia","category-ultimas"],"yoast_head":"<!-- This site is optimized with the Yoast SEO plugin v27.1.1 - https:\/\/yoast.com\/product\/yoast-seo-wordpress\/ -->\n<title>BEB\u00ca DE DOIS MESES MORRE AP\u00d3S SER ARREMESSADA DO SEGUNDO ANDAR PELO PAI - Brasil not\u00edcias<\/title>\n<meta name=\"robots\" content=\"index, follow, max-snippet:-1, max-image-preview:large, max-video-preview:-1\" \/>\n<link rel=\"canonical\" href=\"https:\/\/brasilnoticias.org\/site\/bebe-de-dois-meses-morre-apos-ser-arremessada-do-segundo-andar-pelo-pai\/\" \/>\n<meta property=\"og:locale\" content=\"pt_PT\" \/>\n<meta property=\"og:type\" content=\"article\" \/>\n<meta property=\"og:title\" content=\"BEB\u00ca DE DOIS MESES MORRE AP\u00d3S SER ARREMESSADA DO SEGUNDO ANDAR PELO PAI - Brasil not\u00edcias\" \/>\n<meta property=\"og:description\" content=\"Uma beb\u00ea de dois meses foi arremessada do segundo andar de um pr\u00e9dio pelo pr\u00f3prio pai, um homem de 26\" \/>\n<meta property=\"og:url\" content=\"https:\/\/brasilnoticias.org\/site\/bebe-de-dois-meses-morre-apos-ser-arremessada-do-segundo-andar-pelo-pai\/\" \/>\n<meta property=\"og:site_name\" content=\"Brasil not\u00edcias\" \/>\n<meta property=\"article:published_time\" content=\"2022-05-30T13:14:37+00:00\" \/>\n<meta property=\"og:image\" content=\"https:\/\/brasilnoticias.org\/site\/wp-content\/uploads\/2022\/05\/bebe-morre-apos-ser-arremessada_widelg.png\" \/>\n\t<meta property=\"og:image:width\" content=\"734\" \/>\n\t<meta property=\"og:image:height\" content=\"447\" \/>\n\t<meta property=\"og:image:type\" content=\"image\/png\" \/>\n<meta name=\"author\" content=\"Reda\u00e7\u00e3o\" \/>\n<meta name=\"twitter:card\" content=\"summary_large_image\" \/>\n<meta name=\"twitter:label1\" content=\"Escrito por\" \/>\n\t<meta name=\"twitter:data1\" content=\"Reda\u00e7\u00e3o\" \/>\n\t<meta name=\"twitter:label2\" content=\"Tempo estimado de leitura\" \/>\n\t<meta name=\"twitter:data2\" content=\"1 minuto\" \/>\n<script type=\"application\/ld+json\" class=\"yoast-schema-graph\">{\"@context\":\"https:\/\/schema.org\",\"@graph\":[{\"@type\":\"Article\",\"@id\":\"https:\/\/brasilnoticias.org\/site\/bebe-de-dois-meses-morre-apos-ser-arremessada-do-segundo-andar-pelo-pai\/#article\",\"isPartOf\":{\"@id\":\"https:\/\/brasilnoticias.org\/site\/bebe-de-dois-meses-morre-apos-ser-arremessada-do-segundo-andar-pelo-pai\/\"},\"author\":{\"name\":\"Reda\u00e7\u00e3o\",\"@id\":\"https:\/\/brasilnoticias.org\/site\/#\/schema\/person\/f609fa847b5314f1c8b983342f34c798\"},\"headline\":\"BEB\u00ca DE DOIS MESES MORRE AP\u00d3S SER ARREMESSADA DO SEGUNDO ANDAR PELO PAI\",\"datePublished\":\"2022-05-30T13:14:37+00:00\",\"mainEntityOfPage\":{\"@id\":\"https:\/\/brasilnoticias.org\/site\/bebe-de-dois-meses-morre-apos-ser-arremessada-do-segundo-andar-pelo-pai\/\"},\"wordCount\":272,\"commentCount\":0,\"publisher\":{\"@id\":\"https:\/\/brasilnoticias.org\/site\/#organization\"},\"image\":{\"@id\":\"https:\/\/brasilnoticias.org\/site\/bebe-de-dois-meses-morre-apos-ser-arremessada-do-segundo-andar-pelo-pai\/#primaryimage\"},\"thumbnailUrl\":\"https:\/\/brasilnoticias.org\/site\/wp-content\/uploads\/2022\/05\/bebe-morre-apos-ser-arremessada_widelg.png\",\"articleSection\":[\"Pol\u00edcia\",\"\u00daltimas\"],\"inLanguage\":\"pt-PT\",\"potentialAction\":[{\"@type\":\"CommentAction\",\"name\":\"Comment\",\"target\":[\"https:\/\/brasilnoticias.org\/site\/bebe-de-dois-meses-morre-apos-ser-arremessada-do-segundo-andar-pelo-pai\/#respond\"]}]},{\"@type\":\"WebPage\",\"@id\":\"https:\/\/brasilnoticias.org\/site\/bebe-de-dois-meses-morre-apos-ser-arremessada-do-segundo-andar-pelo-pai\/\",\"url\":\"https:\/\/brasilnoticias.org\/site\/bebe-de-dois-meses-morre-apos-ser-arremessada-do-segundo-andar-pelo-pai\/\",\"name\":\"BEB\u00ca DE DOIS MESES MORRE AP\u00d3S SER ARREMESSADA DO SEGUNDO ANDAR PELO PAI - Brasil not\u00edcias\",\"isPartOf\":{\"@id\":\"https:\/\/brasilnoticias.org\/site\/#website\"},\"primaryImageOfPage\":{\"@id\":\"https:\/\/brasilnoticias.org\/site\/bebe-de-dois-meses-morre-apos-ser-arremessada-do-segundo-andar-pelo-pai\/#primaryimage\"},\"image\":{\"@id\":\"https:\/\/brasilnoticias.org\/site\/bebe-de-dois-meses-morre-apos-ser-arremessada-do-segundo-andar-pelo-pai\/#primaryimage\"},\"thumbnailUrl\":\"https:\/\/brasilnoticias.org\/site\/wp-content\/uploads\/2022\/05\/bebe-morre-apos-ser-arremessada_widelg.png\",\"datePublished\":\"2022-05-30T13:14:37+00:00\",\"breadcrumb\":{\"@id\":\"https:\/\/brasilnoticias.org\/site\/bebe-de-dois-meses-morre-apos-ser-arremessada-do-segundo-andar-pelo-pai\/#breadcrumb\"},\"inLanguage\":\"pt-PT\",\"potentialAction\":[{\"@type\":\"ReadAction\",\"target\":[\"https:\/\/brasilnoticias.org\/site\/bebe-de-dois-meses-morre-apos-ser-arremessada-do-segundo-andar-pelo-pai\/\"]}]},{\"@type\":\"ImageObject\",\"inLanguage\":\"pt-PT\",\"@id\":\"https:\/\/brasilnoticias.org\/site\/bebe-de-dois-meses-morre-apos-ser-arremessada-do-segundo-andar-pelo-pai\/#primaryimage\",\"url\":\"https:\/\/brasilnoticias.org\/site\/wp-content\/uploads\/2022\/05\/bebe-morre-apos-ser-arremessada_widelg.png\",\"contentUrl\":\"https:\/\/brasilnoticias.org\/site\/wp-content\/uploads\/2022\/05\/bebe-morre-apos-ser-arremessada_widelg.png\",\"width\":734,\"height\":447},{\"@type\":\"BreadcrumbList\",\"@id\":\"https:\/\/brasilnoticias.org\/site\/bebe-de-dois-meses-morre-apos-ser-arremessada-do-segundo-andar-pelo-pai\/#breadcrumb\",\"itemListElement\":[{\"@type\":\"ListItem\",\"position\":1,\"name\":\"In\u00edcio\",\"item\":\"https:\/\/brasilnoticias.org\/site\/\"},{\"@type\":\"ListItem\",\"position\":2,\"name\":\"BEB\u00ca DE DOIS MESES MORRE AP\u00d3S SER ARREMESSADA DO SEGUNDO ANDAR PELO PAI\"}]},{\"@type\":\"WebSite\",\"@id\":\"https:\/\/brasilnoticias.org\/site\/#website\",\"url\":\"https:\/\/brasilnoticias.org\/site\/\",\"name\":\"Brasil not\u00edcias\",\"description\":\"Brasil not\u00edcias\",\"publisher\":{\"@id\":\"https:\/\/brasilnoticias.org\/site\/#organization\"},\"potentialAction\":[{\"@type\":\"SearchAction\",\"target\":{\"@type\":\"EntryPoint\",\"urlTemplate\":\"https:\/\/brasilnoticias.org\/site\/?s={search_term_string}\"},\"query-input\":{\"@type\":\"PropertyValueSpecification\",\"valueRequired\":true,\"valueName\":\"search_term_string\"}}],\"inLanguage\":\"pt-PT\"},{\"@type\":\"Organization\",\"@id\":\"https:\/\/brasilnoticias.org\/site\/#organization\",\"name\":\"Brasil not\u00edcias\",\"url\":\"https:\/\/brasilnoticias.org\/site\/\",\"logo\":{\"@type\":\"ImageObject\",\"inLanguage\":\"pt-PT\",\"@id\":\"https:\/\/brasilnoticias.org\/site\/#\/schema\/logo\/image\/\",\"url\":\"https:\/\/brasilnoticias.org\/site\/wp-content\/uploads\/2022\/05\/cropped-brasilnoticias-mini.jpg\",\"contentUrl\":\"https:\/\/brasilnoticias.org\/site\/wp-content\/uploads\/2022\/05\/cropped-brasilnoticias-mini.jpg\",\"width\":314,\"height\":86,\"caption\":\"Brasil not\u00edcias\"},\"image\":{\"@id\":\"https:\/\/brasilnoticias.org\/site\/#\/schema\/logo\/image\/\"}},{\"@type\":\"Person\",\"@id\":\"https:\/\/brasilnoticias.org\/site\/#\/schema\/person\/f609fa847b5314f1c8b983342f34c798\",\"name\":\"Reda\u00e7\u00e3o\",\"image\":{\"@type\":\"ImageObject\",\"inLanguage\":\"pt-PT\",\"@id\":\"https:\/\/brasilnoticias.org\/site\/#\/schema\/person\/image\/\",\"url\":\"https:\/\/secure.gravatar.com\/avatar\/447284c06c1ad8b46465a36de9cd0d8326b73387a22799b8b1ffb1fbcff2ed0c?s=96&d=mm&r=g\",\"contentUrl\":\"https:\/\/secure.gravatar.com\/avatar\/447284c06c1ad8b46465a36de9cd0d8326b73387a22799b8b1ffb1fbcff2ed0c?s=96&d=mm&r=g\",\"caption\":\"Reda\u00e7\u00e3o\"},\"url\":\"https:\/\/brasilnoticias.org\/site\/author\/redacao\/\"}]}<\/script>\n<!-- \/ Yoast SEO plugin. -->","yoast_head_json":{"title":"BEB\u00ca DE DOIS MESES MORRE AP\u00d3S SER ARREMESSADA DO SEGUNDO ANDAR PELO PAI - Brasil not\u00edcias","robots":{"index":"index","follow":"follow","max-snippet":"max-snippet:-1","max-image-preview":"max-image-preview:large","max-video-preview":"max-video-preview:-1"},"canonical":"https:\/\/brasilnoticias.org\/site\/bebe-de-dois-meses-morre-apos-ser-arremessada-do-segundo-andar-pelo-pai\/","og_locale":"pt_PT","og_type":"article","og_title":"BEB\u00ca DE DOIS MESES MORRE AP\u00d3S SER ARREMESSADA DO SEGUNDO ANDAR PELO PAI - Brasil not\u00edcias","og_description":"Uma beb\u00ea de dois meses foi arremessada do segundo andar de um pr\u00e9dio pelo pr\u00f3prio pai, um homem de 26","og_url":"https:\/\/brasilnoticias.org\/site\/bebe-de-dois-meses-morre-apos-ser-arremessada-do-segundo-andar-pelo-pai\/","og_site_name":"Brasil not\u00edcias","article_published_time":"2022-05-30T13:14:37+00:00","og_image":[{"width":734,"height":447,"url":"https:\/\/brasilnoticias.org\/site\/wp-content\/uploads\/2022\/05\/bebe-morre-apos-ser-arremessada_widelg.png","type":"image\/png"}],"author":"Reda\u00e7\u00e3o","twitter_card":"summary_large_image","twitter_misc":{"Escrito por":"Reda\u00e7\u00e3o","Tempo estimado de leitura":"1 minuto"},"schema":{"@context":"https:\/\/schema.org","@graph":[{"@type":"Article","@id":"https:\/\/brasilnoticias.org\/site\/bebe-de-dois-meses-morre-apos-ser-arremessada-do-segundo-andar-pelo-pai\/#article","isPartOf":{"@id":"https:\/\/brasilnoticias.org\/site\/bebe-de-dois-meses-morre-apos-ser-arremessada-do-segundo-andar-pelo-pai\/"},"author":{"name":"Reda\u00e7\u00e3o","@id":"https:\/\/brasilnoticias.org\/site\/#\/schema\/person\/f609fa847b5314f1c8b983342f34c798"},"headline":"BEB\u00ca DE DOIS MESES MORRE AP\u00d3S SER ARREMESSADA DO SEGUNDO ANDAR PELO PAI","datePublished":"2022-05-30T13:14:37+00:00","mainEntityOfPage":{"@id":"https:\/\/brasilnoticias.org\/site\/bebe-de-dois-meses-morre-apos-ser-arremessada-do-segundo-andar-pelo-pai\/"},"wordCount":272,"commentCount":0,"publisher":{"@id":"https:\/\/brasilnoticias.org\/site\/#organization"},"image":{"@id":"https:\/\/brasilnoticias.org\/site\/bebe-de-dois-meses-morre-apos-ser-arremessada-do-segundo-andar-pelo-pai\/#primaryimage"},"thumbnailUrl":"https:\/\/brasilnoticias.org\/site\/wp-content\/uploads\/2022\/05\/bebe-morre-apos-ser-arremessada_widelg.png","articleSection":["Pol\u00edcia","\u00daltimas"],"inLanguage":"pt-PT","potentialAction":[{"@type":"CommentAction","name":"Comment","target":["https:\/\/brasilnoticias.org\/site\/bebe-de-dois-meses-morre-apos-ser-arremessada-do-segundo-andar-pelo-pai\/#respond"]}]},{"@type":"WebPage","@id":"https:\/\/brasilnoticias.org\/site\/bebe-de-dois-meses-morre-apos-ser-arremessada-do-segundo-andar-pelo-pai\/","url":"https:\/\/brasilnoticias.org\/site\/bebe-de-dois-meses-morre-apos-ser-arremessada-do-segundo-andar-pelo-pai\/","name":"BEB\u00ca DE DOIS MESES MORRE AP\u00d3S SER ARREMESSADA DO SEGUNDO ANDAR PELO PAI - Brasil not\u00edcias","isPartOf":{"@id":"https:\/\/brasilnoticias.org\/site\/#website"},"primaryImageOfPage":{"@id":"https:\/\/brasilnoticias.org\/site\/bebe-de-dois-meses-morre-apos-ser-arremessada-do-segundo-andar-pelo-pai\/#primaryimage"},"image":{"@id":"https:\/\/brasilnoticias.org\/site\/bebe-de-dois-meses-morre-apos-ser-arremessada-do-segundo-andar-pelo-pai\/#primaryimage"},"thumbnailUrl":"https:\/\/brasilnoticias.org\/site\/wp-content\/uploads\/2022\/05\/bebe-morre-apos-ser-arremessada_widelg.png","datePublished":"2022-05-30T13:14:37+00:00","breadcrumb":{"@id":"https:\/\/brasilnoticias.org\/site\/bebe-de-dois-meses-morre-apos-ser-arremessada-do-segundo-andar-pelo-pai\/#breadcrumb"},"inLanguage":"pt-PT","potentialAction":[{"@type":"ReadAction","target":["https:\/\/brasilnoticias.org\/site\/bebe-de-dois-meses-morre-apos-ser-arremessada-do-segundo-andar-pelo-pai\/"]}]},{"@type":"ImageObject","inLanguage":"pt-PT","@id":"https:\/\/brasilnoticias.org\/site\/bebe-de-dois-meses-morre-apos-ser-arremessada-do-segundo-andar-pelo-pai\/#primaryimage","url":"https:\/\/brasilnoticias.org\/site\/wp-content\/uploads\/2022\/05\/bebe-morre-apos-ser-arremessada_widelg.png","contentUrl":"https:\/\/brasilnoticias.org\/site\/wp-content\/uploads\/2022\/05\/bebe-morre-apos-ser-arremessada_widelg.png","width":734,"height":447},{"@type":"BreadcrumbList","@id":"https:\/\/brasilnoticias.org\/site\/bebe-de-dois-meses-morre-apos-ser-arremessada-do-segundo-andar-pelo-pai\/#breadcrumb","itemListElement":[{"@type":"ListItem","position":1,"name":"In\u00edcio","item":"https:\/\/brasilnoticias.org\/site\/"},{"@type":"ListItem","position":2,"name":"BEB\u00ca DE DOIS MESES MORRE AP\u00d3S SER ARREMESSADA DO SEGUNDO ANDAR PELO PAI"}]},{"@type":"WebSite","@id":"https:\/\/brasilnoticias.org\/site\/#website","url":"https:\/\/brasilnoticias.org\/site\/","name":"Brasil not\u00edcias","description":"Brasil not\u00edcias","publisher":{"@id":"https:\/\/brasilnoticias.org\/site\/#organization"},"potentialAction":[{"@type":"SearchAction","target":{"@type":"EntryPoint","urlTemplate":"https:\/\/brasilnoticias.org\/site\/?s={search_term_string}"},"query-input":{"@type":"PropertyValueSpecification","valueRequired":true,"valueName":"search_term_string"}}],"inLanguage":"pt-PT"},{"@type":"Organization","@id":"https:\/\/brasilnoticias.org\/site\/#organization","name":"Brasil not\u00edcias","url":"https:\/\/brasilnoticias.org\/site\/","logo":{"@type":"ImageObject","inLanguage":"pt-PT","@id":"https:\/\/brasilnoticias.org\/site\/#\/schema\/logo\/image\/","url":"https:\/\/brasilnoticias.org\/site\/wp-content\/uploads\/2022\/05\/cropped-brasilnoticias-mini.jpg","contentUrl":"https:\/\/brasilnoticias.org\/site\/wp-content\/uploads\/2022\/05\/cropped-brasilnoticias-mini.jpg","width":314,"height":86,"caption":"Brasil not\u00edcias"},"image":{"@id":"https:\/\/brasilnoticias.org\/site\/#\/schema\/logo\/image\/"}},{"@type":"Person","@id":"https:\/\/brasilnoticias.org\/site\/#\/schema\/person\/f609fa847b5314f1c8b983342f34c798","name":"Reda\u00e7\u00e3o","image":{"@type":"ImageObject","inLanguage":"pt-PT","@id":"https:\/\/brasilnoticias.org\/site\/#\/schema\/person\/image\/","url":"https:\/\/secure.gravatar.com\/avatar\/447284c06c1ad8b46465a36de9cd0d8326b73387a22799b8b1ffb1fbcff2ed0c?s=96&d=mm&r=g","contentUrl":"https:\/\/secure.gravatar.com\/avatar\/447284c06c1ad8b46465a36de9cd0d8326b73387a22799b8b1ffb1fbcff2ed0c?s=96&d=mm&r=g","caption":"Reda\u00e7\u00e3o"},"url":"https:\/\/brasilnoticias.org\/site\/author\/redacao\/"}]}},"_links":{"self":[{"href":"https:\/\/brasilnoticias.org\/site\/wp-json\/wp\/v2\/posts\/685","targetHints":{"allow":["GET"]}}],"collection":[{"href":"https:\/\/brasilnoticias.org\/site\/wp-json\/wp\/v2\/posts"}],"about":[{"href":"https:\/\/brasilnoticias.org\/site\/wp-json\/wp\/v2\/types\/post"}],"author":[{"embeddable":true,"href":"https:\/\/brasilnoticias.org\/site\/wp-json\/wp\/v2\/users\/2"}],"replies":[{"embeddable":true,"href":"https:\/\/brasilnoticias.org\/site\/wp-json\/wp\/v2\/comments?post=685"}],"version-history":[{"count":1,"href":"https:\/\/brasilnoticias.org\/site\/wp-json\/wp\/v2\/posts\/685\/revisions"}],"predecessor-version":[{"id":687,"href":"https:\/\/brasilnoticias.org\/site\/wp-json\/wp\/v2\/posts\/685\/revisions\/687"}],"wp:featuredmedia":[{"embeddable":true,"href":"https:\/\/brasilnoticias.org\/site\/wp-json\/wp\/v2\/media\/686"}],"wp:attachment":[{"href":"https:\/\/brasilnoticias.org\/site\/wp-json\/wp\/v2\/media?parent=685"}],"wp:term":[{"taxonomy":"category","embeddable":true,"href":"https:\/\/brasilnoticias.org\/site\/wp-json\/wp\/v2\/categories?post=685"},{"taxonomy":"post_tag","embeddable":true,"href":"https:\/\/brasilnoticias.org\/site\/wp-json\/wp\/v2\/tags?post=685"}],"curies":[{"name":"wp","href":"https:\/\/api.w.org\/{rel}","templated":true}]}}