{"id":6852,"date":"2023-06-23T07:20:34","date_gmt":"2023-06-23T10:20:34","guid":{"rendered":"https:\/\/brasilnoticias.org\/site\/?p=6852"},"modified":"2023-06-22T18:59:29","modified_gmt":"2023-06-22T21:59:29","slug":"governo-da-bahia-investe-r-37-milhoes-no-hospital-menandro-de-faria","status":"publish","type":"post","link":"https:\/\/brasilnoticias.org\/site\/governo-da-bahia-investe-r-37-milhoes-no-hospital-menandro-de-faria\/","title":{"rendered":"Governo da Bahia investe R$ 3,7 milh\u00f5es no hospital Menandro de Faria"},"content":{"rendered":"<p>O hospital Menandro de Faria em Lauro de Freitas, Regi\u00e3o Metropolitana de Salvador, recebeu nesta quinta-feira, 22, uma emerg\u00eancia completamente reformada, al\u00e9m de uma nova fachada e da reforma da emerg\u00eancia pedi\u00e1trica.<\/p>\n<p>Com investimento superior a R$ 3,7 milh\u00f5es do governo da Bahia, por meio da Secretaria de Sa\u00fade (Sesab), o hospital ganhou novos leitos de observa\u00e7\u00e3o, isolamento, sala vermelha, sala de nebuliza\u00e7\u00e3o, al\u00e9m de mais um consult\u00f3rio e sala de curativo.<\/p>\n<p>Somente para a aquisi\u00e7\u00e3o de equipamentos m\u00e9dico-hospitalares foram investidos mais de R$ 1,2 milh\u00e3o, sendo outros R$ 2,5 milh\u00f5es destinados aos reparos estruturais. A secret\u00e1ria da Sa\u00fade, Roberta Santana ressaltou o esfor\u00e7o do Governo do Estado para a qualifica\u00e7\u00e3o da sa\u00fade.<\/p>\n<p>\u201cHoje entregamos mais uma obra para qualificar a sa\u00fade na Regi\u00e3o Metropolitana de Salvador. Com a reforma das \u00e1reas do Menandro de Faria, conseguimos melhorar o atendimento e ampliar a capacidade de acolhimento da unidade\u201d, afirma. Na ocasi\u00e3o, a secret\u00e1ria tamb\u00e9m anunciou o in\u00edcio da segunda etapa das interven\u00e7\u00f5es na unidade que v\u00e3o contemplar a \u00e1rea onde funciona a atual emerg\u00eancia, al\u00e9m do Centro Cir\u00fargico.<\/p>\n<p>\u201cEssa \u00e9 uma parceria j\u00e1 conhecida com o munic\u00edpio de Lauro de Freitas, atrav\u00e9s da prefeita Moema Gramacho. Hoje temos o prazer de oferecer ao Menandro, que faz parte da estrutura da rede estadual de sa\u00fade, mais leitos e espa\u00e7os completamente reformados. Mas temos muito mais coisas para fazer. Em breve, daremos in\u00edcio \u00e0 segunda parte da obra e, dessa forma, seguimos qualificando a sa\u00fade de todo estado\u201d, adiantou.<\/p>\n<p>Balan\u00e7o<\/p>\n<p>Somente este ano, o governador Jer\u00f4nimo Rodrigues j\u00e1 entregou mais de 170 novos leitos. Foram 90 leitos no Hospital M\u00e1rio Dourado Sobrinho, em Irec\u00ea, 70 no Hospital Piemonte do Paragua\u00e7u, em Itaberaba e 14 no Hospital Geral Roberto Santos, em Salvador. Isso sem contabilizar a nova emerg\u00eancia do Hospital Geral de Ipia\u00fa, que dobrou a capacidade de atendimento, passando de 120 para 250 pacientes por dia, e a amplia\u00e7\u00e3o da Maternidade Albert Sabin, em Salvador, que ganhou uma nova unidade de Terapia Intensiva Neonatal (UTIN) e um Centro de Parto Normal (CPN).<\/p>\n<p>Foto: Divulga\u00e7\u00e3o \/ Secom<br \/>\nA Tarde<\/p>\n","protected":false},"excerpt":{"rendered":"<p>O hospital Menandro de Faria em Lauro de Freitas, Regi\u00e3o Metropolitana de Salvador, recebeu nesta quinta-feira, 22, uma emerg\u00eancia completamente<\/p>\n","protected":false},"author":1,"featured_media":6853,"comment_status":"open","ping_status":"open","sticky":false,"template":"","format":"standard","meta":{"colormag_page_container_layout":"default_layout","colormag_page_sidebar_layout":"default_layout","_FSMCFIC_featured_image_caption":"","_FSMCFIC_featured_image_nocaption":"","_FSMCFIC_featured_image_hide":"","footnotes":""},"categories":[2,1],"tags":[],"class_list":["post-6852","post","type-post","status-publish","format-standard","has-post-thumbnail","hentry","category-noticias","category-ultimas"],"yoast_head":"<!-- This site is optimized with the Yoast SEO plugin v27.1.1 - https:\/\/yoast.com\/product\/yoast-seo-wordpress\/ -->\n<title>Governo da Bahia investe R$ 3,7 milh\u00f5es no hospital Menandro de Faria - Brasil not\u00edcias<\/title>\n<meta name=\"robots\" content=\"index, follow, max-snippet:-1, max-image-preview:large, max-video-preview:-1\" \/>\n<link rel=\"canonical\" href=\"https:\/\/brasilnoticias.org\/site\/governo-da-bahia-investe-r-37-milhoes-no-hospital-menandro-de-faria\/\" \/>\n<meta property=\"og:locale\" content=\"pt_PT\" \/>\n<meta property=\"og:type\" content=\"article\" \/>\n<meta property=\"og:title\" content=\"Governo da Bahia investe R$ 3,7 milh\u00f5es no hospital Menandro de Faria - Brasil not\u00edcias\" \/>\n<meta property=\"og:description\" content=\"O hospital Menandro de Faria em Lauro de Freitas, Regi\u00e3o Metropolitana de Salvador, recebeu nesta quinta-feira, 22, uma emerg\u00eancia completamente\" \/>\n<meta property=\"og:url\" content=\"https:\/\/brasilnoticias.org\/site\/governo-da-bahia-investe-r-37-milhoes-no-hospital-menandro-de-faria\/\" \/>\n<meta property=\"og:site_name\" content=\"Brasil not\u00edcias\" \/>\n<meta property=\"article:published_time\" content=\"2023-06-23T10:20:34+00:00\" \/>\n<meta property=\"og:image\" content=\"https:\/\/brasilnoticias.org\/site\/wp-content\/uploads\/2023\/06\/Governo-da-Bahia-investe-R-37-milhoes-no-hospital-0123315300202306221823-ScaleDownProportional.webp\" \/>\n\t<meta property=\"og:image:width\" content=\"666\" \/>\n\t<meta property=\"og:image:height\" content=\"500\" \/>\n\t<meta property=\"og:image:type\" content=\"image\/webp\" \/>\n<meta name=\"author\" content=\"Reda\u00e7\u00e3o\" \/>\n<meta name=\"twitter:card\" content=\"summary_large_image\" \/>\n<meta name=\"twitter:label1\" content=\"Escrito por\" \/>\n\t<meta name=\"twitter:data1\" content=\"Reda\u00e7\u00e3o\" \/>\n<script type=\"application\/ld+json\" class=\"yoast-schema-graph\">{\"@context\":\"https:\/\/schema.org\",\"@graph\":[{\"@type\":\"Article\",\"@id\":\"https:\/\/brasilnoticias.org\/site\/governo-da-bahia-investe-r-37-milhoes-no-hospital-menandro-de-faria\/#article\",\"isPartOf\":{\"@id\":\"https:\/\/brasilnoticias.org\/site\/governo-da-bahia-investe-r-37-milhoes-no-hospital-menandro-de-faria\/\"},\"author\":{\"name\":\"Reda\u00e7\u00e3o\",\"@id\":\"https:\/\/brasilnoticias.org\/site\/#\/schema\/person\/a0e05b973ec4d15c658d51911e53507b\"},\"headline\":\"Governo da Bahia investe R$ 3,7 milh\u00f5es no hospital Menandro de Faria\",\"datePublished\":\"2023-06-23T10:20:34+00:00\",\"mainEntityOfPage\":{\"@id\":\"https:\/\/brasilnoticias.org\/site\/governo-da-bahia-investe-r-37-milhoes-no-hospital-menandro-de-faria\/\"},\"wordCount\":389,\"commentCount\":0,\"publisher\":{\"@id\":\"https:\/\/brasilnoticias.org\/site\/#organization\"},\"image\":{\"@id\":\"https:\/\/brasilnoticias.org\/site\/governo-da-bahia-investe-r-37-milhoes-no-hospital-menandro-de-faria\/#primaryimage\"},\"thumbnailUrl\":\"https:\/\/brasilnoticias.org\/site\/wp-content\/uploads\/2023\/06\/Governo-da-Bahia-investe-R-37-milhoes-no-hospital-0123315300202306221823-ScaleDownProportional.webp\",\"articleSection\":[\"Not\u00edcias\",\"\u00daltimas\"],\"inLanguage\":\"pt-PT\",\"potentialAction\":[{\"@type\":\"CommentAction\",\"name\":\"Comment\",\"target\":[\"https:\/\/brasilnoticias.org\/site\/governo-da-bahia-investe-r-37-milhoes-no-hospital-menandro-de-faria\/#respond\"]}]},{\"@type\":\"WebPage\",\"@id\":\"https:\/\/brasilnoticias.org\/site\/governo-da-bahia-investe-r-37-milhoes-no-hospital-menandro-de-faria\/\",\"url\":\"https:\/\/brasilnoticias.org\/site\/governo-da-bahia-investe-r-37-milhoes-no-hospital-menandro-de-faria\/\",\"name\":\"Governo da Bahia investe R$ 3,7 milh\u00f5es no hospital Menandro de Faria - Brasil not\u00edcias\",\"isPartOf\":{\"@id\":\"https:\/\/brasilnoticias.org\/site\/#website\"},\"primaryImageOfPage\":{\"@id\":\"https:\/\/brasilnoticias.org\/site\/governo-da-bahia-investe-r-37-milhoes-no-hospital-menandro-de-faria\/#primaryimage\"},\"image\":{\"@id\":\"https:\/\/brasilnoticias.org\/site\/governo-da-bahia-investe-r-37-milhoes-no-hospital-menandro-de-faria\/#primaryimage\"},\"thumbnailUrl\":\"https:\/\/brasilnoticias.org\/site\/wp-content\/uploads\/2023\/06\/Governo-da-Bahia-investe-R-37-milhoes-no-hospital-0123315300202306221823-ScaleDownProportional.webp\",\"datePublished\":\"2023-06-23T10:20:34+00:00\",\"breadcrumb\":{\"@id\":\"https:\/\/brasilnoticias.org\/site\/governo-da-bahia-investe-r-37-milhoes-no-hospital-menandro-de-faria\/#breadcrumb\"},\"inLanguage\":\"pt-PT\",\"potentialAction\":[{\"@type\":\"ReadAction\",\"target\":[\"https:\/\/brasilnoticias.org\/site\/governo-da-bahia-investe-r-37-milhoes-no-hospital-menandro-de-faria\/\"]}]},{\"@type\":\"ImageObject\",\"inLanguage\":\"pt-PT\",\"@id\":\"https:\/\/brasilnoticias.org\/site\/governo-da-bahia-investe-r-37-milhoes-no-hospital-menandro-de-faria\/#primaryimage\",\"url\":\"https:\/\/brasilnoticias.org\/site\/wp-content\/uploads\/2023\/06\/Governo-da-Bahia-investe-R-37-milhoes-no-hospital-0123315300202306221823-ScaleDownProportional.webp\",\"contentUrl\":\"https:\/\/brasilnoticias.org\/site\/wp-content\/uploads\/2023\/06\/Governo-da-Bahia-investe-R-37-milhoes-no-hospital-0123315300202306221823-ScaleDownProportional.webp\",\"width\":666,\"height\":500},{\"@type\":\"BreadcrumbList\",\"@id\":\"https:\/\/brasilnoticias.org\/site\/governo-da-bahia-investe-r-37-milhoes-no-hospital-menandro-de-faria\/#breadcrumb\",\"itemListElement\":[{\"@type\":\"ListItem\",\"position\":1,\"name\":\"In\u00edcio\",\"item\":\"https:\/\/brasilnoticias.org\/site\/\"},{\"@type\":\"ListItem\",\"position\":2,\"name\":\"Governo da Bahia investe R$ 3,7 milh\u00f5es no hospital Menandro de Faria\"}]},{\"@type\":\"WebSite\",\"@id\":\"https:\/\/brasilnoticias.org\/site\/#website\",\"url\":\"https:\/\/brasilnoticias.org\/site\/\",\"name\":\"Brasil not\u00edcias\",\"description\":\"Brasil not\u00edcias\",\"publisher\":{\"@id\":\"https:\/\/brasilnoticias.org\/site\/#organization\"},\"potentialAction\":[{\"@type\":\"SearchAction\",\"target\":{\"@type\":\"EntryPoint\",\"urlTemplate\":\"https:\/\/brasilnoticias.org\/site\/?s={search_term_string}\"},\"query-input\":{\"@type\":\"PropertyValueSpecification\",\"valueRequired\":true,\"valueName\":\"search_term_string\"}}],\"inLanguage\":\"pt-PT\"},{\"@type\":\"Organization\",\"@id\":\"https:\/\/brasilnoticias.org\/site\/#organization\",\"name\":\"Brasil not\u00edcias\",\"url\":\"https:\/\/brasilnoticias.org\/site\/\",\"logo\":{\"@type\":\"ImageObject\",\"inLanguage\":\"pt-PT\",\"@id\":\"https:\/\/brasilnoticias.org\/site\/#\/schema\/logo\/image\/\",\"url\":\"https:\/\/brasilnoticias.org\/site\/wp-content\/uploads\/2022\/05\/cropped-brasilnoticias-mini.jpg\",\"contentUrl\":\"https:\/\/brasilnoticias.org\/site\/wp-content\/uploads\/2022\/05\/cropped-brasilnoticias-mini.jpg\",\"width\":314,\"height\":86,\"caption\":\"Brasil not\u00edcias\"},\"image\":{\"@id\":\"https:\/\/brasilnoticias.org\/site\/#\/schema\/logo\/image\/\"}},{\"@type\":\"Person\",\"@id\":\"https:\/\/brasilnoticias.org\/site\/#\/schema\/person\/a0e05b973ec4d15c658d51911e53507b\",\"name\":\"Reda\u00e7\u00e3o\",\"image\":{\"@type\":\"ImageObject\",\"inLanguage\":\"pt-PT\",\"@id\":\"https:\/\/brasilnoticias.org\/site\/#\/schema\/person\/image\/\",\"url\":\"https:\/\/secure.gravatar.com\/avatar\/75d8b050df2de108b08ae78dfb8e374892df24a383c67db9c46a9c604f6aee9c?s=96&d=mm&r=g\",\"contentUrl\":\"https:\/\/secure.gravatar.com\/avatar\/75d8b050df2de108b08ae78dfb8e374892df24a383c67db9c46a9c604f6aee9c?s=96&d=mm&r=g\",\"caption\":\"Reda\u00e7\u00e3o\"},\"sameAs\":[\"https:\/\/brasilnoticias.org\/site\"],\"url\":\"https:\/\/brasilnoticias.org\/site\/author\/fernandozsngmail-com\/\"}]}<\/script>\n<!-- \/ Yoast SEO plugin. -->","yoast_head_json":{"title":"Governo da Bahia investe R$ 3,7 milh\u00f5es no hospital Menandro de Faria - Brasil not\u00edcias","robots":{"index":"index","follow":"follow","max-snippet":"max-snippet:-1","max-image-preview":"max-image-preview:large","max-video-preview":"max-video-preview:-1"},"canonical":"https:\/\/brasilnoticias.org\/site\/governo-da-bahia-investe-r-37-milhoes-no-hospital-menandro-de-faria\/","og_locale":"pt_PT","og_type":"article","og_title":"Governo da Bahia investe R$ 3,7 milh\u00f5es no hospital Menandro de Faria - Brasil not\u00edcias","og_description":"O hospital Menandro de Faria em Lauro de Freitas, Regi\u00e3o Metropolitana de Salvador, recebeu nesta quinta-feira, 22, uma emerg\u00eancia completamente","og_url":"https:\/\/brasilnoticias.org\/site\/governo-da-bahia-investe-r-37-milhoes-no-hospital-menandro-de-faria\/","og_site_name":"Brasil not\u00edcias","article_published_time":"2023-06-23T10:20:34+00:00","og_image":[{"width":666,"height":500,"url":"https:\/\/brasilnoticias.org\/site\/wp-content\/uploads\/2023\/06\/Governo-da-Bahia-investe-R-37-milhoes-no-hospital-0123315300202306221823-ScaleDownProportional.webp","type":"image\/webp"}],"author":"Reda\u00e7\u00e3o","twitter_card":"summary_large_image","twitter_misc":{"Escrito por":"Reda\u00e7\u00e3o"},"schema":{"@context":"https:\/\/schema.org","@graph":[{"@type":"Article","@id":"https:\/\/brasilnoticias.org\/site\/governo-da-bahia-investe-r-37-milhoes-no-hospital-menandro-de-faria\/#article","isPartOf":{"@id":"https:\/\/brasilnoticias.org\/site\/governo-da-bahia-investe-r-37-milhoes-no-hospital-menandro-de-faria\/"},"author":{"name":"Reda\u00e7\u00e3o","@id":"https:\/\/brasilnoticias.org\/site\/#\/schema\/person\/a0e05b973ec4d15c658d51911e53507b"},"headline":"Governo da Bahia investe R$ 3,7 milh\u00f5es no hospital Menandro de Faria","datePublished":"2023-06-23T10:20:34+00:00","mainEntityOfPage":{"@id":"https:\/\/brasilnoticias.org\/site\/governo-da-bahia-investe-r-37-milhoes-no-hospital-menandro-de-faria\/"},"wordCount":389,"commentCount":0,"publisher":{"@id":"https:\/\/brasilnoticias.org\/site\/#organization"},"image":{"@id":"https:\/\/brasilnoticias.org\/site\/governo-da-bahia-investe-r-37-milhoes-no-hospital-menandro-de-faria\/#primaryimage"},"thumbnailUrl":"https:\/\/brasilnoticias.org\/site\/wp-content\/uploads\/2023\/06\/Governo-da-Bahia-investe-R-37-milhoes-no-hospital-0123315300202306221823-ScaleDownProportional.webp","articleSection":["Not\u00edcias","\u00daltimas"],"inLanguage":"pt-PT","potentialAction":[{"@type":"CommentAction","name":"Comment","target":["https:\/\/brasilnoticias.org\/site\/governo-da-bahia-investe-r-37-milhoes-no-hospital-menandro-de-faria\/#respond"]}]},{"@type":"WebPage","@id":"https:\/\/brasilnoticias.org\/site\/governo-da-bahia-investe-r-37-milhoes-no-hospital-menandro-de-faria\/","url":"https:\/\/brasilnoticias.org\/site\/governo-da-bahia-investe-r-37-milhoes-no-hospital-menandro-de-faria\/","name":"Governo da Bahia investe R$ 3,7 milh\u00f5es no hospital Menandro de Faria - Brasil not\u00edcias","isPartOf":{"@id":"https:\/\/brasilnoticias.org\/site\/#website"},"primaryImageOfPage":{"@id":"https:\/\/brasilnoticias.org\/site\/governo-da-bahia-investe-r-37-milhoes-no-hospital-menandro-de-faria\/#primaryimage"},"image":{"@id":"https:\/\/brasilnoticias.org\/site\/governo-da-bahia-investe-r-37-milhoes-no-hospital-menandro-de-faria\/#primaryimage"},"thumbnailUrl":"https:\/\/brasilnoticias.org\/site\/wp-content\/uploads\/2023\/06\/Governo-da-Bahia-investe-R-37-milhoes-no-hospital-0123315300202306221823-ScaleDownProportional.webp","datePublished":"2023-06-23T10:20:34+00:00","breadcrumb":{"@id":"https:\/\/brasilnoticias.org\/site\/governo-da-bahia-investe-r-37-milhoes-no-hospital-menandro-de-faria\/#breadcrumb"},"inLanguage":"pt-PT","potentialAction":[{"@type":"ReadAction","target":["https:\/\/brasilnoticias.org\/site\/governo-da-bahia-investe-r-37-milhoes-no-hospital-menandro-de-faria\/"]}]},{"@type":"ImageObject","inLanguage":"pt-PT","@id":"https:\/\/brasilnoticias.org\/site\/governo-da-bahia-investe-r-37-milhoes-no-hospital-menandro-de-faria\/#primaryimage","url":"https:\/\/brasilnoticias.org\/site\/wp-content\/uploads\/2023\/06\/Governo-da-Bahia-investe-R-37-milhoes-no-hospital-0123315300202306221823-ScaleDownProportional.webp","contentUrl":"https:\/\/brasilnoticias.org\/site\/wp-content\/uploads\/2023\/06\/Governo-da-Bahia-investe-R-37-milhoes-no-hospital-0123315300202306221823-ScaleDownProportional.webp","width":666,"height":500},{"@type":"BreadcrumbList","@id":"https:\/\/brasilnoticias.org\/site\/governo-da-bahia-investe-r-37-milhoes-no-hospital-menandro-de-faria\/#breadcrumb","itemListElement":[{"@type":"ListItem","position":1,"name":"In\u00edcio","item":"https:\/\/brasilnoticias.org\/site\/"},{"@type":"ListItem","position":2,"name":"Governo da Bahia investe R$ 3,7 milh\u00f5es no hospital Menandro de Faria"}]},{"@type":"WebSite","@id":"https:\/\/brasilnoticias.org\/site\/#website","url":"https:\/\/brasilnoticias.org\/site\/","name":"Brasil not\u00edcias","description":"Brasil not\u00edcias","publisher":{"@id":"https:\/\/brasilnoticias.org\/site\/#organization"},"potentialAction":[{"@type":"SearchAction","target":{"@type":"EntryPoint","urlTemplate":"https:\/\/brasilnoticias.org\/site\/?s={search_term_string}"},"query-input":{"@type":"PropertyValueSpecification","valueRequired":true,"valueName":"search_term_string"}}],"inLanguage":"pt-PT"},{"@type":"Organization","@id":"https:\/\/brasilnoticias.org\/site\/#organization","name":"Brasil not\u00edcias","url":"https:\/\/brasilnoticias.org\/site\/","logo":{"@type":"ImageObject","inLanguage":"pt-PT","@id":"https:\/\/brasilnoticias.org\/site\/#\/schema\/logo\/image\/","url":"https:\/\/brasilnoticias.org\/site\/wp-content\/uploads\/2022\/05\/cropped-brasilnoticias-mini.jpg","contentUrl":"https:\/\/brasilnoticias.org\/site\/wp-content\/uploads\/2022\/05\/cropped-brasilnoticias-mini.jpg","width":314,"height":86,"caption":"Brasil not\u00edcias"},"image":{"@id":"https:\/\/brasilnoticias.org\/site\/#\/schema\/logo\/image\/"}},{"@type":"Person","@id":"https:\/\/brasilnoticias.org\/site\/#\/schema\/person\/a0e05b973ec4d15c658d51911e53507b","name":"Reda\u00e7\u00e3o","image":{"@type":"ImageObject","inLanguage":"pt-PT","@id":"https:\/\/brasilnoticias.org\/site\/#\/schema\/person\/image\/","url":"https:\/\/secure.gravatar.com\/avatar\/75d8b050df2de108b08ae78dfb8e374892df24a383c67db9c46a9c604f6aee9c?s=96&d=mm&r=g","contentUrl":"https:\/\/secure.gravatar.com\/avatar\/75d8b050df2de108b08ae78dfb8e374892df24a383c67db9c46a9c604f6aee9c?s=96&d=mm&r=g","caption":"Reda\u00e7\u00e3o"},"sameAs":["https:\/\/brasilnoticias.org\/site"],"url":"https:\/\/brasilnoticias.org\/site\/author\/fernandozsngmail-com\/"}]}},"_links":{"self":[{"href":"https:\/\/brasilnoticias.org\/site\/wp-json\/wp\/v2\/posts\/6852","targetHints":{"allow":["GET"]}}],"collection":[{"href":"https:\/\/brasilnoticias.org\/site\/wp-json\/wp\/v2\/posts"}],"about":[{"href":"https:\/\/brasilnoticias.org\/site\/wp-json\/wp\/v2\/types\/post"}],"author":[{"embeddable":true,"href":"https:\/\/brasilnoticias.org\/site\/wp-json\/wp\/v2\/users\/1"}],"replies":[{"embeddable":true,"href":"https:\/\/brasilnoticias.org\/site\/wp-json\/wp\/v2\/comments?post=6852"}],"version-history":[{"count":1,"href":"https:\/\/brasilnoticias.org\/site\/wp-json\/wp\/v2\/posts\/6852\/revisions"}],"predecessor-version":[{"id":6854,"href":"https:\/\/brasilnoticias.org\/site\/wp-json\/wp\/v2\/posts\/6852\/revisions\/6854"}],"wp:featuredmedia":[{"embeddable":true,"href":"https:\/\/brasilnoticias.org\/site\/wp-json\/wp\/v2\/media\/6853"}],"wp:attachment":[{"href":"https:\/\/brasilnoticias.org\/site\/wp-json\/wp\/v2\/media?parent=6852"}],"wp:term":[{"taxonomy":"category","embeddable":true,"href":"https:\/\/brasilnoticias.org\/site\/wp-json\/wp\/v2\/categories?post=6852"},{"taxonomy":"post_tag","embeddable":true,"href":"https:\/\/brasilnoticias.org\/site\/wp-json\/wp\/v2\/tags?post=6852"}],"curies":[{"name":"wp","href":"https:\/\/api.w.org\/{rel}","templated":true}]}}