{"id":6859,"date":"2023-06-23T06:44:25","date_gmt":"2023-06-23T09:44:25","guid":{"rendered":"https:\/\/brasilnoticias.org\/site\/?p=6859"},"modified":"2023-06-23T06:44:25","modified_gmt":"2023-06-23T09:44:25","slug":"o-que-eles-tem-a-esconder-questiona-alden-apos-esquerda-tentar-impedir-convocacao-de-lideres-das-invasoes-de-terra","status":"publish","type":"post","link":"https:\/\/brasilnoticias.org\/site\/o-que-eles-tem-a-esconder-questiona-alden-apos-esquerda-tentar-impedir-convocacao-de-lideres-das-invasoes-de-terra\/","title":{"rendered":"&#8220;O que eles t\u00eam a esconder?&#8221;, questiona Alden ap\u00f3s esquerda tentar impedir convoca\u00e7\u00e3o de l\u00edderes das invas\u00f5es de terra"},"content":{"rendered":"<p><img loading=\"lazy\" decoding=\"async\" src=\"https:\/\/brasilnoticias.org\/site\/wp-content\/uploads\/2023\/06\/WhatsApp-Image-2023-06-22-at-21.52.18-1.jpeg\" alt=\"\" width=\"682\" height=\"1024\" class=\"alignnone size-full wp-image-6860\" srcset=\"https:\/\/brasilnoticias.org\/site\/wp-content\/uploads\/2023\/06\/WhatsApp-Image-2023-06-22-at-21.52.18-1.jpeg 682w, https:\/\/brasilnoticias.org\/site\/wp-content\/uploads\/2023\/06\/WhatsApp-Image-2023-06-22-at-21.52.18-1-333x500.jpeg 333w\" sizes=\"auto, (max-width: 682px) 100vw, 682px\" \/><\/p>\n<p>Membro titular da Comiss\u00e3o Parlamentar de Inqu\u00e9rito (CPI) que investiga as invas\u00f5es de terra no Brasil, o deputado federal Capit\u00e3o Alden (PL-BA) afirmou que as convoca\u00e7\u00f5es do l\u00edder do MST, Jo\u00e3o Pedro St\u00e9dile, e de um dos l\u00edderes da Frente Nacional de Lutas (FNL), Jos\u00e9 Rainha, ser\u00e3o fundamentais para que seja explicado o financiamento da pr\u00e1tica chamada de &#8220;terrorista&#8221; pelo parlamentar. <\/p>\n<p>&#8220;Apesar de toda tentativa da esquerda em evitar uma convoca\u00e7\u00e3o desses personagens, esta quest\u00e3o foi mantida. O que eles t\u00eam a esconder? Se dizem que n\u00e3o s\u00e3o um movimento criminoso, que v\u00e3o para a CPI prestar esclarecimentos&#8221;, disse Alden. <\/p>\n<p>At\u00e9 o momento, quatro pessoas foram ouvidas pela comiss\u00e3o: o governador do Estado de Goi\u00e1s, Ronaldo Caiado (Uni\u00e3o), o professor em\u00e9rito da Universidade de Bras\u00edlia (UnB) Jos\u00e9 Geraldo, e um casal de ex-membros do grupo.<\/p>\n","protected":false},"excerpt":{"rendered":"<p>Membro titular da Comiss\u00e3o Parlamentar de Inqu\u00e9rito (CPI) que investiga as invas\u00f5es de terra no Brasil, o deputado federal Capit\u00e3o<\/p>\n","protected":false},"author":1,"featured_media":6861,"comment_status":"open","ping_status":"open","sticky":false,"template":"","format":"standard","meta":{"colormag_page_container_layout":"default_layout","colormag_page_sidebar_layout":"default_layout","_FSMCFIC_featured_image_caption":"","_FSMCFIC_featured_image_nocaption":"","_FSMCFIC_featured_image_hide":"","footnotes":""},"categories":[5,1],"tags":[],"class_list":["post-6859","post","type-post","status-publish","format-standard","has-post-thumbnail","hentry","category-politica","category-ultimas"],"yoast_head":"<!-- This site is optimized with the Yoast SEO plugin v27.1.1 - https:\/\/yoast.com\/product\/yoast-seo-wordpress\/ -->\n<title>&quot;O que eles t\u00eam a esconder?&quot;, questiona Alden ap\u00f3s esquerda tentar impedir convoca\u00e7\u00e3o de l\u00edderes das invas\u00f5es de terra - Brasil not\u00edcias<\/title>\n<meta name=\"robots\" content=\"index, follow, max-snippet:-1, max-image-preview:large, max-video-preview:-1\" \/>\n<link rel=\"canonical\" href=\"https:\/\/brasilnoticias.org\/site\/o-que-eles-tem-a-esconder-questiona-alden-apos-esquerda-tentar-impedir-convocacao-de-lideres-das-invasoes-de-terra\/\" \/>\n<meta property=\"og:locale\" content=\"pt_PT\" \/>\n<meta property=\"og:type\" content=\"article\" \/>\n<meta property=\"og:title\" content=\"&quot;O que eles t\u00eam a esconder?&quot;, questiona Alden ap\u00f3s esquerda tentar impedir convoca\u00e7\u00e3o de l\u00edderes das invas\u00f5es de terra - Brasil not\u00edcias\" \/>\n<meta property=\"og:description\" content=\"Membro titular da Comiss\u00e3o Parlamentar de Inqu\u00e9rito (CPI) que investiga as invas\u00f5es de terra no Brasil, o deputado federal Capit\u00e3o\" \/>\n<meta property=\"og:url\" content=\"https:\/\/brasilnoticias.org\/site\/o-que-eles-tem-a-esconder-questiona-alden-apos-esquerda-tentar-impedir-convocacao-de-lideres-das-invasoes-de-terra\/\" \/>\n<meta property=\"og:site_name\" content=\"Brasil not\u00edcias\" \/>\n<meta property=\"article:published_time\" content=\"2023-06-23T09:44:25+00:00\" \/>\n<meta property=\"og:image\" content=\"https:\/\/brasilnoticias.org\/site\/wp-content\/uploads\/2023\/06\/WhatsApp-Image-2023-06-22-at-21.52.18.jpeg\" \/>\n\t<meta property=\"og:image:width\" content=\"1024\" \/>\n\t<meta property=\"og:image:height\" content=\"683\" \/>\n\t<meta property=\"og:image:type\" content=\"image\/jpeg\" \/>\n<meta name=\"author\" content=\"Reda\u00e7\u00e3o\" \/>\n<meta name=\"twitter:card\" content=\"summary_large_image\" \/>\n<meta name=\"twitter:label1\" content=\"Escrito por\" \/>\n\t<meta name=\"twitter:data1\" content=\"Reda\u00e7\u00e3o\" \/>\n<script type=\"application\/ld+json\" class=\"yoast-schema-graph\">{\"@context\":\"https:\/\/schema.org\",\"@graph\":[{\"@type\":\"Article\",\"@id\":\"https:\/\/brasilnoticias.org\/site\/o-que-eles-tem-a-esconder-questiona-alden-apos-esquerda-tentar-impedir-convocacao-de-lideres-das-invasoes-de-terra\/#article\",\"isPartOf\":{\"@id\":\"https:\/\/brasilnoticias.org\/site\/o-que-eles-tem-a-esconder-questiona-alden-apos-esquerda-tentar-impedir-convocacao-de-lideres-das-invasoes-de-terra\/\"},\"author\":{\"name\":\"Reda\u00e7\u00e3o\",\"@id\":\"https:\/\/brasilnoticias.org\/site\/#\/schema\/person\/a0e05b973ec4d15c658d51911e53507b\"},\"headline\":\"&#8220;O que eles t\u00eam a esconder?&#8221;, questiona Alden ap\u00f3s esquerda tentar impedir convoca\u00e7\u00e3o de l\u00edderes das invas\u00f5es de terra\",\"datePublished\":\"2023-06-23T09:44:25+00:00\",\"mainEntityOfPage\":{\"@id\":\"https:\/\/brasilnoticias.org\/site\/o-que-eles-tem-a-esconder-questiona-alden-apos-esquerda-tentar-impedir-convocacao-de-lideres-das-invasoes-de-terra\/\"},\"wordCount\":181,\"commentCount\":0,\"publisher\":{\"@id\":\"https:\/\/brasilnoticias.org\/site\/#organization\"},\"image\":{\"@id\":\"https:\/\/brasilnoticias.org\/site\/o-que-eles-tem-a-esconder-questiona-alden-apos-esquerda-tentar-impedir-convocacao-de-lideres-das-invasoes-de-terra\/#primaryimage\"},\"thumbnailUrl\":\"https:\/\/brasilnoticias.org\/site\/wp-content\/uploads\/2023\/06\/WhatsApp-Image-2023-06-22-at-21.52.18.jpeg\",\"articleSection\":[\"Pol\u00edtica\",\"\u00daltimas\"],\"inLanguage\":\"pt-PT\",\"potentialAction\":[{\"@type\":\"CommentAction\",\"name\":\"Comment\",\"target\":[\"https:\/\/brasilnoticias.org\/site\/o-que-eles-tem-a-esconder-questiona-alden-apos-esquerda-tentar-impedir-convocacao-de-lideres-das-invasoes-de-terra\/#respond\"]}]},{\"@type\":\"WebPage\",\"@id\":\"https:\/\/brasilnoticias.org\/site\/o-que-eles-tem-a-esconder-questiona-alden-apos-esquerda-tentar-impedir-convocacao-de-lideres-das-invasoes-de-terra\/\",\"url\":\"https:\/\/brasilnoticias.org\/site\/o-que-eles-tem-a-esconder-questiona-alden-apos-esquerda-tentar-impedir-convocacao-de-lideres-das-invasoes-de-terra\/\",\"name\":\"\\\"O que eles t\u00eam a esconder?\\\", questiona Alden ap\u00f3s esquerda tentar impedir convoca\u00e7\u00e3o de l\u00edderes das invas\u00f5es de terra - Brasil not\u00edcias\",\"isPartOf\":{\"@id\":\"https:\/\/brasilnoticias.org\/site\/#website\"},\"primaryImageOfPage\":{\"@id\":\"https:\/\/brasilnoticias.org\/site\/o-que-eles-tem-a-esconder-questiona-alden-apos-esquerda-tentar-impedir-convocacao-de-lideres-das-invasoes-de-terra\/#primaryimage\"},\"image\":{\"@id\":\"https:\/\/brasilnoticias.org\/site\/o-que-eles-tem-a-esconder-questiona-alden-apos-esquerda-tentar-impedir-convocacao-de-lideres-das-invasoes-de-terra\/#primaryimage\"},\"thumbnailUrl\":\"https:\/\/brasilnoticias.org\/site\/wp-content\/uploads\/2023\/06\/WhatsApp-Image-2023-06-22-at-21.52.18.jpeg\",\"datePublished\":\"2023-06-23T09:44:25+00:00\",\"breadcrumb\":{\"@id\":\"https:\/\/brasilnoticias.org\/site\/o-que-eles-tem-a-esconder-questiona-alden-apos-esquerda-tentar-impedir-convocacao-de-lideres-das-invasoes-de-terra\/#breadcrumb\"},\"inLanguage\":\"pt-PT\",\"potentialAction\":[{\"@type\":\"ReadAction\",\"target\":[\"https:\/\/brasilnoticias.org\/site\/o-que-eles-tem-a-esconder-questiona-alden-apos-esquerda-tentar-impedir-convocacao-de-lideres-das-invasoes-de-terra\/\"]}]},{\"@type\":\"ImageObject\",\"inLanguage\":\"pt-PT\",\"@id\":\"https:\/\/brasilnoticias.org\/site\/o-que-eles-tem-a-esconder-questiona-alden-apos-esquerda-tentar-impedir-convocacao-de-lideres-das-invasoes-de-terra\/#primaryimage\",\"url\":\"https:\/\/brasilnoticias.org\/site\/wp-content\/uploads\/2023\/06\/WhatsApp-Image-2023-06-22-at-21.52.18.jpeg\",\"contentUrl\":\"https:\/\/brasilnoticias.org\/site\/wp-content\/uploads\/2023\/06\/WhatsApp-Image-2023-06-22-at-21.52.18.jpeg\",\"width\":1024,\"height\":683},{\"@type\":\"BreadcrumbList\",\"@id\":\"https:\/\/brasilnoticias.org\/site\/o-que-eles-tem-a-esconder-questiona-alden-apos-esquerda-tentar-impedir-convocacao-de-lideres-das-invasoes-de-terra\/#breadcrumb\",\"itemListElement\":[{\"@type\":\"ListItem\",\"position\":1,\"name\":\"In\u00edcio\",\"item\":\"https:\/\/brasilnoticias.org\/site\/\"},{\"@type\":\"ListItem\",\"position\":2,\"name\":\"&#8220;O que eles t\u00eam a esconder?&#8221;, questiona Alden ap\u00f3s esquerda tentar impedir convoca\u00e7\u00e3o de l\u00edderes das invas\u00f5es de terra\"}]},{\"@type\":\"WebSite\",\"@id\":\"https:\/\/brasilnoticias.org\/site\/#website\",\"url\":\"https:\/\/brasilnoticias.org\/site\/\",\"name\":\"Brasil not\u00edcias\",\"description\":\"Brasil not\u00edcias\",\"publisher\":{\"@id\":\"https:\/\/brasilnoticias.org\/site\/#organization\"},\"potentialAction\":[{\"@type\":\"SearchAction\",\"target\":{\"@type\":\"EntryPoint\",\"urlTemplate\":\"https:\/\/brasilnoticias.org\/site\/?s={search_term_string}\"},\"query-input\":{\"@type\":\"PropertyValueSpecification\",\"valueRequired\":true,\"valueName\":\"search_term_string\"}}],\"inLanguage\":\"pt-PT\"},{\"@type\":\"Organization\",\"@id\":\"https:\/\/brasilnoticias.org\/site\/#organization\",\"name\":\"Brasil not\u00edcias\",\"url\":\"https:\/\/brasilnoticias.org\/site\/\",\"logo\":{\"@type\":\"ImageObject\",\"inLanguage\":\"pt-PT\",\"@id\":\"https:\/\/brasilnoticias.org\/site\/#\/schema\/logo\/image\/\",\"url\":\"https:\/\/brasilnoticias.org\/site\/wp-content\/uploads\/2022\/05\/cropped-brasilnoticias-mini.jpg\",\"contentUrl\":\"https:\/\/brasilnoticias.org\/site\/wp-content\/uploads\/2022\/05\/cropped-brasilnoticias-mini.jpg\",\"width\":314,\"height\":86,\"caption\":\"Brasil not\u00edcias\"},\"image\":{\"@id\":\"https:\/\/brasilnoticias.org\/site\/#\/schema\/logo\/image\/\"}},{\"@type\":\"Person\",\"@id\":\"https:\/\/brasilnoticias.org\/site\/#\/schema\/person\/a0e05b973ec4d15c658d51911e53507b\",\"name\":\"Reda\u00e7\u00e3o\",\"image\":{\"@type\":\"ImageObject\",\"inLanguage\":\"pt-PT\",\"@id\":\"https:\/\/brasilnoticias.org\/site\/#\/schema\/person\/image\/\",\"url\":\"https:\/\/secure.gravatar.com\/avatar\/75d8b050df2de108b08ae78dfb8e374892df24a383c67db9c46a9c604f6aee9c?s=96&d=mm&r=g\",\"contentUrl\":\"https:\/\/secure.gravatar.com\/avatar\/75d8b050df2de108b08ae78dfb8e374892df24a383c67db9c46a9c604f6aee9c?s=96&d=mm&r=g\",\"caption\":\"Reda\u00e7\u00e3o\"},\"sameAs\":[\"https:\/\/brasilnoticias.org\/site\"],\"url\":\"https:\/\/brasilnoticias.org\/site\/author\/fernandozsngmail-com\/\"}]}<\/script>\n<!-- \/ Yoast SEO plugin. -->","yoast_head_json":{"title":"\"O que eles t\u00eam a esconder?\", questiona Alden ap\u00f3s esquerda tentar impedir convoca\u00e7\u00e3o de l\u00edderes das invas\u00f5es de terra - Brasil not\u00edcias","robots":{"index":"index","follow":"follow","max-snippet":"max-snippet:-1","max-image-preview":"max-image-preview:large","max-video-preview":"max-video-preview:-1"},"canonical":"https:\/\/brasilnoticias.org\/site\/o-que-eles-tem-a-esconder-questiona-alden-apos-esquerda-tentar-impedir-convocacao-de-lideres-das-invasoes-de-terra\/","og_locale":"pt_PT","og_type":"article","og_title":"\"O que eles t\u00eam a esconder?\", questiona Alden ap\u00f3s esquerda tentar impedir convoca\u00e7\u00e3o de l\u00edderes das invas\u00f5es de terra - Brasil not\u00edcias","og_description":"Membro titular da Comiss\u00e3o Parlamentar de Inqu\u00e9rito (CPI) que investiga as invas\u00f5es de terra no Brasil, o deputado federal Capit\u00e3o","og_url":"https:\/\/brasilnoticias.org\/site\/o-que-eles-tem-a-esconder-questiona-alden-apos-esquerda-tentar-impedir-convocacao-de-lideres-das-invasoes-de-terra\/","og_site_name":"Brasil not\u00edcias","article_published_time":"2023-06-23T09:44:25+00:00","og_image":[{"width":1024,"height":683,"url":"https:\/\/brasilnoticias.org\/site\/wp-content\/uploads\/2023\/06\/WhatsApp-Image-2023-06-22-at-21.52.18.jpeg","type":"image\/jpeg"}],"author":"Reda\u00e7\u00e3o","twitter_card":"summary_large_image","twitter_misc":{"Escrito por":"Reda\u00e7\u00e3o"},"schema":{"@context":"https:\/\/schema.org","@graph":[{"@type":"Article","@id":"https:\/\/brasilnoticias.org\/site\/o-que-eles-tem-a-esconder-questiona-alden-apos-esquerda-tentar-impedir-convocacao-de-lideres-das-invasoes-de-terra\/#article","isPartOf":{"@id":"https:\/\/brasilnoticias.org\/site\/o-que-eles-tem-a-esconder-questiona-alden-apos-esquerda-tentar-impedir-convocacao-de-lideres-das-invasoes-de-terra\/"},"author":{"name":"Reda\u00e7\u00e3o","@id":"https:\/\/brasilnoticias.org\/site\/#\/schema\/person\/a0e05b973ec4d15c658d51911e53507b"},"headline":"&#8220;O que eles t\u00eam a esconder?&#8221;, questiona Alden ap\u00f3s esquerda tentar impedir convoca\u00e7\u00e3o de l\u00edderes das invas\u00f5es de terra","datePublished":"2023-06-23T09:44:25+00:00","mainEntityOfPage":{"@id":"https:\/\/brasilnoticias.org\/site\/o-que-eles-tem-a-esconder-questiona-alden-apos-esquerda-tentar-impedir-convocacao-de-lideres-das-invasoes-de-terra\/"},"wordCount":181,"commentCount":0,"publisher":{"@id":"https:\/\/brasilnoticias.org\/site\/#organization"},"image":{"@id":"https:\/\/brasilnoticias.org\/site\/o-que-eles-tem-a-esconder-questiona-alden-apos-esquerda-tentar-impedir-convocacao-de-lideres-das-invasoes-de-terra\/#primaryimage"},"thumbnailUrl":"https:\/\/brasilnoticias.org\/site\/wp-content\/uploads\/2023\/06\/WhatsApp-Image-2023-06-22-at-21.52.18.jpeg","articleSection":["Pol\u00edtica","\u00daltimas"],"inLanguage":"pt-PT","potentialAction":[{"@type":"CommentAction","name":"Comment","target":["https:\/\/brasilnoticias.org\/site\/o-que-eles-tem-a-esconder-questiona-alden-apos-esquerda-tentar-impedir-convocacao-de-lideres-das-invasoes-de-terra\/#respond"]}]},{"@type":"WebPage","@id":"https:\/\/brasilnoticias.org\/site\/o-que-eles-tem-a-esconder-questiona-alden-apos-esquerda-tentar-impedir-convocacao-de-lideres-das-invasoes-de-terra\/","url":"https:\/\/brasilnoticias.org\/site\/o-que-eles-tem-a-esconder-questiona-alden-apos-esquerda-tentar-impedir-convocacao-de-lideres-das-invasoes-de-terra\/","name":"\"O que eles t\u00eam a esconder?\", questiona Alden ap\u00f3s esquerda tentar impedir convoca\u00e7\u00e3o de l\u00edderes das invas\u00f5es de terra - Brasil not\u00edcias","isPartOf":{"@id":"https:\/\/brasilnoticias.org\/site\/#website"},"primaryImageOfPage":{"@id":"https:\/\/brasilnoticias.org\/site\/o-que-eles-tem-a-esconder-questiona-alden-apos-esquerda-tentar-impedir-convocacao-de-lideres-das-invasoes-de-terra\/#primaryimage"},"image":{"@id":"https:\/\/brasilnoticias.org\/site\/o-que-eles-tem-a-esconder-questiona-alden-apos-esquerda-tentar-impedir-convocacao-de-lideres-das-invasoes-de-terra\/#primaryimage"},"thumbnailUrl":"https:\/\/brasilnoticias.org\/site\/wp-content\/uploads\/2023\/06\/WhatsApp-Image-2023-06-22-at-21.52.18.jpeg","datePublished":"2023-06-23T09:44:25+00:00","breadcrumb":{"@id":"https:\/\/brasilnoticias.org\/site\/o-que-eles-tem-a-esconder-questiona-alden-apos-esquerda-tentar-impedir-convocacao-de-lideres-das-invasoes-de-terra\/#breadcrumb"},"inLanguage":"pt-PT","potentialAction":[{"@type":"ReadAction","target":["https:\/\/brasilnoticias.org\/site\/o-que-eles-tem-a-esconder-questiona-alden-apos-esquerda-tentar-impedir-convocacao-de-lideres-das-invasoes-de-terra\/"]}]},{"@type":"ImageObject","inLanguage":"pt-PT","@id":"https:\/\/brasilnoticias.org\/site\/o-que-eles-tem-a-esconder-questiona-alden-apos-esquerda-tentar-impedir-convocacao-de-lideres-das-invasoes-de-terra\/#primaryimage","url":"https:\/\/brasilnoticias.org\/site\/wp-content\/uploads\/2023\/06\/WhatsApp-Image-2023-06-22-at-21.52.18.jpeg","contentUrl":"https:\/\/brasilnoticias.org\/site\/wp-content\/uploads\/2023\/06\/WhatsApp-Image-2023-06-22-at-21.52.18.jpeg","width":1024,"height":683},{"@type":"BreadcrumbList","@id":"https:\/\/brasilnoticias.org\/site\/o-que-eles-tem-a-esconder-questiona-alden-apos-esquerda-tentar-impedir-convocacao-de-lideres-das-invasoes-de-terra\/#breadcrumb","itemListElement":[{"@type":"ListItem","position":1,"name":"In\u00edcio","item":"https:\/\/brasilnoticias.org\/site\/"},{"@type":"ListItem","position":2,"name":"&#8220;O que eles t\u00eam a esconder?&#8221;, questiona Alden ap\u00f3s esquerda tentar impedir convoca\u00e7\u00e3o de l\u00edderes das invas\u00f5es de terra"}]},{"@type":"WebSite","@id":"https:\/\/brasilnoticias.org\/site\/#website","url":"https:\/\/brasilnoticias.org\/site\/","name":"Brasil not\u00edcias","description":"Brasil not\u00edcias","publisher":{"@id":"https:\/\/brasilnoticias.org\/site\/#organization"},"potentialAction":[{"@type":"SearchAction","target":{"@type":"EntryPoint","urlTemplate":"https:\/\/brasilnoticias.org\/site\/?s={search_term_string}"},"query-input":{"@type":"PropertyValueSpecification","valueRequired":true,"valueName":"search_term_string"}}],"inLanguage":"pt-PT"},{"@type":"Organization","@id":"https:\/\/brasilnoticias.org\/site\/#organization","name":"Brasil not\u00edcias","url":"https:\/\/brasilnoticias.org\/site\/","logo":{"@type":"ImageObject","inLanguage":"pt-PT","@id":"https:\/\/brasilnoticias.org\/site\/#\/schema\/logo\/image\/","url":"https:\/\/brasilnoticias.org\/site\/wp-content\/uploads\/2022\/05\/cropped-brasilnoticias-mini.jpg","contentUrl":"https:\/\/brasilnoticias.org\/site\/wp-content\/uploads\/2022\/05\/cropped-brasilnoticias-mini.jpg","width":314,"height":86,"caption":"Brasil not\u00edcias"},"image":{"@id":"https:\/\/brasilnoticias.org\/site\/#\/schema\/logo\/image\/"}},{"@type":"Person","@id":"https:\/\/brasilnoticias.org\/site\/#\/schema\/person\/a0e05b973ec4d15c658d51911e53507b","name":"Reda\u00e7\u00e3o","image":{"@type":"ImageObject","inLanguage":"pt-PT","@id":"https:\/\/brasilnoticias.org\/site\/#\/schema\/person\/image\/","url":"https:\/\/secure.gravatar.com\/avatar\/75d8b050df2de108b08ae78dfb8e374892df24a383c67db9c46a9c604f6aee9c?s=96&d=mm&r=g","contentUrl":"https:\/\/secure.gravatar.com\/avatar\/75d8b050df2de108b08ae78dfb8e374892df24a383c67db9c46a9c604f6aee9c?s=96&d=mm&r=g","caption":"Reda\u00e7\u00e3o"},"sameAs":["https:\/\/brasilnoticias.org\/site"],"url":"https:\/\/brasilnoticias.org\/site\/author\/fernandozsngmail-com\/"}]}},"_links":{"self":[{"href":"https:\/\/brasilnoticias.org\/site\/wp-json\/wp\/v2\/posts\/6859","targetHints":{"allow":["GET"]}}],"collection":[{"href":"https:\/\/brasilnoticias.org\/site\/wp-json\/wp\/v2\/posts"}],"about":[{"href":"https:\/\/brasilnoticias.org\/site\/wp-json\/wp\/v2\/types\/post"}],"author":[{"embeddable":true,"href":"https:\/\/brasilnoticias.org\/site\/wp-json\/wp\/v2\/users\/1"}],"replies":[{"embeddable":true,"href":"https:\/\/brasilnoticias.org\/site\/wp-json\/wp\/v2\/comments?post=6859"}],"version-history":[{"count":1,"href":"https:\/\/brasilnoticias.org\/site\/wp-json\/wp\/v2\/posts\/6859\/revisions"}],"predecessor-version":[{"id":6862,"href":"https:\/\/brasilnoticias.org\/site\/wp-json\/wp\/v2\/posts\/6859\/revisions\/6862"}],"wp:featuredmedia":[{"embeddable":true,"href":"https:\/\/brasilnoticias.org\/site\/wp-json\/wp\/v2\/media\/6861"}],"wp:attachment":[{"href":"https:\/\/brasilnoticias.org\/site\/wp-json\/wp\/v2\/media?parent=6859"}],"wp:term":[{"taxonomy":"category","embeddable":true,"href":"https:\/\/brasilnoticias.org\/site\/wp-json\/wp\/v2\/categories?post=6859"},{"taxonomy":"post_tag","embeddable":true,"href":"https:\/\/brasilnoticias.org\/site\/wp-json\/wp\/v2\/tags?post=6859"}],"curies":[{"name":"wp","href":"https:\/\/api.w.org\/{rel}","templated":true}]}}