{"id":6868,"date":"2023-06-23T18:10:12","date_gmt":"2023-06-23T21:10:12","guid":{"rendered":"https:\/\/brasilnoticias.org\/site\/?p=6868"},"modified":"2023-06-23T08:09:39","modified_gmt":"2023-06-23T11:09:39","slug":"caso-do-submarino-corpos-podem-ficar-no-fundo-do-mar","status":"publish","type":"post","link":"https:\/\/brasilnoticias.org\/site\/caso-do-submarino-corpos-podem-ficar-no-fundo-do-mar\/","title":{"rendered":"Caso do submarino: corpos podem ficar no fundo do mar"},"content":{"rendered":"<p>Na quinta-feira (22) foram encontrados destro\u00e7os do submarino Titan, que implodiu durante uma expedi\u00e7\u00e3o at\u00e9 os restos do Titanic.<\/p>\n<p>A Guarda Costeira dos Estados Unidos, que liderou as buscas, afirmou que os rob\u00f4s que foram empregados na opera\u00e7\u00e3o v\u00e3o continuar no leito do mar para juntar mais evid\u00eancias e tentar determinar o que aconteceu, mas, dada a natureza do acidente e das condi\u00e7\u00f5es no fundo do oceano, ainda n\u00e3o se sabe se os corpos v\u00e3o ser resgatados.<\/p>\n<p>O almirante John Mauger afirmou isso durante a entrevista coletiva. Um dos jornalistas fez uma pergunta sobre os corpos, e Mauger afirmou que n\u00e3o tinha uma resposta \u2013ele ent\u00e3o falou do ambiente \u201cinclemente\u201d no leito do mar.<\/p>\n<p>Os destro\u00e7os do submarino est\u00e3o a cerca de 500 metros do Titanic e em um local ainda mais profundo, a cerca de 4.000 metros da superf\u00edcie.<\/p>\n<p>Nessa profundidade, a press\u00e3o da coluna d\u2019\u00e1gua \u00e9 muito forte e arriscada para mergulhadores.<\/p>\n<p>Al\u00e9m disso, h\u00e1 pouca visibilidade, porque a luz do sol n\u00e3o chega at\u00e9 o fundo e os sedimentos atrapalham as luzes artificiais. Portanto, localizar os corpos nessas condi\u00e7\u00f5es \u00e9 extremamente complexo.<\/p>\n<p>H\u00e1 ainda correntes, o que significa que os corpos podem n\u00e3o estar parados, mas, sim, sendo levados de um local a outro.<\/p>\n<p>Implos\u00e3o do submarino<br \/>\nA empresa OceanGate confirmou que os cinco tripulantes do submarino que estava em uma expedi\u00e7\u00e3o tur\u00edstica para ver os destro\u00e7os do Titanic morreram.<\/p>\n<p>O submers\u00edvel sumiu no domingo (18) e os destro\u00e7os foram encontrados na quinta-feira (22). De acordo com a Guarda Costeira dos EUA, o ve\u00edculo implodiu.<\/p>\n<p>Desaparecimento do submarino<br \/>\nConfira, a seguir, um resumo com as principais perguntas e respostas sobre as buscas do submarino que desapareceu no Atl\u00e2ntico Norte.<\/p>\n<p>\ud83d\udea2 Qual o objetivo da expedi\u00e7\u00e3o? Ver os destro\u00e7os do Titanic, que afundou em 1912, no Oceano Atl\u00e2ntico.<\/p>\n<p>\ud83e\udded Onde est\u00e3o os destro\u00e7os do Titanic? A cerca 3,8 mil metros de profundidade, a 650 km da costa do Canad\u00e1.<\/p>\n<p>\ud83d\udcb5 Quem organiza o passeio e quanto custa? A expedi\u00e7\u00e3o \u00e9 organizada pela empresa de turismo mar\u00edtimo OceanGate Expeditions, que cobra US$ 250 mil (R$ 1,19 milh\u00e3o) de cada passageiro.<\/p>\n<p>\ud83d\uddd3\ufe0f Quando o submarino desapareceu? A expedi\u00e7\u00e3o come\u00e7ou na sexta-feira (16), partido de Newsfoundland, no Canad\u00e1. A descida propriamente dita teve in\u00edcio no domingo (18). A expectativa inicial era que demorasse cerca de duas horas para chegar aos destro\u00e7os do Titanic, mas o m\u00f3dulo perdeu comunica\u00e7\u00e3o ap\u00f3s 1 hora e 45 minutos de viagem.<\/p>\n<p>\ud83c\udfae Como era submarino? Chamado Titan, ele:<\/p>\n<p>tinha 6,5 metros de comprimento por 3 metros de largura;<br \/>\npesava mais de 10 toneladas e era feito de fibra de carbono e tit\u00e2nio;<br \/>\nera guiado por um joystick que se parece muito com um controle de videogame;<br \/>\nmoveiase a uma velocidade de 3 n\u00f3s (5,5 km\/h) e \u00e9 impulsionado por quatro propulsores;<br \/>\npodia levar at\u00e9 cinco pessoas;<br \/>\ne n\u00e3o era aut\u00f4nomo, como um submarino de grande porte, raz\u00e3o pela qual precisou ser carregado na superf\u00edcie do mar por 643 km at\u00e9 a regi\u00e3o da descida.<\/p>\n<p>Foto: ALAMY<br \/>\nG1<\/p>\n","protected":false},"excerpt":{"rendered":"<p>Na quinta-feira (22) foram encontrados destro\u00e7os do submarino Titan, que implodiu durante uma expedi\u00e7\u00e3o at\u00e9 os restos do Titanic. A<\/p>\n","protected":false},"author":1,"featured_media":6869,"comment_status":"open","ping_status":"open","sticky":false,"template":"","format":"standard","meta":{"colormag_page_container_layout":"default_layout","colormag_page_sidebar_layout":"default_layout","_FSMCFIC_featured_image_caption":"","_FSMCFIC_featured_image_nocaption":"","_FSMCFIC_featured_image_hide":"","footnotes":""},"categories":[2,1],"tags":[],"class_list":["post-6868","post","type-post","status-publish","format-standard","has-post-thumbnail","hentry","category-noticias","category-ultimas"],"yoast_head":"<!-- This site is optimized with the Yoast SEO plugin v27.1.1 - https:\/\/yoast.com\/product\/yoast-seo-wordpress\/ -->\n<title>Caso do submarino: corpos podem ficar no fundo do mar - Brasil not\u00edcias<\/title>\n<meta name=\"robots\" content=\"index, follow, max-snippet:-1, max-image-preview:large, max-video-preview:-1\" \/>\n<link rel=\"canonical\" href=\"https:\/\/brasilnoticias.org\/site\/caso-do-submarino-corpos-podem-ficar-no-fundo-do-mar\/\" \/>\n<meta property=\"og:locale\" content=\"pt_PT\" \/>\n<meta property=\"og:type\" content=\"article\" \/>\n<meta property=\"og:title\" content=\"Caso do submarino: corpos podem ficar no fundo do mar - Brasil not\u00edcias\" \/>\n<meta property=\"og:description\" content=\"Na quinta-feira (22) foram encontrados destro\u00e7os do submarino Titan, que implodiu durante uma expedi\u00e7\u00e3o at\u00e9 os restos do Titanic. A\" \/>\n<meta property=\"og:url\" content=\"https:\/\/brasilnoticias.org\/site\/caso-do-submarino-corpos-podem-ficar-no-fundo-do-mar\/\" \/>\n<meta property=\"og:site_name\" content=\"Brasil not\u00edcias\" \/>\n<meta property=\"article:published_time\" content=\"2023-06-23T21:10:12+00:00\" \/>\n<meta property=\"og:image\" content=\"https:\/\/brasilnoticias.org\/site\/wp-content\/uploads\/2023\/06\/12.webp\" \/>\n\t<meta property=\"og:image:width\" content=\"600\" \/>\n\t<meta property=\"og:image:height\" content=\"310\" \/>\n\t<meta property=\"og:image:type\" content=\"image\/webp\" \/>\n<meta name=\"author\" content=\"Reda\u00e7\u00e3o\" \/>\n<meta name=\"twitter:card\" content=\"summary_large_image\" \/>\n<meta name=\"twitter:label1\" content=\"Escrito por\" \/>\n\t<meta name=\"twitter:data1\" content=\"Reda\u00e7\u00e3o\" \/>\n<script type=\"application\/ld+json\" class=\"yoast-schema-graph\">{\"@context\":\"https:\/\/schema.org\",\"@graph\":[{\"@type\":\"Article\",\"@id\":\"https:\/\/brasilnoticias.org\/site\/caso-do-submarino-corpos-podem-ficar-no-fundo-do-mar\/#article\",\"isPartOf\":{\"@id\":\"https:\/\/brasilnoticias.org\/site\/caso-do-submarino-corpos-podem-ficar-no-fundo-do-mar\/\"},\"author\":{\"name\":\"Reda\u00e7\u00e3o\",\"@id\":\"https:\/\/brasilnoticias.org\/site\/#\/schema\/person\/a0e05b973ec4d15c658d51911e53507b\"},\"headline\":\"Caso do submarino: corpos podem ficar no fundo do mar\",\"datePublished\":\"2023-06-23T21:10:12+00:00\",\"mainEntityOfPage\":{\"@id\":\"https:\/\/brasilnoticias.org\/site\/caso-do-submarino-corpos-podem-ficar-no-fundo-do-mar\/\"},\"wordCount\":533,\"commentCount\":0,\"publisher\":{\"@id\":\"https:\/\/brasilnoticias.org\/site\/#organization\"},\"image\":{\"@id\":\"https:\/\/brasilnoticias.org\/site\/caso-do-submarino-corpos-podem-ficar-no-fundo-do-mar\/#primaryimage\"},\"thumbnailUrl\":\"https:\/\/brasilnoticias.org\/site\/wp-content\/uploads\/2023\/06\/12.webp\",\"articleSection\":[\"Not\u00edcias\",\"\u00daltimas\"],\"inLanguage\":\"pt-PT\",\"potentialAction\":[{\"@type\":\"CommentAction\",\"name\":\"Comment\",\"target\":[\"https:\/\/brasilnoticias.org\/site\/caso-do-submarino-corpos-podem-ficar-no-fundo-do-mar\/#respond\"]}]},{\"@type\":\"WebPage\",\"@id\":\"https:\/\/brasilnoticias.org\/site\/caso-do-submarino-corpos-podem-ficar-no-fundo-do-mar\/\",\"url\":\"https:\/\/brasilnoticias.org\/site\/caso-do-submarino-corpos-podem-ficar-no-fundo-do-mar\/\",\"name\":\"Caso do submarino: corpos podem ficar no fundo do mar - Brasil not\u00edcias\",\"isPartOf\":{\"@id\":\"https:\/\/brasilnoticias.org\/site\/#website\"},\"primaryImageOfPage\":{\"@id\":\"https:\/\/brasilnoticias.org\/site\/caso-do-submarino-corpos-podem-ficar-no-fundo-do-mar\/#primaryimage\"},\"image\":{\"@id\":\"https:\/\/brasilnoticias.org\/site\/caso-do-submarino-corpos-podem-ficar-no-fundo-do-mar\/#primaryimage\"},\"thumbnailUrl\":\"https:\/\/brasilnoticias.org\/site\/wp-content\/uploads\/2023\/06\/12.webp\",\"datePublished\":\"2023-06-23T21:10:12+00:00\",\"breadcrumb\":{\"@id\":\"https:\/\/brasilnoticias.org\/site\/caso-do-submarino-corpos-podem-ficar-no-fundo-do-mar\/#breadcrumb\"},\"inLanguage\":\"pt-PT\",\"potentialAction\":[{\"@type\":\"ReadAction\",\"target\":[\"https:\/\/brasilnoticias.org\/site\/caso-do-submarino-corpos-podem-ficar-no-fundo-do-mar\/\"]}]},{\"@type\":\"ImageObject\",\"inLanguage\":\"pt-PT\",\"@id\":\"https:\/\/brasilnoticias.org\/site\/caso-do-submarino-corpos-podem-ficar-no-fundo-do-mar\/#primaryimage\",\"url\":\"https:\/\/brasilnoticias.org\/site\/wp-content\/uploads\/2023\/06\/12.webp\",\"contentUrl\":\"https:\/\/brasilnoticias.org\/site\/wp-content\/uploads\/2023\/06\/12.webp\",\"width\":600,\"height\":310},{\"@type\":\"BreadcrumbList\",\"@id\":\"https:\/\/brasilnoticias.org\/site\/caso-do-submarino-corpos-podem-ficar-no-fundo-do-mar\/#breadcrumb\",\"itemListElement\":[{\"@type\":\"ListItem\",\"position\":1,\"name\":\"In\u00edcio\",\"item\":\"https:\/\/brasilnoticias.org\/site\/\"},{\"@type\":\"ListItem\",\"position\":2,\"name\":\"Caso do submarino: corpos podem ficar no fundo do mar\"}]},{\"@type\":\"WebSite\",\"@id\":\"https:\/\/brasilnoticias.org\/site\/#website\",\"url\":\"https:\/\/brasilnoticias.org\/site\/\",\"name\":\"Brasil not\u00edcias\",\"description\":\"Brasil not\u00edcias\",\"publisher\":{\"@id\":\"https:\/\/brasilnoticias.org\/site\/#organization\"},\"potentialAction\":[{\"@type\":\"SearchAction\",\"target\":{\"@type\":\"EntryPoint\",\"urlTemplate\":\"https:\/\/brasilnoticias.org\/site\/?s={search_term_string}\"},\"query-input\":{\"@type\":\"PropertyValueSpecification\",\"valueRequired\":true,\"valueName\":\"search_term_string\"}}],\"inLanguage\":\"pt-PT\"},{\"@type\":\"Organization\",\"@id\":\"https:\/\/brasilnoticias.org\/site\/#organization\",\"name\":\"Brasil not\u00edcias\",\"url\":\"https:\/\/brasilnoticias.org\/site\/\",\"logo\":{\"@type\":\"ImageObject\",\"inLanguage\":\"pt-PT\",\"@id\":\"https:\/\/brasilnoticias.org\/site\/#\/schema\/logo\/image\/\",\"url\":\"https:\/\/brasilnoticias.org\/site\/wp-content\/uploads\/2022\/05\/cropped-brasilnoticias-mini.jpg\",\"contentUrl\":\"https:\/\/brasilnoticias.org\/site\/wp-content\/uploads\/2022\/05\/cropped-brasilnoticias-mini.jpg\",\"width\":314,\"height\":86,\"caption\":\"Brasil not\u00edcias\"},\"image\":{\"@id\":\"https:\/\/brasilnoticias.org\/site\/#\/schema\/logo\/image\/\"}},{\"@type\":\"Person\",\"@id\":\"https:\/\/brasilnoticias.org\/site\/#\/schema\/person\/a0e05b973ec4d15c658d51911e53507b\",\"name\":\"Reda\u00e7\u00e3o\",\"image\":{\"@type\":\"ImageObject\",\"inLanguage\":\"pt-PT\",\"@id\":\"https:\/\/brasilnoticias.org\/site\/#\/schema\/person\/image\/\",\"url\":\"https:\/\/secure.gravatar.com\/avatar\/75d8b050df2de108b08ae78dfb8e374892df24a383c67db9c46a9c604f6aee9c?s=96&d=mm&r=g\",\"contentUrl\":\"https:\/\/secure.gravatar.com\/avatar\/75d8b050df2de108b08ae78dfb8e374892df24a383c67db9c46a9c604f6aee9c?s=96&d=mm&r=g\",\"caption\":\"Reda\u00e7\u00e3o\"},\"sameAs\":[\"https:\/\/brasilnoticias.org\/site\"],\"url\":\"https:\/\/brasilnoticias.org\/site\/author\/fernandozsngmail-com\/\"}]}<\/script>\n<!-- \/ Yoast SEO plugin. -->","yoast_head_json":{"title":"Caso do submarino: corpos podem ficar no fundo do mar - Brasil not\u00edcias","robots":{"index":"index","follow":"follow","max-snippet":"max-snippet:-1","max-image-preview":"max-image-preview:large","max-video-preview":"max-video-preview:-1"},"canonical":"https:\/\/brasilnoticias.org\/site\/caso-do-submarino-corpos-podem-ficar-no-fundo-do-mar\/","og_locale":"pt_PT","og_type":"article","og_title":"Caso do submarino: corpos podem ficar no fundo do mar - Brasil not\u00edcias","og_description":"Na quinta-feira (22) foram encontrados destro\u00e7os do submarino Titan, que implodiu durante uma expedi\u00e7\u00e3o at\u00e9 os restos do Titanic. A","og_url":"https:\/\/brasilnoticias.org\/site\/caso-do-submarino-corpos-podem-ficar-no-fundo-do-mar\/","og_site_name":"Brasil not\u00edcias","article_published_time":"2023-06-23T21:10:12+00:00","og_image":[{"width":600,"height":310,"url":"https:\/\/brasilnoticias.org\/site\/wp-content\/uploads\/2023\/06\/12.webp","type":"image\/webp"}],"author":"Reda\u00e7\u00e3o","twitter_card":"summary_large_image","twitter_misc":{"Escrito por":"Reda\u00e7\u00e3o"},"schema":{"@context":"https:\/\/schema.org","@graph":[{"@type":"Article","@id":"https:\/\/brasilnoticias.org\/site\/caso-do-submarino-corpos-podem-ficar-no-fundo-do-mar\/#article","isPartOf":{"@id":"https:\/\/brasilnoticias.org\/site\/caso-do-submarino-corpos-podem-ficar-no-fundo-do-mar\/"},"author":{"name":"Reda\u00e7\u00e3o","@id":"https:\/\/brasilnoticias.org\/site\/#\/schema\/person\/a0e05b973ec4d15c658d51911e53507b"},"headline":"Caso do submarino: corpos podem ficar no fundo do mar","datePublished":"2023-06-23T21:10:12+00:00","mainEntityOfPage":{"@id":"https:\/\/brasilnoticias.org\/site\/caso-do-submarino-corpos-podem-ficar-no-fundo-do-mar\/"},"wordCount":533,"commentCount":0,"publisher":{"@id":"https:\/\/brasilnoticias.org\/site\/#organization"},"image":{"@id":"https:\/\/brasilnoticias.org\/site\/caso-do-submarino-corpos-podem-ficar-no-fundo-do-mar\/#primaryimage"},"thumbnailUrl":"https:\/\/brasilnoticias.org\/site\/wp-content\/uploads\/2023\/06\/12.webp","articleSection":["Not\u00edcias","\u00daltimas"],"inLanguage":"pt-PT","potentialAction":[{"@type":"CommentAction","name":"Comment","target":["https:\/\/brasilnoticias.org\/site\/caso-do-submarino-corpos-podem-ficar-no-fundo-do-mar\/#respond"]}]},{"@type":"WebPage","@id":"https:\/\/brasilnoticias.org\/site\/caso-do-submarino-corpos-podem-ficar-no-fundo-do-mar\/","url":"https:\/\/brasilnoticias.org\/site\/caso-do-submarino-corpos-podem-ficar-no-fundo-do-mar\/","name":"Caso do submarino: corpos podem ficar no fundo do mar - Brasil not\u00edcias","isPartOf":{"@id":"https:\/\/brasilnoticias.org\/site\/#website"},"primaryImageOfPage":{"@id":"https:\/\/brasilnoticias.org\/site\/caso-do-submarino-corpos-podem-ficar-no-fundo-do-mar\/#primaryimage"},"image":{"@id":"https:\/\/brasilnoticias.org\/site\/caso-do-submarino-corpos-podem-ficar-no-fundo-do-mar\/#primaryimage"},"thumbnailUrl":"https:\/\/brasilnoticias.org\/site\/wp-content\/uploads\/2023\/06\/12.webp","datePublished":"2023-06-23T21:10:12+00:00","breadcrumb":{"@id":"https:\/\/brasilnoticias.org\/site\/caso-do-submarino-corpos-podem-ficar-no-fundo-do-mar\/#breadcrumb"},"inLanguage":"pt-PT","potentialAction":[{"@type":"ReadAction","target":["https:\/\/brasilnoticias.org\/site\/caso-do-submarino-corpos-podem-ficar-no-fundo-do-mar\/"]}]},{"@type":"ImageObject","inLanguage":"pt-PT","@id":"https:\/\/brasilnoticias.org\/site\/caso-do-submarino-corpos-podem-ficar-no-fundo-do-mar\/#primaryimage","url":"https:\/\/brasilnoticias.org\/site\/wp-content\/uploads\/2023\/06\/12.webp","contentUrl":"https:\/\/brasilnoticias.org\/site\/wp-content\/uploads\/2023\/06\/12.webp","width":600,"height":310},{"@type":"BreadcrumbList","@id":"https:\/\/brasilnoticias.org\/site\/caso-do-submarino-corpos-podem-ficar-no-fundo-do-mar\/#breadcrumb","itemListElement":[{"@type":"ListItem","position":1,"name":"In\u00edcio","item":"https:\/\/brasilnoticias.org\/site\/"},{"@type":"ListItem","position":2,"name":"Caso do submarino: corpos podem ficar no fundo do mar"}]},{"@type":"WebSite","@id":"https:\/\/brasilnoticias.org\/site\/#website","url":"https:\/\/brasilnoticias.org\/site\/","name":"Brasil not\u00edcias","description":"Brasil not\u00edcias","publisher":{"@id":"https:\/\/brasilnoticias.org\/site\/#organization"},"potentialAction":[{"@type":"SearchAction","target":{"@type":"EntryPoint","urlTemplate":"https:\/\/brasilnoticias.org\/site\/?s={search_term_string}"},"query-input":{"@type":"PropertyValueSpecification","valueRequired":true,"valueName":"search_term_string"}}],"inLanguage":"pt-PT"},{"@type":"Organization","@id":"https:\/\/brasilnoticias.org\/site\/#organization","name":"Brasil not\u00edcias","url":"https:\/\/brasilnoticias.org\/site\/","logo":{"@type":"ImageObject","inLanguage":"pt-PT","@id":"https:\/\/brasilnoticias.org\/site\/#\/schema\/logo\/image\/","url":"https:\/\/brasilnoticias.org\/site\/wp-content\/uploads\/2022\/05\/cropped-brasilnoticias-mini.jpg","contentUrl":"https:\/\/brasilnoticias.org\/site\/wp-content\/uploads\/2022\/05\/cropped-brasilnoticias-mini.jpg","width":314,"height":86,"caption":"Brasil not\u00edcias"},"image":{"@id":"https:\/\/brasilnoticias.org\/site\/#\/schema\/logo\/image\/"}},{"@type":"Person","@id":"https:\/\/brasilnoticias.org\/site\/#\/schema\/person\/a0e05b973ec4d15c658d51911e53507b","name":"Reda\u00e7\u00e3o","image":{"@type":"ImageObject","inLanguage":"pt-PT","@id":"https:\/\/brasilnoticias.org\/site\/#\/schema\/person\/image\/","url":"https:\/\/secure.gravatar.com\/avatar\/75d8b050df2de108b08ae78dfb8e374892df24a383c67db9c46a9c604f6aee9c?s=96&d=mm&r=g","contentUrl":"https:\/\/secure.gravatar.com\/avatar\/75d8b050df2de108b08ae78dfb8e374892df24a383c67db9c46a9c604f6aee9c?s=96&d=mm&r=g","caption":"Reda\u00e7\u00e3o"},"sameAs":["https:\/\/brasilnoticias.org\/site"],"url":"https:\/\/brasilnoticias.org\/site\/author\/fernandozsngmail-com\/"}]}},"_links":{"self":[{"href":"https:\/\/brasilnoticias.org\/site\/wp-json\/wp\/v2\/posts\/6868","targetHints":{"allow":["GET"]}}],"collection":[{"href":"https:\/\/brasilnoticias.org\/site\/wp-json\/wp\/v2\/posts"}],"about":[{"href":"https:\/\/brasilnoticias.org\/site\/wp-json\/wp\/v2\/types\/post"}],"author":[{"embeddable":true,"href":"https:\/\/brasilnoticias.org\/site\/wp-json\/wp\/v2\/users\/1"}],"replies":[{"embeddable":true,"href":"https:\/\/brasilnoticias.org\/site\/wp-json\/wp\/v2\/comments?post=6868"}],"version-history":[{"count":1,"href":"https:\/\/brasilnoticias.org\/site\/wp-json\/wp\/v2\/posts\/6868\/revisions"}],"predecessor-version":[{"id":6870,"href":"https:\/\/brasilnoticias.org\/site\/wp-json\/wp\/v2\/posts\/6868\/revisions\/6870"}],"wp:featuredmedia":[{"embeddable":true,"href":"https:\/\/brasilnoticias.org\/site\/wp-json\/wp\/v2\/media\/6869"}],"wp:attachment":[{"href":"https:\/\/brasilnoticias.org\/site\/wp-json\/wp\/v2\/media?parent=6868"}],"wp:term":[{"taxonomy":"category","embeddable":true,"href":"https:\/\/brasilnoticias.org\/site\/wp-json\/wp\/v2\/categories?post=6868"},{"taxonomy":"post_tag","embeddable":true,"href":"https:\/\/brasilnoticias.org\/site\/wp-json\/wp\/v2\/tags?post=6868"}],"curies":[{"name":"wp","href":"https:\/\/api.w.org\/{rel}","templated":true}]}}