{"id":6874,"date":"2023-06-23T18:30:19","date_gmt":"2023-06-23T21:30:19","guid":{"rendered":"https:\/\/brasilnoticias.org\/site\/?p=6874"},"modified":"2023-06-23T08:18:43","modified_gmt":"2023-06-23T11:18:43","slug":"piloto-que-inaugurou-novo-caca-da-fab-em-sc-vai-ao-espaco-como-astronauta","status":"publish","type":"post","link":"https:\/\/brasilnoticias.org\/site\/piloto-que-inaugurou-novo-caca-da-fab-em-sc-vai-ao-espaco-como-astronauta\/","title":{"rendered":"Piloto que inaugurou novo ca\u00e7a da FAB em SC vai ao espa\u00e7o como astronauta"},"content":{"rendered":"<p>O sueco Marcus Wandt, respons\u00e1vel pelo primeiro voo dos novos ca\u00e7as da For\u00e7a A\u00e9rea Brasileira (FAB), em 2020, foi convocado para integrar uma viagem como astronauta ao espa\u00e7o. Na ocasi\u00e3o, a aeronave saiu de Navegantes, Litoral Norte de Santa Catarina.<\/p>\n<p>O ca\u00e7a Gripen da FAB decolou do aeroporto ministro Victor Konder, em setembro de 2020, em dire\u00e7\u00e3o ao Centro de Ensaios em Voo do Gripen, na planta da Embraer, em Gavi\u00e3o Peixoto (SP).<\/p>\n<p>Wandt \u00e9 piloto-chefe de testes do ca\u00e7a Gripen na empresa Saab, que divulgou a novidade nas redes sociais. Agora, ele representar\u00e1 a Su\u00e9cia em uma miss\u00e3o para a Esta\u00e7\u00e3o Espacial Internacional.<\/p>\n<p>O Gripen foi o primeiro F-39E das 36 unidades que tiveram a compra anunciada em 2013. A dura\u00e7\u00e3o do primeiro voo foi de 50 minutos. O ca\u00e7a saiu de Navegantes 14h17 e pousou \u00e0s 15h07 em S\u00e3o Paulo, segundo a For\u00e7a A\u00e9rea Brasileira.<\/p>\n<p>As aeronaves t\u00eam chegado ao Brasil de navio, e s\u00e3o desembarcados na Portonave, em Navegantes. De l\u00e1, s\u00e3o rebocados at\u00e9 o aeroporto e recebem os \u00faltimos retoques antes de decolarem.<\/p>\n<p>&nbsp;<\/p>\n<p>Foto: Saab\/ Divulga\u00e7\u00e3o<\/p>\n<p>G1<\/p>\n","protected":false},"excerpt":{"rendered":"<p>O sueco Marcus Wandt, respons\u00e1vel pelo primeiro voo dos novos ca\u00e7as da For\u00e7a A\u00e9rea Brasileira (FAB), em 2020, foi convocado<\/p>\n","protected":false},"author":1,"featured_media":6875,"comment_status":"open","ping_status":"open","sticky":false,"template":"","format":"standard","meta":{"colormag_page_container_layout":"default_layout","colormag_page_sidebar_layout":"default_layout","_FSMCFIC_featured_image_caption":"","_FSMCFIC_featured_image_nocaption":"","_FSMCFIC_featured_image_hide":"","footnotes":""},"categories":[2,1],"tags":[],"class_list":["post-6874","post","type-post","status-publish","format-standard","has-post-thumbnail","hentry","category-noticias","category-ultimas"],"yoast_head":"<!-- This site is optimized with the Yoast SEO plugin v27.1.1 - https:\/\/yoast.com\/product\/yoast-seo-wordpress\/ -->\n<title>Piloto que inaugurou novo ca\u00e7a da FAB em SC vai ao espa\u00e7o como astronauta - Brasil not\u00edcias<\/title>\n<meta name=\"robots\" content=\"index, follow, max-snippet:-1, max-image-preview:large, max-video-preview:-1\" \/>\n<link rel=\"canonical\" href=\"https:\/\/brasilnoticias.org\/site\/piloto-que-inaugurou-novo-caca-da-fab-em-sc-vai-ao-espaco-como-astronauta\/\" \/>\n<meta property=\"og:locale\" content=\"pt_PT\" \/>\n<meta property=\"og:type\" content=\"article\" \/>\n<meta property=\"og:title\" content=\"Piloto que inaugurou novo ca\u00e7a da FAB em SC vai ao espa\u00e7o como astronauta - Brasil not\u00edcias\" \/>\n<meta property=\"og:description\" content=\"O sueco Marcus Wandt, respons\u00e1vel pelo primeiro voo dos novos ca\u00e7as da For\u00e7a A\u00e9rea Brasileira (FAB), em 2020, foi convocado\" \/>\n<meta property=\"og:url\" content=\"https:\/\/brasilnoticias.org\/site\/piloto-que-inaugurou-novo-caca-da-fab-em-sc-vai-ao-espaco-como-astronauta\/\" \/>\n<meta property=\"og:site_name\" content=\"Brasil not\u00edcias\" \/>\n<meta property=\"article:published_time\" content=\"2023-06-23T21:30:19+00:00\" \/>\n<meta property=\"og:image\" content=\"https:\/\/brasilnoticias.org\/site\/wp-content\/uploads\/2023\/06\/marcus-gripen.webp\" \/>\n\t<meta property=\"og:image:width\" content=\"600\" \/>\n\t<meta property=\"og:image:height\" content=\"400\" \/>\n\t<meta property=\"og:image:type\" content=\"image\/webp\" \/>\n<meta name=\"author\" content=\"Reda\u00e7\u00e3o\" \/>\n<meta name=\"twitter:card\" content=\"summary_large_image\" \/>\n<meta name=\"twitter:label1\" content=\"Escrito por\" \/>\n\t<meta name=\"twitter:data1\" content=\"Reda\u00e7\u00e3o\" \/>\n<script type=\"application\/ld+json\" class=\"yoast-schema-graph\">{\"@context\":\"https:\/\/schema.org\",\"@graph\":[{\"@type\":\"Article\",\"@id\":\"https:\/\/brasilnoticias.org\/site\/piloto-que-inaugurou-novo-caca-da-fab-em-sc-vai-ao-espaco-como-astronauta\/#article\",\"isPartOf\":{\"@id\":\"https:\/\/brasilnoticias.org\/site\/piloto-que-inaugurou-novo-caca-da-fab-em-sc-vai-ao-espaco-como-astronauta\/\"},\"author\":{\"name\":\"Reda\u00e7\u00e3o\",\"@id\":\"https:\/\/brasilnoticias.org\/site\/#\/schema\/person\/a0e05b973ec4d15c658d51911e53507b\"},\"headline\":\"Piloto que inaugurou novo ca\u00e7a da FAB em SC vai ao espa\u00e7o como astronauta\",\"datePublished\":\"2023-06-23T21:30:19+00:00\",\"mainEntityOfPage\":{\"@id\":\"https:\/\/brasilnoticias.org\/site\/piloto-que-inaugurou-novo-caca-da-fab-em-sc-vai-ao-espaco-como-astronauta\/\"},\"wordCount\":215,\"commentCount\":0,\"publisher\":{\"@id\":\"https:\/\/brasilnoticias.org\/site\/#organization\"},\"image\":{\"@id\":\"https:\/\/brasilnoticias.org\/site\/piloto-que-inaugurou-novo-caca-da-fab-em-sc-vai-ao-espaco-como-astronauta\/#primaryimage\"},\"thumbnailUrl\":\"https:\/\/brasilnoticias.org\/site\/wp-content\/uploads\/2023\/06\/marcus-gripen.webp\",\"articleSection\":[\"Not\u00edcias\",\"\u00daltimas\"],\"inLanguage\":\"pt-PT\",\"potentialAction\":[{\"@type\":\"CommentAction\",\"name\":\"Comment\",\"target\":[\"https:\/\/brasilnoticias.org\/site\/piloto-que-inaugurou-novo-caca-da-fab-em-sc-vai-ao-espaco-como-astronauta\/#respond\"]}]},{\"@type\":\"WebPage\",\"@id\":\"https:\/\/brasilnoticias.org\/site\/piloto-que-inaugurou-novo-caca-da-fab-em-sc-vai-ao-espaco-como-astronauta\/\",\"url\":\"https:\/\/brasilnoticias.org\/site\/piloto-que-inaugurou-novo-caca-da-fab-em-sc-vai-ao-espaco-como-astronauta\/\",\"name\":\"Piloto que inaugurou novo ca\u00e7a da FAB em SC vai ao espa\u00e7o como astronauta - Brasil not\u00edcias\",\"isPartOf\":{\"@id\":\"https:\/\/brasilnoticias.org\/site\/#website\"},\"primaryImageOfPage\":{\"@id\":\"https:\/\/brasilnoticias.org\/site\/piloto-que-inaugurou-novo-caca-da-fab-em-sc-vai-ao-espaco-como-astronauta\/#primaryimage\"},\"image\":{\"@id\":\"https:\/\/brasilnoticias.org\/site\/piloto-que-inaugurou-novo-caca-da-fab-em-sc-vai-ao-espaco-como-astronauta\/#primaryimage\"},\"thumbnailUrl\":\"https:\/\/brasilnoticias.org\/site\/wp-content\/uploads\/2023\/06\/marcus-gripen.webp\",\"datePublished\":\"2023-06-23T21:30:19+00:00\",\"breadcrumb\":{\"@id\":\"https:\/\/brasilnoticias.org\/site\/piloto-que-inaugurou-novo-caca-da-fab-em-sc-vai-ao-espaco-como-astronauta\/#breadcrumb\"},\"inLanguage\":\"pt-PT\",\"potentialAction\":[{\"@type\":\"ReadAction\",\"target\":[\"https:\/\/brasilnoticias.org\/site\/piloto-que-inaugurou-novo-caca-da-fab-em-sc-vai-ao-espaco-como-astronauta\/\"]}]},{\"@type\":\"ImageObject\",\"inLanguage\":\"pt-PT\",\"@id\":\"https:\/\/brasilnoticias.org\/site\/piloto-que-inaugurou-novo-caca-da-fab-em-sc-vai-ao-espaco-como-astronauta\/#primaryimage\",\"url\":\"https:\/\/brasilnoticias.org\/site\/wp-content\/uploads\/2023\/06\/marcus-gripen.webp\",\"contentUrl\":\"https:\/\/brasilnoticias.org\/site\/wp-content\/uploads\/2023\/06\/marcus-gripen.webp\",\"width\":600,\"height\":400},{\"@type\":\"BreadcrumbList\",\"@id\":\"https:\/\/brasilnoticias.org\/site\/piloto-que-inaugurou-novo-caca-da-fab-em-sc-vai-ao-espaco-como-astronauta\/#breadcrumb\",\"itemListElement\":[{\"@type\":\"ListItem\",\"position\":1,\"name\":\"In\u00edcio\",\"item\":\"https:\/\/brasilnoticias.org\/site\/\"},{\"@type\":\"ListItem\",\"position\":2,\"name\":\"Piloto que inaugurou novo ca\u00e7a da FAB em SC vai ao espa\u00e7o como astronauta\"}]},{\"@type\":\"WebSite\",\"@id\":\"https:\/\/brasilnoticias.org\/site\/#website\",\"url\":\"https:\/\/brasilnoticias.org\/site\/\",\"name\":\"Brasil not\u00edcias\",\"description\":\"Brasil not\u00edcias\",\"publisher\":{\"@id\":\"https:\/\/brasilnoticias.org\/site\/#organization\"},\"potentialAction\":[{\"@type\":\"SearchAction\",\"target\":{\"@type\":\"EntryPoint\",\"urlTemplate\":\"https:\/\/brasilnoticias.org\/site\/?s={search_term_string}\"},\"query-input\":{\"@type\":\"PropertyValueSpecification\",\"valueRequired\":true,\"valueName\":\"search_term_string\"}}],\"inLanguage\":\"pt-PT\"},{\"@type\":\"Organization\",\"@id\":\"https:\/\/brasilnoticias.org\/site\/#organization\",\"name\":\"Brasil not\u00edcias\",\"url\":\"https:\/\/brasilnoticias.org\/site\/\",\"logo\":{\"@type\":\"ImageObject\",\"inLanguage\":\"pt-PT\",\"@id\":\"https:\/\/brasilnoticias.org\/site\/#\/schema\/logo\/image\/\",\"url\":\"https:\/\/brasilnoticias.org\/site\/wp-content\/uploads\/2022\/05\/cropped-brasilnoticias-mini.jpg\",\"contentUrl\":\"https:\/\/brasilnoticias.org\/site\/wp-content\/uploads\/2022\/05\/cropped-brasilnoticias-mini.jpg\",\"width\":314,\"height\":86,\"caption\":\"Brasil not\u00edcias\"},\"image\":{\"@id\":\"https:\/\/brasilnoticias.org\/site\/#\/schema\/logo\/image\/\"}},{\"@type\":\"Person\",\"@id\":\"https:\/\/brasilnoticias.org\/site\/#\/schema\/person\/a0e05b973ec4d15c658d51911e53507b\",\"name\":\"Reda\u00e7\u00e3o\",\"image\":{\"@type\":\"ImageObject\",\"inLanguage\":\"pt-PT\",\"@id\":\"https:\/\/brasilnoticias.org\/site\/#\/schema\/person\/image\/\",\"url\":\"https:\/\/secure.gravatar.com\/avatar\/75d8b050df2de108b08ae78dfb8e374892df24a383c67db9c46a9c604f6aee9c?s=96&d=mm&r=g\",\"contentUrl\":\"https:\/\/secure.gravatar.com\/avatar\/75d8b050df2de108b08ae78dfb8e374892df24a383c67db9c46a9c604f6aee9c?s=96&d=mm&r=g\",\"caption\":\"Reda\u00e7\u00e3o\"},\"sameAs\":[\"https:\/\/brasilnoticias.org\/site\"],\"url\":\"https:\/\/brasilnoticias.org\/site\/author\/fernandozsngmail-com\/\"}]}<\/script>\n<!-- \/ Yoast SEO plugin. -->","yoast_head_json":{"title":"Piloto que inaugurou novo ca\u00e7a da FAB em SC vai ao espa\u00e7o como astronauta - Brasil not\u00edcias","robots":{"index":"index","follow":"follow","max-snippet":"max-snippet:-1","max-image-preview":"max-image-preview:large","max-video-preview":"max-video-preview:-1"},"canonical":"https:\/\/brasilnoticias.org\/site\/piloto-que-inaugurou-novo-caca-da-fab-em-sc-vai-ao-espaco-como-astronauta\/","og_locale":"pt_PT","og_type":"article","og_title":"Piloto que inaugurou novo ca\u00e7a da FAB em SC vai ao espa\u00e7o como astronauta - Brasil not\u00edcias","og_description":"O sueco Marcus Wandt, respons\u00e1vel pelo primeiro voo dos novos ca\u00e7as da For\u00e7a A\u00e9rea Brasileira (FAB), em 2020, foi convocado","og_url":"https:\/\/brasilnoticias.org\/site\/piloto-que-inaugurou-novo-caca-da-fab-em-sc-vai-ao-espaco-como-astronauta\/","og_site_name":"Brasil not\u00edcias","article_published_time":"2023-06-23T21:30:19+00:00","og_image":[{"width":600,"height":400,"url":"https:\/\/brasilnoticias.org\/site\/wp-content\/uploads\/2023\/06\/marcus-gripen.webp","type":"image\/webp"}],"author":"Reda\u00e7\u00e3o","twitter_card":"summary_large_image","twitter_misc":{"Escrito por":"Reda\u00e7\u00e3o"},"schema":{"@context":"https:\/\/schema.org","@graph":[{"@type":"Article","@id":"https:\/\/brasilnoticias.org\/site\/piloto-que-inaugurou-novo-caca-da-fab-em-sc-vai-ao-espaco-como-astronauta\/#article","isPartOf":{"@id":"https:\/\/brasilnoticias.org\/site\/piloto-que-inaugurou-novo-caca-da-fab-em-sc-vai-ao-espaco-como-astronauta\/"},"author":{"name":"Reda\u00e7\u00e3o","@id":"https:\/\/brasilnoticias.org\/site\/#\/schema\/person\/a0e05b973ec4d15c658d51911e53507b"},"headline":"Piloto que inaugurou novo ca\u00e7a da FAB em SC vai ao espa\u00e7o como astronauta","datePublished":"2023-06-23T21:30:19+00:00","mainEntityOfPage":{"@id":"https:\/\/brasilnoticias.org\/site\/piloto-que-inaugurou-novo-caca-da-fab-em-sc-vai-ao-espaco-como-astronauta\/"},"wordCount":215,"commentCount":0,"publisher":{"@id":"https:\/\/brasilnoticias.org\/site\/#organization"},"image":{"@id":"https:\/\/brasilnoticias.org\/site\/piloto-que-inaugurou-novo-caca-da-fab-em-sc-vai-ao-espaco-como-astronauta\/#primaryimage"},"thumbnailUrl":"https:\/\/brasilnoticias.org\/site\/wp-content\/uploads\/2023\/06\/marcus-gripen.webp","articleSection":["Not\u00edcias","\u00daltimas"],"inLanguage":"pt-PT","potentialAction":[{"@type":"CommentAction","name":"Comment","target":["https:\/\/brasilnoticias.org\/site\/piloto-que-inaugurou-novo-caca-da-fab-em-sc-vai-ao-espaco-como-astronauta\/#respond"]}]},{"@type":"WebPage","@id":"https:\/\/brasilnoticias.org\/site\/piloto-que-inaugurou-novo-caca-da-fab-em-sc-vai-ao-espaco-como-astronauta\/","url":"https:\/\/brasilnoticias.org\/site\/piloto-que-inaugurou-novo-caca-da-fab-em-sc-vai-ao-espaco-como-astronauta\/","name":"Piloto que inaugurou novo ca\u00e7a da FAB em SC vai ao espa\u00e7o como astronauta - Brasil not\u00edcias","isPartOf":{"@id":"https:\/\/brasilnoticias.org\/site\/#website"},"primaryImageOfPage":{"@id":"https:\/\/brasilnoticias.org\/site\/piloto-que-inaugurou-novo-caca-da-fab-em-sc-vai-ao-espaco-como-astronauta\/#primaryimage"},"image":{"@id":"https:\/\/brasilnoticias.org\/site\/piloto-que-inaugurou-novo-caca-da-fab-em-sc-vai-ao-espaco-como-astronauta\/#primaryimage"},"thumbnailUrl":"https:\/\/brasilnoticias.org\/site\/wp-content\/uploads\/2023\/06\/marcus-gripen.webp","datePublished":"2023-06-23T21:30:19+00:00","breadcrumb":{"@id":"https:\/\/brasilnoticias.org\/site\/piloto-que-inaugurou-novo-caca-da-fab-em-sc-vai-ao-espaco-como-astronauta\/#breadcrumb"},"inLanguage":"pt-PT","potentialAction":[{"@type":"ReadAction","target":["https:\/\/brasilnoticias.org\/site\/piloto-que-inaugurou-novo-caca-da-fab-em-sc-vai-ao-espaco-como-astronauta\/"]}]},{"@type":"ImageObject","inLanguage":"pt-PT","@id":"https:\/\/brasilnoticias.org\/site\/piloto-que-inaugurou-novo-caca-da-fab-em-sc-vai-ao-espaco-como-astronauta\/#primaryimage","url":"https:\/\/brasilnoticias.org\/site\/wp-content\/uploads\/2023\/06\/marcus-gripen.webp","contentUrl":"https:\/\/brasilnoticias.org\/site\/wp-content\/uploads\/2023\/06\/marcus-gripen.webp","width":600,"height":400},{"@type":"BreadcrumbList","@id":"https:\/\/brasilnoticias.org\/site\/piloto-que-inaugurou-novo-caca-da-fab-em-sc-vai-ao-espaco-como-astronauta\/#breadcrumb","itemListElement":[{"@type":"ListItem","position":1,"name":"In\u00edcio","item":"https:\/\/brasilnoticias.org\/site\/"},{"@type":"ListItem","position":2,"name":"Piloto que inaugurou novo ca\u00e7a da FAB em SC vai ao espa\u00e7o como astronauta"}]},{"@type":"WebSite","@id":"https:\/\/brasilnoticias.org\/site\/#website","url":"https:\/\/brasilnoticias.org\/site\/","name":"Brasil not\u00edcias","description":"Brasil not\u00edcias","publisher":{"@id":"https:\/\/brasilnoticias.org\/site\/#organization"},"potentialAction":[{"@type":"SearchAction","target":{"@type":"EntryPoint","urlTemplate":"https:\/\/brasilnoticias.org\/site\/?s={search_term_string}"},"query-input":{"@type":"PropertyValueSpecification","valueRequired":true,"valueName":"search_term_string"}}],"inLanguage":"pt-PT"},{"@type":"Organization","@id":"https:\/\/brasilnoticias.org\/site\/#organization","name":"Brasil not\u00edcias","url":"https:\/\/brasilnoticias.org\/site\/","logo":{"@type":"ImageObject","inLanguage":"pt-PT","@id":"https:\/\/brasilnoticias.org\/site\/#\/schema\/logo\/image\/","url":"https:\/\/brasilnoticias.org\/site\/wp-content\/uploads\/2022\/05\/cropped-brasilnoticias-mini.jpg","contentUrl":"https:\/\/brasilnoticias.org\/site\/wp-content\/uploads\/2022\/05\/cropped-brasilnoticias-mini.jpg","width":314,"height":86,"caption":"Brasil not\u00edcias"},"image":{"@id":"https:\/\/brasilnoticias.org\/site\/#\/schema\/logo\/image\/"}},{"@type":"Person","@id":"https:\/\/brasilnoticias.org\/site\/#\/schema\/person\/a0e05b973ec4d15c658d51911e53507b","name":"Reda\u00e7\u00e3o","image":{"@type":"ImageObject","inLanguage":"pt-PT","@id":"https:\/\/brasilnoticias.org\/site\/#\/schema\/person\/image\/","url":"https:\/\/secure.gravatar.com\/avatar\/75d8b050df2de108b08ae78dfb8e374892df24a383c67db9c46a9c604f6aee9c?s=96&d=mm&r=g","contentUrl":"https:\/\/secure.gravatar.com\/avatar\/75d8b050df2de108b08ae78dfb8e374892df24a383c67db9c46a9c604f6aee9c?s=96&d=mm&r=g","caption":"Reda\u00e7\u00e3o"},"sameAs":["https:\/\/brasilnoticias.org\/site"],"url":"https:\/\/brasilnoticias.org\/site\/author\/fernandozsngmail-com\/"}]}},"_links":{"self":[{"href":"https:\/\/brasilnoticias.org\/site\/wp-json\/wp\/v2\/posts\/6874","targetHints":{"allow":["GET"]}}],"collection":[{"href":"https:\/\/brasilnoticias.org\/site\/wp-json\/wp\/v2\/posts"}],"about":[{"href":"https:\/\/brasilnoticias.org\/site\/wp-json\/wp\/v2\/types\/post"}],"author":[{"embeddable":true,"href":"https:\/\/brasilnoticias.org\/site\/wp-json\/wp\/v2\/users\/1"}],"replies":[{"embeddable":true,"href":"https:\/\/brasilnoticias.org\/site\/wp-json\/wp\/v2\/comments?post=6874"}],"version-history":[{"count":1,"href":"https:\/\/brasilnoticias.org\/site\/wp-json\/wp\/v2\/posts\/6874\/revisions"}],"predecessor-version":[{"id":6876,"href":"https:\/\/brasilnoticias.org\/site\/wp-json\/wp\/v2\/posts\/6874\/revisions\/6876"}],"wp:featuredmedia":[{"embeddable":true,"href":"https:\/\/brasilnoticias.org\/site\/wp-json\/wp\/v2\/media\/6875"}],"wp:attachment":[{"href":"https:\/\/brasilnoticias.org\/site\/wp-json\/wp\/v2\/media?parent=6874"}],"wp:term":[{"taxonomy":"category","embeddable":true,"href":"https:\/\/brasilnoticias.org\/site\/wp-json\/wp\/v2\/categories?post=6874"},{"taxonomy":"post_tag","embeddable":true,"href":"https:\/\/brasilnoticias.org\/site\/wp-json\/wp\/v2\/tags?post=6874"}],"curies":[{"name":"wp","href":"https:\/\/api.w.org\/{rel}","templated":true}]}}