{"id":6877,"date":"2023-06-25T07:00:53","date_gmt":"2023-06-25T10:00:53","guid":{"rendered":"https:\/\/brasilnoticias.org\/site\/?p=6877"},"modified":"2023-06-24T22:26:08","modified_gmt":"2023-06-25T01:26:08","slug":"ambulancia-pega-fogo-com-crianca-e-outros-quatro-adultos-assista","status":"publish","type":"post","link":"https:\/\/brasilnoticias.org\/site\/ambulancia-pega-fogo-com-crianca-e-outros-quatro-adultos-assista\/","title":{"rendered":"Ambul\u00e2ncia pega fogo com crian\u00e7a e outros quatro adultos; assista"},"content":{"rendered":"<p>Uma crian\u00e7a e outros quatro adultos foram v\u00edtimas de um inc\u00eandio dentro de uma ambul\u00e2ncia, nesta sexta-feira (23), na AL-115, em Lagoa da Canoa, munic\u00edpio do Agreste alagoano. De acordo com o Gazeta Web, o ve\u00edculo pertence \u00e0 cidade Jaramataia, em Alagoas. <\/p>\n<p>Acionado para atender a ocorr\u00eancia, o Corpo de Bombeiros Militar (CBM) informou que \u201ca guarni\u00e7\u00e3o do ABT 13 foi ao local e debelou o fogo. Segundo testemunhas, um carro de passeio, de modelo Fiat Dobl\u00f4, esteve no local para buscar as v\u00edtimas, entre elas, o motorista da ambul\u00e2ncia.<\/p>\n<p>Apesar das chamas, o acidente n\u00e3o deixou feridos. <\/p>\n<blockquote class=\"twitter-tweet\">\n<p lang=\"pt\" dir=\"ltr\">Ambul\u00e2ncia pega fogo enquanto transportava cinco pessoas em Alagoas <a href=\"https:\/\/t.co\/D7OBC7GGoo\">pic.twitter.com\/D7OBC7GGoo<\/a><\/p>\n<p>&mdash; bnewsvideos (@bnewsvideos) <a href=\"https:\/\/twitter.com\/bnewsvideos\/status\/1672671616269012993?ref_src=twsrc%5Etfw\">June 24, 2023<\/a><\/p><\/blockquote>\n<p> <script async src=\"https:\/\/platform.twitter.com\/widgets.js\" charset=\"utf-8\"><\/script><\/p>\n<p>Foto Reprodu\u00e7\u00e3o\/V\u00eddeo<br \/>\nBNews<\/p>\n","protected":false},"excerpt":{"rendered":"<p>Uma crian\u00e7a e outros quatro adultos foram v\u00edtimas de um inc\u00eandio dentro de uma ambul\u00e2ncia, nesta sexta-feira (23), na AL-115,<\/p>\n","protected":false},"author":1,"featured_media":6878,"comment_status":"open","ping_status":"open","sticky":false,"template":"","format":"standard","meta":{"colormag_page_container_layout":"default_layout","colormag_page_sidebar_layout":"default_layout","_FSMCFIC_featured_image_caption":"","_FSMCFIC_featured_image_nocaption":"","_FSMCFIC_featured_image_hide":"","footnotes":""},"categories":[2,1],"tags":[],"class_list":["post-6877","post","type-post","status-publish","format-standard","has-post-thumbnail","hentry","category-noticias","category-ultimas"],"yoast_head":"<!-- This site is optimized with the Yoast SEO plugin v27.1.1 - https:\/\/yoast.com\/product\/yoast-seo-wordpress\/ -->\n<title>Ambul\u00e2ncia pega fogo com crian\u00e7a e outros quatro adultos; assista - Brasil not\u00edcias<\/title>\n<meta name=\"robots\" content=\"index, follow, max-snippet:-1, max-image-preview:large, max-video-preview:-1\" \/>\n<link rel=\"canonical\" href=\"https:\/\/brasilnoticias.org\/site\/ambulancia-pega-fogo-com-crianca-e-outros-quatro-adultos-assista\/\" \/>\n<meta property=\"og:locale\" content=\"pt_PT\" \/>\n<meta property=\"og:type\" content=\"article\" \/>\n<meta property=\"og:title\" content=\"Ambul\u00e2ncia pega fogo com crian\u00e7a e outros quatro adultos; assista - Brasil not\u00edcias\" \/>\n<meta property=\"og:description\" content=\"Uma crian\u00e7a e outros quatro adultos foram v\u00edtimas de um inc\u00eandio dentro de uma ambul\u00e2ncia, nesta sexta-feira (23), na AL-115,\" \/>\n<meta property=\"og:url\" content=\"https:\/\/brasilnoticias.org\/site\/ambulancia-pega-fogo-com-crianca-e-outros-quatro-adultos-assista\/\" \/>\n<meta property=\"og:site_name\" content=\"Brasil not\u00edcias\" \/>\n<meta property=\"article:published_time\" content=\"2023-06-25T10:00:53+00:00\" \/>\n<meta property=\"og:image\" content=\"https:\/\/brasilnoticias.org\/site\/wp-content\/uploads\/2023\/06\/ambulancia_pega_fogo_widelg.jpeg\" \/>\n\t<meta property=\"og:image:width\" content=\"445\" \/>\n\t<meta property=\"og:image:height\" content=\"297\" \/>\n\t<meta property=\"og:image:type\" content=\"image\/jpeg\" \/>\n<meta name=\"author\" content=\"Reda\u00e7\u00e3o\" \/>\n<meta name=\"twitter:card\" content=\"summary_large_image\" \/>\n<meta name=\"twitter:label1\" content=\"Escrito por\" \/>\n\t<meta name=\"twitter:data1\" content=\"Reda\u00e7\u00e3o\" \/>\n<script type=\"application\/ld+json\" class=\"yoast-schema-graph\">{\"@context\":\"https:\/\/schema.org\",\"@graph\":[{\"@type\":\"Article\",\"@id\":\"https:\/\/brasilnoticias.org\/site\/ambulancia-pega-fogo-com-crianca-e-outros-quatro-adultos-assista\/#article\",\"isPartOf\":{\"@id\":\"https:\/\/brasilnoticias.org\/site\/ambulancia-pega-fogo-com-crianca-e-outros-quatro-adultos-assista\/\"},\"author\":{\"name\":\"Reda\u00e7\u00e3o\",\"@id\":\"https:\/\/brasilnoticias.org\/site\/#\/schema\/person\/a0e05b973ec4d15c658d51911e53507b\"},\"headline\":\"Ambul\u00e2ncia pega fogo com crian\u00e7a e outros quatro adultos; assista\",\"datePublished\":\"2023-06-25T10:00:53+00:00\",\"mainEntityOfPage\":{\"@id\":\"https:\/\/brasilnoticias.org\/site\/ambulancia-pega-fogo-com-crianca-e-outros-quatro-adultos-assista\/\"},\"wordCount\":144,\"commentCount\":0,\"publisher\":{\"@id\":\"https:\/\/brasilnoticias.org\/site\/#organization\"},\"image\":{\"@id\":\"https:\/\/brasilnoticias.org\/site\/ambulancia-pega-fogo-com-crianca-e-outros-quatro-adultos-assista\/#primaryimage\"},\"thumbnailUrl\":\"https:\/\/brasilnoticias.org\/site\/wp-content\/uploads\/2023\/06\/ambulancia_pega_fogo_widelg.jpeg\",\"articleSection\":[\"Not\u00edcias\",\"\u00daltimas\"],\"inLanguage\":\"pt-PT\",\"potentialAction\":[{\"@type\":\"CommentAction\",\"name\":\"Comment\",\"target\":[\"https:\/\/brasilnoticias.org\/site\/ambulancia-pega-fogo-com-crianca-e-outros-quatro-adultos-assista\/#respond\"]}]},{\"@type\":\"WebPage\",\"@id\":\"https:\/\/brasilnoticias.org\/site\/ambulancia-pega-fogo-com-crianca-e-outros-quatro-adultos-assista\/\",\"url\":\"https:\/\/brasilnoticias.org\/site\/ambulancia-pega-fogo-com-crianca-e-outros-quatro-adultos-assista\/\",\"name\":\"Ambul\u00e2ncia pega fogo com crian\u00e7a e outros quatro adultos; assista - Brasil not\u00edcias\",\"isPartOf\":{\"@id\":\"https:\/\/brasilnoticias.org\/site\/#website\"},\"primaryImageOfPage\":{\"@id\":\"https:\/\/brasilnoticias.org\/site\/ambulancia-pega-fogo-com-crianca-e-outros-quatro-adultos-assista\/#primaryimage\"},\"image\":{\"@id\":\"https:\/\/brasilnoticias.org\/site\/ambulancia-pega-fogo-com-crianca-e-outros-quatro-adultos-assista\/#primaryimage\"},\"thumbnailUrl\":\"https:\/\/brasilnoticias.org\/site\/wp-content\/uploads\/2023\/06\/ambulancia_pega_fogo_widelg.jpeg\",\"datePublished\":\"2023-06-25T10:00:53+00:00\",\"breadcrumb\":{\"@id\":\"https:\/\/brasilnoticias.org\/site\/ambulancia-pega-fogo-com-crianca-e-outros-quatro-adultos-assista\/#breadcrumb\"},\"inLanguage\":\"pt-PT\",\"potentialAction\":[{\"@type\":\"ReadAction\",\"target\":[\"https:\/\/brasilnoticias.org\/site\/ambulancia-pega-fogo-com-crianca-e-outros-quatro-adultos-assista\/\"]}]},{\"@type\":\"ImageObject\",\"inLanguage\":\"pt-PT\",\"@id\":\"https:\/\/brasilnoticias.org\/site\/ambulancia-pega-fogo-com-crianca-e-outros-quatro-adultos-assista\/#primaryimage\",\"url\":\"https:\/\/brasilnoticias.org\/site\/wp-content\/uploads\/2023\/06\/ambulancia_pega_fogo_widelg.jpeg\",\"contentUrl\":\"https:\/\/brasilnoticias.org\/site\/wp-content\/uploads\/2023\/06\/ambulancia_pega_fogo_widelg.jpeg\",\"width\":445,\"height\":297},{\"@type\":\"BreadcrumbList\",\"@id\":\"https:\/\/brasilnoticias.org\/site\/ambulancia-pega-fogo-com-crianca-e-outros-quatro-adultos-assista\/#breadcrumb\",\"itemListElement\":[{\"@type\":\"ListItem\",\"position\":1,\"name\":\"In\u00edcio\",\"item\":\"https:\/\/brasilnoticias.org\/site\/\"},{\"@type\":\"ListItem\",\"position\":2,\"name\":\"Ambul\u00e2ncia pega fogo com crian\u00e7a e outros quatro adultos; assista\"}]},{\"@type\":\"WebSite\",\"@id\":\"https:\/\/brasilnoticias.org\/site\/#website\",\"url\":\"https:\/\/brasilnoticias.org\/site\/\",\"name\":\"Brasil not\u00edcias\",\"description\":\"Brasil not\u00edcias\",\"publisher\":{\"@id\":\"https:\/\/brasilnoticias.org\/site\/#organization\"},\"potentialAction\":[{\"@type\":\"SearchAction\",\"target\":{\"@type\":\"EntryPoint\",\"urlTemplate\":\"https:\/\/brasilnoticias.org\/site\/?s={search_term_string}\"},\"query-input\":{\"@type\":\"PropertyValueSpecification\",\"valueRequired\":true,\"valueName\":\"search_term_string\"}}],\"inLanguage\":\"pt-PT\"},{\"@type\":\"Organization\",\"@id\":\"https:\/\/brasilnoticias.org\/site\/#organization\",\"name\":\"Brasil not\u00edcias\",\"url\":\"https:\/\/brasilnoticias.org\/site\/\",\"logo\":{\"@type\":\"ImageObject\",\"inLanguage\":\"pt-PT\",\"@id\":\"https:\/\/brasilnoticias.org\/site\/#\/schema\/logo\/image\/\",\"url\":\"https:\/\/brasilnoticias.org\/site\/wp-content\/uploads\/2022\/05\/cropped-brasilnoticias-mini.jpg\",\"contentUrl\":\"https:\/\/brasilnoticias.org\/site\/wp-content\/uploads\/2022\/05\/cropped-brasilnoticias-mini.jpg\",\"width\":314,\"height\":86,\"caption\":\"Brasil not\u00edcias\"},\"image\":{\"@id\":\"https:\/\/brasilnoticias.org\/site\/#\/schema\/logo\/image\/\"}},{\"@type\":\"Person\",\"@id\":\"https:\/\/brasilnoticias.org\/site\/#\/schema\/person\/a0e05b973ec4d15c658d51911e53507b\",\"name\":\"Reda\u00e7\u00e3o\",\"image\":{\"@type\":\"ImageObject\",\"inLanguage\":\"pt-PT\",\"@id\":\"https:\/\/brasilnoticias.org\/site\/#\/schema\/person\/image\/\",\"url\":\"https:\/\/secure.gravatar.com\/avatar\/75d8b050df2de108b08ae78dfb8e374892df24a383c67db9c46a9c604f6aee9c?s=96&d=mm&r=g\",\"contentUrl\":\"https:\/\/secure.gravatar.com\/avatar\/75d8b050df2de108b08ae78dfb8e374892df24a383c67db9c46a9c604f6aee9c?s=96&d=mm&r=g\",\"caption\":\"Reda\u00e7\u00e3o\"},\"sameAs\":[\"https:\/\/brasilnoticias.org\/site\"],\"url\":\"https:\/\/brasilnoticias.org\/site\/author\/fernandozsngmail-com\/\"}]}<\/script>\n<!-- \/ Yoast SEO plugin. -->","yoast_head_json":{"title":"Ambul\u00e2ncia pega fogo com crian\u00e7a e outros quatro adultos; assista - Brasil not\u00edcias","robots":{"index":"index","follow":"follow","max-snippet":"max-snippet:-1","max-image-preview":"max-image-preview:large","max-video-preview":"max-video-preview:-1"},"canonical":"https:\/\/brasilnoticias.org\/site\/ambulancia-pega-fogo-com-crianca-e-outros-quatro-adultos-assista\/","og_locale":"pt_PT","og_type":"article","og_title":"Ambul\u00e2ncia pega fogo com crian\u00e7a e outros quatro adultos; assista - Brasil not\u00edcias","og_description":"Uma crian\u00e7a e outros quatro adultos foram v\u00edtimas de um inc\u00eandio dentro de uma ambul\u00e2ncia, nesta sexta-feira (23), na AL-115,","og_url":"https:\/\/brasilnoticias.org\/site\/ambulancia-pega-fogo-com-crianca-e-outros-quatro-adultos-assista\/","og_site_name":"Brasil not\u00edcias","article_published_time":"2023-06-25T10:00:53+00:00","og_image":[{"width":445,"height":297,"url":"https:\/\/brasilnoticias.org\/site\/wp-content\/uploads\/2023\/06\/ambulancia_pega_fogo_widelg.jpeg","type":"image\/jpeg"}],"author":"Reda\u00e7\u00e3o","twitter_card":"summary_large_image","twitter_misc":{"Escrito por":"Reda\u00e7\u00e3o"},"schema":{"@context":"https:\/\/schema.org","@graph":[{"@type":"Article","@id":"https:\/\/brasilnoticias.org\/site\/ambulancia-pega-fogo-com-crianca-e-outros-quatro-adultos-assista\/#article","isPartOf":{"@id":"https:\/\/brasilnoticias.org\/site\/ambulancia-pega-fogo-com-crianca-e-outros-quatro-adultos-assista\/"},"author":{"name":"Reda\u00e7\u00e3o","@id":"https:\/\/brasilnoticias.org\/site\/#\/schema\/person\/a0e05b973ec4d15c658d51911e53507b"},"headline":"Ambul\u00e2ncia pega fogo com crian\u00e7a e outros quatro adultos; assista","datePublished":"2023-06-25T10:00:53+00:00","mainEntityOfPage":{"@id":"https:\/\/brasilnoticias.org\/site\/ambulancia-pega-fogo-com-crianca-e-outros-quatro-adultos-assista\/"},"wordCount":144,"commentCount":0,"publisher":{"@id":"https:\/\/brasilnoticias.org\/site\/#organization"},"image":{"@id":"https:\/\/brasilnoticias.org\/site\/ambulancia-pega-fogo-com-crianca-e-outros-quatro-adultos-assista\/#primaryimage"},"thumbnailUrl":"https:\/\/brasilnoticias.org\/site\/wp-content\/uploads\/2023\/06\/ambulancia_pega_fogo_widelg.jpeg","articleSection":["Not\u00edcias","\u00daltimas"],"inLanguage":"pt-PT","potentialAction":[{"@type":"CommentAction","name":"Comment","target":["https:\/\/brasilnoticias.org\/site\/ambulancia-pega-fogo-com-crianca-e-outros-quatro-adultos-assista\/#respond"]}]},{"@type":"WebPage","@id":"https:\/\/brasilnoticias.org\/site\/ambulancia-pega-fogo-com-crianca-e-outros-quatro-adultos-assista\/","url":"https:\/\/brasilnoticias.org\/site\/ambulancia-pega-fogo-com-crianca-e-outros-quatro-adultos-assista\/","name":"Ambul\u00e2ncia pega fogo com crian\u00e7a e outros quatro adultos; assista - Brasil not\u00edcias","isPartOf":{"@id":"https:\/\/brasilnoticias.org\/site\/#website"},"primaryImageOfPage":{"@id":"https:\/\/brasilnoticias.org\/site\/ambulancia-pega-fogo-com-crianca-e-outros-quatro-adultos-assista\/#primaryimage"},"image":{"@id":"https:\/\/brasilnoticias.org\/site\/ambulancia-pega-fogo-com-crianca-e-outros-quatro-adultos-assista\/#primaryimage"},"thumbnailUrl":"https:\/\/brasilnoticias.org\/site\/wp-content\/uploads\/2023\/06\/ambulancia_pega_fogo_widelg.jpeg","datePublished":"2023-06-25T10:00:53+00:00","breadcrumb":{"@id":"https:\/\/brasilnoticias.org\/site\/ambulancia-pega-fogo-com-crianca-e-outros-quatro-adultos-assista\/#breadcrumb"},"inLanguage":"pt-PT","potentialAction":[{"@type":"ReadAction","target":["https:\/\/brasilnoticias.org\/site\/ambulancia-pega-fogo-com-crianca-e-outros-quatro-adultos-assista\/"]}]},{"@type":"ImageObject","inLanguage":"pt-PT","@id":"https:\/\/brasilnoticias.org\/site\/ambulancia-pega-fogo-com-crianca-e-outros-quatro-adultos-assista\/#primaryimage","url":"https:\/\/brasilnoticias.org\/site\/wp-content\/uploads\/2023\/06\/ambulancia_pega_fogo_widelg.jpeg","contentUrl":"https:\/\/brasilnoticias.org\/site\/wp-content\/uploads\/2023\/06\/ambulancia_pega_fogo_widelg.jpeg","width":445,"height":297},{"@type":"BreadcrumbList","@id":"https:\/\/brasilnoticias.org\/site\/ambulancia-pega-fogo-com-crianca-e-outros-quatro-adultos-assista\/#breadcrumb","itemListElement":[{"@type":"ListItem","position":1,"name":"In\u00edcio","item":"https:\/\/brasilnoticias.org\/site\/"},{"@type":"ListItem","position":2,"name":"Ambul\u00e2ncia pega fogo com crian\u00e7a e outros quatro adultos; assista"}]},{"@type":"WebSite","@id":"https:\/\/brasilnoticias.org\/site\/#website","url":"https:\/\/brasilnoticias.org\/site\/","name":"Brasil not\u00edcias","description":"Brasil not\u00edcias","publisher":{"@id":"https:\/\/brasilnoticias.org\/site\/#organization"},"potentialAction":[{"@type":"SearchAction","target":{"@type":"EntryPoint","urlTemplate":"https:\/\/brasilnoticias.org\/site\/?s={search_term_string}"},"query-input":{"@type":"PropertyValueSpecification","valueRequired":true,"valueName":"search_term_string"}}],"inLanguage":"pt-PT"},{"@type":"Organization","@id":"https:\/\/brasilnoticias.org\/site\/#organization","name":"Brasil not\u00edcias","url":"https:\/\/brasilnoticias.org\/site\/","logo":{"@type":"ImageObject","inLanguage":"pt-PT","@id":"https:\/\/brasilnoticias.org\/site\/#\/schema\/logo\/image\/","url":"https:\/\/brasilnoticias.org\/site\/wp-content\/uploads\/2022\/05\/cropped-brasilnoticias-mini.jpg","contentUrl":"https:\/\/brasilnoticias.org\/site\/wp-content\/uploads\/2022\/05\/cropped-brasilnoticias-mini.jpg","width":314,"height":86,"caption":"Brasil not\u00edcias"},"image":{"@id":"https:\/\/brasilnoticias.org\/site\/#\/schema\/logo\/image\/"}},{"@type":"Person","@id":"https:\/\/brasilnoticias.org\/site\/#\/schema\/person\/a0e05b973ec4d15c658d51911e53507b","name":"Reda\u00e7\u00e3o","image":{"@type":"ImageObject","inLanguage":"pt-PT","@id":"https:\/\/brasilnoticias.org\/site\/#\/schema\/person\/image\/","url":"https:\/\/secure.gravatar.com\/avatar\/75d8b050df2de108b08ae78dfb8e374892df24a383c67db9c46a9c604f6aee9c?s=96&d=mm&r=g","contentUrl":"https:\/\/secure.gravatar.com\/avatar\/75d8b050df2de108b08ae78dfb8e374892df24a383c67db9c46a9c604f6aee9c?s=96&d=mm&r=g","caption":"Reda\u00e7\u00e3o"},"sameAs":["https:\/\/brasilnoticias.org\/site"],"url":"https:\/\/brasilnoticias.org\/site\/author\/fernandozsngmail-com\/"}]}},"_links":{"self":[{"href":"https:\/\/brasilnoticias.org\/site\/wp-json\/wp\/v2\/posts\/6877","targetHints":{"allow":["GET"]}}],"collection":[{"href":"https:\/\/brasilnoticias.org\/site\/wp-json\/wp\/v2\/posts"}],"about":[{"href":"https:\/\/brasilnoticias.org\/site\/wp-json\/wp\/v2\/types\/post"}],"author":[{"embeddable":true,"href":"https:\/\/brasilnoticias.org\/site\/wp-json\/wp\/v2\/users\/1"}],"replies":[{"embeddable":true,"href":"https:\/\/brasilnoticias.org\/site\/wp-json\/wp\/v2\/comments?post=6877"}],"version-history":[{"count":1,"href":"https:\/\/brasilnoticias.org\/site\/wp-json\/wp\/v2\/posts\/6877\/revisions"}],"predecessor-version":[{"id":6879,"href":"https:\/\/brasilnoticias.org\/site\/wp-json\/wp\/v2\/posts\/6877\/revisions\/6879"}],"wp:featuredmedia":[{"embeddable":true,"href":"https:\/\/brasilnoticias.org\/site\/wp-json\/wp\/v2\/media\/6878"}],"wp:attachment":[{"href":"https:\/\/brasilnoticias.org\/site\/wp-json\/wp\/v2\/media?parent=6877"}],"wp:term":[{"taxonomy":"category","embeddable":true,"href":"https:\/\/brasilnoticias.org\/site\/wp-json\/wp\/v2\/categories?post=6877"},{"taxonomy":"post_tag","embeddable":true,"href":"https:\/\/brasilnoticias.org\/site\/wp-json\/wp\/v2\/tags?post=6877"}],"curies":[{"name":"wp","href":"https:\/\/api.w.org\/{rel}","templated":true}]}}