{"id":6898,"date":"2023-06-26T06:42:05","date_gmt":"2023-06-26T09:42:05","guid":{"rendered":"https:\/\/brasilnoticias.org\/site\/?p=6898"},"modified":"2023-06-26T07:38:40","modified_gmt":"2023-06-26T10:38:40","slug":"festejos-de-sao-joao-terminam-com-arrastao-no-dique","status":"publish","type":"post","link":"https:\/\/brasilnoticias.org\/site\/festejos-de-sao-joao-terminam-com-arrastao-no-dique\/","title":{"rendered":"Festejos de S\u00e3o Jo\u00e3o terminam com arrast\u00e3o no Dique"},"content":{"rendered":"<p>O S\u00e3o Jo\u00e3o em Salvador \u00e9 diferente. Ao inv\u00e9s da sanfona, tri\u00e2ngulo e zabumba, o que se ouve s\u00e3o as batidas do timbau, tamborim e surdo do samba junino. O ritmo que ecoa desses instrumentos chegou ao volume m\u00e1ximo domingo (25), durante o Festival de Samba Junino, realizado no Dique do Toror\u00f3, para encerrar os festejos da \u00e9poca.<\/p>\n<p>Foi a primeira vez que o festival aconteceu no local, mas o movimento \u00e9 antigo e nasceu nos bairros populares. No S\u00e3o Jo\u00e3o, os grupos de cada localidade fazem arrast\u00f5es ao som de samba duro. O evento foi organizado da mesma maneira, mas diferente do movimento tradicional, juntou cerca de 30 grupos no mesmo lugar. Al\u00e9m disso, foi encerrado com um show de Tatau, com participa\u00e7\u00f5es de Ninha e Reinaldo.<\/p>\n<p>Para a aposentada Silvia Luz, de 78 anos, o resultado n\u00e3o poderia ter sido melhor: muita gente caindo no samba. \u201cJ\u00e1 participei de d\u00e9cadas de sambas juninos, passo a alegria de sambar para os meus e celebro todas as iniciativas que ajudam o ritmo, tocado no S\u00e3o Jo\u00e3o, a n\u00e3o morrer\u201d, disse ela, que desfilou ao lado de duas amigas, no bloco do grupo P\u00e9 de Panela, do bairro do Candeal.<\/p>\n<p>Os moradores do entorno do Dique que assistiram aos cortejos da janela e da varanda de casa mostraram que \u00e9 realmente dif\u00edcil resistir \u00e0 cad\u00eancia. Todos estavam sambando ou batendo palmas com empolga\u00e7\u00e3o. Os soteropolitanos na cal\u00e7ada ou seguindo os grupos, sem as camisas dos blocos, foram no mesmo ritmo.<\/p>\n<p>O encontro de diferentes gera\u00e7\u00f5es estava presente no p\u00fablico, tanto quanto nas forma\u00e7\u00f5es dos grupos de samba junino. Enquanto o Sampel\u00f4, que nasceu no Pelourinho, j\u00e1 tem 10 anos de hist\u00f3ria, o Giradelas, da regi\u00e3o da Centen\u00e1rio, tem apenas tr\u00eas meses. Totalmente feminino, o grupo rec\u00e9m-nascido nasceu do desejo de ver mais mulheres perpetuando a tradi\u00e7\u00e3o.<\/p>\n<p>\u201cSempre quis ter um grupo feminino, mas era dif\u00edcil. Quando eu descobri que o samba junino precisava dessa representatividade, conversei com as meninas, elas abra\u00e7aram e virou o sonho de todas. Estou emocionada de ver o carinho que as pessoas nos receberam aqui\u201d, contou a fundadora do Giradelas, Claudia Rosa.<\/p>\n<p>O secret\u00e1rio de Cultura e Turismo de Salvador (Secult), Pedro Tourinho, e o presidente da Empresa Salvador Turismo (Saltur), Isaac Edington, tamb\u00e9m acompanharam o arrast\u00e3o, realizado pela Prefeitura. \u201cEsse ano tivemos a ideia de concentrar os grupos para todos estarem juntos e curtirem o samba da comunidade. Esse \u00e9 o primeiro ano e acho que no pr\u00f3ximo ser\u00e1 gigante, tipo um Fuzu\u00ea de Carnaval\u201d, almeja Tourinho.<\/p>\n<p>Para Isaac Edington, o movimento tem o potencial de colocar Salvador na rota do S\u00e3o Jo\u00e3o do estado, mesmo sendo capital. \u201cA gente sabe do apelo que h\u00e1 para que as pessoas voltem para suas ra\u00edzes, cidades e fam\u00edlias. Mas temos uma regi\u00e3o metropolitana pulsante e \u00e9 poss\u00edvel fazer o interior de cada um na pr\u00f3pria cidade. Demonstramos este ano\u201d, disse.<\/p>\n<p>Quinquagen\u00e1rio<br \/>\nS\u00edmbolo de resist\u00eancia, o samba junino nasceu nos terreiros de candombl\u00e9 de Salvador, h\u00e1 cerca de 50 anos. O ritmo tocado pelos grupos \u00e9 chamado de samba duro, derivado do samba de caboclo. Como todo movimento cultural realmente org\u00e2nico, o samba junino nasceu aos poucos, porque parte da popula\u00e7\u00e3o n\u00e3o viajava para o interior da Bahia para curtir os festejos da temporada.<\/p>\n<p>Quem ficava na capital, se juntava para fazer samba e, por influ\u00eancia do per\u00edodo junino, algumas pessoas come\u00e7aram a fazer m\u00fasicas cl\u00e1ssicas do S\u00e3o Jo\u00e3o, como as de Luiz Gonzaga, em cima do samba. Com o passar dos anos, v\u00e1rios bairros da capital baiana abra\u00e7aram o movimento, como Liberdade, Nordeste de Amaralina, Vale das Pedrinhas, Alto das Pombas, Cajazeiras e \u00c1guas Claras.<\/p>\n<p>Entre os grupos mais antigos est\u00e1 o Dez Mais do Samba, de Matatu de Brotas, fundado em 1978. Desde 2018, o samba junino \u00e9 registrado como patrim\u00f4nio cultural de Salvador pela Funda\u00e7\u00e3o Greg\u00f3rio de Mattos (FGM).<\/p>\n<p>Foto Paula Froes<br \/>\nCorreio<\/p>\n","protected":false},"excerpt":{"rendered":"<p>O S\u00e3o Jo\u00e3o em Salvador \u00e9 diferente. Ao inv\u00e9s da sanfona, tri\u00e2ngulo e zabumba, o que se ouve s\u00e3o as<\/p>\n","protected":false},"author":1,"featured_media":6899,"comment_status":"open","ping_status":"open","sticky":false,"template":"","format":"standard","meta":{"colormag_page_container_layout":"default_layout","colormag_page_sidebar_layout":"default_layout","_FSMCFIC_featured_image_caption":"","_FSMCFIC_featured_image_nocaption":"","_FSMCFIC_featured_image_hide":"","footnotes":""},"categories":[2,1],"tags":[],"class_list":["post-6898","post","type-post","status-publish","format-standard","has-post-thumbnail","hentry","category-noticias","category-ultimas"],"yoast_head":"<!-- This site is optimized with the Yoast SEO plugin v27.1.1 - https:\/\/yoast.com\/product\/yoast-seo-wordpress\/ -->\n<title>Festejos de S\u00e3o Jo\u00e3o terminam com arrast\u00e3o no Dique - Brasil not\u00edcias<\/title>\n<meta name=\"robots\" content=\"index, follow, max-snippet:-1, max-image-preview:large, max-video-preview:-1\" \/>\n<link rel=\"canonical\" href=\"https:\/\/brasilnoticias.org\/site\/festejos-de-sao-joao-terminam-com-arrastao-no-dique\/\" \/>\n<meta property=\"og:locale\" content=\"pt_PT\" \/>\n<meta property=\"og:type\" content=\"article\" \/>\n<meta property=\"og:title\" content=\"Festejos de S\u00e3o Jo\u00e3o terminam com arrast\u00e3o no Dique - Brasil not\u00edcias\" \/>\n<meta property=\"og:description\" content=\"O S\u00e3o Jo\u00e3o em Salvador \u00e9 diferente. Ao inv\u00e9s da sanfona, tri\u00e2ngulo e zabumba, o que se ouve s\u00e3o as\" \/>\n<meta property=\"og:url\" content=\"https:\/\/brasilnoticias.org\/site\/festejos-de-sao-joao-terminam-com-arrastao-no-dique\/\" \/>\n<meta property=\"og:site_name\" content=\"Brasil not\u00edcias\" \/>\n<meta property=\"article:published_time\" content=\"2023-06-26T09:42:05+00:00\" \/>\n<meta property=\"article:modified_time\" content=\"2023-06-26T10:38:40+00:00\" \/>\n<meta property=\"og:image\" content=\"https:\/\/brasilnoticias.org\/site\/wp-content\/uploads\/2023\/06\/festival-de-samba-junino-1787768-article.jpg\" \/>\n\t<meta property=\"og:image:width\" content=\"600\" \/>\n\t<meta property=\"og:image:height\" content=\"399\" \/>\n\t<meta property=\"og:image:type\" content=\"image\/jpeg\" \/>\n<meta name=\"author\" content=\"Reda\u00e7\u00e3o\" \/>\n<meta name=\"twitter:card\" content=\"summary_large_image\" \/>\n<meta name=\"twitter:label1\" content=\"Escrito por\" \/>\n\t<meta name=\"twitter:data1\" content=\"Reda\u00e7\u00e3o\" \/>\n\t<meta name=\"twitter:label2\" content=\"Tempo estimado de leitura\" \/>\n\t<meta name=\"twitter:data2\" content=\"4 minutos\" \/>\n<script type=\"application\/ld+json\" class=\"yoast-schema-graph\">{\"@context\":\"https:\/\/schema.org\",\"@graph\":[{\"@type\":\"Article\",\"@id\":\"https:\/\/brasilnoticias.org\/site\/festejos-de-sao-joao-terminam-com-arrastao-no-dique\/#article\",\"isPartOf\":{\"@id\":\"https:\/\/brasilnoticias.org\/site\/festejos-de-sao-joao-terminam-com-arrastao-no-dique\/\"},\"author\":{\"name\":\"Reda\u00e7\u00e3o\",\"@id\":\"https:\/\/brasilnoticias.org\/site\/#\/schema\/person\/a0e05b973ec4d15c658d51911e53507b\"},\"headline\":\"Festejos de S\u00e3o Jo\u00e3o terminam com arrast\u00e3o no Dique\",\"datePublished\":\"2023-06-26T09:42:05+00:00\",\"dateModified\":\"2023-06-26T10:38:40+00:00\",\"mainEntityOfPage\":{\"@id\":\"https:\/\/brasilnoticias.org\/site\/festejos-de-sao-joao-terminam-com-arrastao-no-dique\/\"},\"wordCount\":704,\"commentCount\":0,\"publisher\":{\"@id\":\"https:\/\/brasilnoticias.org\/site\/#organization\"},\"image\":{\"@id\":\"https:\/\/brasilnoticias.org\/site\/festejos-de-sao-joao-terminam-com-arrastao-no-dique\/#primaryimage\"},\"thumbnailUrl\":\"https:\/\/brasilnoticias.org\/site\/wp-content\/uploads\/2023\/06\/festival-de-samba-junino-1787768-article.jpg\",\"articleSection\":[\"Not\u00edcias\",\"\u00daltimas\"],\"inLanguage\":\"pt-PT\",\"potentialAction\":[{\"@type\":\"CommentAction\",\"name\":\"Comment\",\"target\":[\"https:\/\/brasilnoticias.org\/site\/festejos-de-sao-joao-terminam-com-arrastao-no-dique\/#respond\"]}]},{\"@type\":\"WebPage\",\"@id\":\"https:\/\/brasilnoticias.org\/site\/festejos-de-sao-joao-terminam-com-arrastao-no-dique\/\",\"url\":\"https:\/\/brasilnoticias.org\/site\/festejos-de-sao-joao-terminam-com-arrastao-no-dique\/\",\"name\":\"Festejos de S\u00e3o Jo\u00e3o terminam com arrast\u00e3o no Dique - Brasil not\u00edcias\",\"isPartOf\":{\"@id\":\"https:\/\/brasilnoticias.org\/site\/#website\"},\"primaryImageOfPage\":{\"@id\":\"https:\/\/brasilnoticias.org\/site\/festejos-de-sao-joao-terminam-com-arrastao-no-dique\/#primaryimage\"},\"image\":{\"@id\":\"https:\/\/brasilnoticias.org\/site\/festejos-de-sao-joao-terminam-com-arrastao-no-dique\/#primaryimage\"},\"thumbnailUrl\":\"https:\/\/brasilnoticias.org\/site\/wp-content\/uploads\/2023\/06\/festival-de-samba-junino-1787768-article.jpg\",\"datePublished\":\"2023-06-26T09:42:05+00:00\",\"dateModified\":\"2023-06-26T10:38:40+00:00\",\"breadcrumb\":{\"@id\":\"https:\/\/brasilnoticias.org\/site\/festejos-de-sao-joao-terminam-com-arrastao-no-dique\/#breadcrumb\"},\"inLanguage\":\"pt-PT\",\"potentialAction\":[{\"@type\":\"ReadAction\",\"target\":[\"https:\/\/brasilnoticias.org\/site\/festejos-de-sao-joao-terminam-com-arrastao-no-dique\/\"]}]},{\"@type\":\"ImageObject\",\"inLanguage\":\"pt-PT\",\"@id\":\"https:\/\/brasilnoticias.org\/site\/festejos-de-sao-joao-terminam-com-arrastao-no-dique\/#primaryimage\",\"url\":\"https:\/\/brasilnoticias.org\/site\/wp-content\/uploads\/2023\/06\/festival-de-samba-junino-1787768-article.jpg\",\"contentUrl\":\"https:\/\/brasilnoticias.org\/site\/wp-content\/uploads\/2023\/06\/festival-de-samba-junino-1787768-article.jpg\",\"width\":600,\"height\":399},{\"@type\":\"BreadcrumbList\",\"@id\":\"https:\/\/brasilnoticias.org\/site\/festejos-de-sao-joao-terminam-com-arrastao-no-dique\/#breadcrumb\",\"itemListElement\":[{\"@type\":\"ListItem\",\"position\":1,\"name\":\"In\u00edcio\",\"item\":\"https:\/\/brasilnoticias.org\/site\/\"},{\"@type\":\"ListItem\",\"position\":2,\"name\":\"Festejos de S\u00e3o Jo\u00e3o terminam com arrast\u00e3o no Dique\"}]},{\"@type\":\"WebSite\",\"@id\":\"https:\/\/brasilnoticias.org\/site\/#website\",\"url\":\"https:\/\/brasilnoticias.org\/site\/\",\"name\":\"Brasil not\u00edcias\",\"description\":\"Brasil not\u00edcias\",\"publisher\":{\"@id\":\"https:\/\/brasilnoticias.org\/site\/#organization\"},\"potentialAction\":[{\"@type\":\"SearchAction\",\"target\":{\"@type\":\"EntryPoint\",\"urlTemplate\":\"https:\/\/brasilnoticias.org\/site\/?s={search_term_string}\"},\"query-input\":{\"@type\":\"PropertyValueSpecification\",\"valueRequired\":true,\"valueName\":\"search_term_string\"}}],\"inLanguage\":\"pt-PT\"},{\"@type\":\"Organization\",\"@id\":\"https:\/\/brasilnoticias.org\/site\/#organization\",\"name\":\"Brasil not\u00edcias\",\"url\":\"https:\/\/brasilnoticias.org\/site\/\",\"logo\":{\"@type\":\"ImageObject\",\"inLanguage\":\"pt-PT\",\"@id\":\"https:\/\/brasilnoticias.org\/site\/#\/schema\/logo\/image\/\",\"url\":\"https:\/\/brasilnoticias.org\/site\/wp-content\/uploads\/2022\/05\/cropped-brasilnoticias-mini.jpg\",\"contentUrl\":\"https:\/\/brasilnoticias.org\/site\/wp-content\/uploads\/2022\/05\/cropped-brasilnoticias-mini.jpg\",\"width\":314,\"height\":86,\"caption\":\"Brasil not\u00edcias\"},\"image\":{\"@id\":\"https:\/\/brasilnoticias.org\/site\/#\/schema\/logo\/image\/\"}},{\"@type\":\"Person\",\"@id\":\"https:\/\/brasilnoticias.org\/site\/#\/schema\/person\/a0e05b973ec4d15c658d51911e53507b\",\"name\":\"Reda\u00e7\u00e3o\",\"image\":{\"@type\":\"ImageObject\",\"inLanguage\":\"pt-PT\",\"@id\":\"https:\/\/brasilnoticias.org\/site\/#\/schema\/person\/image\/\",\"url\":\"https:\/\/secure.gravatar.com\/avatar\/75d8b050df2de108b08ae78dfb8e374892df24a383c67db9c46a9c604f6aee9c?s=96&d=mm&r=g\",\"contentUrl\":\"https:\/\/secure.gravatar.com\/avatar\/75d8b050df2de108b08ae78dfb8e374892df24a383c67db9c46a9c604f6aee9c?s=96&d=mm&r=g\",\"caption\":\"Reda\u00e7\u00e3o\"},\"sameAs\":[\"https:\/\/brasilnoticias.org\/site\"],\"url\":\"https:\/\/brasilnoticias.org\/site\/author\/fernandozsngmail-com\/\"}]}<\/script>\n<!-- \/ Yoast SEO plugin. -->","yoast_head_json":{"title":"Festejos de S\u00e3o Jo\u00e3o terminam com arrast\u00e3o no Dique - Brasil not\u00edcias","robots":{"index":"index","follow":"follow","max-snippet":"max-snippet:-1","max-image-preview":"max-image-preview:large","max-video-preview":"max-video-preview:-1"},"canonical":"https:\/\/brasilnoticias.org\/site\/festejos-de-sao-joao-terminam-com-arrastao-no-dique\/","og_locale":"pt_PT","og_type":"article","og_title":"Festejos de S\u00e3o Jo\u00e3o terminam com arrast\u00e3o no Dique - Brasil not\u00edcias","og_description":"O S\u00e3o Jo\u00e3o em Salvador \u00e9 diferente. Ao inv\u00e9s da sanfona, tri\u00e2ngulo e zabumba, o que se ouve s\u00e3o as","og_url":"https:\/\/brasilnoticias.org\/site\/festejos-de-sao-joao-terminam-com-arrastao-no-dique\/","og_site_name":"Brasil not\u00edcias","article_published_time":"2023-06-26T09:42:05+00:00","article_modified_time":"2023-06-26T10:38:40+00:00","og_image":[{"width":600,"height":399,"url":"https:\/\/brasilnoticias.org\/site\/wp-content\/uploads\/2023\/06\/festival-de-samba-junino-1787768-article.jpg","type":"image\/jpeg"}],"author":"Reda\u00e7\u00e3o","twitter_card":"summary_large_image","twitter_misc":{"Escrito por":"Reda\u00e7\u00e3o","Tempo estimado de leitura":"4 minutos"},"schema":{"@context":"https:\/\/schema.org","@graph":[{"@type":"Article","@id":"https:\/\/brasilnoticias.org\/site\/festejos-de-sao-joao-terminam-com-arrastao-no-dique\/#article","isPartOf":{"@id":"https:\/\/brasilnoticias.org\/site\/festejos-de-sao-joao-terminam-com-arrastao-no-dique\/"},"author":{"name":"Reda\u00e7\u00e3o","@id":"https:\/\/brasilnoticias.org\/site\/#\/schema\/person\/a0e05b973ec4d15c658d51911e53507b"},"headline":"Festejos de S\u00e3o Jo\u00e3o terminam com arrast\u00e3o no Dique","datePublished":"2023-06-26T09:42:05+00:00","dateModified":"2023-06-26T10:38:40+00:00","mainEntityOfPage":{"@id":"https:\/\/brasilnoticias.org\/site\/festejos-de-sao-joao-terminam-com-arrastao-no-dique\/"},"wordCount":704,"commentCount":0,"publisher":{"@id":"https:\/\/brasilnoticias.org\/site\/#organization"},"image":{"@id":"https:\/\/brasilnoticias.org\/site\/festejos-de-sao-joao-terminam-com-arrastao-no-dique\/#primaryimage"},"thumbnailUrl":"https:\/\/brasilnoticias.org\/site\/wp-content\/uploads\/2023\/06\/festival-de-samba-junino-1787768-article.jpg","articleSection":["Not\u00edcias","\u00daltimas"],"inLanguage":"pt-PT","potentialAction":[{"@type":"CommentAction","name":"Comment","target":["https:\/\/brasilnoticias.org\/site\/festejos-de-sao-joao-terminam-com-arrastao-no-dique\/#respond"]}]},{"@type":"WebPage","@id":"https:\/\/brasilnoticias.org\/site\/festejos-de-sao-joao-terminam-com-arrastao-no-dique\/","url":"https:\/\/brasilnoticias.org\/site\/festejos-de-sao-joao-terminam-com-arrastao-no-dique\/","name":"Festejos de S\u00e3o Jo\u00e3o terminam com arrast\u00e3o no Dique - Brasil not\u00edcias","isPartOf":{"@id":"https:\/\/brasilnoticias.org\/site\/#website"},"primaryImageOfPage":{"@id":"https:\/\/brasilnoticias.org\/site\/festejos-de-sao-joao-terminam-com-arrastao-no-dique\/#primaryimage"},"image":{"@id":"https:\/\/brasilnoticias.org\/site\/festejos-de-sao-joao-terminam-com-arrastao-no-dique\/#primaryimage"},"thumbnailUrl":"https:\/\/brasilnoticias.org\/site\/wp-content\/uploads\/2023\/06\/festival-de-samba-junino-1787768-article.jpg","datePublished":"2023-06-26T09:42:05+00:00","dateModified":"2023-06-26T10:38:40+00:00","breadcrumb":{"@id":"https:\/\/brasilnoticias.org\/site\/festejos-de-sao-joao-terminam-com-arrastao-no-dique\/#breadcrumb"},"inLanguage":"pt-PT","potentialAction":[{"@type":"ReadAction","target":["https:\/\/brasilnoticias.org\/site\/festejos-de-sao-joao-terminam-com-arrastao-no-dique\/"]}]},{"@type":"ImageObject","inLanguage":"pt-PT","@id":"https:\/\/brasilnoticias.org\/site\/festejos-de-sao-joao-terminam-com-arrastao-no-dique\/#primaryimage","url":"https:\/\/brasilnoticias.org\/site\/wp-content\/uploads\/2023\/06\/festival-de-samba-junino-1787768-article.jpg","contentUrl":"https:\/\/brasilnoticias.org\/site\/wp-content\/uploads\/2023\/06\/festival-de-samba-junino-1787768-article.jpg","width":600,"height":399},{"@type":"BreadcrumbList","@id":"https:\/\/brasilnoticias.org\/site\/festejos-de-sao-joao-terminam-com-arrastao-no-dique\/#breadcrumb","itemListElement":[{"@type":"ListItem","position":1,"name":"In\u00edcio","item":"https:\/\/brasilnoticias.org\/site\/"},{"@type":"ListItem","position":2,"name":"Festejos de S\u00e3o Jo\u00e3o terminam com arrast\u00e3o no Dique"}]},{"@type":"WebSite","@id":"https:\/\/brasilnoticias.org\/site\/#website","url":"https:\/\/brasilnoticias.org\/site\/","name":"Brasil not\u00edcias","description":"Brasil not\u00edcias","publisher":{"@id":"https:\/\/brasilnoticias.org\/site\/#organization"},"potentialAction":[{"@type":"SearchAction","target":{"@type":"EntryPoint","urlTemplate":"https:\/\/brasilnoticias.org\/site\/?s={search_term_string}"},"query-input":{"@type":"PropertyValueSpecification","valueRequired":true,"valueName":"search_term_string"}}],"inLanguage":"pt-PT"},{"@type":"Organization","@id":"https:\/\/brasilnoticias.org\/site\/#organization","name":"Brasil not\u00edcias","url":"https:\/\/brasilnoticias.org\/site\/","logo":{"@type":"ImageObject","inLanguage":"pt-PT","@id":"https:\/\/brasilnoticias.org\/site\/#\/schema\/logo\/image\/","url":"https:\/\/brasilnoticias.org\/site\/wp-content\/uploads\/2022\/05\/cropped-brasilnoticias-mini.jpg","contentUrl":"https:\/\/brasilnoticias.org\/site\/wp-content\/uploads\/2022\/05\/cropped-brasilnoticias-mini.jpg","width":314,"height":86,"caption":"Brasil not\u00edcias"},"image":{"@id":"https:\/\/brasilnoticias.org\/site\/#\/schema\/logo\/image\/"}},{"@type":"Person","@id":"https:\/\/brasilnoticias.org\/site\/#\/schema\/person\/a0e05b973ec4d15c658d51911e53507b","name":"Reda\u00e7\u00e3o","image":{"@type":"ImageObject","inLanguage":"pt-PT","@id":"https:\/\/brasilnoticias.org\/site\/#\/schema\/person\/image\/","url":"https:\/\/secure.gravatar.com\/avatar\/75d8b050df2de108b08ae78dfb8e374892df24a383c67db9c46a9c604f6aee9c?s=96&d=mm&r=g","contentUrl":"https:\/\/secure.gravatar.com\/avatar\/75d8b050df2de108b08ae78dfb8e374892df24a383c67db9c46a9c604f6aee9c?s=96&d=mm&r=g","caption":"Reda\u00e7\u00e3o"},"sameAs":["https:\/\/brasilnoticias.org\/site"],"url":"https:\/\/brasilnoticias.org\/site\/author\/fernandozsngmail-com\/"}]}},"_links":{"self":[{"href":"https:\/\/brasilnoticias.org\/site\/wp-json\/wp\/v2\/posts\/6898","targetHints":{"allow":["GET"]}}],"collection":[{"href":"https:\/\/brasilnoticias.org\/site\/wp-json\/wp\/v2\/posts"}],"about":[{"href":"https:\/\/brasilnoticias.org\/site\/wp-json\/wp\/v2\/types\/post"}],"author":[{"embeddable":true,"href":"https:\/\/brasilnoticias.org\/site\/wp-json\/wp\/v2\/users\/1"}],"replies":[{"embeddable":true,"href":"https:\/\/brasilnoticias.org\/site\/wp-json\/wp\/v2\/comments?post=6898"}],"version-history":[{"count":3,"href":"https:\/\/brasilnoticias.org\/site\/wp-json\/wp\/v2\/posts\/6898\/revisions"}],"predecessor-version":[{"id":6906,"href":"https:\/\/brasilnoticias.org\/site\/wp-json\/wp\/v2\/posts\/6898\/revisions\/6906"}],"wp:featuredmedia":[{"embeddable":true,"href":"https:\/\/brasilnoticias.org\/site\/wp-json\/wp\/v2\/media\/6899"}],"wp:attachment":[{"href":"https:\/\/brasilnoticias.org\/site\/wp-json\/wp\/v2\/media?parent=6898"}],"wp:term":[{"taxonomy":"category","embeddable":true,"href":"https:\/\/brasilnoticias.org\/site\/wp-json\/wp\/v2\/categories?post=6898"},{"taxonomy":"post_tag","embeddable":true,"href":"https:\/\/brasilnoticias.org\/site\/wp-json\/wp\/v2\/tags?post=6898"}],"curies":[{"name":"wp","href":"https:\/\/api.w.org\/{rel}","templated":true}]}}