{"id":6910,"date":"2023-06-26T18:20:54","date_gmt":"2023-06-26T21:20:54","guid":{"rendered":"https:\/\/brasilnoticias.org\/site\/?p=6910"},"modified":"2023-06-26T12:24:55","modified_gmt":"2023-06-26T15:24:55","slug":"o-que-se-sabe-sobre-o-acidente-da-cantora-brisa-star-no-ceara","status":"publish","type":"post","link":"https:\/\/brasilnoticias.org\/site\/o-que-se-sabe-sobre-o-acidente-da-cantora-brisa-star-no-ceara\/","title":{"rendered":"O que se sabe sobre o acidente da cantora Brisa Star no Cear\u00e1"},"content":{"rendered":"<p>O \u00f4nibus em que viajavam a cantora Brisa Star, de 15 anos, e sua banda, caiu de uma ribanceira, na noite deste domingo, 25, na BR-166, em Ipaumirim, no Cear\u00e1. De acordo com a Pol\u00edcia Rodovi\u00e1ria Federal (PRF), 15 pessoas ficaram feridas, entre elas a cantora. A assessoria de Brisa Star informou que ela foi medicada e continua em observa\u00e7\u00e3o. Seu estado de sa\u00fade \u00e9 est\u00e1vel e ela passar\u00e1 por novas avalia\u00e7\u00f5es.<\/p>\n<p>A cantora retornava de uma agenda de shows na companhia da banda e de seus pais, quando o \u00f4nibus saiu da pista, no km 428 da rodovia, por volta das 20 horas. Chovia no momento do acidente e o \u00f4nibus deslizou pela ribanceira. A maioria dos feridos, segundo a PRF, sofreu escoria\u00e7\u00f5es. Segundo a assessoria, o motorista e uma backing vocal foram levadas para um hospital de Juazeiro do Norte (CE), onde receberam atendimento e passaram por exames.<\/p>\n<p>Outros dois feridos foram levados para um hospital de Ic\u00f3 (CE), mas j\u00e1 tiveram alta. As outras pessoas com ferimentos leves foram atendidas no Hospital Municipal de Ipaumirim.<\/p>\n<p>Brisa sofreu um impacto nas pernas e precisou de ajuda para caminhar. Os primeiros exames, no entanto, n\u00e3o revelaram fratura. Os pais dela sofreram apenas arranh\u00f5es. Segundo a PRF, a Pol\u00edcia Civil da cidade vai apurar as causas do acidente.<\/p>\n<p>Quem \u00e9 Brisa Star?<br \/>\nA cantora Brisa Rocha Ladislau da Concei\u00e7\u00e3o, ou Brisa Star, \u00e9 conhecida como \u201cfadinha do piseiro\u201d, um ritmo derivado do forr\u00f3 nordestino. Ela nasceu em Ibia\u00ed, cidade mineira, mas passou a residir em Fortaleza. A artista fez a primeira grava\u00e7\u00e3o oficial, \u201cDan\u00e7ando\u201d, aos 11 anos, mas seu primeiro sucesso veio em agosto de 2020, com a m\u00fasica \u201cSe joga no passinho\u201d, gravada com o cantor mineiro Thiago Jonathan.<\/p>\n<p>A m\u00fasica ultrapassou a marca de 100 milh\u00f5es de visualiza\u00e7\u00f5es no Youtube. A cantora fez ainda parcerias com Z\u00e9 Vaqueiro, tamb\u00e9m cantor de \u2018piseiro\u2019, e com m\u00fasicos de outros ritmos, como funk e forr\u00f3. Em fevereiro deste ano, a cantora lan\u00e7ou seu novo EP \u2018Baile da Brisa\u2019.<\/p>\n<p>Foto Instagram\/@BrisaStar<br \/>\nEstad\u00e3o<\/p>\n","protected":false},"excerpt":{"rendered":"<p>O \u00f4nibus em que viajavam a cantora Brisa Star, de 15 anos, e sua banda, caiu de uma ribanceira, na<\/p>\n","protected":false},"author":1,"featured_media":6911,"comment_status":"open","ping_status":"open","sticky":false,"template":"","format":"standard","meta":{"colormag_page_container_layout":"default_layout","colormag_page_sidebar_layout":"default_layout","_FSMCFIC_featured_image_caption":"","_FSMCFIC_featured_image_nocaption":"","_FSMCFIC_featured_image_hide":"","footnotes":""},"categories":[2,1],"tags":[],"class_list":["post-6910","post","type-post","status-publish","format-standard","has-post-thumbnail","hentry","category-noticias","category-ultimas"],"yoast_head":"<!-- This site is optimized with the Yoast SEO plugin v27.1.1 - https:\/\/yoast.com\/product\/yoast-seo-wordpress\/ -->\n<title>O que se sabe sobre o acidente da cantora Brisa Star no Cear\u00e1 - Brasil not\u00edcias<\/title>\n<meta name=\"robots\" content=\"index, follow, max-snippet:-1, max-image-preview:large, max-video-preview:-1\" \/>\n<link rel=\"canonical\" href=\"https:\/\/brasilnoticias.org\/site\/o-que-se-sabe-sobre-o-acidente-da-cantora-brisa-star-no-ceara\/\" \/>\n<meta property=\"og:locale\" content=\"pt_PT\" \/>\n<meta property=\"og:type\" content=\"article\" \/>\n<meta property=\"og:title\" content=\"O que se sabe sobre o acidente da cantora Brisa Star no Cear\u00e1 - Brasil not\u00edcias\" \/>\n<meta property=\"og:description\" content=\"O \u00f4nibus em que viajavam a cantora Brisa Star, de 15 anos, e sua banda, caiu de uma ribanceira, na\" \/>\n<meta property=\"og:url\" content=\"https:\/\/brasilnoticias.org\/site\/o-que-se-sabe-sobre-o-acidente-da-cantora-brisa-star-no-ceara\/\" \/>\n<meta property=\"og:site_name\" content=\"Brasil not\u00edcias\" \/>\n<meta property=\"article:published_time\" content=\"2023-06-26T21:20:54+00:00\" \/>\n<meta property=\"og:image\" content=\"https:\/\/brasilnoticias.org\/site\/wp-content\/uploads\/2023\/06\/AA1d37fZ.jpg\" \/>\n\t<meta property=\"og:image:width\" content=\"612\" \/>\n\t<meta property=\"og:image:height\" content=\"479\" \/>\n\t<meta property=\"og:image:type\" content=\"image\/jpeg\" \/>\n<meta name=\"author\" content=\"Reda\u00e7\u00e3o\" \/>\n<meta name=\"twitter:card\" content=\"summary_large_image\" \/>\n<meta name=\"twitter:label1\" content=\"Escrito por\" \/>\n\t<meta name=\"twitter:data1\" content=\"Reda\u00e7\u00e3o\" \/>\n<script type=\"application\/ld+json\" class=\"yoast-schema-graph\">{\"@context\":\"https:\/\/schema.org\",\"@graph\":[{\"@type\":\"Article\",\"@id\":\"https:\/\/brasilnoticias.org\/site\/o-que-se-sabe-sobre-o-acidente-da-cantora-brisa-star-no-ceara\/#article\",\"isPartOf\":{\"@id\":\"https:\/\/brasilnoticias.org\/site\/o-que-se-sabe-sobre-o-acidente-da-cantora-brisa-star-no-ceara\/\"},\"author\":{\"name\":\"Reda\u00e7\u00e3o\",\"@id\":\"https:\/\/brasilnoticias.org\/site\/#\/schema\/person\/a0e05b973ec4d15c658d51911e53507b\"},\"headline\":\"O que se sabe sobre o acidente da cantora Brisa Star no Cear\u00e1\",\"datePublished\":\"2023-06-26T21:20:54+00:00\",\"mainEntityOfPage\":{\"@id\":\"https:\/\/brasilnoticias.org\/site\/o-que-se-sabe-sobre-o-acidente-da-cantora-brisa-star-no-ceara\/\"},\"wordCount\":364,\"commentCount\":0,\"publisher\":{\"@id\":\"https:\/\/brasilnoticias.org\/site\/#organization\"},\"image\":{\"@id\":\"https:\/\/brasilnoticias.org\/site\/o-que-se-sabe-sobre-o-acidente-da-cantora-brisa-star-no-ceara\/#primaryimage\"},\"thumbnailUrl\":\"https:\/\/brasilnoticias.org\/site\/wp-content\/uploads\/2023\/06\/AA1d37fZ.jpg\",\"articleSection\":[\"Not\u00edcias\",\"\u00daltimas\"],\"inLanguage\":\"pt-PT\",\"potentialAction\":[{\"@type\":\"CommentAction\",\"name\":\"Comment\",\"target\":[\"https:\/\/brasilnoticias.org\/site\/o-que-se-sabe-sobre-o-acidente-da-cantora-brisa-star-no-ceara\/#respond\"]}]},{\"@type\":\"WebPage\",\"@id\":\"https:\/\/brasilnoticias.org\/site\/o-que-se-sabe-sobre-o-acidente-da-cantora-brisa-star-no-ceara\/\",\"url\":\"https:\/\/brasilnoticias.org\/site\/o-que-se-sabe-sobre-o-acidente-da-cantora-brisa-star-no-ceara\/\",\"name\":\"O que se sabe sobre o acidente da cantora Brisa Star no Cear\u00e1 - Brasil not\u00edcias\",\"isPartOf\":{\"@id\":\"https:\/\/brasilnoticias.org\/site\/#website\"},\"primaryImageOfPage\":{\"@id\":\"https:\/\/brasilnoticias.org\/site\/o-que-se-sabe-sobre-o-acidente-da-cantora-brisa-star-no-ceara\/#primaryimage\"},\"image\":{\"@id\":\"https:\/\/brasilnoticias.org\/site\/o-que-se-sabe-sobre-o-acidente-da-cantora-brisa-star-no-ceara\/#primaryimage\"},\"thumbnailUrl\":\"https:\/\/brasilnoticias.org\/site\/wp-content\/uploads\/2023\/06\/AA1d37fZ.jpg\",\"datePublished\":\"2023-06-26T21:20:54+00:00\",\"breadcrumb\":{\"@id\":\"https:\/\/brasilnoticias.org\/site\/o-que-se-sabe-sobre-o-acidente-da-cantora-brisa-star-no-ceara\/#breadcrumb\"},\"inLanguage\":\"pt-PT\",\"potentialAction\":[{\"@type\":\"ReadAction\",\"target\":[\"https:\/\/brasilnoticias.org\/site\/o-que-se-sabe-sobre-o-acidente-da-cantora-brisa-star-no-ceara\/\"]}]},{\"@type\":\"ImageObject\",\"inLanguage\":\"pt-PT\",\"@id\":\"https:\/\/brasilnoticias.org\/site\/o-que-se-sabe-sobre-o-acidente-da-cantora-brisa-star-no-ceara\/#primaryimage\",\"url\":\"https:\/\/brasilnoticias.org\/site\/wp-content\/uploads\/2023\/06\/AA1d37fZ.jpg\",\"contentUrl\":\"https:\/\/brasilnoticias.org\/site\/wp-content\/uploads\/2023\/06\/AA1d37fZ.jpg\",\"width\":612,\"height\":479},{\"@type\":\"BreadcrumbList\",\"@id\":\"https:\/\/brasilnoticias.org\/site\/o-que-se-sabe-sobre-o-acidente-da-cantora-brisa-star-no-ceara\/#breadcrumb\",\"itemListElement\":[{\"@type\":\"ListItem\",\"position\":1,\"name\":\"In\u00edcio\",\"item\":\"https:\/\/brasilnoticias.org\/site\/\"},{\"@type\":\"ListItem\",\"position\":2,\"name\":\"O que se sabe sobre o acidente da cantora Brisa Star no Cear\u00e1\"}]},{\"@type\":\"WebSite\",\"@id\":\"https:\/\/brasilnoticias.org\/site\/#website\",\"url\":\"https:\/\/brasilnoticias.org\/site\/\",\"name\":\"Brasil not\u00edcias\",\"description\":\"Brasil not\u00edcias\",\"publisher\":{\"@id\":\"https:\/\/brasilnoticias.org\/site\/#organization\"},\"potentialAction\":[{\"@type\":\"SearchAction\",\"target\":{\"@type\":\"EntryPoint\",\"urlTemplate\":\"https:\/\/brasilnoticias.org\/site\/?s={search_term_string}\"},\"query-input\":{\"@type\":\"PropertyValueSpecification\",\"valueRequired\":true,\"valueName\":\"search_term_string\"}}],\"inLanguage\":\"pt-PT\"},{\"@type\":\"Organization\",\"@id\":\"https:\/\/brasilnoticias.org\/site\/#organization\",\"name\":\"Brasil not\u00edcias\",\"url\":\"https:\/\/brasilnoticias.org\/site\/\",\"logo\":{\"@type\":\"ImageObject\",\"inLanguage\":\"pt-PT\",\"@id\":\"https:\/\/brasilnoticias.org\/site\/#\/schema\/logo\/image\/\",\"url\":\"https:\/\/brasilnoticias.org\/site\/wp-content\/uploads\/2022\/05\/cropped-brasilnoticias-mini.jpg\",\"contentUrl\":\"https:\/\/brasilnoticias.org\/site\/wp-content\/uploads\/2022\/05\/cropped-brasilnoticias-mini.jpg\",\"width\":314,\"height\":86,\"caption\":\"Brasil not\u00edcias\"},\"image\":{\"@id\":\"https:\/\/brasilnoticias.org\/site\/#\/schema\/logo\/image\/\"}},{\"@type\":\"Person\",\"@id\":\"https:\/\/brasilnoticias.org\/site\/#\/schema\/person\/a0e05b973ec4d15c658d51911e53507b\",\"name\":\"Reda\u00e7\u00e3o\",\"image\":{\"@type\":\"ImageObject\",\"inLanguage\":\"pt-PT\",\"@id\":\"https:\/\/brasilnoticias.org\/site\/#\/schema\/person\/image\/\",\"url\":\"https:\/\/secure.gravatar.com\/avatar\/75d8b050df2de108b08ae78dfb8e374892df24a383c67db9c46a9c604f6aee9c?s=96&d=mm&r=g\",\"contentUrl\":\"https:\/\/secure.gravatar.com\/avatar\/75d8b050df2de108b08ae78dfb8e374892df24a383c67db9c46a9c604f6aee9c?s=96&d=mm&r=g\",\"caption\":\"Reda\u00e7\u00e3o\"},\"sameAs\":[\"https:\/\/brasilnoticias.org\/site\"],\"url\":\"https:\/\/brasilnoticias.org\/site\/author\/fernandozsngmail-com\/\"}]}<\/script>\n<!-- \/ Yoast SEO plugin. -->","yoast_head_json":{"title":"O que se sabe sobre o acidente da cantora Brisa Star no Cear\u00e1 - Brasil not\u00edcias","robots":{"index":"index","follow":"follow","max-snippet":"max-snippet:-1","max-image-preview":"max-image-preview:large","max-video-preview":"max-video-preview:-1"},"canonical":"https:\/\/brasilnoticias.org\/site\/o-que-se-sabe-sobre-o-acidente-da-cantora-brisa-star-no-ceara\/","og_locale":"pt_PT","og_type":"article","og_title":"O que se sabe sobre o acidente da cantora Brisa Star no Cear\u00e1 - Brasil not\u00edcias","og_description":"O \u00f4nibus em que viajavam a cantora Brisa Star, de 15 anos, e sua banda, caiu de uma ribanceira, na","og_url":"https:\/\/brasilnoticias.org\/site\/o-que-se-sabe-sobre-o-acidente-da-cantora-brisa-star-no-ceara\/","og_site_name":"Brasil not\u00edcias","article_published_time":"2023-06-26T21:20:54+00:00","og_image":[{"width":612,"height":479,"url":"https:\/\/brasilnoticias.org\/site\/wp-content\/uploads\/2023\/06\/AA1d37fZ.jpg","type":"image\/jpeg"}],"author":"Reda\u00e7\u00e3o","twitter_card":"summary_large_image","twitter_misc":{"Escrito por":"Reda\u00e7\u00e3o"},"schema":{"@context":"https:\/\/schema.org","@graph":[{"@type":"Article","@id":"https:\/\/brasilnoticias.org\/site\/o-que-se-sabe-sobre-o-acidente-da-cantora-brisa-star-no-ceara\/#article","isPartOf":{"@id":"https:\/\/brasilnoticias.org\/site\/o-que-se-sabe-sobre-o-acidente-da-cantora-brisa-star-no-ceara\/"},"author":{"name":"Reda\u00e7\u00e3o","@id":"https:\/\/brasilnoticias.org\/site\/#\/schema\/person\/a0e05b973ec4d15c658d51911e53507b"},"headline":"O que se sabe sobre o acidente da cantora Brisa Star no Cear\u00e1","datePublished":"2023-06-26T21:20:54+00:00","mainEntityOfPage":{"@id":"https:\/\/brasilnoticias.org\/site\/o-que-se-sabe-sobre-o-acidente-da-cantora-brisa-star-no-ceara\/"},"wordCount":364,"commentCount":0,"publisher":{"@id":"https:\/\/brasilnoticias.org\/site\/#organization"},"image":{"@id":"https:\/\/brasilnoticias.org\/site\/o-que-se-sabe-sobre-o-acidente-da-cantora-brisa-star-no-ceara\/#primaryimage"},"thumbnailUrl":"https:\/\/brasilnoticias.org\/site\/wp-content\/uploads\/2023\/06\/AA1d37fZ.jpg","articleSection":["Not\u00edcias","\u00daltimas"],"inLanguage":"pt-PT","potentialAction":[{"@type":"CommentAction","name":"Comment","target":["https:\/\/brasilnoticias.org\/site\/o-que-se-sabe-sobre-o-acidente-da-cantora-brisa-star-no-ceara\/#respond"]}]},{"@type":"WebPage","@id":"https:\/\/brasilnoticias.org\/site\/o-que-se-sabe-sobre-o-acidente-da-cantora-brisa-star-no-ceara\/","url":"https:\/\/brasilnoticias.org\/site\/o-que-se-sabe-sobre-o-acidente-da-cantora-brisa-star-no-ceara\/","name":"O que se sabe sobre o acidente da cantora Brisa Star no Cear\u00e1 - Brasil not\u00edcias","isPartOf":{"@id":"https:\/\/brasilnoticias.org\/site\/#website"},"primaryImageOfPage":{"@id":"https:\/\/brasilnoticias.org\/site\/o-que-se-sabe-sobre-o-acidente-da-cantora-brisa-star-no-ceara\/#primaryimage"},"image":{"@id":"https:\/\/brasilnoticias.org\/site\/o-que-se-sabe-sobre-o-acidente-da-cantora-brisa-star-no-ceara\/#primaryimage"},"thumbnailUrl":"https:\/\/brasilnoticias.org\/site\/wp-content\/uploads\/2023\/06\/AA1d37fZ.jpg","datePublished":"2023-06-26T21:20:54+00:00","breadcrumb":{"@id":"https:\/\/brasilnoticias.org\/site\/o-que-se-sabe-sobre-o-acidente-da-cantora-brisa-star-no-ceara\/#breadcrumb"},"inLanguage":"pt-PT","potentialAction":[{"@type":"ReadAction","target":["https:\/\/brasilnoticias.org\/site\/o-que-se-sabe-sobre-o-acidente-da-cantora-brisa-star-no-ceara\/"]}]},{"@type":"ImageObject","inLanguage":"pt-PT","@id":"https:\/\/brasilnoticias.org\/site\/o-que-se-sabe-sobre-o-acidente-da-cantora-brisa-star-no-ceara\/#primaryimage","url":"https:\/\/brasilnoticias.org\/site\/wp-content\/uploads\/2023\/06\/AA1d37fZ.jpg","contentUrl":"https:\/\/brasilnoticias.org\/site\/wp-content\/uploads\/2023\/06\/AA1d37fZ.jpg","width":612,"height":479},{"@type":"BreadcrumbList","@id":"https:\/\/brasilnoticias.org\/site\/o-que-se-sabe-sobre-o-acidente-da-cantora-brisa-star-no-ceara\/#breadcrumb","itemListElement":[{"@type":"ListItem","position":1,"name":"In\u00edcio","item":"https:\/\/brasilnoticias.org\/site\/"},{"@type":"ListItem","position":2,"name":"O que se sabe sobre o acidente da cantora Brisa Star no Cear\u00e1"}]},{"@type":"WebSite","@id":"https:\/\/brasilnoticias.org\/site\/#website","url":"https:\/\/brasilnoticias.org\/site\/","name":"Brasil not\u00edcias","description":"Brasil not\u00edcias","publisher":{"@id":"https:\/\/brasilnoticias.org\/site\/#organization"},"potentialAction":[{"@type":"SearchAction","target":{"@type":"EntryPoint","urlTemplate":"https:\/\/brasilnoticias.org\/site\/?s={search_term_string}"},"query-input":{"@type":"PropertyValueSpecification","valueRequired":true,"valueName":"search_term_string"}}],"inLanguage":"pt-PT"},{"@type":"Organization","@id":"https:\/\/brasilnoticias.org\/site\/#organization","name":"Brasil not\u00edcias","url":"https:\/\/brasilnoticias.org\/site\/","logo":{"@type":"ImageObject","inLanguage":"pt-PT","@id":"https:\/\/brasilnoticias.org\/site\/#\/schema\/logo\/image\/","url":"https:\/\/brasilnoticias.org\/site\/wp-content\/uploads\/2022\/05\/cropped-brasilnoticias-mini.jpg","contentUrl":"https:\/\/brasilnoticias.org\/site\/wp-content\/uploads\/2022\/05\/cropped-brasilnoticias-mini.jpg","width":314,"height":86,"caption":"Brasil not\u00edcias"},"image":{"@id":"https:\/\/brasilnoticias.org\/site\/#\/schema\/logo\/image\/"}},{"@type":"Person","@id":"https:\/\/brasilnoticias.org\/site\/#\/schema\/person\/a0e05b973ec4d15c658d51911e53507b","name":"Reda\u00e7\u00e3o","image":{"@type":"ImageObject","inLanguage":"pt-PT","@id":"https:\/\/brasilnoticias.org\/site\/#\/schema\/person\/image\/","url":"https:\/\/secure.gravatar.com\/avatar\/75d8b050df2de108b08ae78dfb8e374892df24a383c67db9c46a9c604f6aee9c?s=96&d=mm&r=g","contentUrl":"https:\/\/secure.gravatar.com\/avatar\/75d8b050df2de108b08ae78dfb8e374892df24a383c67db9c46a9c604f6aee9c?s=96&d=mm&r=g","caption":"Reda\u00e7\u00e3o"},"sameAs":["https:\/\/brasilnoticias.org\/site"],"url":"https:\/\/brasilnoticias.org\/site\/author\/fernandozsngmail-com\/"}]}},"_links":{"self":[{"href":"https:\/\/brasilnoticias.org\/site\/wp-json\/wp\/v2\/posts\/6910","targetHints":{"allow":["GET"]}}],"collection":[{"href":"https:\/\/brasilnoticias.org\/site\/wp-json\/wp\/v2\/posts"}],"about":[{"href":"https:\/\/brasilnoticias.org\/site\/wp-json\/wp\/v2\/types\/post"}],"author":[{"embeddable":true,"href":"https:\/\/brasilnoticias.org\/site\/wp-json\/wp\/v2\/users\/1"}],"replies":[{"embeddable":true,"href":"https:\/\/brasilnoticias.org\/site\/wp-json\/wp\/v2\/comments?post=6910"}],"version-history":[{"count":1,"href":"https:\/\/brasilnoticias.org\/site\/wp-json\/wp\/v2\/posts\/6910\/revisions"}],"predecessor-version":[{"id":6912,"href":"https:\/\/brasilnoticias.org\/site\/wp-json\/wp\/v2\/posts\/6910\/revisions\/6912"}],"wp:featuredmedia":[{"embeddable":true,"href":"https:\/\/brasilnoticias.org\/site\/wp-json\/wp\/v2\/media\/6911"}],"wp:attachment":[{"href":"https:\/\/brasilnoticias.org\/site\/wp-json\/wp\/v2\/media?parent=6910"}],"wp:term":[{"taxonomy":"category","embeddable":true,"href":"https:\/\/brasilnoticias.org\/site\/wp-json\/wp\/v2\/categories?post=6910"},{"taxonomy":"post_tag","embeddable":true,"href":"https:\/\/brasilnoticias.org\/site\/wp-json\/wp\/v2\/tags?post=6910"}],"curies":[{"name":"wp","href":"https:\/\/api.w.org\/{rel}","templated":true}]}}