{"id":692,"date":"2022-05-30T20:19:21","date_gmt":"2022-05-30T23:19:21","guid":{"rendered":"https:\/\/brasilnoticias.org\/site\/?p=692"},"modified":"2022-05-30T20:19:21","modified_gmt":"2022-05-30T23:19:21","slug":"em-entrevista-no-microfone-aberto-medico-oncologista-leva-esperanca-para-combate-ao-cancer-de-prostata-pulmao-e-ovario","status":"publish","type":"post","link":"https:\/\/brasilnoticias.org\/site\/em-entrevista-no-microfone-aberto-medico-oncologista-leva-esperanca-para-combate-ao-cancer-de-prostata-pulmao-e-ovario\/","title":{"rendered":"Em entrevista no Microfone Aberto, m\u00e9dico oncologista leva esperan\u00e7a para combate ao c\u00e2ncer de pr\u00f3stata, pulm\u00e3o e ov\u00e1rio"},"content":{"rendered":"<p>A pauta da entrevista desta segunda-feira (30) no programa Microfone Aberto, com o apresentador Andr\u00e9 Sp\u00ednola, na Massa FM, trouxe uma excelente not\u00edcia para muitos que sofrem com c\u00e2ncer de pr\u00f3stata, pulm\u00e3o e ov\u00e1rio. O m\u00e9dico oncologista Vin\u00edcius Carreira falou sobre os testes iniciais de uma vacina para doen\u00e7a que assola milhares de pessoas no mundo todo.<\/p>\n<p>Segundo o m\u00e9dico oncologista foi vinculado, recentemente, uma not\u00edcia de um novo estudo que est\u00e1 avaliando uma vacina para essa doen\u00e7a. \u201cDepois da covid acho que teve bastante avan\u00e7o no entendimento de como fazer vacinas, ent\u00e3o est\u00e1 sendo estudada uma vacina contra o c\u00e2ncer de pulm\u00e3o, pr\u00f3stata e ov\u00e1rio. Isso \u00e9 importante porque o c\u00e2ncer de pr\u00f3stata \u00e9 o mais comum no Brasil, \u00e9 o mais comum no mundo e o c\u00e2ncer de pulm\u00e3o \u00e9 o que mais mata. Ent\u00e3o a gente vai atuar numa doen\u00e7a que \u00e9 a mais comum e em outra que \u00e9 uma das mais graves\u201d, disse Carreira.<\/p>\n<p>Ainda na avalia\u00e7\u00e3o do m\u00e9dico, \u201cos tratamentos habituais que a gente est\u00e1 acostumada a usar como quimioterapia, radioterapia, muitas vezes deixa a desejar tanto em efeitos colaterais quanto em n\u00e3o conseguir curar porque o tumor ele acaba evadindo do tratamento e a gente sabe que o nosso sistema imunol\u00f3gico habitualmente combate diversos tumores ainda antes de aparecer. Esses tumores costumam desligar o nosso sistema imunol\u00f3gico, nos enganar pra consiga florescer. Essa vacina ela tem a pretens\u00e3o de tentar reestimular o nosso sistema imunol\u00f3gico pra identificar a c\u00e9lula cancer\u00edgena e assim conseguir combater\u201d.<\/p>\n<p>Carreira tamb\u00e9m explicou, durante a entrevista, que o estudo ainda \u00e9 preliminar e em sua primeira fase, mas \u00e9 a primeira vez que vai ser testado em humanos. O objetivo desse pequeno estudo, que vai ser testado em pouco mais de trinta pacientes, \u00e9 observar se \u00e9 bem tolerado nos humanos e se n\u00e3o tem nenhum efeito colateral significativo para posteriormente poder passar para fases adicionais.<\/p>\n<p>Sobre os locais onde os estudos j\u00e1 come\u00e7aram, o oncologista esclareceu est\u00e1 sendo conduzido, inicialmente, no Reino Unido. \u201cNa verdade, come\u00e7ou o recrutamento em novembro do ano passado. N\u00e3o est\u00e1 dispon\u00edvel no Brasil\u201d, afirmou o especialista, completando que n\u00e3o \u00e9 uma vacina de acesso f\u00e1cil e ressaltar que o foco inicial n\u00e3o ser\u00e1 de preven\u00e7\u00e3o ao c\u00e2ncer. \u201cA gente est\u00e1 acostumado a vacinas antes de ter uma doen\u00e7a infecciosa e a\u00ed nos previne de ter ou de pelo menos de ter uma forma grave. Essa vacina \u00e9 uma vacina diferente. \u00c9 uma vacina para quem j\u00e1 tem o c\u00e2ncer, especificamente para quem j\u00e1 tem numa fase avan\u00e7ada com a presen\u00e7a de met\u00e1stase e no momento que a pessoa j\u00e1 tomou um tratamento como a quimioterapia e n\u00e3o fez efeito. Ent\u00e3o \u00e9 uma coisa pra gente vislumbrar para o futuro, mas n\u00e3o \u00e9 nada palp\u00e1vel para o momento agora e na pr\u00e1tica pra um paciente, por exemplo, que esteja com c\u00e2ncer ou algu\u00e9m que queira prevenir de ter um c\u00e2ncer\u201d, pontuou.<\/p>\n<p>Vin\u00edcius Carreira tamb\u00e9m deixou claro que do ponto de vista para ser uma droga liberada para poder ser utilizada, dura cerca de cinco anos at\u00e9 chegar no mercado. \u201cMuitas vezes a gente consegue usar antes participando de estudos cl\u00ednicos. Ent\u00e3o eu, por exemplo, recebi vacina da covid por estudos cl\u00ednicos em hospitais. Pode ser que em dois anos, tr\u00eas anos essa vacina esteja dispon\u00edvel para que, se ela for positiva nesse estudo de fase um, na pr\u00f3xima fase disso tudo esteja dispon\u00edvel no Brasil como estudo, mas pra uso mais amplo seria de cinco anos, na melhor das hip\u00f3teses\u201d, analisou.<\/p>\n<p><em>Foto: Divlga\u00e7\u00e3o\u00a0<\/em><\/p>\n","protected":false},"excerpt":{"rendered":"<p>A pauta da entrevista desta segunda-feira (30) no programa Microfone Aberto, com o apresentador Andr\u00e9 Sp\u00ednola, na Massa FM, trouxe<\/p>\n","protected":false},"author":2,"featured_media":693,"comment_status":"open","ping_status":"open","sticky":false,"template":"","format":"standard","meta":{"colormag_page_container_layout":"default_layout","colormag_page_sidebar_layout":"default_layout","_FSMCFIC_featured_image_caption":"","_FSMCFIC_featured_image_nocaption":"","_FSMCFIC_featured_image_hide":"","footnotes":""},"categories":[2,1],"tags":[],"class_list":["post-692","post","type-post","status-publish","format-standard","has-post-thumbnail","hentry","category-noticias","category-ultimas"],"yoast_head":"<!-- This site is optimized with the Yoast SEO plugin v27.1.1 - https:\/\/yoast.com\/product\/yoast-seo-wordpress\/ -->\n<title>Em entrevista no Microfone Aberto, m\u00e9dico oncologista leva esperan\u00e7a para combate ao c\u00e2ncer de pr\u00f3stata, pulm\u00e3o e ov\u00e1rio - Brasil not\u00edcias<\/title>\n<meta name=\"robots\" content=\"index, follow, max-snippet:-1, max-image-preview:large, max-video-preview:-1\" \/>\n<link rel=\"canonical\" href=\"https:\/\/brasilnoticias.org\/site\/em-entrevista-no-microfone-aberto-medico-oncologista-leva-esperanca-para-combate-ao-cancer-de-prostata-pulmao-e-ovario\/\" \/>\n<meta property=\"og:locale\" content=\"pt_PT\" \/>\n<meta property=\"og:type\" content=\"article\" \/>\n<meta property=\"og:title\" content=\"Em entrevista no Microfone Aberto, m\u00e9dico oncologista leva esperan\u00e7a para combate ao c\u00e2ncer de pr\u00f3stata, pulm\u00e3o e ov\u00e1rio - Brasil not\u00edcias\" \/>\n<meta property=\"og:description\" content=\"A pauta da entrevista desta segunda-feira (30) no programa Microfone Aberto, com o apresentador Andr\u00e9 Sp\u00ednola, na Massa FM, trouxe\" \/>\n<meta property=\"og:url\" content=\"https:\/\/brasilnoticias.org\/site\/em-entrevista-no-microfone-aberto-medico-oncologista-leva-esperanca-para-combate-ao-cancer-de-prostata-pulmao-e-ovario\/\" \/>\n<meta property=\"og:site_name\" content=\"Brasil not\u00edcias\" \/>\n<meta property=\"article:published_time\" content=\"2022-05-30T23:19:21+00:00\" \/>\n<meta property=\"og:image\" content=\"https:\/\/brasilnoticias.org\/site\/wp-content\/uploads\/2022\/05\/IMG-20220530-WA0030.jpg\" \/>\n\t<meta property=\"og:image:width\" content=\"995\" \/>\n\t<meta property=\"og:image:height\" content=\"1393\" \/>\n\t<meta property=\"og:image:type\" content=\"image\/jpeg\" \/>\n<meta name=\"author\" content=\"Reda\u00e7\u00e3o\" \/>\n<meta name=\"twitter:card\" content=\"summary_large_image\" \/>\n<meta name=\"twitter:label1\" content=\"Escrito por\" \/>\n\t<meta name=\"twitter:data1\" content=\"Reda\u00e7\u00e3o\" \/>\n\t<meta name=\"twitter:label2\" content=\"Tempo estimado de leitura\" \/>\n\t<meta name=\"twitter:data2\" content=\"3 minutos\" \/>\n<script type=\"application\/ld+json\" class=\"yoast-schema-graph\">{\"@context\":\"https:\/\/schema.org\",\"@graph\":[{\"@type\":\"Article\",\"@id\":\"https:\/\/brasilnoticias.org\/site\/em-entrevista-no-microfone-aberto-medico-oncologista-leva-esperanca-para-combate-ao-cancer-de-prostata-pulmao-e-ovario\/#article\",\"isPartOf\":{\"@id\":\"https:\/\/brasilnoticias.org\/site\/em-entrevista-no-microfone-aberto-medico-oncologista-leva-esperanca-para-combate-ao-cancer-de-prostata-pulmao-e-ovario\/\"},\"author\":{\"name\":\"Reda\u00e7\u00e3o\",\"@id\":\"https:\/\/brasilnoticias.org\/site\/#\/schema\/person\/f609fa847b5314f1c8b983342f34c798\"},\"headline\":\"Em entrevista no Microfone Aberto, m\u00e9dico oncologista leva esperan\u00e7a para combate ao c\u00e2ncer de pr\u00f3stata, pulm\u00e3o e ov\u00e1rio\",\"datePublished\":\"2022-05-30T23:19:21+00:00\",\"mainEntityOfPage\":{\"@id\":\"https:\/\/brasilnoticias.org\/site\/em-entrevista-no-microfone-aberto-medico-oncologista-leva-esperanca-para-combate-ao-cancer-de-prostata-pulmao-e-ovario\/\"},\"wordCount\":665,\"commentCount\":0,\"publisher\":{\"@id\":\"https:\/\/brasilnoticias.org\/site\/#organization\"},\"image\":{\"@id\":\"https:\/\/brasilnoticias.org\/site\/em-entrevista-no-microfone-aberto-medico-oncologista-leva-esperanca-para-combate-ao-cancer-de-prostata-pulmao-e-ovario\/#primaryimage\"},\"thumbnailUrl\":\"https:\/\/brasilnoticias.org\/site\/wp-content\/uploads\/2022\/05\/IMG-20220530-WA0030.jpg\",\"articleSection\":[\"Not\u00edcias\",\"\u00daltimas\"],\"inLanguage\":\"pt-PT\",\"potentialAction\":[{\"@type\":\"CommentAction\",\"name\":\"Comment\",\"target\":[\"https:\/\/brasilnoticias.org\/site\/em-entrevista-no-microfone-aberto-medico-oncologista-leva-esperanca-para-combate-ao-cancer-de-prostata-pulmao-e-ovario\/#respond\"]}]},{\"@type\":\"WebPage\",\"@id\":\"https:\/\/brasilnoticias.org\/site\/em-entrevista-no-microfone-aberto-medico-oncologista-leva-esperanca-para-combate-ao-cancer-de-prostata-pulmao-e-ovario\/\",\"url\":\"https:\/\/brasilnoticias.org\/site\/em-entrevista-no-microfone-aberto-medico-oncologista-leva-esperanca-para-combate-ao-cancer-de-prostata-pulmao-e-ovario\/\",\"name\":\"Em entrevista no Microfone Aberto, m\u00e9dico oncologista leva esperan\u00e7a para combate ao c\u00e2ncer de pr\u00f3stata, pulm\u00e3o e ov\u00e1rio - Brasil not\u00edcias\",\"isPartOf\":{\"@id\":\"https:\/\/brasilnoticias.org\/site\/#website\"},\"primaryImageOfPage\":{\"@id\":\"https:\/\/brasilnoticias.org\/site\/em-entrevista-no-microfone-aberto-medico-oncologista-leva-esperanca-para-combate-ao-cancer-de-prostata-pulmao-e-ovario\/#primaryimage\"},\"image\":{\"@id\":\"https:\/\/brasilnoticias.org\/site\/em-entrevista-no-microfone-aberto-medico-oncologista-leva-esperanca-para-combate-ao-cancer-de-prostata-pulmao-e-ovario\/#primaryimage\"},\"thumbnailUrl\":\"https:\/\/brasilnoticias.org\/site\/wp-content\/uploads\/2022\/05\/IMG-20220530-WA0030.jpg\",\"datePublished\":\"2022-05-30T23:19:21+00:00\",\"breadcrumb\":{\"@id\":\"https:\/\/brasilnoticias.org\/site\/em-entrevista-no-microfone-aberto-medico-oncologista-leva-esperanca-para-combate-ao-cancer-de-prostata-pulmao-e-ovario\/#breadcrumb\"},\"inLanguage\":\"pt-PT\",\"potentialAction\":[{\"@type\":\"ReadAction\",\"target\":[\"https:\/\/brasilnoticias.org\/site\/em-entrevista-no-microfone-aberto-medico-oncologista-leva-esperanca-para-combate-ao-cancer-de-prostata-pulmao-e-ovario\/\"]}]},{\"@type\":\"ImageObject\",\"inLanguage\":\"pt-PT\",\"@id\":\"https:\/\/brasilnoticias.org\/site\/em-entrevista-no-microfone-aberto-medico-oncologista-leva-esperanca-para-combate-ao-cancer-de-prostata-pulmao-e-ovario\/#primaryimage\",\"url\":\"https:\/\/brasilnoticias.org\/site\/wp-content\/uploads\/2022\/05\/IMG-20220530-WA0030.jpg\",\"contentUrl\":\"https:\/\/brasilnoticias.org\/site\/wp-content\/uploads\/2022\/05\/IMG-20220530-WA0030.jpg\",\"width\":995,\"height\":1393},{\"@type\":\"BreadcrumbList\",\"@id\":\"https:\/\/brasilnoticias.org\/site\/em-entrevista-no-microfone-aberto-medico-oncologista-leva-esperanca-para-combate-ao-cancer-de-prostata-pulmao-e-ovario\/#breadcrumb\",\"itemListElement\":[{\"@type\":\"ListItem\",\"position\":1,\"name\":\"In\u00edcio\",\"item\":\"https:\/\/brasilnoticias.org\/site\/\"},{\"@type\":\"ListItem\",\"position\":2,\"name\":\"Em entrevista no Microfone Aberto, m\u00e9dico oncologista leva esperan\u00e7a para combate ao c\u00e2ncer de pr\u00f3stata, pulm\u00e3o e ov\u00e1rio\"}]},{\"@type\":\"WebSite\",\"@id\":\"https:\/\/brasilnoticias.org\/site\/#website\",\"url\":\"https:\/\/brasilnoticias.org\/site\/\",\"name\":\"Brasil not\u00edcias\",\"description\":\"Brasil not\u00edcias\",\"publisher\":{\"@id\":\"https:\/\/brasilnoticias.org\/site\/#organization\"},\"potentialAction\":[{\"@type\":\"SearchAction\",\"target\":{\"@type\":\"EntryPoint\",\"urlTemplate\":\"https:\/\/brasilnoticias.org\/site\/?s={search_term_string}\"},\"query-input\":{\"@type\":\"PropertyValueSpecification\",\"valueRequired\":true,\"valueName\":\"search_term_string\"}}],\"inLanguage\":\"pt-PT\"},{\"@type\":\"Organization\",\"@id\":\"https:\/\/brasilnoticias.org\/site\/#organization\",\"name\":\"Brasil not\u00edcias\",\"url\":\"https:\/\/brasilnoticias.org\/site\/\",\"logo\":{\"@type\":\"ImageObject\",\"inLanguage\":\"pt-PT\",\"@id\":\"https:\/\/brasilnoticias.org\/site\/#\/schema\/logo\/image\/\",\"url\":\"https:\/\/brasilnoticias.org\/site\/wp-content\/uploads\/2022\/05\/cropped-brasilnoticias-mini.jpg\",\"contentUrl\":\"https:\/\/brasilnoticias.org\/site\/wp-content\/uploads\/2022\/05\/cropped-brasilnoticias-mini.jpg\",\"width\":314,\"height\":86,\"caption\":\"Brasil not\u00edcias\"},\"image\":{\"@id\":\"https:\/\/brasilnoticias.org\/site\/#\/schema\/logo\/image\/\"}},{\"@type\":\"Person\",\"@id\":\"https:\/\/brasilnoticias.org\/site\/#\/schema\/person\/f609fa847b5314f1c8b983342f34c798\",\"name\":\"Reda\u00e7\u00e3o\",\"image\":{\"@type\":\"ImageObject\",\"inLanguage\":\"pt-PT\",\"@id\":\"https:\/\/brasilnoticias.org\/site\/#\/schema\/person\/image\/\",\"url\":\"https:\/\/secure.gravatar.com\/avatar\/447284c06c1ad8b46465a36de9cd0d8326b73387a22799b8b1ffb1fbcff2ed0c?s=96&d=mm&r=g\",\"contentUrl\":\"https:\/\/secure.gravatar.com\/avatar\/447284c06c1ad8b46465a36de9cd0d8326b73387a22799b8b1ffb1fbcff2ed0c?s=96&d=mm&r=g\",\"caption\":\"Reda\u00e7\u00e3o\"},\"url\":\"https:\/\/brasilnoticias.org\/site\/author\/redacao\/\"}]}<\/script>\n<!-- \/ Yoast SEO plugin. -->","yoast_head_json":{"title":"Em entrevista no Microfone Aberto, m\u00e9dico oncologista leva esperan\u00e7a para combate ao c\u00e2ncer de pr\u00f3stata, pulm\u00e3o e ov\u00e1rio - Brasil not\u00edcias","robots":{"index":"index","follow":"follow","max-snippet":"max-snippet:-1","max-image-preview":"max-image-preview:large","max-video-preview":"max-video-preview:-1"},"canonical":"https:\/\/brasilnoticias.org\/site\/em-entrevista-no-microfone-aberto-medico-oncologista-leva-esperanca-para-combate-ao-cancer-de-prostata-pulmao-e-ovario\/","og_locale":"pt_PT","og_type":"article","og_title":"Em entrevista no Microfone Aberto, m\u00e9dico oncologista leva esperan\u00e7a para combate ao c\u00e2ncer de pr\u00f3stata, pulm\u00e3o e ov\u00e1rio - Brasil not\u00edcias","og_description":"A pauta da entrevista desta segunda-feira (30) no programa Microfone Aberto, com o apresentador Andr\u00e9 Sp\u00ednola, na Massa FM, trouxe","og_url":"https:\/\/brasilnoticias.org\/site\/em-entrevista-no-microfone-aberto-medico-oncologista-leva-esperanca-para-combate-ao-cancer-de-prostata-pulmao-e-ovario\/","og_site_name":"Brasil not\u00edcias","article_published_time":"2022-05-30T23:19:21+00:00","og_image":[{"width":995,"height":1393,"url":"https:\/\/brasilnoticias.org\/site\/wp-content\/uploads\/2022\/05\/IMG-20220530-WA0030.jpg","type":"image\/jpeg"}],"author":"Reda\u00e7\u00e3o","twitter_card":"summary_large_image","twitter_misc":{"Escrito por":"Reda\u00e7\u00e3o","Tempo estimado de leitura":"3 minutos"},"schema":{"@context":"https:\/\/schema.org","@graph":[{"@type":"Article","@id":"https:\/\/brasilnoticias.org\/site\/em-entrevista-no-microfone-aberto-medico-oncologista-leva-esperanca-para-combate-ao-cancer-de-prostata-pulmao-e-ovario\/#article","isPartOf":{"@id":"https:\/\/brasilnoticias.org\/site\/em-entrevista-no-microfone-aberto-medico-oncologista-leva-esperanca-para-combate-ao-cancer-de-prostata-pulmao-e-ovario\/"},"author":{"name":"Reda\u00e7\u00e3o","@id":"https:\/\/brasilnoticias.org\/site\/#\/schema\/person\/f609fa847b5314f1c8b983342f34c798"},"headline":"Em entrevista no Microfone Aberto, m\u00e9dico oncologista leva esperan\u00e7a para combate ao c\u00e2ncer de pr\u00f3stata, pulm\u00e3o e ov\u00e1rio","datePublished":"2022-05-30T23:19:21+00:00","mainEntityOfPage":{"@id":"https:\/\/brasilnoticias.org\/site\/em-entrevista-no-microfone-aberto-medico-oncologista-leva-esperanca-para-combate-ao-cancer-de-prostata-pulmao-e-ovario\/"},"wordCount":665,"commentCount":0,"publisher":{"@id":"https:\/\/brasilnoticias.org\/site\/#organization"},"image":{"@id":"https:\/\/brasilnoticias.org\/site\/em-entrevista-no-microfone-aberto-medico-oncologista-leva-esperanca-para-combate-ao-cancer-de-prostata-pulmao-e-ovario\/#primaryimage"},"thumbnailUrl":"https:\/\/brasilnoticias.org\/site\/wp-content\/uploads\/2022\/05\/IMG-20220530-WA0030.jpg","articleSection":["Not\u00edcias","\u00daltimas"],"inLanguage":"pt-PT","potentialAction":[{"@type":"CommentAction","name":"Comment","target":["https:\/\/brasilnoticias.org\/site\/em-entrevista-no-microfone-aberto-medico-oncologista-leva-esperanca-para-combate-ao-cancer-de-prostata-pulmao-e-ovario\/#respond"]}]},{"@type":"WebPage","@id":"https:\/\/brasilnoticias.org\/site\/em-entrevista-no-microfone-aberto-medico-oncologista-leva-esperanca-para-combate-ao-cancer-de-prostata-pulmao-e-ovario\/","url":"https:\/\/brasilnoticias.org\/site\/em-entrevista-no-microfone-aberto-medico-oncologista-leva-esperanca-para-combate-ao-cancer-de-prostata-pulmao-e-ovario\/","name":"Em entrevista no Microfone Aberto, m\u00e9dico oncologista leva esperan\u00e7a para combate ao c\u00e2ncer de pr\u00f3stata, pulm\u00e3o e ov\u00e1rio - Brasil not\u00edcias","isPartOf":{"@id":"https:\/\/brasilnoticias.org\/site\/#website"},"primaryImageOfPage":{"@id":"https:\/\/brasilnoticias.org\/site\/em-entrevista-no-microfone-aberto-medico-oncologista-leva-esperanca-para-combate-ao-cancer-de-prostata-pulmao-e-ovario\/#primaryimage"},"image":{"@id":"https:\/\/brasilnoticias.org\/site\/em-entrevista-no-microfone-aberto-medico-oncologista-leva-esperanca-para-combate-ao-cancer-de-prostata-pulmao-e-ovario\/#primaryimage"},"thumbnailUrl":"https:\/\/brasilnoticias.org\/site\/wp-content\/uploads\/2022\/05\/IMG-20220530-WA0030.jpg","datePublished":"2022-05-30T23:19:21+00:00","breadcrumb":{"@id":"https:\/\/brasilnoticias.org\/site\/em-entrevista-no-microfone-aberto-medico-oncologista-leva-esperanca-para-combate-ao-cancer-de-prostata-pulmao-e-ovario\/#breadcrumb"},"inLanguage":"pt-PT","potentialAction":[{"@type":"ReadAction","target":["https:\/\/brasilnoticias.org\/site\/em-entrevista-no-microfone-aberto-medico-oncologista-leva-esperanca-para-combate-ao-cancer-de-prostata-pulmao-e-ovario\/"]}]},{"@type":"ImageObject","inLanguage":"pt-PT","@id":"https:\/\/brasilnoticias.org\/site\/em-entrevista-no-microfone-aberto-medico-oncologista-leva-esperanca-para-combate-ao-cancer-de-prostata-pulmao-e-ovario\/#primaryimage","url":"https:\/\/brasilnoticias.org\/site\/wp-content\/uploads\/2022\/05\/IMG-20220530-WA0030.jpg","contentUrl":"https:\/\/brasilnoticias.org\/site\/wp-content\/uploads\/2022\/05\/IMG-20220530-WA0030.jpg","width":995,"height":1393},{"@type":"BreadcrumbList","@id":"https:\/\/brasilnoticias.org\/site\/em-entrevista-no-microfone-aberto-medico-oncologista-leva-esperanca-para-combate-ao-cancer-de-prostata-pulmao-e-ovario\/#breadcrumb","itemListElement":[{"@type":"ListItem","position":1,"name":"In\u00edcio","item":"https:\/\/brasilnoticias.org\/site\/"},{"@type":"ListItem","position":2,"name":"Em entrevista no Microfone Aberto, m\u00e9dico oncologista leva esperan\u00e7a para combate ao c\u00e2ncer de pr\u00f3stata, pulm\u00e3o e ov\u00e1rio"}]},{"@type":"WebSite","@id":"https:\/\/brasilnoticias.org\/site\/#website","url":"https:\/\/brasilnoticias.org\/site\/","name":"Brasil not\u00edcias","description":"Brasil not\u00edcias","publisher":{"@id":"https:\/\/brasilnoticias.org\/site\/#organization"},"potentialAction":[{"@type":"SearchAction","target":{"@type":"EntryPoint","urlTemplate":"https:\/\/brasilnoticias.org\/site\/?s={search_term_string}"},"query-input":{"@type":"PropertyValueSpecification","valueRequired":true,"valueName":"search_term_string"}}],"inLanguage":"pt-PT"},{"@type":"Organization","@id":"https:\/\/brasilnoticias.org\/site\/#organization","name":"Brasil not\u00edcias","url":"https:\/\/brasilnoticias.org\/site\/","logo":{"@type":"ImageObject","inLanguage":"pt-PT","@id":"https:\/\/brasilnoticias.org\/site\/#\/schema\/logo\/image\/","url":"https:\/\/brasilnoticias.org\/site\/wp-content\/uploads\/2022\/05\/cropped-brasilnoticias-mini.jpg","contentUrl":"https:\/\/brasilnoticias.org\/site\/wp-content\/uploads\/2022\/05\/cropped-brasilnoticias-mini.jpg","width":314,"height":86,"caption":"Brasil not\u00edcias"},"image":{"@id":"https:\/\/brasilnoticias.org\/site\/#\/schema\/logo\/image\/"}},{"@type":"Person","@id":"https:\/\/brasilnoticias.org\/site\/#\/schema\/person\/f609fa847b5314f1c8b983342f34c798","name":"Reda\u00e7\u00e3o","image":{"@type":"ImageObject","inLanguage":"pt-PT","@id":"https:\/\/brasilnoticias.org\/site\/#\/schema\/person\/image\/","url":"https:\/\/secure.gravatar.com\/avatar\/447284c06c1ad8b46465a36de9cd0d8326b73387a22799b8b1ffb1fbcff2ed0c?s=96&d=mm&r=g","contentUrl":"https:\/\/secure.gravatar.com\/avatar\/447284c06c1ad8b46465a36de9cd0d8326b73387a22799b8b1ffb1fbcff2ed0c?s=96&d=mm&r=g","caption":"Reda\u00e7\u00e3o"},"url":"https:\/\/brasilnoticias.org\/site\/author\/redacao\/"}]}},"_links":{"self":[{"href":"https:\/\/brasilnoticias.org\/site\/wp-json\/wp\/v2\/posts\/692","targetHints":{"allow":["GET"]}}],"collection":[{"href":"https:\/\/brasilnoticias.org\/site\/wp-json\/wp\/v2\/posts"}],"about":[{"href":"https:\/\/brasilnoticias.org\/site\/wp-json\/wp\/v2\/types\/post"}],"author":[{"embeddable":true,"href":"https:\/\/brasilnoticias.org\/site\/wp-json\/wp\/v2\/users\/2"}],"replies":[{"embeddable":true,"href":"https:\/\/brasilnoticias.org\/site\/wp-json\/wp\/v2\/comments?post=692"}],"version-history":[{"count":1,"href":"https:\/\/brasilnoticias.org\/site\/wp-json\/wp\/v2\/posts\/692\/revisions"}],"predecessor-version":[{"id":694,"href":"https:\/\/brasilnoticias.org\/site\/wp-json\/wp\/v2\/posts\/692\/revisions\/694"}],"wp:featuredmedia":[{"embeddable":true,"href":"https:\/\/brasilnoticias.org\/site\/wp-json\/wp\/v2\/media\/693"}],"wp:attachment":[{"href":"https:\/\/brasilnoticias.org\/site\/wp-json\/wp\/v2\/media?parent=692"}],"wp:term":[{"taxonomy":"category","embeddable":true,"href":"https:\/\/brasilnoticias.org\/site\/wp-json\/wp\/v2\/categories?post=692"},{"taxonomy":"post_tag","embeddable":true,"href":"https:\/\/brasilnoticias.org\/site\/wp-json\/wp\/v2\/tags?post=692"}],"curies":[{"name":"wp","href":"https:\/\/api.w.org\/{rel}","templated":true}]}}