{"id":6928,"date":"2023-06-27T06:49:24","date_gmt":"2023-06-27T09:49:24","guid":{"rendered":"https:\/\/brasilnoticias.org\/site\/?p=6928"},"modified":"2023-06-27T06:49:24","modified_gmt":"2023-06-27T09:49:24","slug":"advogado-medico-e-empresario-sao-levados-a-delegacia-apos-suspeita-de-assedio-sexual-em-shopping-de-salvador","status":"publish","type":"post","link":"https:\/\/brasilnoticias.org\/site\/advogado-medico-e-empresario-sao-levados-a-delegacia-apos-suspeita-de-assedio-sexual-em-shopping-de-salvador\/","title":{"rendered":"Advogado, m\u00e9dico e empres\u00e1rio s\u00e3o levados \u00e0 delegacia ap\u00f3s suspeita de ass\u00e9dio sexual em shopping de Salvador"},"content":{"rendered":"<p>Seguran\u00e7as de um shopping de Salvador acionaram a pol\u00edcia para condu\u00e7\u00e3o de um homem suspeito de assediar sexualmente de uma adolescente, de 13 anos, que estava em companhia de uma amiga da mesma idade. O caso teria ocorrido no primeiro piso do Shopping Barra, nesta segunda-feira (26).<\/p>\n<p>O acusado teria feito gestos e dito palavras ofensivas a uma das garotas. O homem estava com dois amigos que o acompanharam \u00e0  delegacia. Seriam um m\u00e9dico, um advogado e um empres\u00e1rio que  estavam juntos no momento do suposto abuso. <\/p>\n<p>A condu\u00e7\u00e3o foi feita por policiais da 11\u00aa Companhia Independente de Pol\u00edcia Militar (CIPM) \u00e0 Delegacia de Repress\u00e3o a Crimes Contra a Crian\u00e7a e o Adolescente (DERCCA), localizada em Pitangueiras, no bairro de Brotas. A delegada titular, Simone Moutinho, ouviu o acusado. As informa\u00e7\u00f5es foram confirmadas \u00e0 reportagem do Bnews pelo plant\u00e3o da delegacia. Em depoimento, ele teria negado, embora a menina tenha dito que foi olhada de &#8220;maneira estranha&#8221;.<\/p>\n<p>Ap\u00f3s o depoimento, as autoridades policiais respons\u00e1veis decidir\u00e3o se o suspeito ser\u00e1 autuado em flagrante ou se ser\u00e1 feito um termo circunstanciado. <\/p>\n<p>Testemunhas que presenciaram a situa\u00e7\u00e3o acionaram os seguran\u00e7as e relataram que um dos homens abordou uma das garotas e fez coment\u00e1rios pejorativos, configurando ass\u00e9dio sexual. A assessoria do Shopping Barra, atrav\u00e9s de nota de esclarecimento enviada ao site, informou ter conhecimento da ocorr\u00eancia relatada e afirmou que o setor de seguran\u00e7a do empreendimento foi acionado e est\u00e1 \u00e0 disposi\u00e7\u00e3o das autoridades para apoiar as investiga\u00e7\u00f5es.<\/p>\n<p>O Bnews tamb\u00e9m entrou em contato com a assessoria da Pol\u00edcia Militar da Bahia (PMBA), mas n\u00e3o recebeu retorno at\u00e9 o momento em que a mat\u00e9ria foi veiculada. O site segue \u00e0 disposi\u00e7\u00e3o para mais esclarecimentos sobre o caso. <\/p>\n<p>Foto Divulga\u00e7\u00e3o \/ Shopping Barra<br \/>\nBNews<\/p>\n","protected":false},"excerpt":{"rendered":"<p>Seguran\u00e7as de um shopping de Salvador acionaram a pol\u00edcia para condu\u00e7\u00e3o de um homem suspeito de assediar sexualmente de uma<\/p>\n","protected":false},"author":1,"featured_media":6929,"comment_status":"open","ping_status":"open","sticky":false,"template":"","format":"standard","meta":{"colormag_page_container_layout":"default_layout","colormag_page_sidebar_layout":"default_layout","_FSMCFIC_featured_image_caption":"","_FSMCFIC_featured_image_nocaption":"","_FSMCFIC_featured_image_hide":"","footnotes":""},"categories":[2,1],"tags":[],"class_list":["post-6928","post","type-post","status-publish","format-standard","has-post-thumbnail","hentry","category-noticias","category-ultimas"],"yoast_head":"<!-- This site is optimized with the Yoast SEO plugin v27.1.1 - https:\/\/yoast.com\/product\/yoast-seo-wordpress\/ -->\n<title>Advogado, m\u00e9dico e empres\u00e1rio s\u00e3o levados \u00e0 delegacia ap\u00f3s suspeita de ass\u00e9dio sexual em shopping de Salvador - Brasil not\u00edcias<\/title>\n<meta name=\"robots\" content=\"index, follow, max-snippet:-1, max-image-preview:large, max-video-preview:-1\" \/>\n<link rel=\"canonical\" href=\"https:\/\/brasilnoticias.org\/site\/advogado-medico-e-empresario-sao-levados-a-delegacia-apos-suspeita-de-assedio-sexual-em-shopping-de-salvador\/\" \/>\n<meta property=\"og:locale\" content=\"pt_PT\" \/>\n<meta property=\"og:type\" content=\"article\" \/>\n<meta property=\"og:title\" content=\"Advogado, m\u00e9dico e empres\u00e1rio s\u00e3o levados \u00e0 delegacia ap\u00f3s suspeita de ass\u00e9dio sexual em shopping de Salvador - Brasil not\u00edcias\" \/>\n<meta property=\"og:description\" content=\"Seguran\u00e7as de um shopping de Salvador acionaram a pol\u00edcia para condu\u00e7\u00e3o de um homem suspeito de assediar sexualmente de uma\" \/>\n<meta property=\"og:url\" content=\"https:\/\/brasilnoticias.org\/site\/advogado-medico-e-empresario-sao-levados-a-delegacia-apos-suspeita-de-assedio-sexual-em-shopping-de-salvador\/\" \/>\n<meta property=\"og:site_name\" content=\"Brasil not\u00edcias\" \/>\n<meta property=\"article:published_time\" content=\"2023-06-27T09:49:24+00:00\" \/>\n<meta property=\"og:image\" content=\"https:\/\/brasilnoticias.org\/site\/wp-content\/uploads\/2023\/06\/sem_titulo_mTRtofK_widelg.jpg\" \/>\n\t<meta property=\"og:image:width\" content=\"800\" \/>\n\t<meta property=\"og:image:height\" content=\"450\" \/>\n\t<meta property=\"og:image:type\" content=\"image\/jpeg\" \/>\n<meta name=\"author\" content=\"Reda\u00e7\u00e3o\" \/>\n<meta name=\"twitter:card\" content=\"summary_large_image\" \/>\n<meta name=\"twitter:label1\" content=\"Escrito por\" \/>\n\t<meta name=\"twitter:data1\" content=\"Reda\u00e7\u00e3o\" \/>\n<script type=\"application\/ld+json\" class=\"yoast-schema-graph\">{\"@context\":\"https:\/\/schema.org\",\"@graph\":[{\"@type\":\"Article\",\"@id\":\"https:\/\/brasilnoticias.org\/site\/advogado-medico-e-empresario-sao-levados-a-delegacia-apos-suspeita-de-assedio-sexual-em-shopping-de-salvador\/#article\",\"isPartOf\":{\"@id\":\"https:\/\/brasilnoticias.org\/site\/advogado-medico-e-empresario-sao-levados-a-delegacia-apos-suspeita-de-assedio-sexual-em-shopping-de-salvador\/\"},\"author\":{\"name\":\"Reda\u00e7\u00e3o\",\"@id\":\"https:\/\/brasilnoticias.org\/site\/#\/schema\/person\/a0e05b973ec4d15c658d51911e53507b\"},\"headline\":\"Advogado, m\u00e9dico e empres\u00e1rio s\u00e3o levados \u00e0 delegacia ap\u00f3s suspeita de ass\u00e9dio sexual em shopping de Salvador\",\"datePublished\":\"2023-06-27T09:49:24+00:00\",\"mainEntityOfPage\":{\"@id\":\"https:\/\/brasilnoticias.org\/site\/advogado-medico-e-empresario-sao-levados-a-delegacia-apos-suspeita-de-assedio-sexual-em-shopping-de-salvador\/\"},\"wordCount\":330,\"commentCount\":0,\"publisher\":{\"@id\":\"https:\/\/brasilnoticias.org\/site\/#organization\"},\"image\":{\"@id\":\"https:\/\/brasilnoticias.org\/site\/advogado-medico-e-empresario-sao-levados-a-delegacia-apos-suspeita-de-assedio-sexual-em-shopping-de-salvador\/#primaryimage\"},\"thumbnailUrl\":\"https:\/\/brasilnoticias.org\/site\/wp-content\/uploads\/2023\/06\/sem_titulo_mTRtofK_widelg.jpg\",\"articleSection\":[\"Not\u00edcias\",\"\u00daltimas\"],\"inLanguage\":\"pt-PT\",\"potentialAction\":[{\"@type\":\"CommentAction\",\"name\":\"Comment\",\"target\":[\"https:\/\/brasilnoticias.org\/site\/advogado-medico-e-empresario-sao-levados-a-delegacia-apos-suspeita-de-assedio-sexual-em-shopping-de-salvador\/#respond\"]}]},{\"@type\":\"WebPage\",\"@id\":\"https:\/\/brasilnoticias.org\/site\/advogado-medico-e-empresario-sao-levados-a-delegacia-apos-suspeita-de-assedio-sexual-em-shopping-de-salvador\/\",\"url\":\"https:\/\/brasilnoticias.org\/site\/advogado-medico-e-empresario-sao-levados-a-delegacia-apos-suspeita-de-assedio-sexual-em-shopping-de-salvador\/\",\"name\":\"Advogado, m\u00e9dico e empres\u00e1rio s\u00e3o levados \u00e0 delegacia ap\u00f3s suspeita de ass\u00e9dio sexual em shopping de Salvador - Brasil not\u00edcias\",\"isPartOf\":{\"@id\":\"https:\/\/brasilnoticias.org\/site\/#website\"},\"primaryImageOfPage\":{\"@id\":\"https:\/\/brasilnoticias.org\/site\/advogado-medico-e-empresario-sao-levados-a-delegacia-apos-suspeita-de-assedio-sexual-em-shopping-de-salvador\/#primaryimage\"},\"image\":{\"@id\":\"https:\/\/brasilnoticias.org\/site\/advogado-medico-e-empresario-sao-levados-a-delegacia-apos-suspeita-de-assedio-sexual-em-shopping-de-salvador\/#primaryimage\"},\"thumbnailUrl\":\"https:\/\/brasilnoticias.org\/site\/wp-content\/uploads\/2023\/06\/sem_titulo_mTRtofK_widelg.jpg\",\"datePublished\":\"2023-06-27T09:49:24+00:00\",\"breadcrumb\":{\"@id\":\"https:\/\/brasilnoticias.org\/site\/advogado-medico-e-empresario-sao-levados-a-delegacia-apos-suspeita-de-assedio-sexual-em-shopping-de-salvador\/#breadcrumb\"},\"inLanguage\":\"pt-PT\",\"potentialAction\":[{\"@type\":\"ReadAction\",\"target\":[\"https:\/\/brasilnoticias.org\/site\/advogado-medico-e-empresario-sao-levados-a-delegacia-apos-suspeita-de-assedio-sexual-em-shopping-de-salvador\/\"]}]},{\"@type\":\"ImageObject\",\"inLanguage\":\"pt-PT\",\"@id\":\"https:\/\/brasilnoticias.org\/site\/advogado-medico-e-empresario-sao-levados-a-delegacia-apos-suspeita-de-assedio-sexual-em-shopping-de-salvador\/#primaryimage\",\"url\":\"https:\/\/brasilnoticias.org\/site\/wp-content\/uploads\/2023\/06\/sem_titulo_mTRtofK_widelg.jpg\",\"contentUrl\":\"https:\/\/brasilnoticias.org\/site\/wp-content\/uploads\/2023\/06\/sem_titulo_mTRtofK_widelg.jpg\",\"width\":800,\"height\":450},{\"@type\":\"BreadcrumbList\",\"@id\":\"https:\/\/brasilnoticias.org\/site\/advogado-medico-e-empresario-sao-levados-a-delegacia-apos-suspeita-de-assedio-sexual-em-shopping-de-salvador\/#breadcrumb\",\"itemListElement\":[{\"@type\":\"ListItem\",\"position\":1,\"name\":\"In\u00edcio\",\"item\":\"https:\/\/brasilnoticias.org\/site\/\"},{\"@type\":\"ListItem\",\"position\":2,\"name\":\"Advogado, m\u00e9dico e empres\u00e1rio s\u00e3o levados \u00e0 delegacia ap\u00f3s suspeita de ass\u00e9dio sexual em shopping de Salvador\"}]},{\"@type\":\"WebSite\",\"@id\":\"https:\/\/brasilnoticias.org\/site\/#website\",\"url\":\"https:\/\/brasilnoticias.org\/site\/\",\"name\":\"Brasil not\u00edcias\",\"description\":\"Brasil not\u00edcias\",\"publisher\":{\"@id\":\"https:\/\/brasilnoticias.org\/site\/#organization\"},\"potentialAction\":[{\"@type\":\"SearchAction\",\"target\":{\"@type\":\"EntryPoint\",\"urlTemplate\":\"https:\/\/brasilnoticias.org\/site\/?s={search_term_string}\"},\"query-input\":{\"@type\":\"PropertyValueSpecification\",\"valueRequired\":true,\"valueName\":\"search_term_string\"}}],\"inLanguage\":\"pt-PT\"},{\"@type\":\"Organization\",\"@id\":\"https:\/\/brasilnoticias.org\/site\/#organization\",\"name\":\"Brasil not\u00edcias\",\"url\":\"https:\/\/brasilnoticias.org\/site\/\",\"logo\":{\"@type\":\"ImageObject\",\"inLanguage\":\"pt-PT\",\"@id\":\"https:\/\/brasilnoticias.org\/site\/#\/schema\/logo\/image\/\",\"url\":\"https:\/\/brasilnoticias.org\/site\/wp-content\/uploads\/2022\/05\/cropped-brasilnoticias-mini.jpg\",\"contentUrl\":\"https:\/\/brasilnoticias.org\/site\/wp-content\/uploads\/2022\/05\/cropped-brasilnoticias-mini.jpg\",\"width\":314,\"height\":86,\"caption\":\"Brasil not\u00edcias\"},\"image\":{\"@id\":\"https:\/\/brasilnoticias.org\/site\/#\/schema\/logo\/image\/\"}},{\"@type\":\"Person\",\"@id\":\"https:\/\/brasilnoticias.org\/site\/#\/schema\/person\/a0e05b973ec4d15c658d51911e53507b\",\"name\":\"Reda\u00e7\u00e3o\",\"image\":{\"@type\":\"ImageObject\",\"inLanguage\":\"pt-PT\",\"@id\":\"https:\/\/brasilnoticias.org\/site\/#\/schema\/person\/image\/\",\"url\":\"https:\/\/secure.gravatar.com\/avatar\/75d8b050df2de108b08ae78dfb8e374892df24a383c67db9c46a9c604f6aee9c?s=96&d=mm&r=g\",\"contentUrl\":\"https:\/\/secure.gravatar.com\/avatar\/75d8b050df2de108b08ae78dfb8e374892df24a383c67db9c46a9c604f6aee9c?s=96&d=mm&r=g\",\"caption\":\"Reda\u00e7\u00e3o\"},\"sameAs\":[\"https:\/\/brasilnoticias.org\/site\"],\"url\":\"https:\/\/brasilnoticias.org\/site\/author\/fernandozsngmail-com\/\"}]}<\/script>\n<!-- \/ Yoast SEO plugin. -->","yoast_head_json":{"title":"Advogado, m\u00e9dico e empres\u00e1rio s\u00e3o levados \u00e0 delegacia ap\u00f3s suspeita de ass\u00e9dio sexual em shopping de Salvador - Brasil not\u00edcias","robots":{"index":"index","follow":"follow","max-snippet":"max-snippet:-1","max-image-preview":"max-image-preview:large","max-video-preview":"max-video-preview:-1"},"canonical":"https:\/\/brasilnoticias.org\/site\/advogado-medico-e-empresario-sao-levados-a-delegacia-apos-suspeita-de-assedio-sexual-em-shopping-de-salvador\/","og_locale":"pt_PT","og_type":"article","og_title":"Advogado, m\u00e9dico e empres\u00e1rio s\u00e3o levados \u00e0 delegacia ap\u00f3s suspeita de ass\u00e9dio sexual em shopping de Salvador - Brasil not\u00edcias","og_description":"Seguran\u00e7as de um shopping de Salvador acionaram a pol\u00edcia para condu\u00e7\u00e3o de um homem suspeito de assediar sexualmente de uma","og_url":"https:\/\/brasilnoticias.org\/site\/advogado-medico-e-empresario-sao-levados-a-delegacia-apos-suspeita-de-assedio-sexual-em-shopping-de-salvador\/","og_site_name":"Brasil not\u00edcias","article_published_time":"2023-06-27T09:49:24+00:00","og_image":[{"width":800,"height":450,"url":"https:\/\/brasilnoticias.org\/site\/wp-content\/uploads\/2023\/06\/sem_titulo_mTRtofK_widelg.jpg","type":"image\/jpeg"}],"author":"Reda\u00e7\u00e3o","twitter_card":"summary_large_image","twitter_misc":{"Escrito por":"Reda\u00e7\u00e3o"},"schema":{"@context":"https:\/\/schema.org","@graph":[{"@type":"Article","@id":"https:\/\/brasilnoticias.org\/site\/advogado-medico-e-empresario-sao-levados-a-delegacia-apos-suspeita-de-assedio-sexual-em-shopping-de-salvador\/#article","isPartOf":{"@id":"https:\/\/brasilnoticias.org\/site\/advogado-medico-e-empresario-sao-levados-a-delegacia-apos-suspeita-de-assedio-sexual-em-shopping-de-salvador\/"},"author":{"name":"Reda\u00e7\u00e3o","@id":"https:\/\/brasilnoticias.org\/site\/#\/schema\/person\/a0e05b973ec4d15c658d51911e53507b"},"headline":"Advogado, m\u00e9dico e empres\u00e1rio s\u00e3o levados \u00e0 delegacia ap\u00f3s suspeita de ass\u00e9dio sexual em shopping de Salvador","datePublished":"2023-06-27T09:49:24+00:00","mainEntityOfPage":{"@id":"https:\/\/brasilnoticias.org\/site\/advogado-medico-e-empresario-sao-levados-a-delegacia-apos-suspeita-de-assedio-sexual-em-shopping-de-salvador\/"},"wordCount":330,"commentCount":0,"publisher":{"@id":"https:\/\/brasilnoticias.org\/site\/#organization"},"image":{"@id":"https:\/\/brasilnoticias.org\/site\/advogado-medico-e-empresario-sao-levados-a-delegacia-apos-suspeita-de-assedio-sexual-em-shopping-de-salvador\/#primaryimage"},"thumbnailUrl":"https:\/\/brasilnoticias.org\/site\/wp-content\/uploads\/2023\/06\/sem_titulo_mTRtofK_widelg.jpg","articleSection":["Not\u00edcias","\u00daltimas"],"inLanguage":"pt-PT","potentialAction":[{"@type":"CommentAction","name":"Comment","target":["https:\/\/brasilnoticias.org\/site\/advogado-medico-e-empresario-sao-levados-a-delegacia-apos-suspeita-de-assedio-sexual-em-shopping-de-salvador\/#respond"]}]},{"@type":"WebPage","@id":"https:\/\/brasilnoticias.org\/site\/advogado-medico-e-empresario-sao-levados-a-delegacia-apos-suspeita-de-assedio-sexual-em-shopping-de-salvador\/","url":"https:\/\/brasilnoticias.org\/site\/advogado-medico-e-empresario-sao-levados-a-delegacia-apos-suspeita-de-assedio-sexual-em-shopping-de-salvador\/","name":"Advogado, m\u00e9dico e empres\u00e1rio s\u00e3o levados \u00e0 delegacia ap\u00f3s suspeita de ass\u00e9dio sexual em shopping de Salvador - Brasil not\u00edcias","isPartOf":{"@id":"https:\/\/brasilnoticias.org\/site\/#website"},"primaryImageOfPage":{"@id":"https:\/\/brasilnoticias.org\/site\/advogado-medico-e-empresario-sao-levados-a-delegacia-apos-suspeita-de-assedio-sexual-em-shopping-de-salvador\/#primaryimage"},"image":{"@id":"https:\/\/brasilnoticias.org\/site\/advogado-medico-e-empresario-sao-levados-a-delegacia-apos-suspeita-de-assedio-sexual-em-shopping-de-salvador\/#primaryimage"},"thumbnailUrl":"https:\/\/brasilnoticias.org\/site\/wp-content\/uploads\/2023\/06\/sem_titulo_mTRtofK_widelg.jpg","datePublished":"2023-06-27T09:49:24+00:00","breadcrumb":{"@id":"https:\/\/brasilnoticias.org\/site\/advogado-medico-e-empresario-sao-levados-a-delegacia-apos-suspeita-de-assedio-sexual-em-shopping-de-salvador\/#breadcrumb"},"inLanguage":"pt-PT","potentialAction":[{"@type":"ReadAction","target":["https:\/\/brasilnoticias.org\/site\/advogado-medico-e-empresario-sao-levados-a-delegacia-apos-suspeita-de-assedio-sexual-em-shopping-de-salvador\/"]}]},{"@type":"ImageObject","inLanguage":"pt-PT","@id":"https:\/\/brasilnoticias.org\/site\/advogado-medico-e-empresario-sao-levados-a-delegacia-apos-suspeita-de-assedio-sexual-em-shopping-de-salvador\/#primaryimage","url":"https:\/\/brasilnoticias.org\/site\/wp-content\/uploads\/2023\/06\/sem_titulo_mTRtofK_widelg.jpg","contentUrl":"https:\/\/brasilnoticias.org\/site\/wp-content\/uploads\/2023\/06\/sem_titulo_mTRtofK_widelg.jpg","width":800,"height":450},{"@type":"BreadcrumbList","@id":"https:\/\/brasilnoticias.org\/site\/advogado-medico-e-empresario-sao-levados-a-delegacia-apos-suspeita-de-assedio-sexual-em-shopping-de-salvador\/#breadcrumb","itemListElement":[{"@type":"ListItem","position":1,"name":"In\u00edcio","item":"https:\/\/brasilnoticias.org\/site\/"},{"@type":"ListItem","position":2,"name":"Advogado, m\u00e9dico e empres\u00e1rio s\u00e3o levados \u00e0 delegacia ap\u00f3s suspeita de ass\u00e9dio sexual em shopping de Salvador"}]},{"@type":"WebSite","@id":"https:\/\/brasilnoticias.org\/site\/#website","url":"https:\/\/brasilnoticias.org\/site\/","name":"Brasil not\u00edcias","description":"Brasil not\u00edcias","publisher":{"@id":"https:\/\/brasilnoticias.org\/site\/#organization"},"potentialAction":[{"@type":"SearchAction","target":{"@type":"EntryPoint","urlTemplate":"https:\/\/brasilnoticias.org\/site\/?s={search_term_string}"},"query-input":{"@type":"PropertyValueSpecification","valueRequired":true,"valueName":"search_term_string"}}],"inLanguage":"pt-PT"},{"@type":"Organization","@id":"https:\/\/brasilnoticias.org\/site\/#organization","name":"Brasil not\u00edcias","url":"https:\/\/brasilnoticias.org\/site\/","logo":{"@type":"ImageObject","inLanguage":"pt-PT","@id":"https:\/\/brasilnoticias.org\/site\/#\/schema\/logo\/image\/","url":"https:\/\/brasilnoticias.org\/site\/wp-content\/uploads\/2022\/05\/cropped-brasilnoticias-mini.jpg","contentUrl":"https:\/\/brasilnoticias.org\/site\/wp-content\/uploads\/2022\/05\/cropped-brasilnoticias-mini.jpg","width":314,"height":86,"caption":"Brasil not\u00edcias"},"image":{"@id":"https:\/\/brasilnoticias.org\/site\/#\/schema\/logo\/image\/"}},{"@type":"Person","@id":"https:\/\/brasilnoticias.org\/site\/#\/schema\/person\/a0e05b973ec4d15c658d51911e53507b","name":"Reda\u00e7\u00e3o","image":{"@type":"ImageObject","inLanguage":"pt-PT","@id":"https:\/\/brasilnoticias.org\/site\/#\/schema\/person\/image\/","url":"https:\/\/secure.gravatar.com\/avatar\/75d8b050df2de108b08ae78dfb8e374892df24a383c67db9c46a9c604f6aee9c?s=96&d=mm&r=g","contentUrl":"https:\/\/secure.gravatar.com\/avatar\/75d8b050df2de108b08ae78dfb8e374892df24a383c67db9c46a9c604f6aee9c?s=96&d=mm&r=g","caption":"Reda\u00e7\u00e3o"},"sameAs":["https:\/\/brasilnoticias.org\/site"],"url":"https:\/\/brasilnoticias.org\/site\/author\/fernandozsngmail-com\/"}]}},"_links":{"self":[{"href":"https:\/\/brasilnoticias.org\/site\/wp-json\/wp\/v2\/posts\/6928","targetHints":{"allow":["GET"]}}],"collection":[{"href":"https:\/\/brasilnoticias.org\/site\/wp-json\/wp\/v2\/posts"}],"about":[{"href":"https:\/\/brasilnoticias.org\/site\/wp-json\/wp\/v2\/types\/post"}],"author":[{"embeddable":true,"href":"https:\/\/brasilnoticias.org\/site\/wp-json\/wp\/v2\/users\/1"}],"replies":[{"embeddable":true,"href":"https:\/\/brasilnoticias.org\/site\/wp-json\/wp\/v2\/comments?post=6928"}],"version-history":[{"count":2,"href":"https:\/\/brasilnoticias.org\/site\/wp-json\/wp\/v2\/posts\/6928\/revisions"}],"predecessor-version":[{"id":6931,"href":"https:\/\/brasilnoticias.org\/site\/wp-json\/wp\/v2\/posts\/6928\/revisions\/6931"}],"wp:featuredmedia":[{"embeddable":true,"href":"https:\/\/brasilnoticias.org\/site\/wp-json\/wp\/v2\/media\/6929"}],"wp:attachment":[{"href":"https:\/\/brasilnoticias.org\/site\/wp-json\/wp\/v2\/media?parent=6928"}],"wp:term":[{"taxonomy":"category","embeddable":true,"href":"https:\/\/brasilnoticias.org\/site\/wp-json\/wp\/v2\/categories?post=6928"},{"taxonomy":"post_tag","embeddable":true,"href":"https:\/\/brasilnoticias.org\/site\/wp-json\/wp\/v2\/tags?post=6928"}],"curies":[{"name":"wp","href":"https:\/\/api.w.org\/{rel}","templated":true}]}}