{"id":6936,"date":"2023-06-27T17:47:05","date_gmt":"2023-06-27T20:47:05","guid":{"rendered":"https:\/\/brasilnoticias.org\/site\/?p=6936"},"modified":"2023-06-27T17:47:05","modified_gmt":"2023-06-27T20:47:05","slug":"a-seis-rodadas-do-fim-do-1o-turno-da-serie-b-metade-dos-confrontos-do-vitoria-e-contra-times-do-g-4","status":"publish","type":"post","link":"https:\/\/brasilnoticias.org\/site\/a-seis-rodadas-do-fim-do-1o-turno-da-serie-b-metade-dos-confrontos-do-vitoria-e-contra-times-do-g-4\/","title":{"rendered":"A seis rodadas do fim do 1\u00ba turno da S\u00e9rie B, metade dos confrontos do Vit\u00f3ria \u00e9 contra times do G-4"},"content":{"rendered":"<p>O Vit\u00f3ria ligou o \u201csinal de alerta\u201d ao terminar a 13\u00aa rodada da S\u00e9rie B com a perman\u00eancia no G-4 amea\u00e7ada. Ap\u00f3s alternar entre as duas primeiras coloca\u00e7\u00f5es, com nove rodadas seguidas na lideran\u00e7a, inclusive, o Le\u00e3o agora ocupa o 4\u00ba lugar &#8211; pior posi\u00e7\u00e3o desde o in\u00edcio da competi\u00e7\u00e3o. <\/p>\n<p>E a miss\u00e3o do Vit\u00f3ria para retomar a ponta da tabela n\u00e3o ser\u00e1 f\u00e1cil. Dos seis confrontos que completam o primeiro turno da Segundona, metade ser\u00e1 disputada contra times que ocupam o G-4 at\u00e9 o momento. Vila Nova (3\u00ba), Novorizontino (1\u00ba) e Sport (2\u00ba) ser\u00e3o os advers\u00e1rios das 16\u00aa, 17\u00aa e 18\u00aa rodadas, respectivamente.<\/p>\n<p>Antes, o Le\u00e3o enfrenta o Sampaio Corr\u00eaa, em casa, j\u00e1 nesta quarta-feira (28) e o Juventude como visitante no pr\u00f3ximo domingo (2). Para fechar o turno em julho, a equipe rubro-negra pega a Chapecoense, no Barrad\u00e3o.  <\/p>\n<p>Desempenho<\/p>\n<p>No \u00faltimo confronto, contra o Guarani, o Le\u00e3o conheceu sua segunda derrota consecutiva e estacionou nos 25 pontos. A pontua\u00e7\u00e3o \u00e9 a mesma do Mirassol, primeiro time fora da zona de acesso. O Crici\u00fama, sexto colocado, vem logo atr\u00e1s com 24. Na tabela, os times s\u00f3 come\u00e7am a se distanciar a partir da 7\u00aa posi\u00e7\u00e3o, onde aparece o Cear\u00e1 com 20 pontos.<\/p>\n<p>Em 13 jogos, o Rubro-Negro tem oito vit\u00f3rias, um empate e quatro derrotas  &#8211; os dois resultados negativos anteriores tamb\u00e9m foram em sequ\u00eancia. <\/p>\n<p>Al\u00e9m disso, o time comandado por L\u00e9o Cond\u00e9 ainda continua com o melhor ataque da competi\u00e7\u00e3o, 22 gols, ao lado do Sport. No entanto, a equipe foi superada pelos pernambucanos, que tem um jogo a menos, e pelo Vila Nova no saldo de gols: 14 x 12.<\/p>\n<p>Foto Victor Ferreira\/EC Vit\u00f3ria<br \/>\nMetro 1<\/p>\n","protected":false},"excerpt":{"rendered":"<p>O Vit\u00f3ria ligou o \u201csinal de alerta\u201d ao terminar a 13\u00aa rodada da S\u00e9rie B com a perman\u00eancia no G-4<\/p>\n","protected":false},"author":1,"featured_media":6937,"comment_status":"open","ping_status":"open","sticky":false,"template":"","format":"standard","meta":{"colormag_page_container_layout":"default_layout","colormag_page_sidebar_layout":"default_layout","_FSMCFIC_featured_image_caption":"","_FSMCFIC_featured_image_nocaption":"","_FSMCFIC_featured_image_hide":"","footnotes":""},"categories":[4,1],"tags":[],"class_list":["post-6936","post","type-post","status-publish","format-standard","has-post-thumbnail","hentry","category-esporte","category-ultimas"],"yoast_head":"<!-- This site is optimized with the Yoast SEO plugin v27.1.1 - https:\/\/yoast.com\/product\/yoast-seo-wordpress\/ -->\n<title>A seis rodadas do fim do 1\u00ba turno da S\u00e9rie B, metade dos confrontos do Vit\u00f3ria \u00e9 contra times do G-4 - Brasil not\u00edcias<\/title>\n<meta name=\"robots\" content=\"index, follow, max-snippet:-1, max-image-preview:large, max-video-preview:-1\" \/>\n<link rel=\"canonical\" href=\"https:\/\/brasilnoticias.org\/site\/a-seis-rodadas-do-fim-do-1o-turno-da-serie-b-metade-dos-confrontos-do-vitoria-e-contra-times-do-g-4\/\" \/>\n<meta property=\"og:locale\" content=\"pt_PT\" \/>\n<meta property=\"og:type\" content=\"article\" \/>\n<meta property=\"og:title\" content=\"A seis rodadas do fim do 1\u00ba turno da S\u00e9rie B, metade dos confrontos do Vit\u00f3ria \u00e9 contra times do G-4 - Brasil not\u00edcias\" \/>\n<meta property=\"og:description\" content=\"O Vit\u00f3ria ligou o \u201csinal de alerta\u201d ao terminar a 13\u00aa rodada da S\u00e9rie B com a perman\u00eancia no G-4\" \/>\n<meta property=\"og:url\" content=\"https:\/\/brasilnoticias.org\/site\/a-seis-rodadas-do-fim-do-1o-turno-da-serie-b-metade-dos-confrontos-do-vitoria-e-contra-times-do-g-4\/\" \/>\n<meta property=\"og:site_name\" content=\"Brasil not\u00edcias\" \/>\n<meta property=\"article:published_time\" content=\"2023-06-27T20:47:05+00:00\" \/>\n<meta property=\"og:image\" content=\"https:\/\/brasilnoticias.org\/site\/wp-content\/uploads\/2023\/06\/138021a-seis-rodadas-do-fim-do-1-turno-da-serie-b-metade-dos-confrontos-do-vitoria-e-contra-times-do-g-4-3.jpg\" \/>\n\t<meta property=\"og:image:width\" content=\"1600\" \/>\n\t<meta property=\"og:image:height\" content=\"752\" \/>\n\t<meta property=\"og:image:type\" content=\"image\/jpeg\" \/>\n<meta name=\"author\" content=\"Reda\u00e7\u00e3o\" \/>\n<meta name=\"twitter:card\" content=\"summary_large_image\" \/>\n<meta name=\"twitter:label1\" content=\"Escrito por\" \/>\n\t<meta name=\"twitter:data1\" content=\"Reda\u00e7\u00e3o\" \/>\n<script type=\"application\/ld+json\" class=\"yoast-schema-graph\">{\"@context\":\"https:\/\/schema.org\",\"@graph\":[{\"@type\":\"Article\",\"@id\":\"https:\/\/brasilnoticias.org\/site\/a-seis-rodadas-do-fim-do-1o-turno-da-serie-b-metade-dos-confrontos-do-vitoria-e-contra-times-do-g-4\/#article\",\"isPartOf\":{\"@id\":\"https:\/\/brasilnoticias.org\/site\/a-seis-rodadas-do-fim-do-1o-turno-da-serie-b-metade-dos-confrontos-do-vitoria-e-contra-times-do-g-4\/\"},\"author\":{\"name\":\"Reda\u00e7\u00e3o\",\"@id\":\"https:\/\/brasilnoticias.org\/site\/#\/schema\/person\/a0e05b973ec4d15c658d51911e53507b\"},\"headline\":\"A seis rodadas do fim do 1\u00ba turno da S\u00e9rie B, metade dos confrontos do Vit\u00f3ria \u00e9 contra times do G-4\",\"datePublished\":\"2023-06-27T20:47:05+00:00\",\"mainEntityOfPage\":{\"@id\":\"https:\/\/brasilnoticias.org\/site\/a-seis-rodadas-do-fim-do-1o-turno-da-serie-b-metade-dos-confrontos-do-vitoria-e-contra-times-do-g-4\/\"},\"wordCount\":315,\"commentCount\":0,\"publisher\":{\"@id\":\"https:\/\/brasilnoticias.org\/site\/#organization\"},\"image\":{\"@id\":\"https:\/\/brasilnoticias.org\/site\/a-seis-rodadas-do-fim-do-1o-turno-da-serie-b-metade-dos-confrontos-do-vitoria-e-contra-times-do-g-4\/#primaryimage\"},\"thumbnailUrl\":\"https:\/\/brasilnoticias.org\/site\/wp-content\/uploads\/2023\/06\/138021a-seis-rodadas-do-fim-do-1-turno-da-serie-b-metade-dos-confrontos-do-vitoria-e-contra-times-do-g-4-3.jpg\",\"articleSection\":[\"Esporte\",\"\u00daltimas\"],\"inLanguage\":\"pt-PT\",\"potentialAction\":[{\"@type\":\"CommentAction\",\"name\":\"Comment\",\"target\":[\"https:\/\/brasilnoticias.org\/site\/a-seis-rodadas-do-fim-do-1o-turno-da-serie-b-metade-dos-confrontos-do-vitoria-e-contra-times-do-g-4\/#respond\"]}]},{\"@type\":\"WebPage\",\"@id\":\"https:\/\/brasilnoticias.org\/site\/a-seis-rodadas-do-fim-do-1o-turno-da-serie-b-metade-dos-confrontos-do-vitoria-e-contra-times-do-g-4\/\",\"url\":\"https:\/\/brasilnoticias.org\/site\/a-seis-rodadas-do-fim-do-1o-turno-da-serie-b-metade-dos-confrontos-do-vitoria-e-contra-times-do-g-4\/\",\"name\":\"A seis rodadas do fim do 1\u00ba turno da S\u00e9rie B, metade dos confrontos do Vit\u00f3ria \u00e9 contra times do G-4 - Brasil not\u00edcias\",\"isPartOf\":{\"@id\":\"https:\/\/brasilnoticias.org\/site\/#website\"},\"primaryImageOfPage\":{\"@id\":\"https:\/\/brasilnoticias.org\/site\/a-seis-rodadas-do-fim-do-1o-turno-da-serie-b-metade-dos-confrontos-do-vitoria-e-contra-times-do-g-4\/#primaryimage\"},\"image\":{\"@id\":\"https:\/\/brasilnoticias.org\/site\/a-seis-rodadas-do-fim-do-1o-turno-da-serie-b-metade-dos-confrontos-do-vitoria-e-contra-times-do-g-4\/#primaryimage\"},\"thumbnailUrl\":\"https:\/\/brasilnoticias.org\/site\/wp-content\/uploads\/2023\/06\/138021a-seis-rodadas-do-fim-do-1-turno-da-serie-b-metade-dos-confrontos-do-vitoria-e-contra-times-do-g-4-3.jpg\",\"datePublished\":\"2023-06-27T20:47:05+00:00\",\"breadcrumb\":{\"@id\":\"https:\/\/brasilnoticias.org\/site\/a-seis-rodadas-do-fim-do-1o-turno-da-serie-b-metade-dos-confrontos-do-vitoria-e-contra-times-do-g-4\/#breadcrumb\"},\"inLanguage\":\"pt-PT\",\"potentialAction\":[{\"@type\":\"ReadAction\",\"target\":[\"https:\/\/brasilnoticias.org\/site\/a-seis-rodadas-do-fim-do-1o-turno-da-serie-b-metade-dos-confrontos-do-vitoria-e-contra-times-do-g-4\/\"]}]},{\"@type\":\"ImageObject\",\"inLanguage\":\"pt-PT\",\"@id\":\"https:\/\/brasilnoticias.org\/site\/a-seis-rodadas-do-fim-do-1o-turno-da-serie-b-metade-dos-confrontos-do-vitoria-e-contra-times-do-g-4\/#primaryimage\",\"url\":\"https:\/\/brasilnoticias.org\/site\/wp-content\/uploads\/2023\/06\/138021a-seis-rodadas-do-fim-do-1-turno-da-serie-b-metade-dos-confrontos-do-vitoria-e-contra-times-do-g-4-3.jpg\",\"contentUrl\":\"https:\/\/brasilnoticias.org\/site\/wp-content\/uploads\/2023\/06\/138021a-seis-rodadas-do-fim-do-1-turno-da-serie-b-metade-dos-confrontos-do-vitoria-e-contra-times-do-g-4-3.jpg\",\"width\":1600,\"height\":752},{\"@type\":\"BreadcrumbList\",\"@id\":\"https:\/\/brasilnoticias.org\/site\/a-seis-rodadas-do-fim-do-1o-turno-da-serie-b-metade-dos-confrontos-do-vitoria-e-contra-times-do-g-4\/#breadcrumb\",\"itemListElement\":[{\"@type\":\"ListItem\",\"position\":1,\"name\":\"In\u00edcio\",\"item\":\"https:\/\/brasilnoticias.org\/site\/\"},{\"@type\":\"ListItem\",\"position\":2,\"name\":\"A seis rodadas do fim do 1\u00ba turno da S\u00e9rie B, metade dos confrontos do Vit\u00f3ria \u00e9 contra times do G-4\"}]},{\"@type\":\"WebSite\",\"@id\":\"https:\/\/brasilnoticias.org\/site\/#website\",\"url\":\"https:\/\/brasilnoticias.org\/site\/\",\"name\":\"Brasil not\u00edcias\",\"description\":\"Brasil not\u00edcias\",\"publisher\":{\"@id\":\"https:\/\/brasilnoticias.org\/site\/#organization\"},\"potentialAction\":[{\"@type\":\"SearchAction\",\"target\":{\"@type\":\"EntryPoint\",\"urlTemplate\":\"https:\/\/brasilnoticias.org\/site\/?s={search_term_string}\"},\"query-input\":{\"@type\":\"PropertyValueSpecification\",\"valueRequired\":true,\"valueName\":\"search_term_string\"}}],\"inLanguage\":\"pt-PT\"},{\"@type\":\"Organization\",\"@id\":\"https:\/\/brasilnoticias.org\/site\/#organization\",\"name\":\"Brasil not\u00edcias\",\"url\":\"https:\/\/brasilnoticias.org\/site\/\",\"logo\":{\"@type\":\"ImageObject\",\"inLanguage\":\"pt-PT\",\"@id\":\"https:\/\/brasilnoticias.org\/site\/#\/schema\/logo\/image\/\",\"url\":\"https:\/\/brasilnoticias.org\/site\/wp-content\/uploads\/2022\/05\/cropped-brasilnoticias-mini.jpg\",\"contentUrl\":\"https:\/\/brasilnoticias.org\/site\/wp-content\/uploads\/2022\/05\/cropped-brasilnoticias-mini.jpg\",\"width\":314,\"height\":86,\"caption\":\"Brasil not\u00edcias\"},\"image\":{\"@id\":\"https:\/\/brasilnoticias.org\/site\/#\/schema\/logo\/image\/\"}},{\"@type\":\"Person\",\"@id\":\"https:\/\/brasilnoticias.org\/site\/#\/schema\/person\/a0e05b973ec4d15c658d51911e53507b\",\"name\":\"Reda\u00e7\u00e3o\",\"image\":{\"@type\":\"ImageObject\",\"inLanguage\":\"pt-PT\",\"@id\":\"https:\/\/brasilnoticias.org\/site\/#\/schema\/person\/image\/\",\"url\":\"https:\/\/secure.gravatar.com\/avatar\/75d8b050df2de108b08ae78dfb8e374892df24a383c67db9c46a9c604f6aee9c?s=96&d=mm&r=g\",\"contentUrl\":\"https:\/\/secure.gravatar.com\/avatar\/75d8b050df2de108b08ae78dfb8e374892df24a383c67db9c46a9c604f6aee9c?s=96&d=mm&r=g\",\"caption\":\"Reda\u00e7\u00e3o\"},\"sameAs\":[\"https:\/\/brasilnoticias.org\/site\"],\"url\":\"https:\/\/brasilnoticias.org\/site\/author\/fernandozsngmail-com\/\"}]}<\/script>\n<!-- \/ Yoast SEO plugin. -->","yoast_head_json":{"title":"A seis rodadas do fim do 1\u00ba turno da S\u00e9rie B, metade dos confrontos do Vit\u00f3ria \u00e9 contra times do G-4 - Brasil not\u00edcias","robots":{"index":"index","follow":"follow","max-snippet":"max-snippet:-1","max-image-preview":"max-image-preview:large","max-video-preview":"max-video-preview:-1"},"canonical":"https:\/\/brasilnoticias.org\/site\/a-seis-rodadas-do-fim-do-1o-turno-da-serie-b-metade-dos-confrontos-do-vitoria-e-contra-times-do-g-4\/","og_locale":"pt_PT","og_type":"article","og_title":"A seis rodadas do fim do 1\u00ba turno da S\u00e9rie B, metade dos confrontos do Vit\u00f3ria \u00e9 contra times do G-4 - Brasil not\u00edcias","og_description":"O Vit\u00f3ria ligou o \u201csinal de alerta\u201d ao terminar a 13\u00aa rodada da S\u00e9rie B com a perman\u00eancia no G-4","og_url":"https:\/\/brasilnoticias.org\/site\/a-seis-rodadas-do-fim-do-1o-turno-da-serie-b-metade-dos-confrontos-do-vitoria-e-contra-times-do-g-4\/","og_site_name":"Brasil not\u00edcias","article_published_time":"2023-06-27T20:47:05+00:00","og_image":[{"width":1600,"height":752,"url":"https:\/\/brasilnoticias.org\/site\/wp-content\/uploads\/2023\/06\/138021a-seis-rodadas-do-fim-do-1-turno-da-serie-b-metade-dos-confrontos-do-vitoria-e-contra-times-do-g-4-3.jpg","type":"image\/jpeg"}],"author":"Reda\u00e7\u00e3o","twitter_card":"summary_large_image","twitter_misc":{"Escrito por":"Reda\u00e7\u00e3o"},"schema":{"@context":"https:\/\/schema.org","@graph":[{"@type":"Article","@id":"https:\/\/brasilnoticias.org\/site\/a-seis-rodadas-do-fim-do-1o-turno-da-serie-b-metade-dos-confrontos-do-vitoria-e-contra-times-do-g-4\/#article","isPartOf":{"@id":"https:\/\/brasilnoticias.org\/site\/a-seis-rodadas-do-fim-do-1o-turno-da-serie-b-metade-dos-confrontos-do-vitoria-e-contra-times-do-g-4\/"},"author":{"name":"Reda\u00e7\u00e3o","@id":"https:\/\/brasilnoticias.org\/site\/#\/schema\/person\/a0e05b973ec4d15c658d51911e53507b"},"headline":"A seis rodadas do fim do 1\u00ba turno da S\u00e9rie B, metade dos confrontos do Vit\u00f3ria \u00e9 contra times do G-4","datePublished":"2023-06-27T20:47:05+00:00","mainEntityOfPage":{"@id":"https:\/\/brasilnoticias.org\/site\/a-seis-rodadas-do-fim-do-1o-turno-da-serie-b-metade-dos-confrontos-do-vitoria-e-contra-times-do-g-4\/"},"wordCount":315,"commentCount":0,"publisher":{"@id":"https:\/\/brasilnoticias.org\/site\/#organization"},"image":{"@id":"https:\/\/brasilnoticias.org\/site\/a-seis-rodadas-do-fim-do-1o-turno-da-serie-b-metade-dos-confrontos-do-vitoria-e-contra-times-do-g-4\/#primaryimage"},"thumbnailUrl":"https:\/\/brasilnoticias.org\/site\/wp-content\/uploads\/2023\/06\/138021a-seis-rodadas-do-fim-do-1-turno-da-serie-b-metade-dos-confrontos-do-vitoria-e-contra-times-do-g-4-3.jpg","articleSection":["Esporte","\u00daltimas"],"inLanguage":"pt-PT","potentialAction":[{"@type":"CommentAction","name":"Comment","target":["https:\/\/brasilnoticias.org\/site\/a-seis-rodadas-do-fim-do-1o-turno-da-serie-b-metade-dos-confrontos-do-vitoria-e-contra-times-do-g-4\/#respond"]}]},{"@type":"WebPage","@id":"https:\/\/brasilnoticias.org\/site\/a-seis-rodadas-do-fim-do-1o-turno-da-serie-b-metade-dos-confrontos-do-vitoria-e-contra-times-do-g-4\/","url":"https:\/\/brasilnoticias.org\/site\/a-seis-rodadas-do-fim-do-1o-turno-da-serie-b-metade-dos-confrontos-do-vitoria-e-contra-times-do-g-4\/","name":"A seis rodadas do fim do 1\u00ba turno da S\u00e9rie B, metade dos confrontos do Vit\u00f3ria \u00e9 contra times do G-4 - Brasil not\u00edcias","isPartOf":{"@id":"https:\/\/brasilnoticias.org\/site\/#website"},"primaryImageOfPage":{"@id":"https:\/\/brasilnoticias.org\/site\/a-seis-rodadas-do-fim-do-1o-turno-da-serie-b-metade-dos-confrontos-do-vitoria-e-contra-times-do-g-4\/#primaryimage"},"image":{"@id":"https:\/\/brasilnoticias.org\/site\/a-seis-rodadas-do-fim-do-1o-turno-da-serie-b-metade-dos-confrontos-do-vitoria-e-contra-times-do-g-4\/#primaryimage"},"thumbnailUrl":"https:\/\/brasilnoticias.org\/site\/wp-content\/uploads\/2023\/06\/138021a-seis-rodadas-do-fim-do-1-turno-da-serie-b-metade-dos-confrontos-do-vitoria-e-contra-times-do-g-4-3.jpg","datePublished":"2023-06-27T20:47:05+00:00","breadcrumb":{"@id":"https:\/\/brasilnoticias.org\/site\/a-seis-rodadas-do-fim-do-1o-turno-da-serie-b-metade-dos-confrontos-do-vitoria-e-contra-times-do-g-4\/#breadcrumb"},"inLanguage":"pt-PT","potentialAction":[{"@type":"ReadAction","target":["https:\/\/brasilnoticias.org\/site\/a-seis-rodadas-do-fim-do-1o-turno-da-serie-b-metade-dos-confrontos-do-vitoria-e-contra-times-do-g-4\/"]}]},{"@type":"ImageObject","inLanguage":"pt-PT","@id":"https:\/\/brasilnoticias.org\/site\/a-seis-rodadas-do-fim-do-1o-turno-da-serie-b-metade-dos-confrontos-do-vitoria-e-contra-times-do-g-4\/#primaryimage","url":"https:\/\/brasilnoticias.org\/site\/wp-content\/uploads\/2023\/06\/138021a-seis-rodadas-do-fim-do-1-turno-da-serie-b-metade-dos-confrontos-do-vitoria-e-contra-times-do-g-4-3.jpg","contentUrl":"https:\/\/brasilnoticias.org\/site\/wp-content\/uploads\/2023\/06\/138021a-seis-rodadas-do-fim-do-1-turno-da-serie-b-metade-dos-confrontos-do-vitoria-e-contra-times-do-g-4-3.jpg","width":1600,"height":752},{"@type":"BreadcrumbList","@id":"https:\/\/brasilnoticias.org\/site\/a-seis-rodadas-do-fim-do-1o-turno-da-serie-b-metade-dos-confrontos-do-vitoria-e-contra-times-do-g-4\/#breadcrumb","itemListElement":[{"@type":"ListItem","position":1,"name":"In\u00edcio","item":"https:\/\/brasilnoticias.org\/site\/"},{"@type":"ListItem","position":2,"name":"A seis rodadas do fim do 1\u00ba turno da S\u00e9rie B, metade dos confrontos do Vit\u00f3ria \u00e9 contra times do G-4"}]},{"@type":"WebSite","@id":"https:\/\/brasilnoticias.org\/site\/#website","url":"https:\/\/brasilnoticias.org\/site\/","name":"Brasil not\u00edcias","description":"Brasil not\u00edcias","publisher":{"@id":"https:\/\/brasilnoticias.org\/site\/#organization"},"potentialAction":[{"@type":"SearchAction","target":{"@type":"EntryPoint","urlTemplate":"https:\/\/brasilnoticias.org\/site\/?s={search_term_string}"},"query-input":{"@type":"PropertyValueSpecification","valueRequired":true,"valueName":"search_term_string"}}],"inLanguage":"pt-PT"},{"@type":"Organization","@id":"https:\/\/brasilnoticias.org\/site\/#organization","name":"Brasil not\u00edcias","url":"https:\/\/brasilnoticias.org\/site\/","logo":{"@type":"ImageObject","inLanguage":"pt-PT","@id":"https:\/\/brasilnoticias.org\/site\/#\/schema\/logo\/image\/","url":"https:\/\/brasilnoticias.org\/site\/wp-content\/uploads\/2022\/05\/cropped-brasilnoticias-mini.jpg","contentUrl":"https:\/\/brasilnoticias.org\/site\/wp-content\/uploads\/2022\/05\/cropped-brasilnoticias-mini.jpg","width":314,"height":86,"caption":"Brasil not\u00edcias"},"image":{"@id":"https:\/\/brasilnoticias.org\/site\/#\/schema\/logo\/image\/"}},{"@type":"Person","@id":"https:\/\/brasilnoticias.org\/site\/#\/schema\/person\/a0e05b973ec4d15c658d51911e53507b","name":"Reda\u00e7\u00e3o","image":{"@type":"ImageObject","inLanguage":"pt-PT","@id":"https:\/\/brasilnoticias.org\/site\/#\/schema\/person\/image\/","url":"https:\/\/secure.gravatar.com\/avatar\/75d8b050df2de108b08ae78dfb8e374892df24a383c67db9c46a9c604f6aee9c?s=96&d=mm&r=g","contentUrl":"https:\/\/secure.gravatar.com\/avatar\/75d8b050df2de108b08ae78dfb8e374892df24a383c67db9c46a9c604f6aee9c?s=96&d=mm&r=g","caption":"Reda\u00e7\u00e3o"},"sameAs":["https:\/\/brasilnoticias.org\/site"],"url":"https:\/\/brasilnoticias.org\/site\/author\/fernandozsngmail-com\/"}]}},"_links":{"self":[{"href":"https:\/\/brasilnoticias.org\/site\/wp-json\/wp\/v2\/posts\/6936","targetHints":{"allow":["GET"]}}],"collection":[{"href":"https:\/\/brasilnoticias.org\/site\/wp-json\/wp\/v2\/posts"}],"about":[{"href":"https:\/\/brasilnoticias.org\/site\/wp-json\/wp\/v2\/types\/post"}],"author":[{"embeddable":true,"href":"https:\/\/brasilnoticias.org\/site\/wp-json\/wp\/v2\/users\/1"}],"replies":[{"embeddable":true,"href":"https:\/\/brasilnoticias.org\/site\/wp-json\/wp\/v2\/comments?post=6936"}],"version-history":[{"count":1,"href":"https:\/\/brasilnoticias.org\/site\/wp-json\/wp\/v2\/posts\/6936\/revisions"}],"predecessor-version":[{"id":6938,"href":"https:\/\/brasilnoticias.org\/site\/wp-json\/wp\/v2\/posts\/6936\/revisions\/6938"}],"wp:featuredmedia":[{"embeddable":true,"href":"https:\/\/brasilnoticias.org\/site\/wp-json\/wp\/v2\/media\/6937"}],"wp:attachment":[{"href":"https:\/\/brasilnoticias.org\/site\/wp-json\/wp\/v2\/media?parent=6936"}],"wp:term":[{"taxonomy":"category","embeddable":true,"href":"https:\/\/brasilnoticias.org\/site\/wp-json\/wp\/v2\/categories?post=6936"},{"taxonomy":"post_tag","embeddable":true,"href":"https:\/\/brasilnoticias.org\/site\/wp-json\/wp\/v2\/tags?post=6936"}],"curies":[{"name":"wp","href":"https:\/\/api.w.org\/{rel}","templated":true}]}}