{"id":6947,"date":"2023-06-27T19:12:18","date_gmt":"2023-06-27T22:12:18","guid":{"rendered":"https:\/\/brasilnoticias.org\/site\/?p=6947"},"modified":"2023-06-27T19:12:18","modified_gmt":"2023-06-27T22:12:18","slug":"audiencia-publica-capitao-alden-e-diego-castro-em-defesa-da-policia-civil","status":"publish","type":"post","link":"https:\/\/brasilnoticias.org\/site\/audiencia-publica-capitao-alden-e-diego-castro-em-defesa-da-policia-civil\/","title":{"rendered":"Audi\u00eancia P\u00fablica: Capit\u00e3o Alden e Diego Castro em defesa da Pol\u00edcia Civil"},"content":{"rendered":"<p>&nbsp;<\/p>\n<p><img loading=\"lazy\" decoding=\"async\" class=\"alignnone size-full wp-image-6949\" src=\"https:\/\/brasilnoticias.org\/site\/wp-content\/uploads\/2023\/06\/WhatsApp-Image-2023-06-27-at-19.10.13.jpeg\" alt=\"\" width=\"1024\" height=\"576\" srcset=\"https:\/\/brasilnoticias.org\/site\/wp-content\/uploads\/2023\/06\/WhatsApp-Image-2023-06-27-at-19.10.13.jpeg 1024w, https:\/\/brasilnoticias.org\/site\/wp-content\/uploads\/2023\/06\/WhatsApp-Image-2023-06-27-at-19.10.13-500x281.jpeg 500w, https:\/\/brasilnoticias.org\/site\/wp-content\/uploads\/2023\/06\/WhatsApp-Image-2023-06-27-at-19.10.13-768x432.jpeg 768w\" sizes=\"auto, (max-width: 1024px) 100vw, 1024px\" \/><br \/>\nDeputados uniram for\u00e7as em prol de melhor remunera\u00e7\u00e3o para categoria em evento na Alba<\/p>\n<p>Nesta ter\u00e7a-feira (27), o deputado federal Capit\u00e3o Alden (PL-BA) atendeu o convite do deputado estadual Diego Castro (PL), para compor a mesa das autoridades presentes na Audi\u00eancia P\u00fablica realizada na Assembleia Legislativa da Bahia (Alba) com o tema voltado ao \u201cPlano Salarial da Pol\u00edcia Civil\u201d.<\/p>\n<p>Na oportunidade, o militar baiano fez quest\u00e3o de destacar a import\u00e2ncia de uma remunera\u00e7\u00e3o digna aos profissionais de Seguran\u00e7a P\u00fablica, especialmente, os policiais civis. Al\u00e9m disso, o parlamentar ressaltou a aus\u00eancia de aumento no efetivo da corpora\u00e7\u00e3o. \u201cA realidade de cinco mil policiais civis para todo o estado, com 417 munic\u00edpios e 15 milh\u00f5es de habitantes \u00e9 insuficiente. O efetivo necessita ser ampliado e receber um sal\u00e1rio justo\u201d, pontua Alden.<\/p>\n<p>Durante as atividades da Audi\u00eancia P\u00fablica outros temas foram expostos, a exemplo de casos envolvendo ass\u00e9dio moral com policiais nas delegacias; candidatos ao concurso que n\u00e3o s\u00e3o chamados; infraestrutura prec\u00e1ria; e pouca aten\u00e7\u00e3o por parte da gest\u00e3o atual do Governo do Estado. Os assuntos foram todos anotados por Capit\u00e3o Alden que sinalizou levar para Bras\u00edlia e dar os devidos encaminhamentos.<\/p>\n","protected":false},"excerpt":{"rendered":"<p>&nbsp; Deputados uniram for\u00e7as em prol de melhor remunera\u00e7\u00e3o para categoria em evento na Alba Nesta ter\u00e7a-feira (27), o deputado<\/p>\n","protected":false},"author":1,"featured_media":6948,"comment_status":"open","ping_status":"open","sticky":false,"template":"","format":"standard","meta":{"colormag_page_container_layout":"default_layout","colormag_page_sidebar_layout":"default_layout","_FSMCFIC_featured_image_caption":"","_FSMCFIC_featured_image_nocaption":"","_FSMCFIC_featured_image_hide":"","footnotes":""},"categories":[5,1],"tags":[],"class_list":["post-6947","post","type-post","status-publish","format-standard","has-post-thumbnail","hentry","category-politica","category-ultimas"],"yoast_head":"<!-- This site is optimized with the Yoast SEO plugin v27.1.1 - https:\/\/yoast.com\/product\/yoast-seo-wordpress\/ -->\n<title>Audi\u00eancia P\u00fablica: Capit\u00e3o Alden e Diego Castro em defesa da Pol\u00edcia Civil - Brasil not\u00edcias<\/title>\n<meta name=\"robots\" content=\"index, follow, max-snippet:-1, max-image-preview:large, max-video-preview:-1\" \/>\n<link rel=\"canonical\" href=\"https:\/\/brasilnoticias.org\/site\/audiencia-publica-capitao-alden-e-diego-castro-em-defesa-da-policia-civil\/\" \/>\n<meta property=\"og:locale\" content=\"pt_PT\" \/>\n<meta property=\"og:type\" content=\"article\" \/>\n<meta property=\"og:title\" content=\"Audi\u00eancia P\u00fablica: Capit\u00e3o Alden e Diego Castro em defesa da Pol\u00edcia Civil - Brasil not\u00edcias\" \/>\n<meta property=\"og:description\" content=\"&nbsp; Deputados uniram for\u00e7as em prol de melhor remunera\u00e7\u00e3o para categoria em evento na Alba Nesta ter\u00e7a-feira (27), o deputado\" \/>\n<meta property=\"og:url\" content=\"https:\/\/brasilnoticias.org\/site\/audiencia-publica-capitao-alden-e-diego-castro-em-defesa-da-policia-civil\/\" \/>\n<meta property=\"og:site_name\" content=\"Brasil not\u00edcias\" \/>\n<meta property=\"article:published_time\" content=\"2023-06-27T22:12:18+00:00\" \/>\n<meta property=\"og:image\" content=\"https:\/\/brasilnoticias.org\/site\/wp-content\/uploads\/2023\/06\/WhatsApp-Image-2023-06-27-at-19.10.13-1.jpeg\" \/>\n\t<meta property=\"og:image:width\" content=\"1440\" \/>\n\t<meta property=\"og:image:height\" content=\"960\" \/>\n\t<meta property=\"og:image:type\" content=\"image\/jpeg\" \/>\n<meta name=\"author\" content=\"Reda\u00e7\u00e3o\" \/>\n<meta name=\"twitter:card\" content=\"summary_large_image\" \/>\n<meta name=\"twitter:label1\" content=\"Escrito por\" \/>\n\t<meta name=\"twitter:data1\" content=\"Reda\u00e7\u00e3o\" \/>\n\t<meta name=\"twitter:label2\" content=\"Tempo estimado de leitura\" \/>\n\t<meta name=\"twitter:data2\" content=\"2 minutos\" \/>\n<script type=\"application\/ld+json\" class=\"yoast-schema-graph\">{\"@context\":\"https:\/\/schema.org\",\"@graph\":[{\"@type\":\"Article\",\"@id\":\"https:\/\/brasilnoticias.org\/site\/audiencia-publica-capitao-alden-e-diego-castro-em-defesa-da-policia-civil\/#article\",\"isPartOf\":{\"@id\":\"https:\/\/brasilnoticias.org\/site\/audiencia-publica-capitao-alden-e-diego-castro-em-defesa-da-policia-civil\/\"},\"author\":{\"name\":\"Reda\u00e7\u00e3o\",\"@id\":\"https:\/\/brasilnoticias.org\/site\/#\/schema\/person\/a0e05b973ec4d15c658d51911e53507b\"},\"headline\":\"Audi\u00eancia P\u00fablica: Capit\u00e3o Alden e Diego Castro em defesa da Pol\u00edcia Civil\",\"datePublished\":\"2023-06-27T22:12:18+00:00\",\"mainEntityOfPage\":{\"@id\":\"https:\/\/brasilnoticias.org\/site\/audiencia-publica-capitao-alden-e-diego-castro-em-defesa-da-policia-civil\/\"},\"wordCount\":230,\"commentCount\":0,\"publisher\":{\"@id\":\"https:\/\/brasilnoticias.org\/site\/#organization\"},\"image\":{\"@id\":\"https:\/\/brasilnoticias.org\/site\/audiencia-publica-capitao-alden-e-diego-castro-em-defesa-da-policia-civil\/#primaryimage\"},\"thumbnailUrl\":\"https:\/\/brasilnoticias.org\/site\/wp-content\/uploads\/2023\/06\/WhatsApp-Image-2023-06-27-at-19.10.13-1.jpeg\",\"articleSection\":[\"Pol\u00edtica\",\"\u00daltimas\"],\"inLanguage\":\"pt-PT\",\"potentialAction\":[{\"@type\":\"CommentAction\",\"name\":\"Comment\",\"target\":[\"https:\/\/brasilnoticias.org\/site\/audiencia-publica-capitao-alden-e-diego-castro-em-defesa-da-policia-civil\/#respond\"]}]},{\"@type\":\"WebPage\",\"@id\":\"https:\/\/brasilnoticias.org\/site\/audiencia-publica-capitao-alden-e-diego-castro-em-defesa-da-policia-civil\/\",\"url\":\"https:\/\/brasilnoticias.org\/site\/audiencia-publica-capitao-alden-e-diego-castro-em-defesa-da-policia-civil\/\",\"name\":\"Audi\u00eancia P\u00fablica: Capit\u00e3o Alden e Diego Castro em defesa da Pol\u00edcia Civil - Brasil not\u00edcias\",\"isPartOf\":{\"@id\":\"https:\/\/brasilnoticias.org\/site\/#website\"},\"primaryImageOfPage\":{\"@id\":\"https:\/\/brasilnoticias.org\/site\/audiencia-publica-capitao-alden-e-diego-castro-em-defesa-da-policia-civil\/#primaryimage\"},\"image\":{\"@id\":\"https:\/\/brasilnoticias.org\/site\/audiencia-publica-capitao-alden-e-diego-castro-em-defesa-da-policia-civil\/#primaryimage\"},\"thumbnailUrl\":\"https:\/\/brasilnoticias.org\/site\/wp-content\/uploads\/2023\/06\/WhatsApp-Image-2023-06-27-at-19.10.13-1.jpeg\",\"datePublished\":\"2023-06-27T22:12:18+00:00\",\"breadcrumb\":{\"@id\":\"https:\/\/brasilnoticias.org\/site\/audiencia-publica-capitao-alden-e-diego-castro-em-defesa-da-policia-civil\/#breadcrumb\"},\"inLanguage\":\"pt-PT\",\"potentialAction\":[{\"@type\":\"ReadAction\",\"target\":[\"https:\/\/brasilnoticias.org\/site\/audiencia-publica-capitao-alden-e-diego-castro-em-defesa-da-policia-civil\/\"]}]},{\"@type\":\"ImageObject\",\"inLanguage\":\"pt-PT\",\"@id\":\"https:\/\/brasilnoticias.org\/site\/audiencia-publica-capitao-alden-e-diego-castro-em-defesa-da-policia-civil\/#primaryimage\",\"url\":\"https:\/\/brasilnoticias.org\/site\/wp-content\/uploads\/2023\/06\/WhatsApp-Image-2023-06-27-at-19.10.13-1.jpeg\",\"contentUrl\":\"https:\/\/brasilnoticias.org\/site\/wp-content\/uploads\/2023\/06\/WhatsApp-Image-2023-06-27-at-19.10.13-1.jpeg\",\"width\":1440,\"height\":960},{\"@type\":\"BreadcrumbList\",\"@id\":\"https:\/\/brasilnoticias.org\/site\/audiencia-publica-capitao-alden-e-diego-castro-em-defesa-da-policia-civil\/#breadcrumb\",\"itemListElement\":[{\"@type\":\"ListItem\",\"position\":1,\"name\":\"In\u00edcio\",\"item\":\"https:\/\/brasilnoticias.org\/site\/\"},{\"@type\":\"ListItem\",\"position\":2,\"name\":\"Audi\u00eancia P\u00fablica: Capit\u00e3o Alden e Diego Castro em defesa da Pol\u00edcia Civil\"}]},{\"@type\":\"WebSite\",\"@id\":\"https:\/\/brasilnoticias.org\/site\/#website\",\"url\":\"https:\/\/brasilnoticias.org\/site\/\",\"name\":\"Brasil not\u00edcias\",\"description\":\"Brasil not\u00edcias\",\"publisher\":{\"@id\":\"https:\/\/brasilnoticias.org\/site\/#organization\"},\"potentialAction\":[{\"@type\":\"SearchAction\",\"target\":{\"@type\":\"EntryPoint\",\"urlTemplate\":\"https:\/\/brasilnoticias.org\/site\/?s={search_term_string}\"},\"query-input\":{\"@type\":\"PropertyValueSpecification\",\"valueRequired\":true,\"valueName\":\"search_term_string\"}}],\"inLanguage\":\"pt-PT\"},{\"@type\":\"Organization\",\"@id\":\"https:\/\/brasilnoticias.org\/site\/#organization\",\"name\":\"Brasil not\u00edcias\",\"url\":\"https:\/\/brasilnoticias.org\/site\/\",\"logo\":{\"@type\":\"ImageObject\",\"inLanguage\":\"pt-PT\",\"@id\":\"https:\/\/brasilnoticias.org\/site\/#\/schema\/logo\/image\/\",\"url\":\"https:\/\/brasilnoticias.org\/site\/wp-content\/uploads\/2022\/05\/cropped-brasilnoticias-mini.jpg\",\"contentUrl\":\"https:\/\/brasilnoticias.org\/site\/wp-content\/uploads\/2022\/05\/cropped-brasilnoticias-mini.jpg\",\"width\":314,\"height\":86,\"caption\":\"Brasil not\u00edcias\"},\"image\":{\"@id\":\"https:\/\/brasilnoticias.org\/site\/#\/schema\/logo\/image\/\"}},{\"@type\":\"Person\",\"@id\":\"https:\/\/brasilnoticias.org\/site\/#\/schema\/person\/a0e05b973ec4d15c658d51911e53507b\",\"name\":\"Reda\u00e7\u00e3o\",\"image\":{\"@type\":\"ImageObject\",\"inLanguage\":\"pt-PT\",\"@id\":\"https:\/\/brasilnoticias.org\/site\/#\/schema\/person\/image\/\",\"url\":\"https:\/\/secure.gravatar.com\/avatar\/75d8b050df2de108b08ae78dfb8e374892df24a383c67db9c46a9c604f6aee9c?s=96&d=mm&r=g\",\"contentUrl\":\"https:\/\/secure.gravatar.com\/avatar\/75d8b050df2de108b08ae78dfb8e374892df24a383c67db9c46a9c604f6aee9c?s=96&d=mm&r=g\",\"caption\":\"Reda\u00e7\u00e3o\"},\"sameAs\":[\"https:\/\/brasilnoticias.org\/site\"],\"url\":\"https:\/\/brasilnoticias.org\/site\/author\/fernandozsngmail-com\/\"}]}<\/script>\n<!-- \/ Yoast SEO plugin. -->","yoast_head_json":{"title":"Audi\u00eancia P\u00fablica: Capit\u00e3o Alden e Diego Castro em defesa da Pol\u00edcia Civil - Brasil not\u00edcias","robots":{"index":"index","follow":"follow","max-snippet":"max-snippet:-1","max-image-preview":"max-image-preview:large","max-video-preview":"max-video-preview:-1"},"canonical":"https:\/\/brasilnoticias.org\/site\/audiencia-publica-capitao-alden-e-diego-castro-em-defesa-da-policia-civil\/","og_locale":"pt_PT","og_type":"article","og_title":"Audi\u00eancia P\u00fablica: Capit\u00e3o Alden e Diego Castro em defesa da Pol\u00edcia Civil - Brasil not\u00edcias","og_description":"&nbsp; Deputados uniram for\u00e7as em prol de melhor remunera\u00e7\u00e3o para categoria em evento na Alba Nesta ter\u00e7a-feira (27), o deputado","og_url":"https:\/\/brasilnoticias.org\/site\/audiencia-publica-capitao-alden-e-diego-castro-em-defesa-da-policia-civil\/","og_site_name":"Brasil not\u00edcias","article_published_time":"2023-06-27T22:12:18+00:00","og_image":[{"width":1440,"height":960,"url":"https:\/\/brasilnoticias.org\/site\/wp-content\/uploads\/2023\/06\/WhatsApp-Image-2023-06-27-at-19.10.13-1.jpeg","type":"image\/jpeg"}],"author":"Reda\u00e7\u00e3o","twitter_card":"summary_large_image","twitter_misc":{"Escrito por":"Reda\u00e7\u00e3o","Tempo estimado de leitura":"2 minutos"},"schema":{"@context":"https:\/\/schema.org","@graph":[{"@type":"Article","@id":"https:\/\/brasilnoticias.org\/site\/audiencia-publica-capitao-alden-e-diego-castro-em-defesa-da-policia-civil\/#article","isPartOf":{"@id":"https:\/\/brasilnoticias.org\/site\/audiencia-publica-capitao-alden-e-diego-castro-em-defesa-da-policia-civil\/"},"author":{"name":"Reda\u00e7\u00e3o","@id":"https:\/\/brasilnoticias.org\/site\/#\/schema\/person\/a0e05b973ec4d15c658d51911e53507b"},"headline":"Audi\u00eancia P\u00fablica: Capit\u00e3o Alden e Diego Castro em defesa da Pol\u00edcia Civil","datePublished":"2023-06-27T22:12:18+00:00","mainEntityOfPage":{"@id":"https:\/\/brasilnoticias.org\/site\/audiencia-publica-capitao-alden-e-diego-castro-em-defesa-da-policia-civil\/"},"wordCount":230,"commentCount":0,"publisher":{"@id":"https:\/\/brasilnoticias.org\/site\/#organization"},"image":{"@id":"https:\/\/brasilnoticias.org\/site\/audiencia-publica-capitao-alden-e-diego-castro-em-defesa-da-policia-civil\/#primaryimage"},"thumbnailUrl":"https:\/\/brasilnoticias.org\/site\/wp-content\/uploads\/2023\/06\/WhatsApp-Image-2023-06-27-at-19.10.13-1.jpeg","articleSection":["Pol\u00edtica","\u00daltimas"],"inLanguage":"pt-PT","potentialAction":[{"@type":"CommentAction","name":"Comment","target":["https:\/\/brasilnoticias.org\/site\/audiencia-publica-capitao-alden-e-diego-castro-em-defesa-da-policia-civil\/#respond"]}]},{"@type":"WebPage","@id":"https:\/\/brasilnoticias.org\/site\/audiencia-publica-capitao-alden-e-diego-castro-em-defesa-da-policia-civil\/","url":"https:\/\/brasilnoticias.org\/site\/audiencia-publica-capitao-alden-e-diego-castro-em-defesa-da-policia-civil\/","name":"Audi\u00eancia P\u00fablica: Capit\u00e3o Alden e Diego Castro em defesa da Pol\u00edcia Civil - Brasil not\u00edcias","isPartOf":{"@id":"https:\/\/brasilnoticias.org\/site\/#website"},"primaryImageOfPage":{"@id":"https:\/\/brasilnoticias.org\/site\/audiencia-publica-capitao-alden-e-diego-castro-em-defesa-da-policia-civil\/#primaryimage"},"image":{"@id":"https:\/\/brasilnoticias.org\/site\/audiencia-publica-capitao-alden-e-diego-castro-em-defesa-da-policia-civil\/#primaryimage"},"thumbnailUrl":"https:\/\/brasilnoticias.org\/site\/wp-content\/uploads\/2023\/06\/WhatsApp-Image-2023-06-27-at-19.10.13-1.jpeg","datePublished":"2023-06-27T22:12:18+00:00","breadcrumb":{"@id":"https:\/\/brasilnoticias.org\/site\/audiencia-publica-capitao-alden-e-diego-castro-em-defesa-da-policia-civil\/#breadcrumb"},"inLanguage":"pt-PT","potentialAction":[{"@type":"ReadAction","target":["https:\/\/brasilnoticias.org\/site\/audiencia-publica-capitao-alden-e-diego-castro-em-defesa-da-policia-civil\/"]}]},{"@type":"ImageObject","inLanguage":"pt-PT","@id":"https:\/\/brasilnoticias.org\/site\/audiencia-publica-capitao-alden-e-diego-castro-em-defesa-da-policia-civil\/#primaryimage","url":"https:\/\/brasilnoticias.org\/site\/wp-content\/uploads\/2023\/06\/WhatsApp-Image-2023-06-27-at-19.10.13-1.jpeg","contentUrl":"https:\/\/brasilnoticias.org\/site\/wp-content\/uploads\/2023\/06\/WhatsApp-Image-2023-06-27-at-19.10.13-1.jpeg","width":1440,"height":960},{"@type":"BreadcrumbList","@id":"https:\/\/brasilnoticias.org\/site\/audiencia-publica-capitao-alden-e-diego-castro-em-defesa-da-policia-civil\/#breadcrumb","itemListElement":[{"@type":"ListItem","position":1,"name":"In\u00edcio","item":"https:\/\/brasilnoticias.org\/site\/"},{"@type":"ListItem","position":2,"name":"Audi\u00eancia P\u00fablica: Capit\u00e3o Alden e Diego Castro em defesa da Pol\u00edcia Civil"}]},{"@type":"WebSite","@id":"https:\/\/brasilnoticias.org\/site\/#website","url":"https:\/\/brasilnoticias.org\/site\/","name":"Brasil not\u00edcias","description":"Brasil not\u00edcias","publisher":{"@id":"https:\/\/brasilnoticias.org\/site\/#organization"},"potentialAction":[{"@type":"SearchAction","target":{"@type":"EntryPoint","urlTemplate":"https:\/\/brasilnoticias.org\/site\/?s={search_term_string}"},"query-input":{"@type":"PropertyValueSpecification","valueRequired":true,"valueName":"search_term_string"}}],"inLanguage":"pt-PT"},{"@type":"Organization","@id":"https:\/\/brasilnoticias.org\/site\/#organization","name":"Brasil not\u00edcias","url":"https:\/\/brasilnoticias.org\/site\/","logo":{"@type":"ImageObject","inLanguage":"pt-PT","@id":"https:\/\/brasilnoticias.org\/site\/#\/schema\/logo\/image\/","url":"https:\/\/brasilnoticias.org\/site\/wp-content\/uploads\/2022\/05\/cropped-brasilnoticias-mini.jpg","contentUrl":"https:\/\/brasilnoticias.org\/site\/wp-content\/uploads\/2022\/05\/cropped-brasilnoticias-mini.jpg","width":314,"height":86,"caption":"Brasil not\u00edcias"},"image":{"@id":"https:\/\/brasilnoticias.org\/site\/#\/schema\/logo\/image\/"}},{"@type":"Person","@id":"https:\/\/brasilnoticias.org\/site\/#\/schema\/person\/a0e05b973ec4d15c658d51911e53507b","name":"Reda\u00e7\u00e3o","image":{"@type":"ImageObject","inLanguage":"pt-PT","@id":"https:\/\/brasilnoticias.org\/site\/#\/schema\/person\/image\/","url":"https:\/\/secure.gravatar.com\/avatar\/75d8b050df2de108b08ae78dfb8e374892df24a383c67db9c46a9c604f6aee9c?s=96&d=mm&r=g","contentUrl":"https:\/\/secure.gravatar.com\/avatar\/75d8b050df2de108b08ae78dfb8e374892df24a383c67db9c46a9c604f6aee9c?s=96&d=mm&r=g","caption":"Reda\u00e7\u00e3o"},"sameAs":["https:\/\/brasilnoticias.org\/site"],"url":"https:\/\/brasilnoticias.org\/site\/author\/fernandozsngmail-com\/"}]}},"_links":{"self":[{"href":"https:\/\/brasilnoticias.org\/site\/wp-json\/wp\/v2\/posts\/6947","targetHints":{"allow":["GET"]}}],"collection":[{"href":"https:\/\/brasilnoticias.org\/site\/wp-json\/wp\/v2\/posts"}],"about":[{"href":"https:\/\/brasilnoticias.org\/site\/wp-json\/wp\/v2\/types\/post"}],"author":[{"embeddable":true,"href":"https:\/\/brasilnoticias.org\/site\/wp-json\/wp\/v2\/users\/1"}],"replies":[{"embeddable":true,"href":"https:\/\/brasilnoticias.org\/site\/wp-json\/wp\/v2\/comments?post=6947"}],"version-history":[{"count":1,"href":"https:\/\/brasilnoticias.org\/site\/wp-json\/wp\/v2\/posts\/6947\/revisions"}],"predecessor-version":[{"id":6950,"href":"https:\/\/brasilnoticias.org\/site\/wp-json\/wp\/v2\/posts\/6947\/revisions\/6950"}],"wp:featuredmedia":[{"embeddable":true,"href":"https:\/\/brasilnoticias.org\/site\/wp-json\/wp\/v2\/media\/6948"}],"wp:attachment":[{"href":"https:\/\/brasilnoticias.org\/site\/wp-json\/wp\/v2\/media?parent=6947"}],"wp:term":[{"taxonomy":"category","embeddable":true,"href":"https:\/\/brasilnoticias.org\/site\/wp-json\/wp\/v2\/categories?post=6947"},{"taxonomy":"post_tag","embeddable":true,"href":"https:\/\/brasilnoticias.org\/site\/wp-json\/wp\/v2\/tags?post=6947"}],"curies":[{"name":"wp","href":"https:\/\/api.w.org\/{rel}","templated":true}]}}