{"id":695,"date":"2022-05-30T20:22:02","date_gmt":"2022-05-30T23:22:02","guid":{"rendered":"https:\/\/brasilnoticias.org\/site\/?p=695"},"modified":"2022-05-30T20:22:02","modified_gmt":"2022-05-30T23:22:02","slug":"homem-e-procurado-por-matar-namorada-a-facadas-em-discussao-por-ciumes","status":"publish","type":"post","link":"https:\/\/brasilnoticias.org\/site\/homem-e-procurado-por-matar-namorada-a-facadas-em-discussao-por-ciumes\/","title":{"rendered":"Homem \u00e9 procurado por matar namorada a facadas em discuss\u00e3o por ci\u00fames"},"content":{"rendered":"<p>Um homem \u00e9 procurado pela pol\u00edcia suspeito de matar namorada a facadas na cidade de Irec\u00ea, norte da Bahia, ap\u00f3s uma discuss\u00e3o motivada por ci\u00fames, no \u00faltimo s\u00e1bado (28). Segundo informa\u00e7\u00f5es\u00a0<strong>do Programa Balan\u00e7o Geral, da Record Tv Itapoan,<\/strong>\u00a0o casal tinha cerca de 3 anos de relacionamento.<\/p>\n<div class=\"mc-column content-text active-extra-styles\" data-block-id=\"4\" data-block-type=\"unstyled\" data-block-weight=\"51\">\n<p class=\"content-text__container\" data-track-category=\"Link no Texto\" data-track-links=\"\">A v\u00edtima, Ariana Marques da Silva, foi morta dentro de casa, no povoado de Coc\u00e3o II. O nome do homem n\u00e3o foi divulgado. Antes de matar a companheira, ele mandou mensagem para a irm\u00e3 dela, alegando que Ariana estaria o traindo e, ap\u00f3s a a\u00e7\u00e3o, mandou outra dizendo que cometeu o crime.<\/p>\n<\/div>\n<div class=\"mc-column content-text active-extra-styles\" data-block-id=\"7\" data-block-type=\"unstyled\" data-block-weight=\"49\">\n<p class=\"content-text__container\" data-track-category=\"Link no Texto\" data-track-links=\"\">O<a href=\"https:\/\/www.bnews.com.br\/noticias\/salvador\/prefeitura-de-salvador-rescinde-contrato-com-empresa-que-atrasava-salarios-de-condutores-do-samu.html\" target=\"_blank\" rel=\"noopener\">\u00a0Servi\u00e7o de Atendimento M\u00f3vel de Urg\u00eancia (SAMU)<\/a>\u00a0chegou a ser acionado, mas j\u00e1 encontrou a Ariana morta. O corpo dela foi removido pelo<a href=\"https:\/\/www.bnews.com.br\/noticias\/policia\/ossada-humana-e-encontrada-dentro-de-saco-plastico-em-feira-de-santana.html\" target=\"_blank\" rel=\"noopener\">\u00a0Departamento de Pol\u00edcia T\u00e9cnica (DPT)<\/a>\u00a0e levado para per\u00edcia. O suspeito segue foragido.<\/p>\n<\/div>\n<div class=\"artigo_texto\"><\/div>\n<div><\/div>\n<div><\/div>\n<div><\/div>\n<div><\/div>\n<div><\/div>\n<div>Bnews<\/div>\n","protected":false},"excerpt":{"rendered":"<p>Um homem \u00e9 procurado pela pol\u00edcia suspeito de matar namorada a facadas na cidade de Irec\u00ea, norte da Bahia, ap\u00f3s<\/p>\n","protected":false},"author":2,"featured_media":696,"comment_status":"open","ping_status":"open","sticky":false,"template":"","format":"standard","meta":{"colormag_page_container_layout":"default_layout","colormag_page_sidebar_layout":"default_layout","_FSMCFIC_featured_image_caption":"","_FSMCFIC_featured_image_nocaption":"","_FSMCFIC_featured_image_hide":"","footnotes":""},"categories":[3,1],"tags":[],"class_list":["post-695","post","type-post","status-publish","format-standard","has-post-thumbnail","hentry","category-policia","category-ultimas"],"yoast_head":"<!-- This site is optimized with the Yoast SEO plugin v27.1.1 - https:\/\/yoast.com\/product\/yoast-seo-wordpress\/ -->\n<title>Homem \u00e9 procurado por matar namorada a facadas em discuss\u00e3o por ci\u00fames - Brasil not\u00edcias<\/title>\n<meta name=\"robots\" content=\"index, follow, max-snippet:-1, max-image-preview:large, max-video-preview:-1\" \/>\n<link rel=\"canonical\" href=\"https:\/\/brasilnoticias.org\/site\/homem-e-procurado-por-matar-namorada-a-facadas-em-discussao-por-ciumes\/\" \/>\n<meta property=\"og:locale\" content=\"pt_PT\" \/>\n<meta property=\"og:type\" content=\"article\" \/>\n<meta property=\"og:title\" content=\"Homem \u00e9 procurado por matar namorada a facadas em discuss\u00e3o por ci\u00fames - Brasil not\u00edcias\" \/>\n<meta property=\"og:description\" content=\"Um homem \u00e9 procurado pela pol\u00edcia suspeito de matar namorada a facadas na cidade de Irec\u00ea, norte da Bahia, ap\u00f3s\" \/>\n<meta property=\"og:url\" content=\"https:\/\/brasilnoticias.org\/site\/homem-e-procurado-por-matar-namorada-a-facadas-em-discussao-por-ciumes\/\" \/>\n<meta property=\"og:site_name\" content=\"Brasil not\u00edcias\" \/>\n<meta property=\"article:published_time\" content=\"2022-05-30T23:22:02+00:00\" \/>\n<meta property=\"og:image\" content=\"https:\/\/brasilnoticias.org\/site\/wp-content\/uploads\/2022\/05\/whatsapp_image_2022-05-30_at_16.22.34_widelg.jpeg\" \/>\n\t<meta property=\"og:image:width\" content=\"499\" \/>\n\t<meta property=\"og:image:height\" content=\"261\" \/>\n\t<meta property=\"og:image:type\" content=\"image\/jpeg\" \/>\n<meta name=\"author\" content=\"Reda\u00e7\u00e3o\" \/>\n<meta name=\"twitter:card\" content=\"summary_large_image\" \/>\n<meta name=\"twitter:label1\" content=\"Escrito por\" \/>\n\t<meta name=\"twitter:data1\" content=\"Reda\u00e7\u00e3o\" \/>\n\t<meta name=\"twitter:label2\" content=\"Tempo estimado de leitura\" \/>\n\t<meta name=\"twitter:data2\" content=\"1 minuto\" \/>\n<script type=\"application\/ld+json\" class=\"yoast-schema-graph\">{\"@context\":\"https:\/\/schema.org\",\"@graph\":[{\"@type\":\"Article\",\"@id\":\"https:\/\/brasilnoticias.org\/site\/homem-e-procurado-por-matar-namorada-a-facadas-em-discussao-por-ciumes\/#article\",\"isPartOf\":{\"@id\":\"https:\/\/brasilnoticias.org\/site\/homem-e-procurado-por-matar-namorada-a-facadas-em-discussao-por-ciumes\/\"},\"author\":{\"name\":\"Reda\u00e7\u00e3o\",\"@id\":\"https:\/\/brasilnoticias.org\/site\/#\/schema\/person\/f609fa847b5314f1c8b983342f34c798\"},\"headline\":\"Homem \u00e9 procurado por matar namorada a facadas em discuss\u00e3o por ci\u00fames\",\"datePublished\":\"2022-05-30T23:22:02+00:00\",\"mainEntityOfPage\":{\"@id\":\"https:\/\/brasilnoticias.org\/site\/homem-e-procurado-por-matar-namorada-a-facadas-em-discussao-por-ciumes\/\"},\"wordCount\":166,\"commentCount\":0,\"publisher\":{\"@id\":\"https:\/\/brasilnoticias.org\/site\/#organization\"},\"image\":{\"@id\":\"https:\/\/brasilnoticias.org\/site\/homem-e-procurado-por-matar-namorada-a-facadas-em-discussao-por-ciumes\/#primaryimage\"},\"thumbnailUrl\":\"https:\/\/brasilnoticias.org\/site\/wp-content\/uploads\/2022\/05\/whatsapp_image_2022-05-30_at_16.22.34_widelg.jpeg\",\"articleSection\":[\"Pol\u00edcia\",\"\u00daltimas\"],\"inLanguage\":\"pt-PT\",\"potentialAction\":[{\"@type\":\"CommentAction\",\"name\":\"Comment\",\"target\":[\"https:\/\/brasilnoticias.org\/site\/homem-e-procurado-por-matar-namorada-a-facadas-em-discussao-por-ciumes\/#respond\"]}]},{\"@type\":\"WebPage\",\"@id\":\"https:\/\/brasilnoticias.org\/site\/homem-e-procurado-por-matar-namorada-a-facadas-em-discussao-por-ciumes\/\",\"url\":\"https:\/\/brasilnoticias.org\/site\/homem-e-procurado-por-matar-namorada-a-facadas-em-discussao-por-ciumes\/\",\"name\":\"Homem \u00e9 procurado por matar namorada a facadas em discuss\u00e3o por ci\u00fames - Brasil not\u00edcias\",\"isPartOf\":{\"@id\":\"https:\/\/brasilnoticias.org\/site\/#website\"},\"primaryImageOfPage\":{\"@id\":\"https:\/\/brasilnoticias.org\/site\/homem-e-procurado-por-matar-namorada-a-facadas-em-discussao-por-ciumes\/#primaryimage\"},\"image\":{\"@id\":\"https:\/\/brasilnoticias.org\/site\/homem-e-procurado-por-matar-namorada-a-facadas-em-discussao-por-ciumes\/#primaryimage\"},\"thumbnailUrl\":\"https:\/\/brasilnoticias.org\/site\/wp-content\/uploads\/2022\/05\/whatsapp_image_2022-05-30_at_16.22.34_widelg.jpeg\",\"datePublished\":\"2022-05-30T23:22:02+00:00\",\"breadcrumb\":{\"@id\":\"https:\/\/brasilnoticias.org\/site\/homem-e-procurado-por-matar-namorada-a-facadas-em-discussao-por-ciumes\/#breadcrumb\"},\"inLanguage\":\"pt-PT\",\"potentialAction\":[{\"@type\":\"ReadAction\",\"target\":[\"https:\/\/brasilnoticias.org\/site\/homem-e-procurado-por-matar-namorada-a-facadas-em-discussao-por-ciumes\/\"]}]},{\"@type\":\"ImageObject\",\"inLanguage\":\"pt-PT\",\"@id\":\"https:\/\/brasilnoticias.org\/site\/homem-e-procurado-por-matar-namorada-a-facadas-em-discussao-por-ciumes\/#primaryimage\",\"url\":\"https:\/\/brasilnoticias.org\/site\/wp-content\/uploads\/2022\/05\/whatsapp_image_2022-05-30_at_16.22.34_widelg.jpeg\",\"contentUrl\":\"https:\/\/brasilnoticias.org\/site\/wp-content\/uploads\/2022\/05\/whatsapp_image_2022-05-30_at_16.22.34_widelg.jpeg\",\"width\":499,\"height\":261},{\"@type\":\"BreadcrumbList\",\"@id\":\"https:\/\/brasilnoticias.org\/site\/homem-e-procurado-por-matar-namorada-a-facadas-em-discussao-por-ciumes\/#breadcrumb\",\"itemListElement\":[{\"@type\":\"ListItem\",\"position\":1,\"name\":\"In\u00edcio\",\"item\":\"https:\/\/brasilnoticias.org\/site\/\"},{\"@type\":\"ListItem\",\"position\":2,\"name\":\"Homem \u00e9 procurado por matar namorada a facadas em discuss\u00e3o por ci\u00fames\"}]},{\"@type\":\"WebSite\",\"@id\":\"https:\/\/brasilnoticias.org\/site\/#website\",\"url\":\"https:\/\/brasilnoticias.org\/site\/\",\"name\":\"Brasil not\u00edcias\",\"description\":\"Brasil not\u00edcias\",\"publisher\":{\"@id\":\"https:\/\/brasilnoticias.org\/site\/#organization\"},\"potentialAction\":[{\"@type\":\"SearchAction\",\"target\":{\"@type\":\"EntryPoint\",\"urlTemplate\":\"https:\/\/brasilnoticias.org\/site\/?s={search_term_string}\"},\"query-input\":{\"@type\":\"PropertyValueSpecification\",\"valueRequired\":true,\"valueName\":\"search_term_string\"}}],\"inLanguage\":\"pt-PT\"},{\"@type\":\"Organization\",\"@id\":\"https:\/\/brasilnoticias.org\/site\/#organization\",\"name\":\"Brasil not\u00edcias\",\"url\":\"https:\/\/brasilnoticias.org\/site\/\",\"logo\":{\"@type\":\"ImageObject\",\"inLanguage\":\"pt-PT\",\"@id\":\"https:\/\/brasilnoticias.org\/site\/#\/schema\/logo\/image\/\",\"url\":\"https:\/\/brasilnoticias.org\/site\/wp-content\/uploads\/2022\/05\/cropped-brasilnoticias-mini.jpg\",\"contentUrl\":\"https:\/\/brasilnoticias.org\/site\/wp-content\/uploads\/2022\/05\/cropped-brasilnoticias-mini.jpg\",\"width\":314,\"height\":86,\"caption\":\"Brasil not\u00edcias\"},\"image\":{\"@id\":\"https:\/\/brasilnoticias.org\/site\/#\/schema\/logo\/image\/\"}},{\"@type\":\"Person\",\"@id\":\"https:\/\/brasilnoticias.org\/site\/#\/schema\/person\/f609fa847b5314f1c8b983342f34c798\",\"name\":\"Reda\u00e7\u00e3o\",\"image\":{\"@type\":\"ImageObject\",\"inLanguage\":\"pt-PT\",\"@id\":\"https:\/\/brasilnoticias.org\/site\/#\/schema\/person\/image\/\",\"url\":\"https:\/\/secure.gravatar.com\/avatar\/447284c06c1ad8b46465a36de9cd0d8326b73387a22799b8b1ffb1fbcff2ed0c?s=96&d=mm&r=g\",\"contentUrl\":\"https:\/\/secure.gravatar.com\/avatar\/447284c06c1ad8b46465a36de9cd0d8326b73387a22799b8b1ffb1fbcff2ed0c?s=96&d=mm&r=g\",\"caption\":\"Reda\u00e7\u00e3o\"},\"url\":\"https:\/\/brasilnoticias.org\/site\/author\/redacao\/\"}]}<\/script>\n<!-- \/ Yoast SEO plugin. -->","yoast_head_json":{"title":"Homem \u00e9 procurado por matar namorada a facadas em discuss\u00e3o por ci\u00fames - Brasil not\u00edcias","robots":{"index":"index","follow":"follow","max-snippet":"max-snippet:-1","max-image-preview":"max-image-preview:large","max-video-preview":"max-video-preview:-1"},"canonical":"https:\/\/brasilnoticias.org\/site\/homem-e-procurado-por-matar-namorada-a-facadas-em-discussao-por-ciumes\/","og_locale":"pt_PT","og_type":"article","og_title":"Homem \u00e9 procurado por matar namorada a facadas em discuss\u00e3o por ci\u00fames - Brasil not\u00edcias","og_description":"Um homem \u00e9 procurado pela pol\u00edcia suspeito de matar namorada a facadas na cidade de Irec\u00ea, norte da Bahia, ap\u00f3s","og_url":"https:\/\/brasilnoticias.org\/site\/homem-e-procurado-por-matar-namorada-a-facadas-em-discussao-por-ciumes\/","og_site_name":"Brasil not\u00edcias","article_published_time":"2022-05-30T23:22:02+00:00","og_image":[{"width":499,"height":261,"url":"https:\/\/brasilnoticias.org\/site\/wp-content\/uploads\/2022\/05\/whatsapp_image_2022-05-30_at_16.22.34_widelg.jpeg","type":"image\/jpeg"}],"author":"Reda\u00e7\u00e3o","twitter_card":"summary_large_image","twitter_misc":{"Escrito por":"Reda\u00e7\u00e3o","Tempo estimado de leitura":"1 minuto"},"schema":{"@context":"https:\/\/schema.org","@graph":[{"@type":"Article","@id":"https:\/\/brasilnoticias.org\/site\/homem-e-procurado-por-matar-namorada-a-facadas-em-discussao-por-ciumes\/#article","isPartOf":{"@id":"https:\/\/brasilnoticias.org\/site\/homem-e-procurado-por-matar-namorada-a-facadas-em-discussao-por-ciumes\/"},"author":{"name":"Reda\u00e7\u00e3o","@id":"https:\/\/brasilnoticias.org\/site\/#\/schema\/person\/f609fa847b5314f1c8b983342f34c798"},"headline":"Homem \u00e9 procurado por matar namorada a facadas em discuss\u00e3o por ci\u00fames","datePublished":"2022-05-30T23:22:02+00:00","mainEntityOfPage":{"@id":"https:\/\/brasilnoticias.org\/site\/homem-e-procurado-por-matar-namorada-a-facadas-em-discussao-por-ciumes\/"},"wordCount":166,"commentCount":0,"publisher":{"@id":"https:\/\/brasilnoticias.org\/site\/#organization"},"image":{"@id":"https:\/\/brasilnoticias.org\/site\/homem-e-procurado-por-matar-namorada-a-facadas-em-discussao-por-ciumes\/#primaryimage"},"thumbnailUrl":"https:\/\/brasilnoticias.org\/site\/wp-content\/uploads\/2022\/05\/whatsapp_image_2022-05-30_at_16.22.34_widelg.jpeg","articleSection":["Pol\u00edcia","\u00daltimas"],"inLanguage":"pt-PT","potentialAction":[{"@type":"CommentAction","name":"Comment","target":["https:\/\/brasilnoticias.org\/site\/homem-e-procurado-por-matar-namorada-a-facadas-em-discussao-por-ciumes\/#respond"]}]},{"@type":"WebPage","@id":"https:\/\/brasilnoticias.org\/site\/homem-e-procurado-por-matar-namorada-a-facadas-em-discussao-por-ciumes\/","url":"https:\/\/brasilnoticias.org\/site\/homem-e-procurado-por-matar-namorada-a-facadas-em-discussao-por-ciumes\/","name":"Homem \u00e9 procurado por matar namorada a facadas em discuss\u00e3o por ci\u00fames - Brasil not\u00edcias","isPartOf":{"@id":"https:\/\/brasilnoticias.org\/site\/#website"},"primaryImageOfPage":{"@id":"https:\/\/brasilnoticias.org\/site\/homem-e-procurado-por-matar-namorada-a-facadas-em-discussao-por-ciumes\/#primaryimage"},"image":{"@id":"https:\/\/brasilnoticias.org\/site\/homem-e-procurado-por-matar-namorada-a-facadas-em-discussao-por-ciumes\/#primaryimage"},"thumbnailUrl":"https:\/\/brasilnoticias.org\/site\/wp-content\/uploads\/2022\/05\/whatsapp_image_2022-05-30_at_16.22.34_widelg.jpeg","datePublished":"2022-05-30T23:22:02+00:00","breadcrumb":{"@id":"https:\/\/brasilnoticias.org\/site\/homem-e-procurado-por-matar-namorada-a-facadas-em-discussao-por-ciumes\/#breadcrumb"},"inLanguage":"pt-PT","potentialAction":[{"@type":"ReadAction","target":["https:\/\/brasilnoticias.org\/site\/homem-e-procurado-por-matar-namorada-a-facadas-em-discussao-por-ciumes\/"]}]},{"@type":"ImageObject","inLanguage":"pt-PT","@id":"https:\/\/brasilnoticias.org\/site\/homem-e-procurado-por-matar-namorada-a-facadas-em-discussao-por-ciumes\/#primaryimage","url":"https:\/\/brasilnoticias.org\/site\/wp-content\/uploads\/2022\/05\/whatsapp_image_2022-05-30_at_16.22.34_widelg.jpeg","contentUrl":"https:\/\/brasilnoticias.org\/site\/wp-content\/uploads\/2022\/05\/whatsapp_image_2022-05-30_at_16.22.34_widelg.jpeg","width":499,"height":261},{"@type":"BreadcrumbList","@id":"https:\/\/brasilnoticias.org\/site\/homem-e-procurado-por-matar-namorada-a-facadas-em-discussao-por-ciumes\/#breadcrumb","itemListElement":[{"@type":"ListItem","position":1,"name":"In\u00edcio","item":"https:\/\/brasilnoticias.org\/site\/"},{"@type":"ListItem","position":2,"name":"Homem \u00e9 procurado por matar namorada a facadas em discuss\u00e3o por ci\u00fames"}]},{"@type":"WebSite","@id":"https:\/\/brasilnoticias.org\/site\/#website","url":"https:\/\/brasilnoticias.org\/site\/","name":"Brasil not\u00edcias","description":"Brasil not\u00edcias","publisher":{"@id":"https:\/\/brasilnoticias.org\/site\/#organization"},"potentialAction":[{"@type":"SearchAction","target":{"@type":"EntryPoint","urlTemplate":"https:\/\/brasilnoticias.org\/site\/?s={search_term_string}"},"query-input":{"@type":"PropertyValueSpecification","valueRequired":true,"valueName":"search_term_string"}}],"inLanguage":"pt-PT"},{"@type":"Organization","@id":"https:\/\/brasilnoticias.org\/site\/#organization","name":"Brasil not\u00edcias","url":"https:\/\/brasilnoticias.org\/site\/","logo":{"@type":"ImageObject","inLanguage":"pt-PT","@id":"https:\/\/brasilnoticias.org\/site\/#\/schema\/logo\/image\/","url":"https:\/\/brasilnoticias.org\/site\/wp-content\/uploads\/2022\/05\/cropped-brasilnoticias-mini.jpg","contentUrl":"https:\/\/brasilnoticias.org\/site\/wp-content\/uploads\/2022\/05\/cropped-brasilnoticias-mini.jpg","width":314,"height":86,"caption":"Brasil not\u00edcias"},"image":{"@id":"https:\/\/brasilnoticias.org\/site\/#\/schema\/logo\/image\/"}},{"@type":"Person","@id":"https:\/\/brasilnoticias.org\/site\/#\/schema\/person\/f609fa847b5314f1c8b983342f34c798","name":"Reda\u00e7\u00e3o","image":{"@type":"ImageObject","inLanguage":"pt-PT","@id":"https:\/\/brasilnoticias.org\/site\/#\/schema\/person\/image\/","url":"https:\/\/secure.gravatar.com\/avatar\/447284c06c1ad8b46465a36de9cd0d8326b73387a22799b8b1ffb1fbcff2ed0c?s=96&d=mm&r=g","contentUrl":"https:\/\/secure.gravatar.com\/avatar\/447284c06c1ad8b46465a36de9cd0d8326b73387a22799b8b1ffb1fbcff2ed0c?s=96&d=mm&r=g","caption":"Reda\u00e7\u00e3o"},"url":"https:\/\/brasilnoticias.org\/site\/author\/redacao\/"}]}},"_links":{"self":[{"href":"https:\/\/brasilnoticias.org\/site\/wp-json\/wp\/v2\/posts\/695","targetHints":{"allow":["GET"]}}],"collection":[{"href":"https:\/\/brasilnoticias.org\/site\/wp-json\/wp\/v2\/posts"}],"about":[{"href":"https:\/\/brasilnoticias.org\/site\/wp-json\/wp\/v2\/types\/post"}],"author":[{"embeddable":true,"href":"https:\/\/brasilnoticias.org\/site\/wp-json\/wp\/v2\/users\/2"}],"replies":[{"embeddable":true,"href":"https:\/\/brasilnoticias.org\/site\/wp-json\/wp\/v2\/comments?post=695"}],"version-history":[{"count":1,"href":"https:\/\/brasilnoticias.org\/site\/wp-json\/wp\/v2\/posts\/695\/revisions"}],"predecessor-version":[{"id":697,"href":"https:\/\/brasilnoticias.org\/site\/wp-json\/wp\/v2\/posts\/695\/revisions\/697"}],"wp:featuredmedia":[{"embeddable":true,"href":"https:\/\/brasilnoticias.org\/site\/wp-json\/wp\/v2\/media\/696"}],"wp:attachment":[{"href":"https:\/\/brasilnoticias.org\/site\/wp-json\/wp\/v2\/media?parent=695"}],"wp:term":[{"taxonomy":"category","embeddable":true,"href":"https:\/\/brasilnoticias.org\/site\/wp-json\/wp\/v2\/categories?post=695"},{"taxonomy":"post_tag","embeddable":true,"href":"https:\/\/brasilnoticias.org\/site\/wp-json\/wp\/v2\/tags?post=695"}],"curies":[{"name":"wp","href":"https:\/\/api.w.org\/{rel}","templated":true}]}}