{"id":6952,"date":"2023-06-28T06:27:33","date_gmt":"2023-06-28T09:27:33","guid":{"rendered":"https:\/\/brasilnoticias.org\/site\/?p=6952"},"modified":"2023-06-28T06:27:33","modified_gmt":"2023-06-28T09:27:33","slug":"leo-gamalho-esta-fora-do-jogo-entre-vitoria-x-sampaio-correa","status":"publish","type":"post","link":"https:\/\/brasilnoticias.org\/site\/leo-gamalho-esta-fora-do-jogo-entre-vitoria-x-sampaio-correa\/","title":{"rendered":"L\u00e9o Gamalho est\u00e1 fora do jogo entre Vit\u00f3ria x Sampaio Corr\u00eaa"},"content":{"rendered":"<p>O atacante L\u00e9o Gamalho, do Vit\u00f3ria, est\u00e1 de fora da partida desta ter\u00e7a-feira (28), contra o Sampaio Corr\u00eaa, no Barrad\u00e3o. O atleta teve um c\u00e2ncer de pele que foi retirado com um procedimento cir\u00fargico. Gamalho voltou a treinar normalmente com o elenco do rubro negro baiano na \u00faltima semana.<\/p>\n<p>O motivo pelo qual Gamalho n\u00e3o foi relacionado n\u00e3o foi divulgado oficialmente pelo clube, por\u00e9m de acordo com informa\u00e7\u00f5es obtidas pela reportagem do BNews, o atacante segue de fora pois ainda n\u00e3o est\u00e1 com o ritmo de jogo adequado para uma partida oficial.<\/p>\n<p>Tido como a principal contrata\u00e7\u00e3o do Vit\u00f3ria no in\u00edcio da temporada, L\u00e9o Gamalho ainda n\u00e3o deslanchou com a camisa rubro negra, muito por causa de algumas les\u00f5es que acabaram atrapalhando sua sequ\u00eancia de jogos no time titular. Com 16 jogos disputados na temporada at\u00e9 aqui, Gamalho j\u00e1 marcou quatro gols e deu duas assist\u00eancias.<\/p>\n<p>&nbsp;<\/p>\n<p>Foto: Victor Ferreira\/EC Vit\u00f3ria<br \/>\nBNews<\/p>\n","protected":false},"excerpt":{"rendered":"<p>O atacante L\u00e9o Gamalho, do Vit\u00f3ria, est\u00e1 de fora da partida desta ter\u00e7a-feira (28), contra o Sampaio Corr\u00eaa, no Barrad\u00e3o.<\/p>\n","protected":false},"author":1,"featured_media":6953,"comment_status":"open","ping_status":"open","sticky":false,"template":"","format":"standard","meta":{"colormag_page_container_layout":"default_layout","colormag_page_sidebar_layout":"default_layout","_FSMCFIC_featured_image_caption":"","_FSMCFIC_featured_image_nocaption":"","_FSMCFIC_featured_image_hide":"","footnotes":""},"categories":[4,1],"tags":[],"class_list":["post-6952","post","type-post","status-publish","format-standard","has-post-thumbnail","hentry","category-esporte","category-ultimas"],"yoast_head":"<!-- This site is optimized with the Yoast SEO plugin v27.1.1 - https:\/\/yoast.com\/product\/yoast-seo-wordpress\/ -->\n<title>L\u00e9o Gamalho est\u00e1 fora do jogo entre Vit\u00f3ria x Sampaio Corr\u00eaa - Brasil not\u00edcias<\/title>\n<meta name=\"robots\" content=\"index, follow, max-snippet:-1, max-image-preview:large, max-video-preview:-1\" \/>\n<link rel=\"canonical\" href=\"https:\/\/brasilnoticias.org\/site\/leo-gamalho-esta-fora-do-jogo-entre-vitoria-x-sampaio-correa\/\" \/>\n<meta property=\"og:locale\" content=\"pt_PT\" \/>\n<meta property=\"og:type\" content=\"article\" \/>\n<meta property=\"og:title\" content=\"L\u00e9o Gamalho est\u00e1 fora do jogo entre Vit\u00f3ria x Sampaio Corr\u00eaa - Brasil not\u00edcias\" \/>\n<meta property=\"og:description\" content=\"O atacante L\u00e9o Gamalho, do Vit\u00f3ria, est\u00e1 de fora da partida desta ter\u00e7a-feira (28), contra o Sampaio Corr\u00eaa, no Barrad\u00e3o.\" \/>\n<meta property=\"og:url\" content=\"https:\/\/brasilnoticias.org\/site\/leo-gamalho-esta-fora-do-jogo-entre-vitoria-x-sampaio-correa\/\" \/>\n<meta property=\"og:site_name\" content=\"Brasil not\u00edcias\" \/>\n<meta property=\"article:published_time\" content=\"2023-06-28T09:27:33+00:00\" \/>\n<meta property=\"og:image\" content=\"https:\/\/brasilnoticias.org\/site\/wp-content\/uploads\/2023\/06\/52823949418_b6babe32c1_k_widelg_widelg.jpg\" \/>\n\t<meta property=\"og:image:width\" content=\"800\" \/>\n\t<meta property=\"og:image:height\" content=\"450\" \/>\n\t<meta property=\"og:image:type\" content=\"image\/jpeg\" \/>\n<meta name=\"author\" content=\"Reda\u00e7\u00e3o\" \/>\n<meta name=\"twitter:card\" content=\"summary_large_image\" \/>\n<meta name=\"twitter:label1\" content=\"Escrito por\" \/>\n\t<meta name=\"twitter:data1\" content=\"Reda\u00e7\u00e3o\" \/>\n\t<meta name=\"twitter:label2\" content=\"Tempo estimado de leitura\" \/>\n\t<meta name=\"twitter:data2\" content=\"1 minuto\" \/>\n<script type=\"application\/ld+json\" class=\"yoast-schema-graph\">{\"@context\":\"https:\/\/schema.org\",\"@graph\":[{\"@type\":\"Article\",\"@id\":\"https:\/\/brasilnoticias.org\/site\/leo-gamalho-esta-fora-do-jogo-entre-vitoria-x-sampaio-correa\/#article\",\"isPartOf\":{\"@id\":\"https:\/\/brasilnoticias.org\/site\/leo-gamalho-esta-fora-do-jogo-entre-vitoria-x-sampaio-correa\/\"},\"author\":{\"name\":\"Reda\u00e7\u00e3o\",\"@id\":\"https:\/\/brasilnoticias.org\/site\/#\/schema\/person\/a0e05b973ec4d15c658d51911e53507b\"},\"headline\":\"L\u00e9o Gamalho est\u00e1 fora do jogo entre Vit\u00f3ria x Sampaio Corr\u00eaa\",\"datePublished\":\"2023-06-28T09:27:33+00:00\",\"mainEntityOfPage\":{\"@id\":\"https:\/\/brasilnoticias.org\/site\/leo-gamalho-esta-fora-do-jogo-entre-vitoria-x-sampaio-correa\/\"},\"wordCount\":186,\"commentCount\":0,\"publisher\":{\"@id\":\"https:\/\/brasilnoticias.org\/site\/#organization\"},\"image\":{\"@id\":\"https:\/\/brasilnoticias.org\/site\/leo-gamalho-esta-fora-do-jogo-entre-vitoria-x-sampaio-correa\/#primaryimage\"},\"thumbnailUrl\":\"https:\/\/brasilnoticias.org\/site\/wp-content\/uploads\/2023\/06\/52823949418_b6babe32c1_k_widelg_widelg.jpg\",\"articleSection\":[\"Esporte\",\"\u00daltimas\"],\"inLanguage\":\"pt-PT\",\"potentialAction\":[{\"@type\":\"CommentAction\",\"name\":\"Comment\",\"target\":[\"https:\/\/brasilnoticias.org\/site\/leo-gamalho-esta-fora-do-jogo-entre-vitoria-x-sampaio-correa\/#respond\"]}]},{\"@type\":\"WebPage\",\"@id\":\"https:\/\/brasilnoticias.org\/site\/leo-gamalho-esta-fora-do-jogo-entre-vitoria-x-sampaio-correa\/\",\"url\":\"https:\/\/brasilnoticias.org\/site\/leo-gamalho-esta-fora-do-jogo-entre-vitoria-x-sampaio-correa\/\",\"name\":\"L\u00e9o Gamalho est\u00e1 fora do jogo entre Vit\u00f3ria x Sampaio Corr\u00eaa - Brasil not\u00edcias\",\"isPartOf\":{\"@id\":\"https:\/\/brasilnoticias.org\/site\/#website\"},\"primaryImageOfPage\":{\"@id\":\"https:\/\/brasilnoticias.org\/site\/leo-gamalho-esta-fora-do-jogo-entre-vitoria-x-sampaio-correa\/#primaryimage\"},\"image\":{\"@id\":\"https:\/\/brasilnoticias.org\/site\/leo-gamalho-esta-fora-do-jogo-entre-vitoria-x-sampaio-correa\/#primaryimage\"},\"thumbnailUrl\":\"https:\/\/brasilnoticias.org\/site\/wp-content\/uploads\/2023\/06\/52823949418_b6babe32c1_k_widelg_widelg.jpg\",\"datePublished\":\"2023-06-28T09:27:33+00:00\",\"breadcrumb\":{\"@id\":\"https:\/\/brasilnoticias.org\/site\/leo-gamalho-esta-fora-do-jogo-entre-vitoria-x-sampaio-correa\/#breadcrumb\"},\"inLanguage\":\"pt-PT\",\"potentialAction\":[{\"@type\":\"ReadAction\",\"target\":[\"https:\/\/brasilnoticias.org\/site\/leo-gamalho-esta-fora-do-jogo-entre-vitoria-x-sampaio-correa\/\"]}]},{\"@type\":\"ImageObject\",\"inLanguage\":\"pt-PT\",\"@id\":\"https:\/\/brasilnoticias.org\/site\/leo-gamalho-esta-fora-do-jogo-entre-vitoria-x-sampaio-correa\/#primaryimage\",\"url\":\"https:\/\/brasilnoticias.org\/site\/wp-content\/uploads\/2023\/06\/52823949418_b6babe32c1_k_widelg_widelg.jpg\",\"contentUrl\":\"https:\/\/brasilnoticias.org\/site\/wp-content\/uploads\/2023\/06\/52823949418_b6babe32c1_k_widelg_widelg.jpg\",\"width\":800,\"height\":450},{\"@type\":\"BreadcrumbList\",\"@id\":\"https:\/\/brasilnoticias.org\/site\/leo-gamalho-esta-fora-do-jogo-entre-vitoria-x-sampaio-correa\/#breadcrumb\",\"itemListElement\":[{\"@type\":\"ListItem\",\"position\":1,\"name\":\"In\u00edcio\",\"item\":\"https:\/\/brasilnoticias.org\/site\/\"},{\"@type\":\"ListItem\",\"position\":2,\"name\":\"L\u00e9o Gamalho est\u00e1 fora do jogo entre Vit\u00f3ria x Sampaio Corr\u00eaa\"}]},{\"@type\":\"WebSite\",\"@id\":\"https:\/\/brasilnoticias.org\/site\/#website\",\"url\":\"https:\/\/brasilnoticias.org\/site\/\",\"name\":\"Brasil not\u00edcias\",\"description\":\"Brasil not\u00edcias\",\"publisher\":{\"@id\":\"https:\/\/brasilnoticias.org\/site\/#organization\"},\"potentialAction\":[{\"@type\":\"SearchAction\",\"target\":{\"@type\":\"EntryPoint\",\"urlTemplate\":\"https:\/\/brasilnoticias.org\/site\/?s={search_term_string}\"},\"query-input\":{\"@type\":\"PropertyValueSpecification\",\"valueRequired\":true,\"valueName\":\"search_term_string\"}}],\"inLanguage\":\"pt-PT\"},{\"@type\":\"Organization\",\"@id\":\"https:\/\/brasilnoticias.org\/site\/#organization\",\"name\":\"Brasil not\u00edcias\",\"url\":\"https:\/\/brasilnoticias.org\/site\/\",\"logo\":{\"@type\":\"ImageObject\",\"inLanguage\":\"pt-PT\",\"@id\":\"https:\/\/brasilnoticias.org\/site\/#\/schema\/logo\/image\/\",\"url\":\"https:\/\/brasilnoticias.org\/site\/wp-content\/uploads\/2022\/05\/cropped-brasilnoticias-mini.jpg\",\"contentUrl\":\"https:\/\/brasilnoticias.org\/site\/wp-content\/uploads\/2022\/05\/cropped-brasilnoticias-mini.jpg\",\"width\":314,\"height\":86,\"caption\":\"Brasil not\u00edcias\"},\"image\":{\"@id\":\"https:\/\/brasilnoticias.org\/site\/#\/schema\/logo\/image\/\"}},{\"@type\":\"Person\",\"@id\":\"https:\/\/brasilnoticias.org\/site\/#\/schema\/person\/a0e05b973ec4d15c658d51911e53507b\",\"name\":\"Reda\u00e7\u00e3o\",\"image\":{\"@type\":\"ImageObject\",\"inLanguage\":\"pt-PT\",\"@id\":\"https:\/\/brasilnoticias.org\/site\/#\/schema\/person\/image\/\",\"url\":\"https:\/\/secure.gravatar.com\/avatar\/75d8b050df2de108b08ae78dfb8e374892df24a383c67db9c46a9c604f6aee9c?s=96&d=mm&r=g\",\"contentUrl\":\"https:\/\/secure.gravatar.com\/avatar\/75d8b050df2de108b08ae78dfb8e374892df24a383c67db9c46a9c604f6aee9c?s=96&d=mm&r=g\",\"caption\":\"Reda\u00e7\u00e3o\"},\"sameAs\":[\"https:\/\/brasilnoticias.org\/site\"],\"url\":\"https:\/\/brasilnoticias.org\/site\/author\/fernandozsngmail-com\/\"}]}<\/script>\n<!-- \/ Yoast SEO plugin. -->","yoast_head_json":{"title":"L\u00e9o Gamalho est\u00e1 fora do jogo entre Vit\u00f3ria x Sampaio Corr\u00eaa - Brasil not\u00edcias","robots":{"index":"index","follow":"follow","max-snippet":"max-snippet:-1","max-image-preview":"max-image-preview:large","max-video-preview":"max-video-preview:-1"},"canonical":"https:\/\/brasilnoticias.org\/site\/leo-gamalho-esta-fora-do-jogo-entre-vitoria-x-sampaio-correa\/","og_locale":"pt_PT","og_type":"article","og_title":"L\u00e9o Gamalho est\u00e1 fora do jogo entre Vit\u00f3ria x Sampaio Corr\u00eaa - Brasil not\u00edcias","og_description":"O atacante L\u00e9o Gamalho, do Vit\u00f3ria, est\u00e1 de fora da partida desta ter\u00e7a-feira (28), contra o Sampaio Corr\u00eaa, no Barrad\u00e3o.","og_url":"https:\/\/brasilnoticias.org\/site\/leo-gamalho-esta-fora-do-jogo-entre-vitoria-x-sampaio-correa\/","og_site_name":"Brasil not\u00edcias","article_published_time":"2023-06-28T09:27:33+00:00","og_image":[{"width":800,"height":450,"url":"https:\/\/brasilnoticias.org\/site\/wp-content\/uploads\/2023\/06\/52823949418_b6babe32c1_k_widelg_widelg.jpg","type":"image\/jpeg"}],"author":"Reda\u00e7\u00e3o","twitter_card":"summary_large_image","twitter_misc":{"Escrito por":"Reda\u00e7\u00e3o","Tempo estimado de leitura":"1 minuto"},"schema":{"@context":"https:\/\/schema.org","@graph":[{"@type":"Article","@id":"https:\/\/brasilnoticias.org\/site\/leo-gamalho-esta-fora-do-jogo-entre-vitoria-x-sampaio-correa\/#article","isPartOf":{"@id":"https:\/\/brasilnoticias.org\/site\/leo-gamalho-esta-fora-do-jogo-entre-vitoria-x-sampaio-correa\/"},"author":{"name":"Reda\u00e7\u00e3o","@id":"https:\/\/brasilnoticias.org\/site\/#\/schema\/person\/a0e05b973ec4d15c658d51911e53507b"},"headline":"L\u00e9o Gamalho est\u00e1 fora do jogo entre Vit\u00f3ria x Sampaio Corr\u00eaa","datePublished":"2023-06-28T09:27:33+00:00","mainEntityOfPage":{"@id":"https:\/\/brasilnoticias.org\/site\/leo-gamalho-esta-fora-do-jogo-entre-vitoria-x-sampaio-correa\/"},"wordCount":186,"commentCount":0,"publisher":{"@id":"https:\/\/brasilnoticias.org\/site\/#organization"},"image":{"@id":"https:\/\/brasilnoticias.org\/site\/leo-gamalho-esta-fora-do-jogo-entre-vitoria-x-sampaio-correa\/#primaryimage"},"thumbnailUrl":"https:\/\/brasilnoticias.org\/site\/wp-content\/uploads\/2023\/06\/52823949418_b6babe32c1_k_widelg_widelg.jpg","articleSection":["Esporte","\u00daltimas"],"inLanguage":"pt-PT","potentialAction":[{"@type":"CommentAction","name":"Comment","target":["https:\/\/brasilnoticias.org\/site\/leo-gamalho-esta-fora-do-jogo-entre-vitoria-x-sampaio-correa\/#respond"]}]},{"@type":"WebPage","@id":"https:\/\/brasilnoticias.org\/site\/leo-gamalho-esta-fora-do-jogo-entre-vitoria-x-sampaio-correa\/","url":"https:\/\/brasilnoticias.org\/site\/leo-gamalho-esta-fora-do-jogo-entre-vitoria-x-sampaio-correa\/","name":"L\u00e9o Gamalho est\u00e1 fora do jogo entre Vit\u00f3ria x Sampaio Corr\u00eaa - Brasil not\u00edcias","isPartOf":{"@id":"https:\/\/brasilnoticias.org\/site\/#website"},"primaryImageOfPage":{"@id":"https:\/\/brasilnoticias.org\/site\/leo-gamalho-esta-fora-do-jogo-entre-vitoria-x-sampaio-correa\/#primaryimage"},"image":{"@id":"https:\/\/brasilnoticias.org\/site\/leo-gamalho-esta-fora-do-jogo-entre-vitoria-x-sampaio-correa\/#primaryimage"},"thumbnailUrl":"https:\/\/brasilnoticias.org\/site\/wp-content\/uploads\/2023\/06\/52823949418_b6babe32c1_k_widelg_widelg.jpg","datePublished":"2023-06-28T09:27:33+00:00","breadcrumb":{"@id":"https:\/\/brasilnoticias.org\/site\/leo-gamalho-esta-fora-do-jogo-entre-vitoria-x-sampaio-correa\/#breadcrumb"},"inLanguage":"pt-PT","potentialAction":[{"@type":"ReadAction","target":["https:\/\/brasilnoticias.org\/site\/leo-gamalho-esta-fora-do-jogo-entre-vitoria-x-sampaio-correa\/"]}]},{"@type":"ImageObject","inLanguage":"pt-PT","@id":"https:\/\/brasilnoticias.org\/site\/leo-gamalho-esta-fora-do-jogo-entre-vitoria-x-sampaio-correa\/#primaryimage","url":"https:\/\/brasilnoticias.org\/site\/wp-content\/uploads\/2023\/06\/52823949418_b6babe32c1_k_widelg_widelg.jpg","contentUrl":"https:\/\/brasilnoticias.org\/site\/wp-content\/uploads\/2023\/06\/52823949418_b6babe32c1_k_widelg_widelg.jpg","width":800,"height":450},{"@type":"BreadcrumbList","@id":"https:\/\/brasilnoticias.org\/site\/leo-gamalho-esta-fora-do-jogo-entre-vitoria-x-sampaio-correa\/#breadcrumb","itemListElement":[{"@type":"ListItem","position":1,"name":"In\u00edcio","item":"https:\/\/brasilnoticias.org\/site\/"},{"@type":"ListItem","position":2,"name":"L\u00e9o Gamalho est\u00e1 fora do jogo entre Vit\u00f3ria x Sampaio Corr\u00eaa"}]},{"@type":"WebSite","@id":"https:\/\/brasilnoticias.org\/site\/#website","url":"https:\/\/brasilnoticias.org\/site\/","name":"Brasil not\u00edcias","description":"Brasil not\u00edcias","publisher":{"@id":"https:\/\/brasilnoticias.org\/site\/#organization"},"potentialAction":[{"@type":"SearchAction","target":{"@type":"EntryPoint","urlTemplate":"https:\/\/brasilnoticias.org\/site\/?s={search_term_string}"},"query-input":{"@type":"PropertyValueSpecification","valueRequired":true,"valueName":"search_term_string"}}],"inLanguage":"pt-PT"},{"@type":"Organization","@id":"https:\/\/brasilnoticias.org\/site\/#organization","name":"Brasil not\u00edcias","url":"https:\/\/brasilnoticias.org\/site\/","logo":{"@type":"ImageObject","inLanguage":"pt-PT","@id":"https:\/\/brasilnoticias.org\/site\/#\/schema\/logo\/image\/","url":"https:\/\/brasilnoticias.org\/site\/wp-content\/uploads\/2022\/05\/cropped-brasilnoticias-mini.jpg","contentUrl":"https:\/\/brasilnoticias.org\/site\/wp-content\/uploads\/2022\/05\/cropped-brasilnoticias-mini.jpg","width":314,"height":86,"caption":"Brasil not\u00edcias"},"image":{"@id":"https:\/\/brasilnoticias.org\/site\/#\/schema\/logo\/image\/"}},{"@type":"Person","@id":"https:\/\/brasilnoticias.org\/site\/#\/schema\/person\/a0e05b973ec4d15c658d51911e53507b","name":"Reda\u00e7\u00e3o","image":{"@type":"ImageObject","inLanguage":"pt-PT","@id":"https:\/\/brasilnoticias.org\/site\/#\/schema\/person\/image\/","url":"https:\/\/secure.gravatar.com\/avatar\/75d8b050df2de108b08ae78dfb8e374892df24a383c67db9c46a9c604f6aee9c?s=96&d=mm&r=g","contentUrl":"https:\/\/secure.gravatar.com\/avatar\/75d8b050df2de108b08ae78dfb8e374892df24a383c67db9c46a9c604f6aee9c?s=96&d=mm&r=g","caption":"Reda\u00e7\u00e3o"},"sameAs":["https:\/\/brasilnoticias.org\/site"],"url":"https:\/\/brasilnoticias.org\/site\/author\/fernandozsngmail-com\/"}]}},"_links":{"self":[{"href":"https:\/\/brasilnoticias.org\/site\/wp-json\/wp\/v2\/posts\/6952","targetHints":{"allow":["GET"]}}],"collection":[{"href":"https:\/\/brasilnoticias.org\/site\/wp-json\/wp\/v2\/posts"}],"about":[{"href":"https:\/\/brasilnoticias.org\/site\/wp-json\/wp\/v2\/types\/post"}],"author":[{"embeddable":true,"href":"https:\/\/brasilnoticias.org\/site\/wp-json\/wp\/v2\/users\/1"}],"replies":[{"embeddable":true,"href":"https:\/\/brasilnoticias.org\/site\/wp-json\/wp\/v2\/comments?post=6952"}],"version-history":[{"count":1,"href":"https:\/\/brasilnoticias.org\/site\/wp-json\/wp\/v2\/posts\/6952\/revisions"}],"predecessor-version":[{"id":6954,"href":"https:\/\/brasilnoticias.org\/site\/wp-json\/wp\/v2\/posts\/6952\/revisions\/6954"}],"wp:featuredmedia":[{"embeddable":true,"href":"https:\/\/brasilnoticias.org\/site\/wp-json\/wp\/v2\/media\/6953"}],"wp:attachment":[{"href":"https:\/\/brasilnoticias.org\/site\/wp-json\/wp\/v2\/media?parent=6952"}],"wp:term":[{"taxonomy":"category","embeddable":true,"href":"https:\/\/brasilnoticias.org\/site\/wp-json\/wp\/v2\/categories?post=6952"},{"taxonomy":"post_tag","embeddable":true,"href":"https:\/\/brasilnoticias.org\/site\/wp-json\/wp\/v2\/tags?post=6952"}],"curies":[{"name":"wp","href":"https:\/\/api.w.org\/{rel}","templated":true}]}}