{"id":6955,"date":"2023-06-28T06:29:42","date_gmt":"2023-06-28T09:29:42","guid":{"rendered":"https:\/\/brasilnoticias.org\/site\/?p=6955"},"modified":"2023-06-28T06:29:42","modified_gmt":"2023-06-28T09:29:42","slug":"jogador-viraliza-ao-marcar-de-bicicleta-de-fora-da-area-na-serie-b-assista","status":"publish","type":"post","link":"https:\/\/brasilnoticias.org\/site\/jogador-viraliza-ao-marcar-de-bicicleta-de-fora-da-area-na-serie-b-assista\/","title":{"rendered":"Jogador viraliza ao marcar de bicicleta de fora da \u00e1rea na S\u00e9rie B; assista"},"content":{"rendered":"<p>De fora da \u00e1rea, o meia Guilherme Madruga, do Botafogo-SP, marcou um gola\u00e7o de bicicleta, na vit\u00f3ria por 1 a 0 contra o Novorizontino, v\u00e1lida pela 14\u00aa rodada da S\u00e9rie B do Campeonato Brasileiro.<\/p>\n<p>O jogo estava nos 36 minutos do primeiro tempo, com o jogo empatado por 0 a 0, quando a bola sobrou para Madruga fora da \u00e1rea. Mesmo com a dist\u00e2ncia, o meia armou uma bicicleta e arriscou a finaliza\u00e7\u00e3o, inaugurando o placar do jogo.<\/p>\n<p>Internautas logo sugeriram a indica\u00e7\u00e3o do jogador ao Pr\u00eamio Pusk\u00e1s, concedido pela Fifa ao atleta que marca o gol mais bonito da temporada no mundo do futebol. Madruga tamb\u00e9m foi comparado com o sueco Ibrahimovic, que marcou um gol semelhante em amistoso contra a Inglaterra, em 2012. As informa\u00e7\u00f5es s\u00e3o do Uol.<\/p>\n<blockquote class=\"twitter-tweet\">\n<p lang=\"pt\" dir=\"ltr\">Guilherme Madruga ou Ibrahimovic??<\/p>\n<p>GOLA\u00c7O PUSKAS do Botafogo-SP!!!<a href=\"https:\/\/t.co\/6WMQpvaJ0s\">https:\/\/t.co\/6WMQpvaJ0s<\/a><\/p>\n<p>&mdash; Aposta Mestre (@apostamestre) <a href=\"https:\/\/twitter.com\/apostamestre\/status\/1673862116896391169?ref_src=twsrc%5Etfw\">June 28, 2023<\/a><\/p><\/blockquote>\n<p> <script async src=\"https:\/\/platform.twitter.com\/widgets.js\" charset=\"utf-8\"><\/script><\/p>\n<p>Foto Reprodu\u00e7\u00e3o | V\u00eddeo<\/p>\n<p>BNews<\/p>\n","protected":false},"excerpt":{"rendered":"<p>De fora da \u00e1rea, o meia Guilherme Madruga, do Botafogo-SP, marcou um gola\u00e7o de bicicleta, na vit\u00f3ria por 1 a<\/p>\n","protected":false},"author":1,"featured_media":6956,"comment_status":"open","ping_status":"open","sticky":false,"template":"","format":"standard","meta":{"colormag_page_container_layout":"default_layout","colormag_page_sidebar_layout":"default_layout","_FSMCFIC_featured_image_caption":"","_FSMCFIC_featured_image_nocaption":"","_FSMCFIC_featured_image_hide":"","footnotes":""},"categories":[4,1],"tags":[],"class_list":["post-6955","post","type-post","status-publish","format-standard","has-post-thumbnail","hentry","category-esporte","category-ultimas"],"yoast_head":"<!-- This site is optimized with the Yoast SEO plugin v27.1.1 - https:\/\/yoast.com\/product\/yoast-seo-wordpress\/ -->\n<title>Jogador viraliza ao marcar de bicicleta de fora da \u00e1rea na S\u00e9rie B; assista - Brasil not\u00edcias<\/title>\n<meta name=\"robots\" content=\"index, follow, max-snippet:-1, max-image-preview:large, max-video-preview:-1\" \/>\n<link rel=\"canonical\" href=\"https:\/\/brasilnoticias.org\/site\/jogador-viraliza-ao-marcar-de-bicicleta-de-fora-da-area-na-serie-b-assista\/\" \/>\n<meta property=\"og:locale\" content=\"pt_PT\" \/>\n<meta property=\"og:type\" content=\"article\" \/>\n<meta property=\"og:title\" content=\"Jogador viraliza ao marcar de bicicleta de fora da \u00e1rea na S\u00e9rie B; assista - Brasil not\u00edcias\" \/>\n<meta property=\"og:description\" content=\"De fora da \u00e1rea, o meia Guilherme Madruga, do Botafogo-SP, marcou um gola\u00e7o de bicicleta, na vit\u00f3ria por 1 a\" \/>\n<meta property=\"og:url\" content=\"https:\/\/brasilnoticias.org\/site\/jogador-viraliza-ao-marcar-de-bicicleta-de-fora-da-area-na-serie-b-assista\/\" \/>\n<meta property=\"og:site_name\" content=\"Brasil not\u00edcias\" \/>\n<meta property=\"article:published_time\" content=\"2023-06-28T09:29:42+00:00\" \/>\n<meta property=\"og:image\" content=\"https:\/\/brasilnoticias.org\/site\/wp-content\/uploads\/2023\/06\/futebolnacional-botafogosp-puskas-1-570x321_widelg.webp\" \/>\n\t<meta property=\"og:image:width\" content=\"570\" \/>\n\t<meta property=\"og:image:height\" content=\"321\" \/>\n\t<meta property=\"og:image:type\" content=\"image\/webp\" \/>\n<meta name=\"author\" content=\"Reda\u00e7\u00e3o\" \/>\n<meta name=\"twitter:card\" content=\"summary_large_image\" \/>\n<meta name=\"twitter:label1\" content=\"Escrito por\" \/>\n\t<meta name=\"twitter:data1\" content=\"Reda\u00e7\u00e3o\" \/>\n\t<meta name=\"twitter:label2\" content=\"Tempo estimado de leitura\" \/>\n\t<meta name=\"twitter:data2\" content=\"1 minuto\" \/>\n<script type=\"application\/ld+json\" class=\"yoast-schema-graph\">{\"@context\":\"https:\/\/schema.org\",\"@graph\":[{\"@type\":\"Article\",\"@id\":\"https:\/\/brasilnoticias.org\/site\/jogador-viraliza-ao-marcar-de-bicicleta-de-fora-da-area-na-serie-b-assista\/#article\",\"isPartOf\":{\"@id\":\"https:\/\/brasilnoticias.org\/site\/jogador-viraliza-ao-marcar-de-bicicleta-de-fora-da-area-na-serie-b-assista\/\"},\"author\":{\"name\":\"Reda\u00e7\u00e3o\",\"@id\":\"https:\/\/brasilnoticias.org\/site\/#\/schema\/person\/a0e05b973ec4d15c658d51911e53507b\"},\"headline\":\"Jogador viraliza ao marcar de bicicleta de fora da \u00e1rea na S\u00e9rie B; assista\",\"datePublished\":\"2023-06-28T09:29:42+00:00\",\"mainEntityOfPage\":{\"@id\":\"https:\/\/brasilnoticias.org\/site\/jogador-viraliza-ao-marcar-de-bicicleta-de-fora-da-area-na-serie-b-assista\/\"},\"wordCount\":175,\"commentCount\":0,\"publisher\":{\"@id\":\"https:\/\/brasilnoticias.org\/site\/#organization\"},\"image\":{\"@id\":\"https:\/\/brasilnoticias.org\/site\/jogador-viraliza-ao-marcar-de-bicicleta-de-fora-da-area-na-serie-b-assista\/#primaryimage\"},\"thumbnailUrl\":\"https:\/\/brasilnoticias.org\/site\/wp-content\/uploads\/2023\/06\/futebolnacional-botafogosp-puskas-1-570x321_widelg.webp\",\"articleSection\":[\"Esporte\",\"\u00daltimas\"],\"inLanguage\":\"pt-PT\",\"potentialAction\":[{\"@type\":\"CommentAction\",\"name\":\"Comment\",\"target\":[\"https:\/\/brasilnoticias.org\/site\/jogador-viraliza-ao-marcar-de-bicicleta-de-fora-da-area-na-serie-b-assista\/#respond\"]}]},{\"@type\":\"WebPage\",\"@id\":\"https:\/\/brasilnoticias.org\/site\/jogador-viraliza-ao-marcar-de-bicicleta-de-fora-da-area-na-serie-b-assista\/\",\"url\":\"https:\/\/brasilnoticias.org\/site\/jogador-viraliza-ao-marcar-de-bicicleta-de-fora-da-area-na-serie-b-assista\/\",\"name\":\"Jogador viraliza ao marcar de bicicleta de fora da \u00e1rea na S\u00e9rie B; assista - Brasil not\u00edcias\",\"isPartOf\":{\"@id\":\"https:\/\/brasilnoticias.org\/site\/#website\"},\"primaryImageOfPage\":{\"@id\":\"https:\/\/brasilnoticias.org\/site\/jogador-viraliza-ao-marcar-de-bicicleta-de-fora-da-area-na-serie-b-assista\/#primaryimage\"},\"image\":{\"@id\":\"https:\/\/brasilnoticias.org\/site\/jogador-viraliza-ao-marcar-de-bicicleta-de-fora-da-area-na-serie-b-assista\/#primaryimage\"},\"thumbnailUrl\":\"https:\/\/brasilnoticias.org\/site\/wp-content\/uploads\/2023\/06\/futebolnacional-botafogosp-puskas-1-570x321_widelg.webp\",\"datePublished\":\"2023-06-28T09:29:42+00:00\",\"breadcrumb\":{\"@id\":\"https:\/\/brasilnoticias.org\/site\/jogador-viraliza-ao-marcar-de-bicicleta-de-fora-da-area-na-serie-b-assista\/#breadcrumb\"},\"inLanguage\":\"pt-PT\",\"potentialAction\":[{\"@type\":\"ReadAction\",\"target\":[\"https:\/\/brasilnoticias.org\/site\/jogador-viraliza-ao-marcar-de-bicicleta-de-fora-da-area-na-serie-b-assista\/\"]}]},{\"@type\":\"ImageObject\",\"inLanguage\":\"pt-PT\",\"@id\":\"https:\/\/brasilnoticias.org\/site\/jogador-viraliza-ao-marcar-de-bicicleta-de-fora-da-area-na-serie-b-assista\/#primaryimage\",\"url\":\"https:\/\/brasilnoticias.org\/site\/wp-content\/uploads\/2023\/06\/futebolnacional-botafogosp-puskas-1-570x321_widelg.webp\",\"contentUrl\":\"https:\/\/brasilnoticias.org\/site\/wp-content\/uploads\/2023\/06\/futebolnacional-botafogosp-puskas-1-570x321_widelg.webp\",\"width\":570,\"height\":321},{\"@type\":\"BreadcrumbList\",\"@id\":\"https:\/\/brasilnoticias.org\/site\/jogador-viraliza-ao-marcar-de-bicicleta-de-fora-da-area-na-serie-b-assista\/#breadcrumb\",\"itemListElement\":[{\"@type\":\"ListItem\",\"position\":1,\"name\":\"In\u00edcio\",\"item\":\"https:\/\/brasilnoticias.org\/site\/\"},{\"@type\":\"ListItem\",\"position\":2,\"name\":\"Jogador viraliza ao marcar de bicicleta de fora da \u00e1rea na S\u00e9rie B; assista\"}]},{\"@type\":\"WebSite\",\"@id\":\"https:\/\/brasilnoticias.org\/site\/#website\",\"url\":\"https:\/\/brasilnoticias.org\/site\/\",\"name\":\"Brasil not\u00edcias\",\"description\":\"Brasil not\u00edcias\",\"publisher\":{\"@id\":\"https:\/\/brasilnoticias.org\/site\/#organization\"},\"potentialAction\":[{\"@type\":\"SearchAction\",\"target\":{\"@type\":\"EntryPoint\",\"urlTemplate\":\"https:\/\/brasilnoticias.org\/site\/?s={search_term_string}\"},\"query-input\":{\"@type\":\"PropertyValueSpecification\",\"valueRequired\":true,\"valueName\":\"search_term_string\"}}],\"inLanguage\":\"pt-PT\"},{\"@type\":\"Organization\",\"@id\":\"https:\/\/brasilnoticias.org\/site\/#organization\",\"name\":\"Brasil not\u00edcias\",\"url\":\"https:\/\/brasilnoticias.org\/site\/\",\"logo\":{\"@type\":\"ImageObject\",\"inLanguage\":\"pt-PT\",\"@id\":\"https:\/\/brasilnoticias.org\/site\/#\/schema\/logo\/image\/\",\"url\":\"https:\/\/brasilnoticias.org\/site\/wp-content\/uploads\/2022\/05\/cropped-brasilnoticias-mini.jpg\",\"contentUrl\":\"https:\/\/brasilnoticias.org\/site\/wp-content\/uploads\/2022\/05\/cropped-brasilnoticias-mini.jpg\",\"width\":314,\"height\":86,\"caption\":\"Brasil not\u00edcias\"},\"image\":{\"@id\":\"https:\/\/brasilnoticias.org\/site\/#\/schema\/logo\/image\/\"}},{\"@type\":\"Person\",\"@id\":\"https:\/\/brasilnoticias.org\/site\/#\/schema\/person\/a0e05b973ec4d15c658d51911e53507b\",\"name\":\"Reda\u00e7\u00e3o\",\"image\":{\"@type\":\"ImageObject\",\"inLanguage\":\"pt-PT\",\"@id\":\"https:\/\/brasilnoticias.org\/site\/#\/schema\/person\/image\/\",\"url\":\"https:\/\/secure.gravatar.com\/avatar\/75d8b050df2de108b08ae78dfb8e374892df24a383c67db9c46a9c604f6aee9c?s=96&d=mm&r=g\",\"contentUrl\":\"https:\/\/secure.gravatar.com\/avatar\/75d8b050df2de108b08ae78dfb8e374892df24a383c67db9c46a9c604f6aee9c?s=96&d=mm&r=g\",\"caption\":\"Reda\u00e7\u00e3o\"},\"sameAs\":[\"https:\/\/brasilnoticias.org\/site\"],\"url\":\"https:\/\/brasilnoticias.org\/site\/author\/fernandozsngmail-com\/\"}]}<\/script>\n<!-- \/ Yoast SEO plugin. -->","yoast_head_json":{"title":"Jogador viraliza ao marcar de bicicleta de fora da \u00e1rea na S\u00e9rie B; assista - Brasil not\u00edcias","robots":{"index":"index","follow":"follow","max-snippet":"max-snippet:-1","max-image-preview":"max-image-preview:large","max-video-preview":"max-video-preview:-1"},"canonical":"https:\/\/brasilnoticias.org\/site\/jogador-viraliza-ao-marcar-de-bicicleta-de-fora-da-area-na-serie-b-assista\/","og_locale":"pt_PT","og_type":"article","og_title":"Jogador viraliza ao marcar de bicicleta de fora da \u00e1rea na S\u00e9rie B; assista - Brasil not\u00edcias","og_description":"De fora da \u00e1rea, o meia Guilherme Madruga, do Botafogo-SP, marcou um gola\u00e7o de bicicleta, na vit\u00f3ria por 1 a","og_url":"https:\/\/brasilnoticias.org\/site\/jogador-viraliza-ao-marcar-de-bicicleta-de-fora-da-area-na-serie-b-assista\/","og_site_name":"Brasil not\u00edcias","article_published_time":"2023-06-28T09:29:42+00:00","og_image":[{"width":570,"height":321,"url":"https:\/\/brasilnoticias.org\/site\/wp-content\/uploads\/2023\/06\/futebolnacional-botafogosp-puskas-1-570x321_widelg.webp","type":"image\/webp"}],"author":"Reda\u00e7\u00e3o","twitter_card":"summary_large_image","twitter_misc":{"Escrito por":"Reda\u00e7\u00e3o","Tempo estimado de leitura":"1 minuto"},"schema":{"@context":"https:\/\/schema.org","@graph":[{"@type":"Article","@id":"https:\/\/brasilnoticias.org\/site\/jogador-viraliza-ao-marcar-de-bicicleta-de-fora-da-area-na-serie-b-assista\/#article","isPartOf":{"@id":"https:\/\/brasilnoticias.org\/site\/jogador-viraliza-ao-marcar-de-bicicleta-de-fora-da-area-na-serie-b-assista\/"},"author":{"name":"Reda\u00e7\u00e3o","@id":"https:\/\/brasilnoticias.org\/site\/#\/schema\/person\/a0e05b973ec4d15c658d51911e53507b"},"headline":"Jogador viraliza ao marcar de bicicleta de fora da \u00e1rea na S\u00e9rie B; assista","datePublished":"2023-06-28T09:29:42+00:00","mainEntityOfPage":{"@id":"https:\/\/brasilnoticias.org\/site\/jogador-viraliza-ao-marcar-de-bicicleta-de-fora-da-area-na-serie-b-assista\/"},"wordCount":175,"commentCount":0,"publisher":{"@id":"https:\/\/brasilnoticias.org\/site\/#organization"},"image":{"@id":"https:\/\/brasilnoticias.org\/site\/jogador-viraliza-ao-marcar-de-bicicleta-de-fora-da-area-na-serie-b-assista\/#primaryimage"},"thumbnailUrl":"https:\/\/brasilnoticias.org\/site\/wp-content\/uploads\/2023\/06\/futebolnacional-botafogosp-puskas-1-570x321_widelg.webp","articleSection":["Esporte","\u00daltimas"],"inLanguage":"pt-PT","potentialAction":[{"@type":"CommentAction","name":"Comment","target":["https:\/\/brasilnoticias.org\/site\/jogador-viraliza-ao-marcar-de-bicicleta-de-fora-da-area-na-serie-b-assista\/#respond"]}]},{"@type":"WebPage","@id":"https:\/\/brasilnoticias.org\/site\/jogador-viraliza-ao-marcar-de-bicicleta-de-fora-da-area-na-serie-b-assista\/","url":"https:\/\/brasilnoticias.org\/site\/jogador-viraliza-ao-marcar-de-bicicleta-de-fora-da-area-na-serie-b-assista\/","name":"Jogador viraliza ao marcar de bicicleta de fora da \u00e1rea na S\u00e9rie B; assista - Brasil not\u00edcias","isPartOf":{"@id":"https:\/\/brasilnoticias.org\/site\/#website"},"primaryImageOfPage":{"@id":"https:\/\/brasilnoticias.org\/site\/jogador-viraliza-ao-marcar-de-bicicleta-de-fora-da-area-na-serie-b-assista\/#primaryimage"},"image":{"@id":"https:\/\/brasilnoticias.org\/site\/jogador-viraliza-ao-marcar-de-bicicleta-de-fora-da-area-na-serie-b-assista\/#primaryimage"},"thumbnailUrl":"https:\/\/brasilnoticias.org\/site\/wp-content\/uploads\/2023\/06\/futebolnacional-botafogosp-puskas-1-570x321_widelg.webp","datePublished":"2023-06-28T09:29:42+00:00","breadcrumb":{"@id":"https:\/\/brasilnoticias.org\/site\/jogador-viraliza-ao-marcar-de-bicicleta-de-fora-da-area-na-serie-b-assista\/#breadcrumb"},"inLanguage":"pt-PT","potentialAction":[{"@type":"ReadAction","target":["https:\/\/brasilnoticias.org\/site\/jogador-viraliza-ao-marcar-de-bicicleta-de-fora-da-area-na-serie-b-assista\/"]}]},{"@type":"ImageObject","inLanguage":"pt-PT","@id":"https:\/\/brasilnoticias.org\/site\/jogador-viraliza-ao-marcar-de-bicicleta-de-fora-da-area-na-serie-b-assista\/#primaryimage","url":"https:\/\/brasilnoticias.org\/site\/wp-content\/uploads\/2023\/06\/futebolnacional-botafogosp-puskas-1-570x321_widelg.webp","contentUrl":"https:\/\/brasilnoticias.org\/site\/wp-content\/uploads\/2023\/06\/futebolnacional-botafogosp-puskas-1-570x321_widelg.webp","width":570,"height":321},{"@type":"BreadcrumbList","@id":"https:\/\/brasilnoticias.org\/site\/jogador-viraliza-ao-marcar-de-bicicleta-de-fora-da-area-na-serie-b-assista\/#breadcrumb","itemListElement":[{"@type":"ListItem","position":1,"name":"In\u00edcio","item":"https:\/\/brasilnoticias.org\/site\/"},{"@type":"ListItem","position":2,"name":"Jogador viraliza ao marcar de bicicleta de fora da \u00e1rea na S\u00e9rie B; assista"}]},{"@type":"WebSite","@id":"https:\/\/brasilnoticias.org\/site\/#website","url":"https:\/\/brasilnoticias.org\/site\/","name":"Brasil not\u00edcias","description":"Brasil not\u00edcias","publisher":{"@id":"https:\/\/brasilnoticias.org\/site\/#organization"},"potentialAction":[{"@type":"SearchAction","target":{"@type":"EntryPoint","urlTemplate":"https:\/\/brasilnoticias.org\/site\/?s={search_term_string}"},"query-input":{"@type":"PropertyValueSpecification","valueRequired":true,"valueName":"search_term_string"}}],"inLanguage":"pt-PT"},{"@type":"Organization","@id":"https:\/\/brasilnoticias.org\/site\/#organization","name":"Brasil not\u00edcias","url":"https:\/\/brasilnoticias.org\/site\/","logo":{"@type":"ImageObject","inLanguage":"pt-PT","@id":"https:\/\/brasilnoticias.org\/site\/#\/schema\/logo\/image\/","url":"https:\/\/brasilnoticias.org\/site\/wp-content\/uploads\/2022\/05\/cropped-brasilnoticias-mini.jpg","contentUrl":"https:\/\/brasilnoticias.org\/site\/wp-content\/uploads\/2022\/05\/cropped-brasilnoticias-mini.jpg","width":314,"height":86,"caption":"Brasil not\u00edcias"},"image":{"@id":"https:\/\/brasilnoticias.org\/site\/#\/schema\/logo\/image\/"}},{"@type":"Person","@id":"https:\/\/brasilnoticias.org\/site\/#\/schema\/person\/a0e05b973ec4d15c658d51911e53507b","name":"Reda\u00e7\u00e3o","image":{"@type":"ImageObject","inLanguage":"pt-PT","@id":"https:\/\/brasilnoticias.org\/site\/#\/schema\/person\/image\/","url":"https:\/\/secure.gravatar.com\/avatar\/75d8b050df2de108b08ae78dfb8e374892df24a383c67db9c46a9c604f6aee9c?s=96&d=mm&r=g","contentUrl":"https:\/\/secure.gravatar.com\/avatar\/75d8b050df2de108b08ae78dfb8e374892df24a383c67db9c46a9c604f6aee9c?s=96&d=mm&r=g","caption":"Reda\u00e7\u00e3o"},"sameAs":["https:\/\/brasilnoticias.org\/site"],"url":"https:\/\/brasilnoticias.org\/site\/author\/fernandozsngmail-com\/"}]}},"_links":{"self":[{"href":"https:\/\/brasilnoticias.org\/site\/wp-json\/wp\/v2\/posts\/6955","targetHints":{"allow":["GET"]}}],"collection":[{"href":"https:\/\/brasilnoticias.org\/site\/wp-json\/wp\/v2\/posts"}],"about":[{"href":"https:\/\/brasilnoticias.org\/site\/wp-json\/wp\/v2\/types\/post"}],"author":[{"embeddable":true,"href":"https:\/\/brasilnoticias.org\/site\/wp-json\/wp\/v2\/users\/1"}],"replies":[{"embeddable":true,"href":"https:\/\/brasilnoticias.org\/site\/wp-json\/wp\/v2\/comments?post=6955"}],"version-history":[{"count":1,"href":"https:\/\/brasilnoticias.org\/site\/wp-json\/wp\/v2\/posts\/6955\/revisions"}],"predecessor-version":[{"id":6957,"href":"https:\/\/brasilnoticias.org\/site\/wp-json\/wp\/v2\/posts\/6955\/revisions\/6957"}],"wp:featuredmedia":[{"embeddable":true,"href":"https:\/\/brasilnoticias.org\/site\/wp-json\/wp\/v2\/media\/6956"}],"wp:attachment":[{"href":"https:\/\/brasilnoticias.org\/site\/wp-json\/wp\/v2\/media?parent=6955"}],"wp:term":[{"taxonomy":"category","embeddable":true,"href":"https:\/\/brasilnoticias.org\/site\/wp-json\/wp\/v2\/categories?post=6955"},{"taxonomy":"post_tag","embeddable":true,"href":"https:\/\/brasilnoticias.org\/site\/wp-json\/wp\/v2\/tags?post=6955"}],"curies":[{"name":"wp","href":"https:\/\/api.w.org\/{rel}","templated":true}]}}