{"id":6961,"date":"2023-06-28T06:35:48","date_gmt":"2023-06-28T09:35:48","guid":{"rendered":"https:\/\/brasilnoticias.org\/site\/?p=6961"},"modified":"2023-06-28T06:35:48","modified_gmt":"2023-06-28T09:35:48","slug":"apos-morte-de-bebe-familia-acusa-hospital-de-feira-de-santana-de-negligencia-e-violencia-obstetrica","status":"publish","type":"post","link":"https:\/\/brasilnoticias.org\/site\/apos-morte-de-bebe-familia-acusa-hospital-de-feira-de-santana-de-negligencia-e-violencia-obstetrica\/","title":{"rendered":"Ap\u00f3s morte de beb\u00ea, fam\u00edlia acusa hospital de Feira de Santana de neglig\u00eancia e viol\u00eancia obst\u00e9trica"},"content":{"rendered":"<p>Os familiares de Levi Ribeiro de Jesus Santos acusam o Hospital da Mulher, em Feira de Santana, de neglig\u00eancia m\u00e9dica e viol\u00eancia obst\u00e9trica. Segundo relatos, o beb\u00ea nasceu de parto for\u00e7ado pelos m\u00e9dicos e faleceu entubado 15 dias depois.<\/p>\n<p>Ainda segundo a fam\u00edlia, a m\u00e3e do menino, Michele Ribeiro n\u00e3o apresentava passagem para permitir o parto do beb\u00ea, com os m\u00e9dicos n\u00e3o efetuando o parto ces\u00e1reo e for\u00e7ando a o parto normal, machucando assim os seus \u00f3rg\u00e3os genitais.<\/p>\n<p>O pai da crian\u00e7a tamb\u00e9m relata que foi constatada les\u00e3o na cabe\u00e7a da crian\u00e7a, sendo que um dos pr\u00f3prios funcion\u00e1rios do hospital afirmou que o ferimento foi causado pelo parto.<\/p>\n<p>Em nota, o Hospital da Mulher afirma que investiga o caso e autorizou a abertura de uma sindic\u00e2ncia para compreender e apurar o ocorrido.<\/p>\n<p>Foto: fhfs\/Divulga\u00e7\u00e3o<br \/>\nBNews<\/p>\n","protected":false},"excerpt":{"rendered":"<p>Os familiares de Levi Ribeiro de Jesus Santos acusam o Hospital da Mulher, em Feira de Santana, de neglig\u00eancia m\u00e9dica<\/p>\n","protected":false},"author":1,"featured_media":6962,"comment_status":"open","ping_status":"open","sticky":false,"template":"","format":"standard","meta":{"colormag_page_container_layout":"default_layout","colormag_page_sidebar_layout":"default_layout","_FSMCFIC_featured_image_caption":"","_FSMCFIC_featured_image_nocaption":"","_FSMCFIC_featured_image_hide":"","footnotes":""},"categories":[2,1],"tags":[],"class_list":["post-6961","post","type-post","status-publish","format-standard","has-post-thumbnail","hentry","category-noticias","category-ultimas"],"yoast_head":"<!-- This site is optimized with the Yoast SEO plugin v27.1.1 - https:\/\/yoast.com\/product\/yoast-seo-wordpress\/ -->\n<title>Ap\u00f3s morte de beb\u00ea, fam\u00edlia acusa hospital de Feira de Santana de neglig\u00eancia e viol\u00eancia obst\u00e9trica - Brasil not\u00edcias<\/title>\n<meta name=\"robots\" content=\"index, follow, max-snippet:-1, max-image-preview:large, max-video-preview:-1\" \/>\n<link rel=\"canonical\" href=\"https:\/\/brasilnoticias.org\/site\/apos-morte-de-bebe-familia-acusa-hospital-de-feira-de-santana-de-negligencia-e-violencia-obstetrica\/\" \/>\n<meta property=\"og:locale\" content=\"pt_PT\" \/>\n<meta property=\"og:type\" content=\"article\" \/>\n<meta property=\"og:title\" content=\"Ap\u00f3s morte de beb\u00ea, fam\u00edlia acusa hospital de Feira de Santana de neglig\u00eancia e viol\u00eancia obst\u00e9trica - Brasil not\u00edcias\" \/>\n<meta property=\"og:description\" content=\"Os familiares de Levi Ribeiro de Jesus Santos acusam o Hospital da Mulher, em Feira de Santana, de neglig\u00eancia m\u00e9dica\" \/>\n<meta property=\"og:url\" content=\"https:\/\/brasilnoticias.org\/site\/apos-morte-de-bebe-familia-acusa-hospital-de-feira-de-santana-de-negligencia-e-violencia-obstetrica\/\" \/>\n<meta property=\"og:site_name\" content=\"Brasil not\u00edcias\" \/>\n<meta property=\"article:published_time\" content=\"2023-06-28T09:35:48+00:00\" \/>\n<meta property=\"og:image\" content=\"https:\/\/brasilnoticias.org\/site\/wp-content\/uploads\/2023\/06\/hips-fachada.jpg\" \/>\n\t<meta property=\"og:image:width\" content=\"600\" \/>\n\t<meta property=\"og:image:height\" content=\"525\" \/>\n\t<meta property=\"og:image:type\" content=\"image\/jpeg\" \/>\n<meta name=\"author\" content=\"Reda\u00e7\u00e3o\" \/>\n<meta name=\"twitter:card\" content=\"summary_large_image\" \/>\n<meta name=\"twitter:label1\" content=\"Escrito por\" \/>\n\t<meta name=\"twitter:data1\" content=\"Reda\u00e7\u00e3o\" \/>\n<script type=\"application\/ld+json\" class=\"yoast-schema-graph\">{\"@context\":\"https:\/\/schema.org\",\"@graph\":[{\"@type\":\"Article\",\"@id\":\"https:\/\/brasilnoticias.org\/site\/apos-morte-de-bebe-familia-acusa-hospital-de-feira-de-santana-de-negligencia-e-violencia-obstetrica\/#article\",\"isPartOf\":{\"@id\":\"https:\/\/brasilnoticias.org\/site\/apos-morte-de-bebe-familia-acusa-hospital-de-feira-de-santana-de-negligencia-e-violencia-obstetrica\/\"},\"author\":{\"name\":\"Reda\u00e7\u00e3o\",\"@id\":\"https:\/\/brasilnoticias.org\/site\/#\/schema\/person\/a0e05b973ec4d15c658d51911e53507b\"},\"headline\":\"Ap\u00f3s morte de beb\u00ea, fam\u00edlia acusa hospital de Feira de Santana de neglig\u00eancia e viol\u00eancia obst\u00e9trica\",\"datePublished\":\"2023-06-28T09:35:48+00:00\",\"mainEntityOfPage\":{\"@id\":\"https:\/\/brasilnoticias.org\/site\/apos-morte-de-bebe-familia-acusa-hospital-de-feira-de-santana-de-negligencia-e-violencia-obstetrica\/\"},\"wordCount\":179,\"commentCount\":0,\"publisher\":{\"@id\":\"https:\/\/brasilnoticias.org\/site\/#organization\"},\"image\":{\"@id\":\"https:\/\/brasilnoticias.org\/site\/apos-morte-de-bebe-familia-acusa-hospital-de-feira-de-santana-de-negligencia-e-violencia-obstetrica\/#primaryimage\"},\"thumbnailUrl\":\"https:\/\/brasilnoticias.org\/site\/wp-content\/uploads\/2023\/06\/hips-fachada.jpg\",\"articleSection\":[\"Not\u00edcias\",\"\u00daltimas\"],\"inLanguage\":\"pt-PT\",\"potentialAction\":[{\"@type\":\"CommentAction\",\"name\":\"Comment\",\"target\":[\"https:\/\/brasilnoticias.org\/site\/apos-morte-de-bebe-familia-acusa-hospital-de-feira-de-santana-de-negligencia-e-violencia-obstetrica\/#respond\"]}]},{\"@type\":\"WebPage\",\"@id\":\"https:\/\/brasilnoticias.org\/site\/apos-morte-de-bebe-familia-acusa-hospital-de-feira-de-santana-de-negligencia-e-violencia-obstetrica\/\",\"url\":\"https:\/\/brasilnoticias.org\/site\/apos-morte-de-bebe-familia-acusa-hospital-de-feira-de-santana-de-negligencia-e-violencia-obstetrica\/\",\"name\":\"Ap\u00f3s morte de beb\u00ea, fam\u00edlia acusa hospital de Feira de Santana de neglig\u00eancia e viol\u00eancia obst\u00e9trica - Brasil not\u00edcias\",\"isPartOf\":{\"@id\":\"https:\/\/brasilnoticias.org\/site\/#website\"},\"primaryImageOfPage\":{\"@id\":\"https:\/\/brasilnoticias.org\/site\/apos-morte-de-bebe-familia-acusa-hospital-de-feira-de-santana-de-negligencia-e-violencia-obstetrica\/#primaryimage\"},\"image\":{\"@id\":\"https:\/\/brasilnoticias.org\/site\/apos-morte-de-bebe-familia-acusa-hospital-de-feira-de-santana-de-negligencia-e-violencia-obstetrica\/#primaryimage\"},\"thumbnailUrl\":\"https:\/\/brasilnoticias.org\/site\/wp-content\/uploads\/2023\/06\/hips-fachada.jpg\",\"datePublished\":\"2023-06-28T09:35:48+00:00\",\"breadcrumb\":{\"@id\":\"https:\/\/brasilnoticias.org\/site\/apos-morte-de-bebe-familia-acusa-hospital-de-feira-de-santana-de-negligencia-e-violencia-obstetrica\/#breadcrumb\"},\"inLanguage\":\"pt-PT\",\"potentialAction\":[{\"@type\":\"ReadAction\",\"target\":[\"https:\/\/brasilnoticias.org\/site\/apos-morte-de-bebe-familia-acusa-hospital-de-feira-de-santana-de-negligencia-e-violencia-obstetrica\/\"]}]},{\"@type\":\"ImageObject\",\"inLanguage\":\"pt-PT\",\"@id\":\"https:\/\/brasilnoticias.org\/site\/apos-morte-de-bebe-familia-acusa-hospital-de-feira-de-santana-de-negligencia-e-violencia-obstetrica\/#primaryimage\",\"url\":\"https:\/\/brasilnoticias.org\/site\/wp-content\/uploads\/2023\/06\/hips-fachada.jpg\",\"contentUrl\":\"https:\/\/brasilnoticias.org\/site\/wp-content\/uploads\/2023\/06\/hips-fachada.jpg\",\"width\":600,\"height\":525},{\"@type\":\"BreadcrumbList\",\"@id\":\"https:\/\/brasilnoticias.org\/site\/apos-morte-de-bebe-familia-acusa-hospital-de-feira-de-santana-de-negligencia-e-violencia-obstetrica\/#breadcrumb\",\"itemListElement\":[{\"@type\":\"ListItem\",\"position\":1,\"name\":\"In\u00edcio\",\"item\":\"https:\/\/brasilnoticias.org\/site\/\"},{\"@type\":\"ListItem\",\"position\":2,\"name\":\"Ap\u00f3s morte de beb\u00ea, fam\u00edlia acusa hospital de Feira de Santana de neglig\u00eancia e viol\u00eancia obst\u00e9trica\"}]},{\"@type\":\"WebSite\",\"@id\":\"https:\/\/brasilnoticias.org\/site\/#website\",\"url\":\"https:\/\/brasilnoticias.org\/site\/\",\"name\":\"Brasil not\u00edcias\",\"description\":\"Brasil not\u00edcias\",\"publisher\":{\"@id\":\"https:\/\/brasilnoticias.org\/site\/#organization\"},\"potentialAction\":[{\"@type\":\"SearchAction\",\"target\":{\"@type\":\"EntryPoint\",\"urlTemplate\":\"https:\/\/brasilnoticias.org\/site\/?s={search_term_string}\"},\"query-input\":{\"@type\":\"PropertyValueSpecification\",\"valueRequired\":true,\"valueName\":\"search_term_string\"}}],\"inLanguage\":\"pt-PT\"},{\"@type\":\"Organization\",\"@id\":\"https:\/\/brasilnoticias.org\/site\/#organization\",\"name\":\"Brasil not\u00edcias\",\"url\":\"https:\/\/brasilnoticias.org\/site\/\",\"logo\":{\"@type\":\"ImageObject\",\"inLanguage\":\"pt-PT\",\"@id\":\"https:\/\/brasilnoticias.org\/site\/#\/schema\/logo\/image\/\",\"url\":\"https:\/\/brasilnoticias.org\/site\/wp-content\/uploads\/2022\/05\/cropped-brasilnoticias-mini.jpg\",\"contentUrl\":\"https:\/\/brasilnoticias.org\/site\/wp-content\/uploads\/2022\/05\/cropped-brasilnoticias-mini.jpg\",\"width\":314,\"height\":86,\"caption\":\"Brasil not\u00edcias\"},\"image\":{\"@id\":\"https:\/\/brasilnoticias.org\/site\/#\/schema\/logo\/image\/\"}},{\"@type\":\"Person\",\"@id\":\"https:\/\/brasilnoticias.org\/site\/#\/schema\/person\/a0e05b973ec4d15c658d51911e53507b\",\"name\":\"Reda\u00e7\u00e3o\",\"image\":{\"@type\":\"ImageObject\",\"inLanguage\":\"pt-PT\",\"@id\":\"https:\/\/brasilnoticias.org\/site\/#\/schema\/person\/image\/\",\"url\":\"https:\/\/secure.gravatar.com\/avatar\/75d8b050df2de108b08ae78dfb8e374892df24a383c67db9c46a9c604f6aee9c?s=96&d=mm&r=g\",\"contentUrl\":\"https:\/\/secure.gravatar.com\/avatar\/75d8b050df2de108b08ae78dfb8e374892df24a383c67db9c46a9c604f6aee9c?s=96&d=mm&r=g\",\"caption\":\"Reda\u00e7\u00e3o\"},\"sameAs\":[\"https:\/\/brasilnoticias.org\/site\"],\"url\":\"https:\/\/brasilnoticias.org\/site\/author\/fernandozsngmail-com\/\"}]}<\/script>\n<!-- \/ Yoast SEO plugin. -->","yoast_head_json":{"title":"Ap\u00f3s morte de beb\u00ea, fam\u00edlia acusa hospital de Feira de Santana de neglig\u00eancia e viol\u00eancia obst\u00e9trica - Brasil not\u00edcias","robots":{"index":"index","follow":"follow","max-snippet":"max-snippet:-1","max-image-preview":"max-image-preview:large","max-video-preview":"max-video-preview:-1"},"canonical":"https:\/\/brasilnoticias.org\/site\/apos-morte-de-bebe-familia-acusa-hospital-de-feira-de-santana-de-negligencia-e-violencia-obstetrica\/","og_locale":"pt_PT","og_type":"article","og_title":"Ap\u00f3s morte de beb\u00ea, fam\u00edlia acusa hospital de Feira de Santana de neglig\u00eancia e viol\u00eancia obst\u00e9trica - Brasil not\u00edcias","og_description":"Os familiares de Levi Ribeiro de Jesus Santos acusam o Hospital da Mulher, em Feira de Santana, de neglig\u00eancia m\u00e9dica","og_url":"https:\/\/brasilnoticias.org\/site\/apos-morte-de-bebe-familia-acusa-hospital-de-feira-de-santana-de-negligencia-e-violencia-obstetrica\/","og_site_name":"Brasil not\u00edcias","article_published_time":"2023-06-28T09:35:48+00:00","og_image":[{"width":600,"height":525,"url":"https:\/\/brasilnoticias.org\/site\/wp-content\/uploads\/2023\/06\/hips-fachada.jpg","type":"image\/jpeg"}],"author":"Reda\u00e7\u00e3o","twitter_card":"summary_large_image","twitter_misc":{"Escrito por":"Reda\u00e7\u00e3o"},"schema":{"@context":"https:\/\/schema.org","@graph":[{"@type":"Article","@id":"https:\/\/brasilnoticias.org\/site\/apos-morte-de-bebe-familia-acusa-hospital-de-feira-de-santana-de-negligencia-e-violencia-obstetrica\/#article","isPartOf":{"@id":"https:\/\/brasilnoticias.org\/site\/apos-morte-de-bebe-familia-acusa-hospital-de-feira-de-santana-de-negligencia-e-violencia-obstetrica\/"},"author":{"name":"Reda\u00e7\u00e3o","@id":"https:\/\/brasilnoticias.org\/site\/#\/schema\/person\/a0e05b973ec4d15c658d51911e53507b"},"headline":"Ap\u00f3s morte de beb\u00ea, fam\u00edlia acusa hospital de Feira de Santana de neglig\u00eancia e viol\u00eancia obst\u00e9trica","datePublished":"2023-06-28T09:35:48+00:00","mainEntityOfPage":{"@id":"https:\/\/brasilnoticias.org\/site\/apos-morte-de-bebe-familia-acusa-hospital-de-feira-de-santana-de-negligencia-e-violencia-obstetrica\/"},"wordCount":179,"commentCount":0,"publisher":{"@id":"https:\/\/brasilnoticias.org\/site\/#organization"},"image":{"@id":"https:\/\/brasilnoticias.org\/site\/apos-morte-de-bebe-familia-acusa-hospital-de-feira-de-santana-de-negligencia-e-violencia-obstetrica\/#primaryimage"},"thumbnailUrl":"https:\/\/brasilnoticias.org\/site\/wp-content\/uploads\/2023\/06\/hips-fachada.jpg","articleSection":["Not\u00edcias","\u00daltimas"],"inLanguage":"pt-PT","potentialAction":[{"@type":"CommentAction","name":"Comment","target":["https:\/\/brasilnoticias.org\/site\/apos-morte-de-bebe-familia-acusa-hospital-de-feira-de-santana-de-negligencia-e-violencia-obstetrica\/#respond"]}]},{"@type":"WebPage","@id":"https:\/\/brasilnoticias.org\/site\/apos-morte-de-bebe-familia-acusa-hospital-de-feira-de-santana-de-negligencia-e-violencia-obstetrica\/","url":"https:\/\/brasilnoticias.org\/site\/apos-morte-de-bebe-familia-acusa-hospital-de-feira-de-santana-de-negligencia-e-violencia-obstetrica\/","name":"Ap\u00f3s morte de beb\u00ea, fam\u00edlia acusa hospital de Feira de Santana de neglig\u00eancia e viol\u00eancia obst\u00e9trica - Brasil not\u00edcias","isPartOf":{"@id":"https:\/\/brasilnoticias.org\/site\/#website"},"primaryImageOfPage":{"@id":"https:\/\/brasilnoticias.org\/site\/apos-morte-de-bebe-familia-acusa-hospital-de-feira-de-santana-de-negligencia-e-violencia-obstetrica\/#primaryimage"},"image":{"@id":"https:\/\/brasilnoticias.org\/site\/apos-morte-de-bebe-familia-acusa-hospital-de-feira-de-santana-de-negligencia-e-violencia-obstetrica\/#primaryimage"},"thumbnailUrl":"https:\/\/brasilnoticias.org\/site\/wp-content\/uploads\/2023\/06\/hips-fachada.jpg","datePublished":"2023-06-28T09:35:48+00:00","breadcrumb":{"@id":"https:\/\/brasilnoticias.org\/site\/apos-morte-de-bebe-familia-acusa-hospital-de-feira-de-santana-de-negligencia-e-violencia-obstetrica\/#breadcrumb"},"inLanguage":"pt-PT","potentialAction":[{"@type":"ReadAction","target":["https:\/\/brasilnoticias.org\/site\/apos-morte-de-bebe-familia-acusa-hospital-de-feira-de-santana-de-negligencia-e-violencia-obstetrica\/"]}]},{"@type":"ImageObject","inLanguage":"pt-PT","@id":"https:\/\/brasilnoticias.org\/site\/apos-morte-de-bebe-familia-acusa-hospital-de-feira-de-santana-de-negligencia-e-violencia-obstetrica\/#primaryimage","url":"https:\/\/brasilnoticias.org\/site\/wp-content\/uploads\/2023\/06\/hips-fachada.jpg","contentUrl":"https:\/\/brasilnoticias.org\/site\/wp-content\/uploads\/2023\/06\/hips-fachada.jpg","width":600,"height":525},{"@type":"BreadcrumbList","@id":"https:\/\/brasilnoticias.org\/site\/apos-morte-de-bebe-familia-acusa-hospital-de-feira-de-santana-de-negligencia-e-violencia-obstetrica\/#breadcrumb","itemListElement":[{"@type":"ListItem","position":1,"name":"In\u00edcio","item":"https:\/\/brasilnoticias.org\/site\/"},{"@type":"ListItem","position":2,"name":"Ap\u00f3s morte de beb\u00ea, fam\u00edlia acusa hospital de Feira de Santana de neglig\u00eancia e viol\u00eancia obst\u00e9trica"}]},{"@type":"WebSite","@id":"https:\/\/brasilnoticias.org\/site\/#website","url":"https:\/\/brasilnoticias.org\/site\/","name":"Brasil not\u00edcias","description":"Brasil not\u00edcias","publisher":{"@id":"https:\/\/brasilnoticias.org\/site\/#organization"},"potentialAction":[{"@type":"SearchAction","target":{"@type":"EntryPoint","urlTemplate":"https:\/\/brasilnoticias.org\/site\/?s={search_term_string}"},"query-input":{"@type":"PropertyValueSpecification","valueRequired":true,"valueName":"search_term_string"}}],"inLanguage":"pt-PT"},{"@type":"Organization","@id":"https:\/\/brasilnoticias.org\/site\/#organization","name":"Brasil not\u00edcias","url":"https:\/\/brasilnoticias.org\/site\/","logo":{"@type":"ImageObject","inLanguage":"pt-PT","@id":"https:\/\/brasilnoticias.org\/site\/#\/schema\/logo\/image\/","url":"https:\/\/brasilnoticias.org\/site\/wp-content\/uploads\/2022\/05\/cropped-brasilnoticias-mini.jpg","contentUrl":"https:\/\/brasilnoticias.org\/site\/wp-content\/uploads\/2022\/05\/cropped-brasilnoticias-mini.jpg","width":314,"height":86,"caption":"Brasil not\u00edcias"},"image":{"@id":"https:\/\/brasilnoticias.org\/site\/#\/schema\/logo\/image\/"}},{"@type":"Person","@id":"https:\/\/brasilnoticias.org\/site\/#\/schema\/person\/a0e05b973ec4d15c658d51911e53507b","name":"Reda\u00e7\u00e3o","image":{"@type":"ImageObject","inLanguage":"pt-PT","@id":"https:\/\/brasilnoticias.org\/site\/#\/schema\/person\/image\/","url":"https:\/\/secure.gravatar.com\/avatar\/75d8b050df2de108b08ae78dfb8e374892df24a383c67db9c46a9c604f6aee9c?s=96&d=mm&r=g","contentUrl":"https:\/\/secure.gravatar.com\/avatar\/75d8b050df2de108b08ae78dfb8e374892df24a383c67db9c46a9c604f6aee9c?s=96&d=mm&r=g","caption":"Reda\u00e7\u00e3o"},"sameAs":["https:\/\/brasilnoticias.org\/site"],"url":"https:\/\/brasilnoticias.org\/site\/author\/fernandozsngmail-com\/"}]}},"_links":{"self":[{"href":"https:\/\/brasilnoticias.org\/site\/wp-json\/wp\/v2\/posts\/6961","targetHints":{"allow":["GET"]}}],"collection":[{"href":"https:\/\/brasilnoticias.org\/site\/wp-json\/wp\/v2\/posts"}],"about":[{"href":"https:\/\/brasilnoticias.org\/site\/wp-json\/wp\/v2\/types\/post"}],"author":[{"embeddable":true,"href":"https:\/\/brasilnoticias.org\/site\/wp-json\/wp\/v2\/users\/1"}],"replies":[{"embeddable":true,"href":"https:\/\/brasilnoticias.org\/site\/wp-json\/wp\/v2\/comments?post=6961"}],"version-history":[{"count":1,"href":"https:\/\/brasilnoticias.org\/site\/wp-json\/wp\/v2\/posts\/6961\/revisions"}],"predecessor-version":[{"id":6963,"href":"https:\/\/brasilnoticias.org\/site\/wp-json\/wp\/v2\/posts\/6961\/revisions\/6963"}],"wp:featuredmedia":[{"embeddable":true,"href":"https:\/\/brasilnoticias.org\/site\/wp-json\/wp\/v2\/media\/6962"}],"wp:attachment":[{"href":"https:\/\/brasilnoticias.org\/site\/wp-json\/wp\/v2\/media?parent=6961"}],"wp:term":[{"taxonomy":"category","embeddable":true,"href":"https:\/\/brasilnoticias.org\/site\/wp-json\/wp\/v2\/categories?post=6961"},{"taxonomy":"post_tag","embeddable":true,"href":"https:\/\/brasilnoticias.org\/site\/wp-json\/wp\/v2\/tags?post=6961"}],"curies":[{"name":"wp","href":"https:\/\/api.w.org\/{rel}","templated":true}]}}