{"id":6977,"date":"2023-06-28T17:38:21","date_gmt":"2023-06-28T20:38:21","guid":{"rendered":"https:\/\/brasilnoticias.org\/site\/?p=6977"},"modified":"2023-06-28T17:38:21","modified_gmt":"2023-06-28T20:38:21","slug":"capitao-alden-diz-que-presenca-de-lula-no-foro-de-sao-paulo-e-uma-afronta-a-democracia","status":"publish","type":"post","link":"https:\/\/brasilnoticias.org\/site\/capitao-alden-diz-que-presenca-de-lula-no-foro-de-sao-paulo-e-uma-afronta-a-democracia\/","title":{"rendered":"Capit\u00e3o Alden diz que presen\u00e7a de Lula no Foro de S\u00e3o Paulo \u00e9 uma &#8220;afronta \u00e0 democracia&#8221;"},"content":{"rendered":"<p>Um dos fundadores do Foro de S\u00e3o Paulo, que tem com um dos principais objetivos reunir partidos e organiza\u00e7\u00f5es de esquerda para promover a defesa dos valores do comunismo em pa\u00edses da Am\u00e9rica Latina e Caribe, o presidente Lula (PT) confirmou que estar\u00e1 presente na abertura do evento, que acontece na quinta-feira (29), em Bras\u00edlia. <\/p>\n<p>Contr\u00e1rio ao movimento, o deputado federal Capit\u00e3o Alden (PL-BA), disse que a presen\u00e7a do petista na reuni\u00e3o endossa a empatia dele com movimentos contr\u00e1rios \u00e0 democracia. <\/p>\n<p>&#8220;Hoje temos um presidente que tem sinaliza\u00e7\u00f5es com ditaduras. O Foro de S\u00e3o Paulo \u00e9 muito simb\u00f3lico para Lula, pois ele \u00e9 um dos criadores do movimento, junto com Fidel Castro, em 1990, ap\u00f3s a queda do Muro de Berlim, na Alemanha. Participando deste evento, Lula diz a todos os brasileiros que ele \u00e9 simp\u00e1tico \u00e0 regimes comunistas&#8221;, disse Alden durante entrevista \u00e0 r\u00e1dio CBN Salvador. <\/p>\n<p>O parlamentar ainda salientou que por muito tempo os conservadores alertaram sobre o movimento e o risco que o mesmo traz \u00e0 democracia. &#8220;Disseram que era fantasia da nossa cabe\u00e7a, que era teoria da conspira\u00e7\u00e3o. Agora est\u00e1 a\u00ed&#8221;, completou. <\/p>\n<p>O 26\u00ba encontro da congrega\u00e7\u00e3o de partidos e movimentos de esquerda da Am\u00e9rica Latina e Caribe ser\u00e1 realizado at\u00e9 domingo (2). No Brasil, PT, PC do B e PCB s\u00e3o os partidos que comp\u00f5em o foro. Com uma cr\u00edtica ao autoritarismo de Maduro, o PSB decidiu deixar o foro em 2019.<\/p>\n","protected":false},"excerpt":{"rendered":"<p>Um dos fundadores do Foro de S\u00e3o Paulo, que tem com um dos principais objetivos reunir partidos e organiza\u00e7\u00f5es de<\/p>\n","protected":false},"author":1,"featured_media":6978,"comment_status":"open","ping_status":"open","sticky":false,"template":"","format":"standard","meta":{"colormag_page_container_layout":"default_layout","colormag_page_sidebar_layout":"default_layout","_FSMCFIC_featured_image_caption":"","_FSMCFIC_featured_image_nocaption":"","_FSMCFIC_featured_image_hide":"","footnotes":""},"categories":[5,1],"tags":[],"class_list":["post-6977","post","type-post","status-publish","format-standard","has-post-thumbnail","hentry","category-politica","category-ultimas"],"yoast_head":"<!-- This site is optimized with the Yoast SEO plugin v27.1.1 - https:\/\/yoast.com\/product\/yoast-seo-wordpress\/ -->\n<title>Capit\u00e3o Alden diz que presen\u00e7a de Lula no Foro de S\u00e3o Paulo \u00e9 uma &quot;afronta \u00e0 democracia&quot; - Brasil not\u00edcias<\/title>\n<meta name=\"robots\" content=\"index, follow, max-snippet:-1, max-image-preview:large, max-video-preview:-1\" \/>\n<link rel=\"canonical\" href=\"https:\/\/brasilnoticias.org\/site\/capitao-alden-diz-que-presenca-de-lula-no-foro-de-sao-paulo-e-uma-afronta-a-democracia\/\" \/>\n<meta property=\"og:locale\" content=\"pt_PT\" \/>\n<meta property=\"og:type\" content=\"article\" \/>\n<meta property=\"og:title\" content=\"Capit\u00e3o Alden diz que presen\u00e7a de Lula no Foro de S\u00e3o Paulo \u00e9 uma &quot;afronta \u00e0 democracia&quot; - Brasil not\u00edcias\" \/>\n<meta property=\"og:description\" content=\"Um dos fundadores do Foro de S\u00e3o Paulo, que tem com um dos principais objetivos reunir partidos e organiza\u00e7\u00f5es de\" \/>\n<meta property=\"og:url\" content=\"https:\/\/brasilnoticias.org\/site\/capitao-alden-diz-que-presenca-de-lula-no-foro-de-sao-paulo-e-uma-afronta-a-democracia\/\" \/>\n<meta property=\"og:site_name\" content=\"Brasil not\u00edcias\" \/>\n<meta property=\"article:published_time\" content=\"2023-06-28T20:38:21+00:00\" \/>\n<meta property=\"og:image\" content=\"https:\/\/brasilnoticias.org\/site\/wp-content\/uploads\/2023\/06\/WhatsApp-Image-2023-06-28-at-17.37.28.jpeg\" \/>\n\t<meta property=\"og:image:width\" content=\"800\" \/>\n\t<meta property=\"og:image:height\" content=\"445\" \/>\n\t<meta property=\"og:image:type\" content=\"image\/jpeg\" \/>\n<meta name=\"author\" content=\"Reda\u00e7\u00e3o\" \/>\n<meta name=\"twitter:card\" content=\"summary_large_image\" \/>\n<meta name=\"twitter:label1\" content=\"Escrito por\" \/>\n\t<meta name=\"twitter:data1\" content=\"Reda\u00e7\u00e3o\" \/>\n<script type=\"application\/ld+json\" class=\"yoast-schema-graph\">{\"@context\":\"https:\/\/schema.org\",\"@graph\":[{\"@type\":\"Article\",\"@id\":\"https:\/\/brasilnoticias.org\/site\/capitao-alden-diz-que-presenca-de-lula-no-foro-de-sao-paulo-e-uma-afronta-a-democracia\/#article\",\"isPartOf\":{\"@id\":\"https:\/\/brasilnoticias.org\/site\/capitao-alden-diz-que-presenca-de-lula-no-foro-de-sao-paulo-e-uma-afronta-a-democracia\/\"},\"author\":{\"name\":\"Reda\u00e7\u00e3o\",\"@id\":\"https:\/\/brasilnoticias.org\/site\/#\/schema\/person\/a0e05b973ec4d15c658d51911e53507b\"},\"headline\":\"Capit\u00e3o Alden diz que presen\u00e7a de Lula no Foro de S\u00e3o Paulo \u00e9 uma &#8220;afronta \u00e0 democracia&#8221;\",\"datePublished\":\"2023-06-28T20:38:21+00:00\",\"mainEntityOfPage\":{\"@id\":\"https:\/\/brasilnoticias.org\/site\/capitao-alden-diz-que-presenca-de-lula-no-foro-de-sao-paulo-e-uma-afronta-a-democracia\/\"},\"wordCount\":266,\"commentCount\":0,\"publisher\":{\"@id\":\"https:\/\/brasilnoticias.org\/site\/#organization\"},\"image\":{\"@id\":\"https:\/\/brasilnoticias.org\/site\/capitao-alden-diz-que-presenca-de-lula-no-foro-de-sao-paulo-e-uma-afronta-a-democracia\/#primaryimage\"},\"thumbnailUrl\":\"https:\/\/brasilnoticias.org\/site\/wp-content\/uploads\/2023\/06\/WhatsApp-Image-2023-06-28-at-17.37.28.jpeg\",\"articleSection\":[\"Pol\u00edtica\",\"\u00daltimas\"],\"inLanguage\":\"pt-PT\",\"potentialAction\":[{\"@type\":\"CommentAction\",\"name\":\"Comment\",\"target\":[\"https:\/\/brasilnoticias.org\/site\/capitao-alden-diz-que-presenca-de-lula-no-foro-de-sao-paulo-e-uma-afronta-a-democracia\/#respond\"]}]},{\"@type\":\"WebPage\",\"@id\":\"https:\/\/brasilnoticias.org\/site\/capitao-alden-diz-que-presenca-de-lula-no-foro-de-sao-paulo-e-uma-afronta-a-democracia\/\",\"url\":\"https:\/\/brasilnoticias.org\/site\/capitao-alden-diz-que-presenca-de-lula-no-foro-de-sao-paulo-e-uma-afronta-a-democracia\/\",\"name\":\"Capit\u00e3o Alden diz que presen\u00e7a de Lula no Foro de S\u00e3o Paulo \u00e9 uma \\\"afronta \u00e0 democracia\\\" - Brasil not\u00edcias\",\"isPartOf\":{\"@id\":\"https:\/\/brasilnoticias.org\/site\/#website\"},\"primaryImageOfPage\":{\"@id\":\"https:\/\/brasilnoticias.org\/site\/capitao-alden-diz-que-presenca-de-lula-no-foro-de-sao-paulo-e-uma-afronta-a-democracia\/#primaryimage\"},\"image\":{\"@id\":\"https:\/\/brasilnoticias.org\/site\/capitao-alden-diz-que-presenca-de-lula-no-foro-de-sao-paulo-e-uma-afronta-a-democracia\/#primaryimage\"},\"thumbnailUrl\":\"https:\/\/brasilnoticias.org\/site\/wp-content\/uploads\/2023\/06\/WhatsApp-Image-2023-06-28-at-17.37.28.jpeg\",\"datePublished\":\"2023-06-28T20:38:21+00:00\",\"breadcrumb\":{\"@id\":\"https:\/\/brasilnoticias.org\/site\/capitao-alden-diz-que-presenca-de-lula-no-foro-de-sao-paulo-e-uma-afronta-a-democracia\/#breadcrumb\"},\"inLanguage\":\"pt-PT\",\"potentialAction\":[{\"@type\":\"ReadAction\",\"target\":[\"https:\/\/brasilnoticias.org\/site\/capitao-alden-diz-que-presenca-de-lula-no-foro-de-sao-paulo-e-uma-afronta-a-democracia\/\"]}]},{\"@type\":\"ImageObject\",\"inLanguage\":\"pt-PT\",\"@id\":\"https:\/\/brasilnoticias.org\/site\/capitao-alden-diz-que-presenca-de-lula-no-foro-de-sao-paulo-e-uma-afronta-a-democracia\/#primaryimage\",\"url\":\"https:\/\/brasilnoticias.org\/site\/wp-content\/uploads\/2023\/06\/WhatsApp-Image-2023-06-28-at-17.37.28.jpeg\",\"contentUrl\":\"https:\/\/brasilnoticias.org\/site\/wp-content\/uploads\/2023\/06\/WhatsApp-Image-2023-06-28-at-17.37.28.jpeg\",\"width\":800,\"height\":445},{\"@type\":\"BreadcrumbList\",\"@id\":\"https:\/\/brasilnoticias.org\/site\/capitao-alden-diz-que-presenca-de-lula-no-foro-de-sao-paulo-e-uma-afronta-a-democracia\/#breadcrumb\",\"itemListElement\":[{\"@type\":\"ListItem\",\"position\":1,\"name\":\"In\u00edcio\",\"item\":\"https:\/\/brasilnoticias.org\/site\/\"},{\"@type\":\"ListItem\",\"position\":2,\"name\":\"Capit\u00e3o Alden diz que presen\u00e7a de Lula no Foro de S\u00e3o Paulo \u00e9 uma &#8220;afronta \u00e0 democracia&#8221;\"}]},{\"@type\":\"WebSite\",\"@id\":\"https:\/\/brasilnoticias.org\/site\/#website\",\"url\":\"https:\/\/brasilnoticias.org\/site\/\",\"name\":\"Brasil not\u00edcias\",\"description\":\"Brasil not\u00edcias\",\"publisher\":{\"@id\":\"https:\/\/brasilnoticias.org\/site\/#organization\"},\"potentialAction\":[{\"@type\":\"SearchAction\",\"target\":{\"@type\":\"EntryPoint\",\"urlTemplate\":\"https:\/\/brasilnoticias.org\/site\/?s={search_term_string}\"},\"query-input\":{\"@type\":\"PropertyValueSpecification\",\"valueRequired\":true,\"valueName\":\"search_term_string\"}}],\"inLanguage\":\"pt-PT\"},{\"@type\":\"Organization\",\"@id\":\"https:\/\/brasilnoticias.org\/site\/#organization\",\"name\":\"Brasil not\u00edcias\",\"url\":\"https:\/\/brasilnoticias.org\/site\/\",\"logo\":{\"@type\":\"ImageObject\",\"inLanguage\":\"pt-PT\",\"@id\":\"https:\/\/brasilnoticias.org\/site\/#\/schema\/logo\/image\/\",\"url\":\"https:\/\/brasilnoticias.org\/site\/wp-content\/uploads\/2022\/05\/cropped-brasilnoticias-mini.jpg\",\"contentUrl\":\"https:\/\/brasilnoticias.org\/site\/wp-content\/uploads\/2022\/05\/cropped-brasilnoticias-mini.jpg\",\"width\":314,\"height\":86,\"caption\":\"Brasil not\u00edcias\"},\"image\":{\"@id\":\"https:\/\/brasilnoticias.org\/site\/#\/schema\/logo\/image\/\"}},{\"@type\":\"Person\",\"@id\":\"https:\/\/brasilnoticias.org\/site\/#\/schema\/person\/a0e05b973ec4d15c658d51911e53507b\",\"name\":\"Reda\u00e7\u00e3o\",\"image\":{\"@type\":\"ImageObject\",\"inLanguage\":\"pt-PT\",\"@id\":\"https:\/\/brasilnoticias.org\/site\/#\/schema\/person\/image\/\",\"url\":\"https:\/\/secure.gravatar.com\/avatar\/75d8b050df2de108b08ae78dfb8e374892df24a383c67db9c46a9c604f6aee9c?s=96&d=mm&r=g\",\"contentUrl\":\"https:\/\/secure.gravatar.com\/avatar\/75d8b050df2de108b08ae78dfb8e374892df24a383c67db9c46a9c604f6aee9c?s=96&d=mm&r=g\",\"caption\":\"Reda\u00e7\u00e3o\"},\"sameAs\":[\"https:\/\/brasilnoticias.org\/site\"],\"url\":\"https:\/\/brasilnoticias.org\/site\/author\/fernandozsngmail-com\/\"}]}<\/script>\n<!-- \/ Yoast SEO plugin. -->","yoast_head_json":{"title":"Capit\u00e3o Alden diz que presen\u00e7a de Lula no Foro de S\u00e3o Paulo \u00e9 uma \"afronta \u00e0 democracia\" - Brasil not\u00edcias","robots":{"index":"index","follow":"follow","max-snippet":"max-snippet:-1","max-image-preview":"max-image-preview:large","max-video-preview":"max-video-preview:-1"},"canonical":"https:\/\/brasilnoticias.org\/site\/capitao-alden-diz-que-presenca-de-lula-no-foro-de-sao-paulo-e-uma-afronta-a-democracia\/","og_locale":"pt_PT","og_type":"article","og_title":"Capit\u00e3o Alden diz que presen\u00e7a de Lula no Foro de S\u00e3o Paulo \u00e9 uma \"afronta \u00e0 democracia\" - Brasil not\u00edcias","og_description":"Um dos fundadores do Foro de S\u00e3o Paulo, que tem com um dos principais objetivos reunir partidos e organiza\u00e7\u00f5es de","og_url":"https:\/\/brasilnoticias.org\/site\/capitao-alden-diz-que-presenca-de-lula-no-foro-de-sao-paulo-e-uma-afronta-a-democracia\/","og_site_name":"Brasil not\u00edcias","article_published_time":"2023-06-28T20:38:21+00:00","og_image":[{"width":800,"height":445,"url":"https:\/\/brasilnoticias.org\/site\/wp-content\/uploads\/2023\/06\/WhatsApp-Image-2023-06-28-at-17.37.28.jpeg","type":"image\/jpeg"}],"author":"Reda\u00e7\u00e3o","twitter_card":"summary_large_image","twitter_misc":{"Escrito por":"Reda\u00e7\u00e3o"},"schema":{"@context":"https:\/\/schema.org","@graph":[{"@type":"Article","@id":"https:\/\/brasilnoticias.org\/site\/capitao-alden-diz-que-presenca-de-lula-no-foro-de-sao-paulo-e-uma-afronta-a-democracia\/#article","isPartOf":{"@id":"https:\/\/brasilnoticias.org\/site\/capitao-alden-diz-que-presenca-de-lula-no-foro-de-sao-paulo-e-uma-afronta-a-democracia\/"},"author":{"name":"Reda\u00e7\u00e3o","@id":"https:\/\/brasilnoticias.org\/site\/#\/schema\/person\/a0e05b973ec4d15c658d51911e53507b"},"headline":"Capit\u00e3o Alden diz que presen\u00e7a de Lula no Foro de S\u00e3o Paulo \u00e9 uma &#8220;afronta \u00e0 democracia&#8221;","datePublished":"2023-06-28T20:38:21+00:00","mainEntityOfPage":{"@id":"https:\/\/brasilnoticias.org\/site\/capitao-alden-diz-que-presenca-de-lula-no-foro-de-sao-paulo-e-uma-afronta-a-democracia\/"},"wordCount":266,"commentCount":0,"publisher":{"@id":"https:\/\/brasilnoticias.org\/site\/#organization"},"image":{"@id":"https:\/\/brasilnoticias.org\/site\/capitao-alden-diz-que-presenca-de-lula-no-foro-de-sao-paulo-e-uma-afronta-a-democracia\/#primaryimage"},"thumbnailUrl":"https:\/\/brasilnoticias.org\/site\/wp-content\/uploads\/2023\/06\/WhatsApp-Image-2023-06-28-at-17.37.28.jpeg","articleSection":["Pol\u00edtica","\u00daltimas"],"inLanguage":"pt-PT","potentialAction":[{"@type":"CommentAction","name":"Comment","target":["https:\/\/brasilnoticias.org\/site\/capitao-alden-diz-que-presenca-de-lula-no-foro-de-sao-paulo-e-uma-afronta-a-democracia\/#respond"]}]},{"@type":"WebPage","@id":"https:\/\/brasilnoticias.org\/site\/capitao-alden-diz-que-presenca-de-lula-no-foro-de-sao-paulo-e-uma-afronta-a-democracia\/","url":"https:\/\/brasilnoticias.org\/site\/capitao-alden-diz-que-presenca-de-lula-no-foro-de-sao-paulo-e-uma-afronta-a-democracia\/","name":"Capit\u00e3o Alden diz que presen\u00e7a de Lula no Foro de S\u00e3o Paulo \u00e9 uma \"afronta \u00e0 democracia\" - Brasil not\u00edcias","isPartOf":{"@id":"https:\/\/brasilnoticias.org\/site\/#website"},"primaryImageOfPage":{"@id":"https:\/\/brasilnoticias.org\/site\/capitao-alden-diz-que-presenca-de-lula-no-foro-de-sao-paulo-e-uma-afronta-a-democracia\/#primaryimage"},"image":{"@id":"https:\/\/brasilnoticias.org\/site\/capitao-alden-diz-que-presenca-de-lula-no-foro-de-sao-paulo-e-uma-afronta-a-democracia\/#primaryimage"},"thumbnailUrl":"https:\/\/brasilnoticias.org\/site\/wp-content\/uploads\/2023\/06\/WhatsApp-Image-2023-06-28-at-17.37.28.jpeg","datePublished":"2023-06-28T20:38:21+00:00","breadcrumb":{"@id":"https:\/\/brasilnoticias.org\/site\/capitao-alden-diz-que-presenca-de-lula-no-foro-de-sao-paulo-e-uma-afronta-a-democracia\/#breadcrumb"},"inLanguage":"pt-PT","potentialAction":[{"@type":"ReadAction","target":["https:\/\/brasilnoticias.org\/site\/capitao-alden-diz-que-presenca-de-lula-no-foro-de-sao-paulo-e-uma-afronta-a-democracia\/"]}]},{"@type":"ImageObject","inLanguage":"pt-PT","@id":"https:\/\/brasilnoticias.org\/site\/capitao-alden-diz-que-presenca-de-lula-no-foro-de-sao-paulo-e-uma-afronta-a-democracia\/#primaryimage","url":"https:\/\/brasilnoticias.org\/site\/wp-content\/uploads\/2023\/06\/WhatsApp-Image-2023-06-28-at-17.37.28.jpeg","contentUrl":"https:\/\/brasilnoticias.org\/site\/wp-content\/uploads\/2023\/06\/WhatsApp-Image-2023-06-28-at-17.37.28.jpeg","width":800,"height":445},{"@type":"BreadcrumbList","@id":"https:\/\/brasilnoticias.org\/site\/capitao-alden-diz-que-presenca-de-lula-no-foro-de-sao-paulo-e-uma-afronta-a-democracia\/#breadcrumb","itemListElement":[{"@type":"ListItem","position":1,"name":"In\u00edcio","item":"https:\/\/brasilnoticias.org\/site\/"},{"@type":"ListItem","position":2,"name":"Capit\u00e3o Alden diz que presen\u00e7a de Lula no Foro de S\u00e3o Paulo \u00e9 uma &#8220;afronta \u00e0 democracia&#8221;"}]},{"@type":"WebSite","@id":"https:\/\/brasilnoticias.org\/site\/#website","url":"https:\/\/brasilnoticias.org\/site\/","name":"Brasil not\u00edcias","description":"Brasil not\u00edcias","publisher":{"@id":"https:\/\/brasilnoticias.org\/site\/#organization"},"potentialAction":[{"@type":"SearchAction","target":{"@type":"EntryPoint","urlTemplate":"https:\/\/brasilnoticias.org\/site\/?s={search_term_string}"},"query-input":{"@type":"PropertyValueSpecification","valueRequired":true,"valueName":"search_term_string"}}],"inLanguage":"pt-PT"},{"@type":"Organization","@id":"https:\/\/brasilnoticias.org\/site\/#organization","name":"Brasil not\u00edcias","url":"https:\/\/brasilnoticias.org\/site\/","logo":{"@type":"ImageObject","inLanguage":"pt-PT","@id":"https:\/\/brasilnoticias.org\/site\/#\/schema\/logo\/image\/","url":"https:\/\/brasilnoticias.org\/site\/wp-content\/uploads\/2022\/05\/cropped-brasilnoticias-mini.jpg","contentUrl":"https:\/\/brasilnoticias.org\/site\/wp-content\/uploads\/2022\/05\/cropped-brasilnoticias-mini.jpg","width":314,"height":86,"caption":"Brasil not\u00edcias"},"image":{"@id":"https:\/\/brasilnoticias.org\/site\/#\/schema\/logo\/image\/"}},{"@type":"Person","@id":"https:\/\/brasilnoticias.org\/site\/#\/schema\/person\/a0e05b973ec4d15c658d51911e53507b","name":"Reda\u00e7\u00e3o","image":{"@type":"ImageObject","inLanguage":"pt-PT","@id":"https:\/\/brasilnoticias.org\/site\/#\/schema\/person\/image\/","url":"https:\/\/secure.gravatar.com\/avatar\/75d8b050df2de108b08ae78dfb8e374892df24a383c67db9c46a9c604f6aee9c?s=96&d=mm&r=g","contentUrl":"https:\/\/secure.gravatar.com\/avatar\/75d8b050df2de108b08ae78dfb8e374892df24a383c67db9c46a9c604f6aee9c?s=96&d=mm&r=g","caption":"Reda\u00e7\u00e3o"},"sameAs":["https:\/\/brasilnoticias.org\/site"],"url":"https:\/\/brasilnoticias.org\/site\/author\/fernandozsngmail-com\/"}]}},"_links":{"self":[{"href":"https:\/\/brasilnoticias.org\/site\/wp-json\/wp\/v2\/posts\/6977","targetHints":{"allow":["GET"]}}],"collection":[{"href":"https:\/\/brasilnoticias.org\/site\/wp-json\/wp\/v2\/posts"}],"about":[{"href":"https:\/\/brasilnoticias.org\/site\/wp-json\/wp\/v2\/types\/post"}],"author":[{"embeddable":true,"href":"https:\/\/brasilnoticias.org\/site\/wp-json\/wp\/v2\/users\/1"}],"replies":[{"embeddable":true,"href":"https:\/\/brasilnoticias.org\/site\/wp-json\/wp\/v2\/comments?post=6977"}],"version-history":[{"count":1,"href":"https:\/\/brasilnoticias.org\/site\/wp-json\/wp\/v2\/posts\/6977\/revisions"}],"predecessor-version":[{"id":6979,"href":"https:\/\/brasilnoticias.org\/site\/wp-json\/wp\/v2\/posts\/6977\/revisions\/6979"}],"wp:featuredmedia":[{"embeddable":true,"href":"https:\/\/brasilnoticias.org\/site\/wp-json\/wp\/v2\/media\/6978"}],"wp:attachment":[{"href":"https:\/\/brasilnoticias.org\/site\/wp-json\/wp\/v2\/media?parent=6977"}],"wp:term":[{"taxonomy":"category","embeddable":true,"href":"https:\/\/brasilnoticias.org\/site\/wp-json\/wp\/v2\/categories?post=6977"},{"taxonomy":"post_tag","embeddable":true,"href":"https:\/\/brasilnoticias.org\/site\/wp-json\/wp\/v2\/tags?post=6977"}],"curies":[{"name":"wp","href":"https:\/\/api.w.org\/{rel}","templated":true}]}}