{"id":6992,"date":"2023-06-29T18:21:59","date_gmt":"2023-06-29T21:21:59","guid":{"rendered":"https:\/\/brasilnoticias.org\/site\/?p=6992"},"modified":"2023-06-29T18:21:59","modified_gmt":"2023-06-29T21:21:59","slug":"capitao-alden-tem-contas-hackeadas-e-pede-investigacao-da-policia-federal-para-identificacao-dos-envolvidos","status":"publish","type":"post","link":"https:\/\/brasilnoticias.org\/site\/capitao-alden-tem-contas-hackeadas-e-pede-investigacao-da-policia-federal-para-identificacao-dos-envolvidos\/","title":{"rendered":"Capit\u00e3o Alden tem contas hackeadas e pede investiga\u00e7\u00e3o da Pol\u00edcia Federal para identifica\u00e7\u00e3o dos envolvidos"},"content":{"rendered":"<p>Usando as redes sociais, o deputado federal Capit\u00e3o Alden (PL-BA) denunciou que o seu canal no Youtube (@capit\u00e3oalden), bem como o seu e-mail pessoal (capitaoalden@gmail.com) foram hackeados na \u00faltima quarta-feira (28). <\/p>\n<p>O parlamentar, que \u00e9 defensor de valores conservadores, como Deus, P\u00e1tria, Fam\u00edlia e Liberdade, afirmou que j\u00e1 comunicou a Pol\u00edcia Federal sobre a situa\u00e7\u00e3o, bem como a Pol\u00edcia da C\u00e2mara dos Deputados para investigar a motiva\u00e7\u00e3o e os envolvidos. <\/p>\n<p>Em sua conta oficial no Instagram, o deputado pediu para que os seus seguidores e apoiadores desconsiderem qualquer mensagem enviada atrav\u00e9s destes canais hackeados. <\/p>\n<p>&#8220;Se pensam que v\u00e3o nos calar, est\u00e3o enganados. S\u00e3o atitudes como estas de pessoas que n\u00e3o se importam com a democracia que fazem com que a gente siga trabalhando e lutando pelos nossos direitos&#8221;, disse Capit\u00e3o Alden.<\/p>\n","protected":false},"excerpt":{"rendered":"<p>Usando as redes sociais, o deputado federal Capit\u00e3o Alden (PL-BA) denunciou que o seu canal no Youtube (@capit\u00e3oalden), bem como<\/p>\n","protected":false},"author":1,"featured_media":6993,"comment_status":"open","ping_status":"open","sticky":false,"template":"","format":"standard","meta":{"colormag_page_container_layout":"default_layout","colormag_page_sidebar_layout":"default_layout","_FSMCFIC_featured_image_caption":"","_FSMCFIC_featured_image_nocaption":"","_FSMCFIC_featured_image_hide":"","footnotes":""},"categories":[5,1],"tags":[],"class_list":["post-6992","post","type-post","status-publish","format-standard","has-post-thumbnail","hentry","category-politica","category-ultimas"],"yoast_head":"<!-- This site is optimized with the Yoast SEO plugin v27.1.1 - https:\/\/yoast.com\/product\/yoast-seo-wordpress\/ -->\n<title>Capit\u00e3o Alden tem contas hackeadas e pede investiga\u00e7\u00e3o da Pol\u00edcia Federal para identifica\u00e7\u00e3o dos envolvidos - Brasil not\u00edcias<\/title>\n<meta name=\"robots\" content=\"index, follow, max-snippet:-1, max-image-preview:large, max-video-preview:-1\" \/>\n<link rel=\"canonical\" href=\"https:\/\/brasilnoticias.org\/site\/capitao-alden-tem-contas-hackeadas-e-pede-investigacao-da-policia-federal-para-identificacao-dos-envolvidos\/\" \/>\n<meta property=\"og:locale\" content=\"pt_PT\" \/>\n<meta property=\"og:type\" content=\"article\" \/>\n<meta property=\"og:title\" content=\"Capit\u00e3o Alden tem contas hackeadas e pede investiga\u00e7\u00e3o da Pol\u00edcia Federal para identifica\u00e7\u00e3o dos envolvidos - Brasil not\u00edcias\" \/>\n<meta property=\"og:description\" content=\"Usando as redes sociais, o deputado federal Capit\u00e3o Alden (PL-BA) denunciou que o seu canal no Youtube (@capit\u00e3oalden), bem como\" \/>\n<meta property=\"og:url\" content=\"https:\/\/brasilnoticias.org\/site\/capitao-alden-tem-contas-hackeadas-e-pede-investigacao-da-policia-federal-para-identificacao-dos-envolvidos\/\" \/>\n<meta property=\"og:site_name\" content=\"Brasil not\u00edcias\" \/>\n<meta property=\"article:published_time\" content=\"2023-06-29T21:21:59+00:00\" \/>\n<meta property=\"og:image\" content=\"https:\/\/brasilnoticias.org\/site\/wp-content\/uploads\/2023\/06\/WhatsApp-Image-2023-06-29-at-18.16.16.jpeg\" \/>\n\t<meta property=\"og:image:width\" content=\"1024\" \/>\n\t<meta property=\"og:image:height\" content=\"683\" \/>\n\t<meta property=\"og:image:type\" content=\"image\/jpeg\" \/>\n<meta name=\"author\" content=\"Reda\u00e7\u00e3o\" \/>\n<meta name=\"twitter:card\" content=\"summary_large_image\" \/>\n<meta name=\"twitter:label1\" content=\"Escrito por\" \/>\n\t<meta name=\"twitter:data1\" content=\"Reda\u00e7\u00e3o\" \/>\n<script type=\"application\/ld+json\" class=\"yoast-schema-graph\">{\"@context\":\"https:\/\/schema.org\",\"@graph\":[{\"@type\":\"Article\",\"@id\":\"https:\/\/brasilnoticias.org\/site\/capitao-alden-tem-contas-hackeadas-e-pede-investigacao-da-policia-federal-para-identificacao-dos-envolvidos\/#article\",\"isPartOf\":{\"@id\":\"https:\/\/brasilnoticias.org\/site\/capitao-alden-tem-contas-hackeadas-e-pede-investigacao-da-policia-federal-para-identificacao-dos-envolvidos\/\"},\"author\":{\"name\":\"Reda\u00e7\u00e3o\",\"@id\":\"https:\/\/brasilnoticias.org\/site\/#\/schema\/person\/a0e05b973ec4d15c658d51911e53507b\"},\"headline\":\"Capit\u00e3o Alden tem contas hackeadas e pede investiga\u00e7\u00e3o da Pol\u00edcia Federal para identifica\u00e7\u00e3o dos envolvidos\",\"datePublished\":\"2023-06-29T21:21:59+00:00\",\"mainEntityOfPage\":{\"@id\":\"https:\/\/brasilnoticias.org\/site\/capitao-alden-tem-contas-hackeadas-e-pede-investigacao-da-policia-federal-para-identificacao-dos-envolvidos\/\"},\"wordCount\":165,\"commentCount\":0,\"publisher\":{\"@id\":\"https:\/\/brasilnoticias.org\/site\/#organization\"},\"image\":{\"@id\":\"https:\/\/brasilnoticias.org\/site\/capitao-alden-tem-contas-hackeadas-e-pede-investigacao-da-policia-federal-para-identificacao-dos-envolvidos\/#primaryimage\"},\"thumbnailUrl\":\"https:\/\/brasilnoticias.org\/site\/wp-content\/uploads\/2023\/06\/WhatsApp-Image-2023-06-29-at-18.16.16.jpeg\",\"articleSection\":[\"Pol\u00edtica\",\"\u00daltimas\"],\"inLanguage\":\"pt-PT\",\"potentialAction\":[{\"@type\":\"CommentAction\",\"name\":\"Comment\",\"target\":[\"https:\/\/brasilnoticias.org\/site\/capitao-alden-tem-contas-hackeadas-e-pede-investigacao-da-policia-federal-para-identificacao-dos-envolvidos\/#respond\"]}]},{\"@type\":\"WebPage\",\"@id\":\"https:\/\/brasilnoticias.org\/site\/capitao-alden-tem-contas-hackeadas-e-pede-investigacao-da-policia-federal-para-identificacao-dos-envolvidos\/\",\"url\":\"https:\/\/brasilnoticias.org\/site\/capitao-alden-tem-contas-hackeadas-e-pede-investigacao-da-policia-federal-para-identificacao-dos-envolvidos\/\",\"name\":\"Capit\u00e3o Alden tem contas hackeadas e pede investiga\u00e7\u00e3o da Pol\u00edcia Federal para identifica\u00e7\u00e3o dos envolvidos - Brasil not\u00edcias\",\"isPartOf\":{\"@id\":\"https:\/\/brasilnoticias.org\/site\/#website\"},\"primaryImageOfPage\":{\"@id\":\"https:\/\/brasilnoticias.org\/site\/capitao-alden-tem-contas-hackeadas-e-pede-investigacao-da-policia-federal-para-identificacao-dos-envolvidos\/#primaryimage\"},\"image\":{\"@id\":\"https:\/\/brasilnoticias.org\/site\/capitao-alden-tem-contas-hackeadas-e-pede-investigacao-da-policia-federal-para-identificacao-dos-envolvidos\/#primaryimage\"},\"thumbnailUrl\":\"https:\/\/brasilnoticias.org\/site\/wp-content\/uploads\/2023\/06\/WhatsApp-Image-2023-06-29-at-18.16.16.jpeg\",\"datePublished\":\"2023-06-29T21:21:59+00:00\",\"breadcrumb\":{\"@id\":\"https:\/\/brasilnoticias.org\/site\/capitao-alden-tem-contas-hackeadas-e-pede-investigacao-da-policia-federal-para-identificacao-dos-envolvidos\/#breadcrumb\"},\"inLanguage\":\"pt-PT\",\"potentialAction\":[{\"@type\":\"ReadAction\",\"target\":[\"https:\/\/brasilnoticias.org\/site\/capitao-alden-tem-contas-hackeadas-e-pede-investigacao-da-policia-federal-para-identificacao-dos-envolvidos\/\"]}]},{\"@type\":\"ImageObject\",\"inLanguage\":\"pt-PT\",\"@id\":\"https:\/\/brasilnoticias.org\/site\/capitao-alden-tem-contas-hackeadas-e-pede-investigacao-da-policia-federal-para-identificacao-dos-envolvidos\/#primaryimage\",\"url\":\"https:\/\/brasilnoticias.org\/site\/wp-content\/uploads\/2023\/06\/WhatsApp-Image-2023-06-29-at-18.16.16.jpeg\",\"contentUrl\":\"https:\/\/brasilnoticias.org\/site\/wp-content\/uploads\/2023\/06\/WhatsApp-Image-2023-06-29-at-18.16.16.jpeg\",\"width\":1024,\"height\":683},{\"@type\":\"BreadcrumbList\",\"@id\":\"https:\/\/brasilnoticias.org\/site\/capitao-alden-tem-contas-hackeadas-e-pede-investigacao-da-policia-federal-para-identificacao-dos-envolvidos\/#breadcrumb\",\"itemListElement\":[{\"@type\":\"ListItem\",\"position\":1,\"name\":\"In\u00edcio\",\"item\":\"https:\/\/brasilnoticias.org\/site\/\"},{\"@type\":\"ListItem\",\"position\":2,\"name\":\"Capit\u00e3o Alden tem contas hackeadas e pede investiga\u00e7\u00e3o da Pol\u00edcia Federal para identifica\u00e7\u00e3o dos envolvidos\"}]},{\"@type\":\"WebSite\",\"@id\":\"https:\/\/brasilnoticias.org\/site\/#website\",\"url\":\"https:\/\/brasilnoticias.org\/site\/\",\"name\":\"Brasil not\u00edcias\",\"description\":\"Brasil not\u00edcias\",\"publisher\":{\"@id\":\"https:\/\/brasilnoticias.org\/site\/#organization\"},\"potentialAction\":[{\"@type\":\"SearchAction\",\"target\":{\"@type\":\"EntryPoint\",\"urlTemplate\":\"https:\/\/brasilnoticias.org\/site\/?s={search_term_string}\"},\"query-input\":{\"@type\":\"PropertyValueSpecification\",\"valueRequired\":true,\"valueName\":\"search_term_string\"}}],\"inLanguage\":\"pt-PT\"},{\"@type\":\"Organization\",\"@id\":\"https:\/\/brasilnoticias.org\/site\/#organization\",\"name\":\"Brasil not\u00edcias\",\"url\":\"https:\/\/brasilnoticias.org\/site\/\",\"logo\":{\"@type\":\"ImageObject\",\"inLanguage\":\"pt-PT\",\"@id\":\"https:\/\/brasilnoticias.org\/site\/#\/schema\/logo\/image\/\",\"url\":\"https:\/\/brasilnoticias.org\/site\/wp-content\/uploads\/2022\/05\/cropped-brasilnoticias-mini.jpg\",\"contentUrl\":\"https:\/\/brasilnoticias.org\/site\/wp-content\/uploads\/2022\/05\/cropped-brasilnoticias-mini.jpg\",\"width\":314,\"height\":86,\"caption\":\"Brasil not\u00edcias\"},\"image\":{\"@id\":\"https:\/\/brasilnoticias.org\/site\/#\/schema\/logo\/image\/\"}},{\"@type\":\"Person\",\"@id\":\"https:\/\/brasilnoticias.org\/site\/#\/schema\/person\/a0e05b973ec4d15c658d51911e53507b\",\"name\":\"Reda\u00e7\u00e3o\",\"image\":{\"@type\":\"ImageObject\",\"inLanguage\":\"pt-PT\",\"@id\":\"https:\/\/brasilnoticias.org\/site\/#\/schema\/person\/image\/\",\"url\":\"https:\/\/secure.gravatar.com\/avatar\/75d8b050df2de108b08ae78dfb8e374892df24a383c67db9c46a9c604f6aee9c?s=96&d=mm&r=g\",\"contentUrl\":\"https:\/\/secure.gravatar.com\/avatar\/75d8b050df2de108b08ae78dfb8e374892df24a383c67db9c46a9c604f6aee9c?s=96&d=mm&r=g\",\"caption\":\"Reda\u00e7\u00e3o\"},\"sameAs\":[\"https:\/\/brasilnoticias.org\/site\"],\"url\":\"https:\/\/brasilnoticias.org\/site\/author\/fernandozsngmail-com\/\"}]}<\/script>\n<!-- \/ Yoast SEO plugin. -->","yoast_head_json":{"title":"Capit\u00e3o Alden tem contas hackeadas e pede investiga\u00e7\u00e3o da Pol\u00edcia Federal para identifica\u00e7\u00e3o dos envolvidos - Brasil not\u00edcias","robots":{"index":"index","follow":"follow","max-snippet":"max-snippet:-1","max-image-preview":"max-image-preview:large","max-video-preview":"max-video-preview:-1"},"canonical":"https:\/\/brasilnoticias.org\/site\/capitao-alden-tem-contas-hackeadas-e-pede-investigacao-da-policia-federal-para-identificacao-dos-envolvidos\/","og_locale":"pt_PT","og_type":"article","og_title":"Capit\u00e3o Alden tem contas hackeadas e pede investiga\u00e7\u00e3o da Pol\u00edcia Federal para identifica\u00e7\u00e3o dos envolvidos - Brasil not\u00edcias","og_description":"Usando as redes sociais, o deputado federal Capit\u00e3o Alden (PL-BA) denunciou que o seu canal no Youtube (@capit\u00e3oalden), bem como","og_url":"https:\/\/brasilnoticias.org\/site\/capitao-alden-tem-contas-hackeadas-e-pede-investigacao-da-policia-federal-para-identificacao-dos-envolvidos\/","og_site_name":"Brasil not\u00edcias","article_published_time":"2023-06-29T21:21:59+00:00","og_image":[{"width":1024,"height":683,"url":"https:\/\/brasilnoticias.org\/site\/wp-content\/uploads\/2023\/06\/WhatsApp-Image-2023-06-29-at-18.16.16.jpeg","type":"image\/jpeg"}],"author":"Reda\u00e7\u00e3o","twitter_card":"summary_large_image","twitter_misc":{"Escrito por":"Reda\u00e7\u00e3o"},"schema":{"@context":"https:\/\/schema.org","@graph":[{"@type":"Article","@id":"https:\/\/brasilnoticias.org\/site\/capitao-alden-tem-contas-hackeadas-e-pede-investigacao-da-policia-federal-para-identificacao-dos-envolvidos\/#article","isPartOf":{"@id":"https:\/\/brasilnoticias.org\/site\/capitao-alden-tem-contas-hackeadas-e-pede-investigacao-da-policia-federal-para-identificacao-dos-envolvidos\/"},"author":{"name":"Reda\u00e7\u00e3o","@id":"https:\/\/brasilnoticias.org\/site\/#\/schema\/person\/a0e05b973ec4d15c658d51911e53507b"},"headline":"Capit\u00e3o Alden tem contas hackeadas e pede investiga\u00e7\u00e3o da Pol\u00edcia Federal para identifica\u00e7\u00e3o dos envolvidos","datePublished":"2023-06-29T21:21:59+00:00","mainEntityOfPage":{"@id":"https:\/\/brasilnoticias.org\/site\/capitao-alden-tem-contas-hackeadas-e-pede-investigacao-da-policia-federal-para-identificacao-dos-envolvidos\/"},"wordCount":165,"commentCount":0,"publisher":{"@id":"https:\/\/brasilnoticias.org\/site\/#organization"},"image":{"@id":"https:\/\/brasilnoticias.org\/site\/capitao-alden-tem-contas-hackeadas-e-pede-investigacao-da-policia-federal-para-identificacao-dos-envolvidos\/#primaryimage"},"thumbnailUrl":"https:\/\/brasilnoticias.org\/site\/wp-content\/uploads\/2023\/06\/WhatsApp-Image-2023-06-29-at-18.16.16.jpeg","articleSection":["Pol\u00edtica","\u00daltimas"],"inLanguage":"pt-PT","potentialAction":[{"@type":"CommentAction","name":"Comment","target":["https:\/\/brasilnoticias.org\/site\/capitao-alden-tem-contas-hackeadas-e-pede-investigacao-da-policia-federal-para-identificacao-dos-envolvidos\/#respond"]}]},{"@type":"WebPage","@id":"https:\/\/brasilnoticias.org\/site\/capitao-alden-tem-contas-hackeadas-e-pede-investigacao-da-policia-federal-para-identificacao-dos-envolvidos\/","url":"https:\/\/brasilnoticias.org\/site\/capitao-alden-tem-contas-hackeadas-e-pede-investigacao-da-policia-federal-para-identificacao-dos-envolvidos\/","name":"Capit\u00e3o Alden tem contas hackeadas e pede investiga\u00e7\u00e3o da Pol\u00edcia Federal para identifica\u00e7\u00e3o dos envolvidos - Brasil not\u00edcias","isPartOf":{"@id":"https:\/\/brasilnoticias.org\/site\/#website"},"primaryImageOfPage":{"@id":"https:\/\/brasilnoticias.org\/site\/capitao-alden-tem-contas-hackeadas-e-pede-investigacao-da-policia-federal-para-identificacao-dos-envolvidos\/#primaryimage"},"image":{"@id":"https:\/\/brasilnoticias.org\/site\/capitao-alden-tem-contas-hackeadas-e-pede-investigacao-da-policia-federal-para-identificacao-dos-envolvidos\/#primaryimage"},"thumbnailUrl":"https:\/\/brasilnoticias.org\/site\/wp-content\/uploads\/2023\/06\/WhatsApp-Image-2023-06-29-at-18.16.16.jpeg","datePublished":"2023-06-29T21:21:59+00:00","breadcrumb":{"@id":"https:\/\/brasilnoticias.org\/site\/capitao-alden-tem-contas-hackeadas-e-pede-investigacao-da-policia-federal-para-identificacao-dos-envolvidos\/#breadcrumb"},"inLanguage":"pt-PT","potentialAction":[{"@type":"ReadAction","target":["https:\/\/brasilnoticias.org\/site\/capitao-alden-tem-contas-hackeadas-e-pede-investigacao-da-policia-federal-para-identificacao-dos-envolvidos\/"]}]},{"@type":"ImageObject","inLanguage":"pt-PT","@id":"https:\/\/brasilnoticias.org\/site\/capitao-alden-tem-contas-hackeadas-e-pede-investigacao-da-policia-federal-para-identificacao-dos-envolvidos\/#primaryimage","url":"https:\/\/brasilnoticias.org\/site\/wp-content\/uploads\/2023\/06\/WhatsApp-Image-2023-06-29-at-18.16.16.jpeg","contentUrl":"https:\/\/brasilnoticias.org\/site\/wp-content\/uploads\/2023\/06\/WhatsApp-Image-2023-06-29-at-18.16.16.jpeg","width":1024,"height":683},{"@type":"BreadcrumbList","@id":"https:\/\/brasilnoticias.org\/site\/capitao-alden-tem-contas-hackeadas-e-pede-investigacao-da-policia-federal-para-identificacao-dos-envolvidos\/#breadcrumb","itemListElement":[{"@type":"ListItem","position":1,"name":"In\u00edcio","item":"https:\/\/brasilnoticias.org\/site\/"},{"@type":"ListItem","position":2,"name":"Capit\u00e3o Alden tem contas hackeadas e pede investiga\u00e7\u00e3o da Pol\u00edcia Federal para identifica\u00e7\u00e3o dos envolvidos"}]},{"@type":"WebSite","@id":"https:\/\/brasilnoticias.org\/site\/#website","url":"https:\/\/brasilnoticias.org\/site\/","name":"Brasil not\u00edcias","description":"Brasil not\u00edcias","publisher":{"@id":"https:\/\/brasilnoticias.org\/site\/#organization"},"potentialAction":[{"@type":"SearchAction","target":{"@type":"EntryPoint","urlTemplate":"https:\/\/brasilnoticias.org\/site\/?s={search_term_string}"},"query-input":{"@type":"PropertyValueSpecification","valueRequired":true,"valueName":"search_term_string"}}],"inLanguage":"pt-PT"},{"@type":"Organization","@id":"https:\/\/brasilnoticias.org\/site\/#organization","name":"Brasil not\u00edcias","url":"https:\/\/brasilnoticias.org\/site\/","logo":{"@type":"ImageObject","inLanguage":"pt-PT","@id":"https:\/\/brasilnoticias.org\/site\/#\/schema\/logo\/image\/","url":"https:\/\/brasilnoticias.org\/site\/wp-content\/uploads\/2022\/05\/cropped-brasilnoticias-mini.jpg","contentUrl":"https:\/\/brasilnoticias.org\/site\/wp-content\/uploads\/2022\/05\/cropped-brasilnoticias-mini.jpg","width":314,"height":86,"caption":"Brasil not\u00edcias"},"image":{"@id":"https:\/\/brasilnoticias.org\/site\/#\/schema\/logo\/image\/"}},{"@type":"Person","@id":"https:\/\/brasilnoticias.org\/site\/#\/schema\/person\/a0e05b973ec4d15c658d51911e53507b","name":"Reda\u00e7\u00e3o","image":{"@type":"ImageObject","inLanguage":"pt-PT","@id":"https:\/\/brasilnoticias.org\/site\/#\/schema\/person\/image\/","url":"https:\/\/secure.gravatar.com\/avatar\/75d8b050df2de108b08ae78dfb8e374892df24a383c67db9c46a9c604f6aee9c?s=96&d=mm&r=g","contentUrl":"https:\/\/secure.gravatar.com\/avatar\/75d8b050df2de108b08ae78dfb8e374892df24a383c67db9c46a9c604f6aee9c?s=96&d=mm&r=g","caption":"Reda\u00e7\u00e3o"},"sameAs":["https:\/\/brasilnoticias.org\/site"],"url":"https:\/\/brasilnoticias.org\/site\/author\/fernandozsngmail-com\/"}]}},"_links":{"self":[{"href":"https:\/\/brasilnoticias.org\/site\/wp-json\/wp\/v2\/posts\/6992","targetHints":{"allow":["GET"]}}],"collection":[{"href":"https:\/\/brasilnoticias.org\/site\/wp-json\/wp\/v2\/posts"}],"about":[{"href":"https:\/\/brasilnoticias.org\/site\/wp-json\/wp\/v2\/types\/post"}],"author":[{"embeddable":true,"href":"https:\/\/brasilnoticias.org\/site\/wp-json\/wp\/v2\/users\/1"}],"replies":[{"embeddable":true,"href":"https:\/\/brasilnoticias.org\/site\/wp-json\/wp\/v2\/comments?post=6992"}],"version-history":[{"count":1,"href":"https:\/\/brasilnoticias.org\/site\/wp-json\/wp\/v2\/posts\/6992\/revisions"}],"predecessor-version":[{"id":6994,"href":"https:\/\/brasilnoticias.org\/site\/wp-json\/wp\/v2\/posts\/6992\/revisions\/6994"}],"wp:featuredmedia":[{"embeddable":true,"href":"https:\/\/brasilnoticias.org\/site\/wp-json\/wp\/v2\/media\/6993"}],"wp:attachment":[{"href":"https:\/\/brasilnoticias.org\/site\/wp-json\/wp\/v2\/media?parent=6992"}],"wp:term":[{"taxonomy":"category","embeddable":true,"href":"https:\/\/brasilnoticias.org\/site\/wp-json\/wp\/v2\/categories?post=6992"},{"taxonomy":"post_tag","embeddable":true,"href":"https:\/\/brasilnoticias.org\/site\/wp-json\/wp\/v2\/tags?post=6992"}],"curies":[{"name":"wp","href":"https:\/\/api.w.org\/{rel}","templated":true}]}}