{"id":7009,"date":"2023-06-30T06:14:30","date_gmt":"2023-06-30T09:14:30","guid":{"rendered":"https:\/\/brasilnoticias.org\/site\/?p=7009"},"modified":"2023-06-30T06:14:30","modified_gmt":"2023-06-30T09:14:30","slug":"policia-mira-serie-de-assassinatos-ocorridos-em-menos-de-um-dia-em-camacari","status":"publish","type":"post","link":"https:\/\/brasilnoticias.org\/site\/policia-mira-serie-de-assassinatos-ocorridos-em-menos-de-um-dia-em-camacari\/","title":{"rendered":"Pol\u00edcia mira s\u00e9rie de assassinatos ocorridos em menos de um dia em Cama\u00e7ari"},"content":{"rendered":"<p>A pol\u00edcia est\u00e1 mirando uma s\u00e9rie de assassinatos ocorridos entre a noite de quarta (28) e a manh\u00e3 de quinta-feira (29), em Cama\u00e7ari, na Regi\u00e3o Metropolitana de Salvador. Seis mortes foram registradas em diferentes bairros da cidade.<\/p>\n<p>Est\u00e3o sendo investigadas as mortes de Everton Sim\u00f5es Oliveira, de 20 anos, no Parque Verde; David Silva Oliveira, de 23, no bairro Lama Preta; Uellington de Jesus Santos, de 27, no bairro Nova Vit\u00f3ria; Pl\u00ednio de Almeida Franca J\u00fanior, de 45, no bairro Quarenta e Seis; Marcos Santos da Mota, de 35 anos, no Dois de Julho; e Carlos Douglas Reis da Silva, de 26, e Mateus Santos de Jesus, de 22, no bairro Verdes Horizontes. A 4\u00aa Delegacia de Homic\u00eddios (DT\/Cama\u00e7ari) est\u00e1 encarregada do caso.<\/p>\n<p>Conforme testemunhas, quatro homens encapuzados estavam indo \u00e0 casa das v\u00edtimas para cometer os assassinatos. Os seis homens foram mortos a tiros.<\/p>\n<p>Dilig\u00eancias j\u00e1 s\u00e3o realizadas desde a madrugada para apurar os casos e analisar se h\u00e1 rela\u00e7\u00e3o entre eles. O policiamento tamb\u00e9m foi refor\u00e7ado por toda Cama\u00e7ari.<\/p>\n<p>Foto Divulga\u00e7\u00e3o SSP<br \/>\nBNews<\/p>\n","protected":false},"excerpt":{"rendered":"<p>A pol\u00edcia est\u00e1 mirando uma s\u00e9rie de assassinatos ocorridos entre a noite de quarta (28) e a manh\u00e3 de quinta-feira<\/p>\n","protected":false},"author":1,"featured_media":7010,"comment_status":"open","ping_status":"open","sticky":false,"template":"","format":"standard","meta":{"colormag_page_container_layout":"default_layout","colormag_page_sidebar_layout":"default_layout","_FSMCFIC_featured_image_caption":"","_FSMCFIC_featured_image_nocaption":"","_FSMCFIC_featured_image_hide":"","footnotes":""},"categories":[3,1],"tags":[],"class_list":["post-7009","post","type-post","status-publish","format-standard","has-post-thumbnail","hentry","category-policia","category-ultimas"],"yoast_head":"<!-- This site is optimized with the Yoast SEO plugin v27.1.1 - https:\/\/yoast.com\/product\/yoast-seo-wordpress\/ -->\n<title>Pol\u00edcia mira s\u00e9rie de assassinatos ocorridos em menos de um dia em Cama\u00e7ari - Brasil not\u00edcias<\/title>\n<meta name=\"robots\" content=\"index, follow, max-snippet:-1, max-image-preview:large, max-video-preview:-1\" \/>\n<link rel=\"canonical\" href=\"https:\/\/brasilnoticias.org\/site\/policia-mira-serie-de-assassinatos-ocorridos-em-menos-de-um-dia-em-camacari\/\" \/>\n<meta property=\"og:locale\" content=\"pt_PT\" \/>\n<meta property=\"og:type\" content=\"article\" \/>\n<meta property=\"og:title\" content=\"Pol\u00edcia mira s\u00e9rie de assassinatos ocorridos em menos de um dia em Cama\u00e7ari - Brasil not\u00edcias\" \/>\n<meta property=\"og:description\" content=\"A pol\u00edcia est\u00e1 mirando uma s\u00e9rie de assassinatos ocorridos entre a noite de quarta (28) e a manh\u00e3 de quinta-feira\" \/>\n<meta property=\"og:url\" content=\"https:\/\/brasilnoticias.org\/site\/policia-mira-serie-de-assassinatos-ocorridos-em-menos-de-um-dia-em-camacari\/\" \/>\n<meta property=\"og:site_name\" content=\"Brasil not\u00edcias\" \/>\n<meta property=\"article:published_time\" content=\"2023-06-30T09:14:30+00:00\" \/>\n<meta property=\"og:image\" content=\"https:\/\/brasilnoticias.org\/site\/wp-content\/uploads\/2023\/06\/whatsapp_image_2023-06-29_at_15.55.16_widelg.jpeg\" \/>\n\t<meta property=\"og:image:width\" content=\"800\" \/>\n\t<meta property=\"og:image:height\" content=\"450\" \/>\n\t<meta property=\"og:image:type\" content=\"image\/jpeg\" \/>\n<meta name=\"author\" content=\"Reda\u00e7\u00e3o\" \/>\n<meta name=\"twitter:card\" content=\"summary_large_image\" \/>\n<meta name=\"twitter:label1\" content=\"Escrito por\" \/>\n\t<meta name=\"twitter:data1\" content=\"Reda\u00e7\u00e3o\" \/>\n<script type=\"application\/ld+json\" class=\"yoast-schema-graph\">{\"@context\":\"https:\/\/schema.org\",\"@graph\":[{\"@type\":\"Article\",\"@id\":\"https:\/\/brasilnoticias.org\/site\/policia-mira-serie-de-assassinatos-ocorridos-em-menos-de-um-dia-em-camacari\/#article\",\"isPartOf\":{\"@id\":\"https:\/\/brasilnoticias.org\/site\/policia-mira-serie-de-assassinatos-ocorridos-em-menos-de-um-dia-em-camacari\/\"},\"author\":{\"name\":\"Reda\u00e7\u00e3o\",\"@id\":\"https:\/\/brasilnoticias.org\/site\/#\/schema\/person\/a0e05b973ec4d15c658d51911e53507b\"},\"headline\":\"Pol\u00edcia mira s\u00e9rie de assassinatos ocorridos em menos de um dia em Cama\u00e7ari\",\"datePublished\":\"2023-06-30T09:14:30+00:00\",\"mainEntityOfPage\":{\"@id\":\"https:\/\/brasilnoticias.org\/site\/policia-mira-serie-de-assassinatos-ocorridos-em-menos-de-um-dia-em-camacari\/\"},\"wordCount\":200,\"commentCount\":0,\"publisher\":{\"@id\":\"https:\/\/brasilnoticias.org\/site\/#organization\"},\"image\":{\"@id\":\"https:\/\/brasilnoticias.org\/site\/policia-mira-serie-de-assassinatos-ocorridos-em-menos-de-um-dia-em-camacari\/#primaryimage\"},\"thumbnailUrl\":\"https:\/\/brasilnoticias.org\/site\/wp-content\/uploads\/2023\/06\/whatsapp_image_2023-06-29_at_15.55.16_widelg.jpeg\",\"articleSection\":[\"Pol\u00edcia\",\"\u00daltimas\"],\"inLanguage\":\"pt-PT\",\"potentialAction\":[{\"@type\":\"CommentAction\",\"name\":\"Comment\",\"target\":[\"https:\/\/brasilnoticias.org\/site\/policia-mira-serie-de-assassinatos-ocorridos-em-menos-de-um-dia-em-camacari\/#respond\"]}]},{\"@type\":\"WebPage\",\"@id\":\"https:\/\/brasilnoticias.org\/site\/policia-mira-serie-de-assassinatos-ocorridos-em-menos-de-um-dia-em-camacari\/\",\"url\":\"https:\/\/brasilnoticias.org\/site\/policia-mira-serie-de-assassinatos-ocorridos-em-menos-de-um-dia-em-camacari\/\",\"name\":\"Pol\u00edcia mira s\u00e9rie de assassinatos ocorridos em menos de um dia em Cama\u00e7ari - Brasil not\u00edcias\",\"isPartOf\":{\"@id\":\"https:\/\/brasilnoticias.org\/site\/#website\"},\"primaryImageOfPage\":{\"@id\":\"https:\/\/brasilnoticias.org\/site\/policia-mira-serie-de-assassinatos-ocorridos-em-menos-de-um-dia-em-camacari\/#primaryimage\"},\"image\":{\"@id\":\"https:\/\/brasilnoticias.org\/site\/policia-mira-serie-de-assassinatos-ocorridos-em-menos-de-um-dia-em-camacari\/#primaryimage\"},\"thumbnailUrl\":\"https:\/\/brasilnoticias.org\/site\/wp-content\/uploads\/2023\/06\/whatsapp_image_2023-06-29_at_15.55.16_widelg.jpeg\",\"datePublished\":\"2023-06-30T09:14:30+00:00\",\"breadcrumb\":{\"@id\":\"https:\/\/brasilnoticias.org\/site\/policia-mira-serie-de-assassinatos-ocorridos-em-menos-de-um-dia-em-camacari\/#breadcrumb\"},\"inLanguage\":\"pt-PT\",\"potentialAction\":[{\"@type\":\"ReadAction\",\"target\":[\"https:\/\/brasilnoticias.org\/site\/policia-mira-serie-de-assassinatos-ocorridos-em-menos-de-um-dia-em-camacari\/\"]}]},{\"@type\":\"ImageObject\",\"inLanguage\":\"pt-PT\",\"@id\":\"https:\/\/brasilnoticias.org\/site\/policia-mira-serie-de-assassinatos-ocorridos-em-menos-de-um-dia-em-camacari\/#primaryimage\",\"url\":\"https:\/\/brasilnoticias.org\/site\/wp-content\/uploads\/2023\/06\/whatsapp_image_2023-06-29_at_15.55.16_widelg.jpeg\",\"contentUrl\":\"https:\/\/brasilnoticias.org\/site\/wp-content\/uploads\/2023\/06\/whatsapp_image_2023-06-29_at_15.55.16_widelg.jpeg\",\"width\":800,\"height\":450},{\"@type\":\"BreadcrumbList\",\"@id\":\"https:\/\/brasilnoticias.org\/site\/policia-mira-serie-de-assassinatos-ocorridos-em-menos-de-um-dia-em-camacari\/#breadcrumb\",\"itemListElement\":[{\"@type\":\"ListItem\",\"position\":1,\"name\":\"In\u00edcio\",\"item\":\"https:\/\/brasilnoticias.org\/site\/\"},{\"@type\":\"ListItem\",\"position\":2,\"name\":\"Pol\u00edcia mira s\u00e9rie de assassinatos ocorridos em menos de um dia em Cama\u00e7ari\"}]},{\"@type\":\"WebSite\",\"@id\":\"https:\/\/brasilnoticias.org\/site\/#website\",\"url\":\"https:\/\/brasilnoticias.org\/site\/\",\"name\":\"Brasil not\u00edcias\",\"description\":\"Brasil not\u00edcias\",\"publisher\":{\"@id\":\"https:\/\/brasilnoticias.org\/site\/#organization\"},\"potentialAction\":[{\"@type\":\"SearchAction\",\"target\":{\"@type\":\"EntryPoint\",\"urlTemplate\":\"https:\/\/brasilnoticias.org\/site\/?s={search_term_string}\"},\"query-input\":{\"@type\":\"PropertyValueSpecification\",\"valueRequired\":true,\"valueName\":\"search_term_string\"}}],\"inLanguage\":\"pt-PT\"},{\"@type\":\"Organization\",\"@id\":\"https:\/\/brasilnoticias.org\/site\/#organization\",\"name\":\"Brasil not\u00edcias\",\"url\":\"https:\/\/brasilnoticias.org\/site\/\",\"logo\":{\"@type\":\"ImageObject\",\"inLanguage\":\"pt-PT\",\"@id\":\"https:\/\/brasilnoticias.org\/site\/#\/schema\/logo\/image\/\",\"url\":\"https:\/\/brasilnoticias.org\/site\/wp-content\/uploads\/2022\/05\/cropped-brasilnoticias-mini.jpg\",\"contentUrl\":\"https:\/\/brasilnoticias.org\/site\/wp-content\/uploads\/2022\/05\/cropped-brasilnoticias-mini.jpg\",\"width\":314,\"height\":86,\"caption\":\"Brasil not\u00edcias\"},\"image\":{\"@id\":\"https:\/\/brasilnoticias.org\/site\/#\/schema\/logo\/image\/\"}},{\"@type\":\"Person\",\"@id\":\"https:\/\/brasilnoticias.org\/site\/#\/schema\/person\/a0e05b973ec4d15c658d51911e53507b\",\"name\":\"Reda\u00e7\u00e3o\",\"image\":{\"@type\":\"ImageObject\",\"inLanguage\":\"pt-PT\",\"@id\":\"https:\/\/brasilnoticias.org\/site\/#\/schema\/person\/image\/\",\"url\":\"https:\/\/secure.gravatar.com\/avatar\/75d8b050df2de108b08ae78dfb8e374892df24a383c67db9c46a9c604f6aee9c?s=96&d=mm&r=g\",\"contentUrl\":\"https:\/\/secure.gravatar.com\/avatar\/75d8b050df2de108b08ae78dfb8e374892df24a383c67db9c46a9c604f6aee9c?s=96&d=mm&r=g\",\"caption\":\"Reda\u00e7\u00e3o\"},\"sameAs\":[\"https:\/\/brasilnoticias.org\/site\"],\"url\":\"https:\/\/brasilnoticias.org\/site\/author\/fernandozsngmail-com\/\"}]}<\/script>\n<!-- \/ Yoast SEO plugin. -->","yoast_head_json":{"title":"Pol\u00edcia mira s\u00e9rie de assassinatos ocorridos em menos de um dia em Cama\u00e7ari - Brasil not\u00edcias","robots":{"index":"index","follow":"follow","max-snippet":"max-snippet:-1","max-image-preview":"max-image-preview:large","max-video-preview":"max-video-preview:-1"},"canonical":"https:\/\/brasilnoticias.org\/site\/policia-mira-serie-de-assassinatos-ocorridos-em-menos-de-um-dia-em-camacari\/","og_locale":"pt_PT","og_type":"article","og_title":"Pol\u00edcia mira s\u00e9rie de assassinatos ocorridos em menos de um dia em Cama\u00e7ari - Brasil not\u00edcias","og_description":"A pol\u00edcia est\u00e1 mirando uma s\u00e9rie de assassinatos ocorridos entre a noite de quarta (28) e a manh\u00e3 de quinta-feira","og_url":"https:\/\/brasilnoticias.org\/site\/policia-mira-serie-de-assassinatos-ocorridos-em-menos-de-um-dia-em-camacari\/","og_site_name":"Brasil not\u00edcias","article_published_time":"2023-06-30T09:14:30+00:00","og_image":[{"width":800,"height":450,"url":"https:\/\/brasilnoticias.org\/site\/wp-content\/uploads\/2023\/06\/whatsapp_image_2023-06-29_at_15.55.16_widelg.jpeg","type":"image\/jpeg"}],"author":"Reda\u00e7\u00e3o","twitter_card":"summary_large_image","twitter_misc":{"Escrito por":"Reda\u00e7\u00e3o"},"schema":{"@context":"https:\/\/schema.org","@graph":[{"@type":"Article","@id":"https:\/\/brasilnoticias.org\/site\/policia-mira-serie-de-assassinatos-ocorridos-em-menos-de-um-dia-em-camacari\/#article","isPartOf":{"@id":"https:\/\/brasilnoticias.org\/site\/policia-mira-serie-de-assassinatos-ocorridos-em-menos-de-um-dia-em-camacari\/"},"author":{"name":"Reda\u00e7\u00e3o","@id":"https:\/\/brasilnoticias.org\/site\/#\/schema\/person\/a0e05b973ec4d15c658d51911e53507b"},"headline":"Pol\u00edcia mira s\u00e9rie de assassinatos ocorridos em menos de um dia em Cama\u00e7ari","datePublished":"2023-06-30T09:14:30+00:00","mainEntityOfPage":{"@id":"https:\/\/brasilnoticias.org\/site\/policia-mira-serie-de-assassinatos-ocorridos-em-menos-de-um-dia-em-camacari\/"},"wordCount":200,"commentCount":0,"publisher":{"@id":"https:\/\/brasilnoticias.org\/site\/#organization"},"image":{"@id":"https:\/\/brasilnoticias.org\/site\/policia-mira-serie-de-assassinatos-ocorridos-em-menos-de-um-dia-em-camacari\/#primaryimage"},"thumbnailUrl":"https:\/\/brasilnoticias.org\/site\/wp-content\/uploads\/2023\/06\/whatsapp_image_2023-06-29_at_15.55.16_widelg.jpeg","articleSection":["Pol\u00edcia","\u00daltimas"],"inLanguage":"pt-PT","potentialAction":[{"@type":"CommentAction","name":"Comment","target":["https:\/\/brasilnoticias.org\/site\/policia-mira-serie-de-assassinatos-ocorridos-em-menos-de-um-dia-em-camacari\/#respond"]}]},{"@type":"WebPage","@id":"https:\/\/brasilnoticias.org\/site\/policia-mira-serie-de-assassinatos-ocorridos-em-menos-de-um-dia-em-camacari\/","url":"https:\/\/brasilnoticias.org\/site\/policia-mira-serie-de-assassinatos-ocorridos-em-menos-de-um-dia-em-camacari\/","name":"Pol\u00edcia mira s\u00e9rie de assassinatos ocorridos em menos de um dia em Cama\u00e7ari - Brasil not\u00edcias","isPartOf":{"@id":"https:\/\/brasilnoticias.org\/site\/#website"},"primaryImageOfPage":{"@id":"https:\/\/brasilnoticias.org\/site\/policia-mira-serie-de-assassinatos-ocorridos-em-menos-de-um-dia-em-camacari\/#primaryimage"},"image":{"@id":"https:\/\/brasilnoticias.org\/site\/policia-mira-serie-de-assassinatos-ocorridos-em-menos-de-um-dia-em-camacari\/#primaryimage"},"thumbnailUrl":"https:\/\/brasilnoticias.org\/site\/wp-content\/uploads\/2023\/06\/whatsapp_image_2023-06-29_at_15.55.16_widelg.jpeg","datePublished":"2023-06-30T09:14:30+00:00","breadcrumb":{"@id":"https:\/\/brasilnoticias.org\/site\/policia-mira-serie-de-assassinatos-ocorridos-em-menos-de-um-dia-em-camacari\/#breadcrumb"},"inLanguage":"pt-PT","potentialAction":[{"@type":"ReadAction","target":["https:\/\/brasilnoticias.org\/site\/policia-mira-serie-de-assassinatos-ocorridos-em-menos-de-um-dia-em-camacari\/"]}]},{"@type":"ImageObject","inLanguage":"pt-PT","@id":"https:\/\/brasilnoticias.org\/site\/policia-mira-serie-de-assassinatos-ocorridos-em-menos-de-um-dia-em-camacari\/#primaryimage","url":"https:\/\/brasilnoticias.org\/site\/wp-content\/uploads\/2023\/06\/whatsapp_image_2023-06-29_at_15.55.16_widelg.jpeg","contentUrl":"https:\/\/brasilnoticias.org\/site\/wp-content\/uploads\/2023\/06\/whatsapp_image_2023-06-29_at_15.55.16_widelg.jpeg","width":800,"height":450},{"@type":"BreadcrumbList","@id":"https:\/\/brasilnoticias.org\/site\/policia-mira-serie-de-assassinatos-ocorridos-em-menos-de-um-dia-em-camacari\/#breadcrumb","itemListElement":[{"@type":"ListItem","position":1,"name":"In\u00edcio","item":"https:\/\/brasilnoticias.org\/site\/"},{"@type":"ListItem","position":2,"name":"Pol\u00edcia mira s\u00e9rie de assassinatos ocorridos em menos de um dia em Cama\u00e7ari"}]},{"@type":"WebSite","@id":"https:\/\/brasilnoticias.org\/site\/#website","url":"https:\/\/brasilnoticias.org\/site\/","name":"Brasil not\u00edcias","description":"Brasil not\u00edcias","publisher":{"@id":"https:\/\/brasilnoticias.org\/site\/#organization"},"potentialAction":[{"@type":"SearchAction","target":{"@type":"EntryPoint","urlTemplate":"https:\/\/brasilnoticias.org\/site\/?s={search_term_string}"},"query-input":{"@type":"PropertyValueSpecification","valueRequired":true,"valueName":"search_term_string"}}],"inLanguage":"pt-PT"},{"@type":"Organization","@id":"https:\/\/brasilnoticias.org\/site\/#organization","name":"Brasil not\u00edcias","url":"https:\/\/brasilnoticias.org\/site\/","logo":{"@type":"ImageObject","inLanguage":"pt-PT","@id":"https:\/\/brasilnoticias.org\/site\/#\/schema\/logo\/image\/","url":"https:\/\/brasilnoticias.org\/site\/wp-content\/uploads\/2022\/05\/cropped-brasilnoticias-mini.jpg","contentUrl":"https:\/\/brasilnoticias.org\/site\/wp-content\/uploads\/2022\/05\/cropped-brasilnoticias-mini.jpg","width":314,"height":86,"caption":"Brasil not\u00edcias"},"image":{"@id":"https:\/\/brasilnoticias.org\/site\/#\/schema\/logo\/image\/"}},{"@type":"Person","@id":"https:\/\/brasilnoticias.org\/site\/#\/schema\/person\/a0e05b973ec4d15c658d51911e53507b","name":"Reda\u00e7\u00e3o","image":{"@type":"ImageObject","inLanguage":"pt-PT","@id":"https:\/\/brasilnoticias.org\/site\/#\/schema\/person\/image\/","url":"https:\/\/secure.gravatar.com\/avatar\/75d8b050df2de108b08ae78dfb8e374892df24a383c67db9c46a9c604f6aee9c?s=96&d=mm&r=g","contentUrl":"https:\/\/secure.gravatar.com\/avatar\/75d8b050df2de108b08ae78dfb8e374892df24a383c67db9c46a9c604f6aee9c?s=96&d=mm&r=g","caption":"Reda\u00e7\u00e3o"},"sameAs":["https:\/\/brasilnoticias.org\/site"],"url":"https:\/\/brasilnoticias.org\/site\/author\/fernandozsngmail-com\/"}]}},"_links":{"self":[{"href":"https:\/\/brasilnoticias.org\/site\/wp-json\/wp\/v2\/posts\/7009","targetHints":{"allow":["GET"]}}],"collection":[{"href":"https:\/\/brasilnoticias.org\/site\/wp-json\/wp\/v2\/posts"}],"about":[{"href":"https:\/\/brasilnoticias.org\/site\/wp-json\/wp\/v2\/types\/post"}],"author":[{"embeddable":true,"href":"https:\/\/brasilnoticias.org\/site\/wp-json\/wp\/v2\/users\/1"}],"replies":[{"embeddable":true,"href":"https:\/\/brasilnoticias.org\/site\/wp-json\/wp\/v2\/comments?post=7009"}],"version-history":[{"count":1,"href":"https:\/\/brasilnoticias.org\/site\/wp-json\/wp\/v2\/posts\/7009\/revisions"}],"predecessor-version":[{"id":7011,"href":"https:\/\/brasilnoticias.org\/site\/wp-json\/wp\/v2\/posts\/7009\/revisions\/7011"}],"wp:featuredmedia":[{"embeddable":true,"href":"https:\/\/brasilnoticias.org\/site\/wp-json\/wp\/v2\/media\/7010"}],"wp:attachment":[{"href":"https:\/\/brasilnoticias.org\/site\/wp-json\/wp\/v2\/media?parent=7009"}],"wp:term":[{"taxonomy":"category","embeddable":true,"href":"https:\/\/brasilnoticias.org\/site\/wp-json\/wp\/v2\/categories?post=7009"},{"taxonomy":"post_tag","embeddable":true,"href":"https:\/\/brasilnoticias.org\/site\/wp-json\/wp\/v2\/tags?post=7009"}],"curies":[{"name":"wp","href":"https:\/\/api.w.org\/{rel}","templated":true}]}}