{"id":7012,"date":"2023-06-30T06:41:12","date_gmt":"2023-06-30T09:41:12","guid":{"rendered":"https:\/\/brasilnoticias.org\/site\/?p=7012"},"modified":"2023-06-30T06:41:12","modified_gmt":"2023-06-30T09:41:12","slug":"homem-que-raptou-menina-de-12-anos-premeditou-crime-e-analisou-alvos-vulneraveis-saiba-detalhes","status":"publish","type":"post","link":"https:\/\/brasilnoticias.org\/site\/homem-que-raptou-menina-de-12-anos-premeditou-crime-e-analisou-alvos-vulneraveis-saiba-detalhes\/","title":{"rendered":"Homem que raptou menina de 12 anos premeditou crime e analisou &#8216;alvos vulner\u00e1veis&#8217;; saiba detalhes"},"content":{"rendered":"<p>Daniel Moraes Bittar, de 42 anos, preso ap\u00f3s sequestrar e abusar sexualmente uma menina, de 12, agiu de forma premeditada, segundo investiga\u00e7\u00f5es da Pol\u00edcia Civil. Ainda de acordo com a intelig\u00eancia, o suspeito teria planejado matar a v\u00edtima depois de deix\u00e1-la em c\u00e1rcere privado. As informa\u00e7\u00f5es s\u00e3o do Metr\u00f3poles.<\/p>\n<p>No apartamento do abusador, localizado na 411 Norte, no Entorno do DF, a pol\u00edcia encontrou uma garrafa de clorof\u00f3rmico; duas m\u00e1quinas de choque; uma fita geralmente usada para amarrar pessoas; medicamentos; objetos sexuais, como vibradores; uma c\u00e2mera fotogr\u00e1fica; cart\u00f5es de mem\u00f3ria; uma mala; DVDs; e revistas de conte\u00fado pornogr\u00e1fico.<\/p>\n<p>No ve\u00edculo que ele usou para raptar a v\u00edtima, os policiais encontraram uum gal\u00e3o de gasolina e bin\u00f3culos. Os investigadores suspeitam que o combust\u00edvel seria usado para queimar o corpo da menina.<\/p>\n<p>De acordo com o chefe da 5\u00aa Delegacia Regional de Pol\u00edcia (DPR), em Luzi\u00e2nia (GO), Rafael Abr\u00e3o afirma que o criminoso monitorava a escola onde a cian\u00e7a estudava. Ainda de acordo com o investigador, ele estaria em busca de poss\u00edveis essandro Arantes detalhou que Daniel escolheu a regi\u00e3o porque n\u00e3o seria reconhecido na \u00e1rea.<\/p>\n<p>\u201cE ele achou [essa v\u00edtima] um alvo mais f\u00e1cil porque tinha pouca gente na rua, por causa do hor\u00e1rio e porque ela estavalvos para o sequestro.<\/p>\n<p>A menina foi levada quando ia para a escola, na tarde desta quarta-feira (28). Daniel abordou a v\u00edtima na companhia de Gesiely de Souza Vieira, de 23. De acordo com a suspeita, que tamb\u00e9m foi presa, ela teria sido coagida a participar do sequestro.<\/p>\n<p>O respons\u00e1vel por comandar as opera\u00e7\u00f5es da Pol\u00edcia Militar de Goi\u00e1s (PMGO), tenente-coronel Alessandro Arantes, disse que h\u00e1 suspeita de que o criminoso tenha cometido outros estupros de vulner\u00e1veis no apartamento onde foi preso.<\/p>\n<p>\u201c[\u00c9 um] ambiente totalmente preparado para gravar v\u00eddeos. Uma s\u00e9rie de objetos d\u00e3o a entender que ele pode participar de alguma organiza\u00e7\u00e3o de divulga\u00e7\u00e3o de v\u00eddeos pornogr\u00e1ficos de pedofilia. Inclusive, ele \u00e9 autor de livros que citam pedofilia\u201d, ressaltou.<\/p>\n<p>Foto Reprodu\u00e7\u00e3o<br \/>\nBNews<\/p>\n","protected":false},"excerpt":{"rendered":"<p>Daniel Moraes Bittar, de 42 anos, preso ap\u00f3s sequestrar e abusar sexualmente uma menina, de 12, agiu de forma premeditada,<\/p>\n","protected":false},"author":1,"featured_media":7013,"comment_status":"open","ping_status":"open","sticky":false,"template":"","format":"standard","meta":{"colormag_page_container_layout":"default_layout","colormag_page_sidebar_layout":"default_layout","_FSMCFIC_featured_image_caption":"","_FSMCFIC_featured_image_nocaption":"","_FSMCFIC_featured_image_hide":"","footnotes":""},"categories":[3,1],"tags":[],"class_list":["post-7012","post","type-post","status-publish","format-standard","has-post-thumbnail","hentry","category-policia","category-ultimas"],"yoast_head":"<!-- This site is optimized with the Yoast SEO plugin v27.1.1 - https:\/\/yoast.com\/product\/yoast-seo-wordpress\/ -->\n<title>Homem que raptou menina de 12 anos premeditou crime e analisou &#039;alvos vulner\u00e1veis&#039;; saiba detalhes - Brasil not\u00edcias<\/title>\n<meta name=\"robots\" content=\"index, follow, max-snippet:-1, max-image-preview:large, max-video-preview:-1\" \/>\n<link rel=\"canonical\" href=\"https:\/\/brasilnoticias.org\/site\/homem-que-raptou-menina-de-12-anos-premeditou-crime-e-analisou-alvos-vulneraveis-saiba-detalhes\/\" \/>\n<meta property=\"og:locale\" content=\"pt_PT\" \/>\n<meta property=\"og:type\" content=\"article\" \/>\n<meta property=\"og:title\" content=\"Homem que raptou menina de 12 anos premeditou crime e analisou &#039;alvos vulner\u00e1veis&#039;; saiba detalhes - Brasil not\u00edcias\" \/>\n<meta property=\"og:description\" content=\"Daniel Moraes Bittar, de 42 anos, preso ap\u00f3s sequestrar e abusar sexualmente uma menina, de 12, agiu de forma premeditada,\" \/>\n<meta property=\"og:url\" content=\"https:\/\/brasilnoticias.org\/site\/homem-que-raptou-menina-de-12-anos-premeditou-crime-e-analisou-alvos-vulneraveis-saiba-detalhes\/\" \/>\n<meta property=\"og:site_name\" content=\"Brasil not\u00edcias\" \/>\n<meta property=\"article:published_time\" content=\"2023-06-30T09:41:12+00:00\" \/>\n<meta property=\"og:image\" content=\"https:\/\/brasilnoticias.org\/site\/wp-content\/uploads\/2023\/06\/12107932_966330533429008_7617243866328616322_n_widelg.jpg\" \/>\n\t<meta property=\"og:image:width\" content=\"800\" \/>\n\t<meta property=\"og:image:height\" content=\"450\" \/>\n\t<meta property=\"og:image:type\" content=\"image\/jpeg\" \/>\n<meta name=\"author\" content=\"Reda\u00e7\u00e3o\" \/>\n<meta name=\"twitter:card\" content=\"summary_large_image\" \/>\n<meta name=\"twitter:label1\" content=\"Escrito por\" \/>\n\t<meta name=\"twitter:data1\" content=\"Reda\u00e7\u00e3o\" \/>\n<script type=\"application\/ld+json\" class=\"yoast-schema-graph\">{\"@context\":\"https:\/\/schema.org\",\"@graph\":[{\"@type\":\"Article\",\"@id\":\"https:\/\/brasilnoticias.org\/site\/homem-que-raptou-menina-de-12-anos-premeditou-crime-e-analisou-alvos-vulneraveis-saiba-detalhes\/#article\",\"isPartOf\":{\"@id\":\"https:\/\/brasilnoticias.org\/site\/homem-que-raptou-menina-de-12-anos-premeditou-crime-e-analisou-alvos-vulneraveis-saiba-detalhes\/\"},\"author\":{\"name\":\"Reda\u00e7\u00e3o\",\"@id\":\"https:\/\/brasilnoticias.org\/site\/#\/schema\/person\/a0e05b973ec4d15c658d51911e53507b\"},\"headline\":\"Homem que raptou menina de 12 anos premeditou crime e analisou &#8216;alvos vulner\u00e1veis&#8217;; saiba detalhes\",\"datePublished\":\"2023-06-30T09:41:12+00:00\",\"mainEntityOfPage\":{\"@id\":\"https:\/\/brasilnoticias.org\/site\/homem-que-raptou-menina-de-12-anos-premeditou-crime-e-analisou-alvos-vulneraveis-saiba-detalhes\/\"},\"wordCount\":386,\"commentCount\":0,\"publisher\":{\"@id\":\"https:\/\/brasilnoticias.org\/site\/#organization\"},\"image\":{\"@id\":\"https:\/\/brasilnoticias.org\/site\/homem-que-raptou-menina-de-12-anos-premeditou-crime-e-analisou-alvos-vulneraveis-saiba-detalhes\/#primaryimage\"},\"thumbnailUrl\":\"https:\/\/brasilnoticias.org\/site\/wp-content\/uploads\/2023\/06\/12107932_966330533429008_7617243866328616322_n_widelg.jpg\",\"articleSection\":[\"Pol\u00edcia\",\"\u00daltimas\"],\"inLanguage\":\"pt-PT\",\"potentialAction\":[{\"@type\":\"CommentAction\",\"name\":\"Comment\",\"target\":[\"https:\/\/brasilnoticias.org\/site\/homem-que-raptou-menina-de-12-anos-premeditou-crime-e-analisou-alvos-vulneraveis-saiba-detalhes\/#respond\"]}]},{\"@type\":\"WebPage\",\"@id\":\"https:\/\/brasilnoticias.org\/site\/homem-que-raptou-menina-de-12-anos-premeditou-crime-e-analisou-alvos-vulneraveis-saiba-detalhes\/\",\"url\":\"https:\/\/brasilnoticias.org\/site\/homem-que-raptou-menina-de-12-anos-premeditou-crime-e-analisou-alvos-vulneraveis-saiba-detalhes\/\",\"name\":\"Homem que raptou menina de 12 anos premeditou crime e analisou 'alvos vulner\u00e1veis'; saiba detalhes - Brasil not\u00edcias\",\"isPartOf\":{\"@id\":\"https:\/\/brasilnoticias.org\/site\/#website\"},\"primaryImageOfPage\":{\"@id\":\"https:\/\/brasilnoticias.org\/site\/homem-que-raptou-menina-de-12-anos-premeditou-crime-e-analisou-alvos-vulneraveis-saiba-detalhes\/#primaryimage\"},\"image\":{\"@id\":\"https:\/\/brasilnoticias.org\/site\/homem-que-raptou-menina-de-12-anos-premeditou-crime-e-analisou-alvos-vulneraveis-saiba-detalhes\/#primaryimage\"},\"thumbnailUrl\":\"https:\/\/brasilnoticias.org\/site\/wp-content\/uploads\/2023\/06\/12107932_966330533429008_7617243866328616322_n_widelg.jpg\",\"datePublished\":\"2023-06-30T09:41:12+00:00\",\"breadcrumb\":{\"@id\":\"https:\/\/brasilnoticias.org\/site\/homem-que-raptou-menina-de-12-anos-premeditou-crime-e-analisou-alvos-vulneraveis-saiba-detalhes\/#breadcrumb\"},\"inLanguage\":\"pt-PT\",\"potentialAction\":[{\"@type\":\"ReadAction\",\"target\":[\"https:\/\/brasilnoticias.org\/site\/homem-que-raptou-menina-de-12-anos-premeditou-crime-e-analisou-alvos-vulneraveis-saiba-detalhes\/\"]}]},{\"@type\":\"ImageObject\",\"inLanguage\":\"pt-PT\",\"@id\":\"https:\/\/brasilnoticias.org\/site\/homem-que-raptou-menina-de-12-anos-premeditou-crime-e-analisou-alvos-vulneraveis-saiba-detalhes\/#primaryimage\",\"url\":\"https:\/\/brasilnoticias.org\/site\/wp-content\/uploads\/2023\/06\/12107932_966330533429008_7617243866328616322_n_widelg.jpg\",\"contentUrl\":\"https:\/\/brasilnoticias.org\/site\/wp-content\/uploads\/2023\/06\/12107932_966330533429008_7617243866328616322_n_widelg.jpg\",\"width\":800,\"height\":450},{\"@type\":\"BreadcrumbList\",\"@id\":\"https:\/\/brasilnoticias.org\/site\/homem-que-raptou-menina-de-12-anos-premeditou-crime-e-analisou-alvos-vulneraveis-saiba-detalhes\/#breadcrumb\",\"itemListElement\":[{\"@type\":\"ListItem\",\"position\":1,\"name\":\"In\u00edcio\",\"item\":\"https:\/\/brasilnoticias.org\/site\/\"},{\"@type\":\"ListItem\",\"position\":2,\"name\":\"Homem que raptou menina de 12 anos premeditou crime e analisou &#8216;alvos vulner\u00e1veis&#8217;; saiba detalhes\"}]},{\"@type\":\"WebSite\",\"@id\":\"https:\/\/brasilnoticias.org\/site\/#website\",\"url\":\"https:\/\/brasilnoticias.org\/site\/\",\"name\":\"Brasil not\u00edcias\",\"description\":\"Brasil not\u00edcias\",\"publisher\":{\"@id\":\"https:\/\/brasilnoticias.org\/site\/#organization\"},\"potentialAction\":[{\"@type\":\"SearchAction\",\"target\":{\"@type\":\"EntryPoint\",\"urlTemplate\":\"https:\/\/brasilnoticias.org\/site\/?s={search_term_string}\"},\"query-input\":{\"@type\":\"PropertyValueSpecification\",\"valueRequired\":true,\"valueName\":\"search_term_string\"}}],\"inLanguage\":\"pt-PT\"},{\"@type\":\"Organization\",\"@id\":\"https:\/\/brasilnoticias.org\/site\/#organization\",\"name\":\"Brasil not\u00edcias\",\"url\":\"https:\/\/brasilnoticias.org\/site\/\",\"logo\":{\"@type\":\"ImageObject\",\"inLanguage\":\"pt-PT\",\"@id\":\"https:\/\/brasilnoticias.org\/site\/#\/schema\/logo\/image\/\",\"url\":\"https:\/\/brasilnoticias.org\/site\/wp-content\/uploads\/2022\/05\/cropped-brasilnoticias-mini.jpg\",\"contentUrl\":\"https:\/\/brasilnoticias.org\/site\/wp-content\/uploads\/2022\/05\/cropped-brasilnoticias-mini.jpg\",\"width\":314,\"height\":86,\"caption\":\"Brasil not\u00edcias\"},\"image\":{\"@id\":\"https:\/\/brasilnoticias.org\/site\/#\/schema\/logo\/image\/\"}},{\"@type\":\"Person\",\"@id\":\"https:\/\/brasilnoticias.org\/site\/#\/schema\/person\/a0e05b973ec4d15c658d51911e53507b\",\"name\":\"Reda\u00e7\u00e3o\",\"image\":{\"@type\":\"ImageObject\",\"inLanguage\":\"pt-PT\",\"@id\":\"https:\/\/brasilnoticias.org\/site\/#\/schema\/person\/image\/\",\"url\":\"https:\/\/secure.gravatar.com\/avatar\/75d8b050df2de108b08ae78dfb8e374892df24a383c67db9c46a9c604f6aee9c?s=96&d=mm&r=g\",\"contentUrl\":\"https:\/\/secure.gravatar.com\/avatar\/75d8b050df2de108b08ae78dfb8e374892df24a383c67db9c46a9c604f6aee9c?s=96&d=mm&r=g\",\"caption\":\"Reda\u00e7\u00e3o\"},\"sameAs\":[\"https:\/\/brasilnoticias.org\/site\"],\"url\":\"https:\/\/brasilnoticias.org\/site\/author\/fernandozsngmail-com\/\"}]}<\/script>\n<!-- \/ Yoast SEO plugin. -->","yoast_head_json":{"title":"Homem que raptou menina de 12 anos premeditou crime e analisou 'alvos vulner\u00e1veis'; saiba detalhes - Brasil not\u00edcias","robots":{"index":"index","follow":"follow","max-snippet":"max-snippet:-1","max-image-preview":"max-image-preview:large","max-video-preview":"max-video-preview:-1"},"canonical":"https:\/\/brasilnoticias.org\/site\/homem-que-raptou-menina-de-12-anos-premeditou-crime-e-analisou-alvos-vulneraveis-saiba-detalhes\/","og_locale":"pt_PT","og_type":"article","og_title":"Homem que raptou menina de 12 anos premeditou crime e analisou 'alvos vulner\u00e1veis'; saiba detalhes - Brasil not\u00edcias","og_description":"Daniel Moraes Bittar, de 42 anos, preso ap\u00f3s sequestrar e abusar sexualmente uma menina, de 12, agiu de forma premeditada,","og_url":"https:\/\/brasilnoticias.org\/site\/homem-que-raptou-menina-de-12-anos-premeditou-crime-e-analisou-alvos-vulneraveis-saiba-detalhes\/","og_site_name":"Brasil not\u00edcias","article_published_time":"2023-06-30T09:41:12+00:00","og_image":[{"width":800,"height":450,"url":"https:\/\/brasilnoticias.org\/site\/wp-content\/uploads\/2023\/06\/12107932_966330533429008_7617243866328616322_n_widelg.jpg","type":"image\/jpeg"}],"author":"Reda\u00e7\u00e3o","twitter_card":"summary_large_image","twitter_misc":{"Escrito por":"Reda\u00e7\u00e3o"},"schema":{"@context":"https:\/\/schema.org","@graph":[{"@type":"Article","@id":"https:\/\/brasilnoticias.org\/site\/homem-que-raptou-menina-de-12-anos-premeditou-crime-e-analisou-alvos-vulneraveis-saiba-detalhes\/#article","isPartOf":{"@id":"https:\/\/brasilnoticias.org\/site\/homem-que-raptou-menina-de-12-anos-premeditou-crime-e-analisou-alvos-vulneraveis-saiba-detalhes\/"},"author":{"name":"Reda\u00e7\u00e3o","@id":"https:\/\/brasilnoticias.org\/site\/#\/schema\/person\/a0e05b973ec4d15c658d51911e53507b"},"headline":"Homem que raptou menina de 12 anos premeditou crime e analisou &#8216;alvos vulner\u00e1veis&#8217;; saiba detalhes","datePublished":"2023-06-30T09:41:12+00:00","mainEntityOfPage":{"@id":"https:\/\/brasilnoticias.org\/site\/homem-que-raptou-menina-de-12-anos-premeditou-crime-e-analisou-alvos-vulneraveis-saiba-detalhes\/"},"wordCount":386,"commentCount":0,"publisher":{"@id":"https:\/\/brasilnoticias.org\/site\/#organization"},"image":{"@id":"https:\/\/brasilnoticias.org\/site\/homem-que-raptou-menina-de-12-anos-premeditou-crime-e-analisou-alvos-vulneraveis-saiba-detalhes\/#primaryimage"},"thumbnailUrl":"https:\/\/brasilnoticias.org\/site\/wp-content\/uploads\/2023\/06\/12107932_966330533429008_7617243866328616322_n_widelg.jpg","articleSection":["Pol\u00edcia","\u00daltimas"],"inLanguage":"pt-PT","potentialAction":[{"@type":"CommentAction","name":"Comment","target":["https:\/\/brasilnoticias.org\/site\/homem-que-raptou-menina-de-12-anos-premeditou-crime-e-analisou-alvos-vulneraveis-saiba-detalhes\/#respond"]}]},{"@type":"WebPage","@id":"https:\/\/brasilnoticias.org\/site\/homem-que-raptou-menina-de-12-anos-premeditou-crime-e-analisou-alvos-vulneraveis-saiba-detalhes\/","url":"https:\/\/brasilnoticias.org\/site\/homem-que-raptou-menina-de-12-anos-premeditou-crime-e-analisou-alvos-vulneraveis-saiba-detalhes\/","name":"Homem que raptou menina de 12 anos premeditou crime e analisou 'alvos vulner\u00e1veis'; saiba detalhes - Brasil not\u00edcias","isPartOf":{"@id":"https:\/\/brasilnoticias.org\/site\/#website"},"primaryImageOfPage":{"@id":"https:\/\/brasilnoticias.org\/site\/homem-que-raptou-menina-de-12-anos-premeditou-crime-e-analisou-alvos-vulneraveis-saiba-detalhes\/#primaryimage"},"image":{"@id":"https:\/\/brasilnoticias.org\/site\/homem-que-raptou-menina-de-12-anos-premeditou-crime-e-analisou-alvos-vulneraveis-saiba-detalhes\/#primaryimage"},"thumbnailUrl":"https:\/\/brasilnoticias.org\/site\/wp-content\/uploads\/2023\/06\/12107932_966330533429008_7617243866328616322_n_widelg.jpg","datePublished":"2023-06-30T09:41:12+00:00","breadcrumb":{"@id":"https:\/\/brasilnoticias.org\/site\/homem-que-raptou-menina-de-12-anos-premeditou-crime-e-analisou-alvos-vulneraveis-saiba-detalhes\/#breadcrumb"},"inLanguage":"pt-PT","potentialAction":[{"@type":"ReadAction","target":["https:\/\/brasilnoticias.org\/site\/homem-que-raptou-menina-de-12-anos-premeditou-crime-e-analisou-alvos-vulneraveis-saiba-detalhes\/"]}]},{"@type":"ImageObject","inLanguage":"pt-PT","@id":"https:\/\/brasilnoticias.org\/site\/homem-que-raptou-menina-de-12-anos-premeditou-crime-e-analisou-alvos-vulneraveis-saiba-detalhes\/#primaryimage","url":"https:\/\/brasilnoticias.org\/site\/wp-content\/uploads\/2023\/06\/12107932_966330533429008_7617243866328616322_n_widelg.jpg","contentUrl":"https:\/\/brasilnoticias.org\/site\/wp-content\/uploads\/2023\/06\/12107932_966330533429008_7617243866328616322_n_widelg.jpg","width":800,"height":450},{"@type":"BreadcrumbList","@id":"https:\/\/brasilnoticias.org\/site\/homem-que-raptou-menina-de-12-anos-premeditou-crime-e-analisou-alvos-vulneraveis-saiba-detalhes\/#breadcrumb","itemListElement":[{"@type":"ListItem","position":1,"name":"In\u00edcio","item":"https:\/\/brasilnoticias.org\/site\/"},{"@type":"ListItem","position":2,"name":"Homem que raptou menina de 12 anos premeditou crime e analisou &#8216;alvos vulner\u00e1veis&#8217;; saiba detalhes"}]},{"@type":"WebSite","@id":"https:\/\/brasilnoticias.org\/site\/#website","url":"https:\/\/brasilnoticias.org\/site\/","name":"Brasil not\u00edcias","description":"Brasil not\u00edcias","publisher":{"@id":"https:\/\/brasilnoticias.org\/site\/#organization"},"potentialAction":[{"@type":"SearchAction","target":{"@type":"EntryPoint","urlTemplate":"https:\/\/brasilnoticias.org\/site\/?s={search_term_string}"},"query-input":{"@type":"PropertyValueSpecification","valueRequired":true,"valueName":"search_term_string"}}],"inLanguage":"pt-PT"},{"@type":"Organization","@id":"https:\/\/brasilnoticias.org\/site\/#organization","name":"Brasil not\u00edcias","url":"https:\/\/brasilnoticias.org\/site\/","logo":{"@type":"ImageObject","inLanguage":"pt-PT","@id":"https:\/\/brasilnoticias.org\/site\/#\/schema\/logo\/image\/","url":"https:\/\/brasilnoticias.org\/site\/wp-content\/uploads\/2022\/05\/cropped-brasilnoticias-mini.jpg","contentUrl":"https:\/\/brasilnoticias.org\/site\/wp-content\/uploads\/2022\/05\/cropped-brasilnoticias-mini.jpg","width":314,"height":86,"caption":"Brasil not\u00edcias"},"image":{"@id":"https:\/\/brasilnoticias.org\/site\/#\/schema\/logo\/image\/"}},{"@type":"Person","@id":"https:\/\/brasilnoticias.org\/site\/#\/schema\/person\/a0e05b973ec4d15c658d51911e53507b","name":"Reda\u00e7\u00e3o","image":{"@type":"ImageObject","inLanguage":"pt-PT","@id":"https:\/\/brasilnoticias.org\/site\/#\/schema\/person\/image\/","url":"https:\/\/secure.gravatar.com\/avatar\/75d8b050df2de108b08ae78dfb8e374892df24a383c67db9c46a9c604f6aee9c?s=96&d=mm&r=g","contentUrl":"https:\/\/secure.gravatar.com\/avatar\/75d8b050df2de108b08ae78dfb8e374892df24a383c67db9c46a9c604f6aee9c?s=96&d=mm&r=g","caption":"Reda\u00e7\u00e3o"},"sameAs":["https:\/\/brasilnoticias.org\/site"],"url":"https:\/\/brasilnoticias.org\/site\/author\/fernandozsngmail-com\/"}]}},"_links":{"self":[{"href":"https:\/\/brasilnoticias.org\/site\/wp-json\/wp\/v2\/posts\/7012","targetHints":{"allow":["GET"]}}],"collection":[{"href":"https:\/\/brasilnoticias.org\/site\/wp-json\/wp\/v2\/posts"}],"about":[{"href":"https:\/\/brasilnoticias.org\/site\/wp-json\/wp\/v2\/types\/post"}],"author":[{"embeddable":true,"href":"https:\/\/brasilnoticias.org\/site\/wp-json\/wp\/v2\/users\/1"}],"replies":[{"embeddable":true,"href":"https:\/\/brasilnoticias.org\/site\/wp-json\/wp\/v2\/comments?post=7012"}],"version-history":[{"count":1,"href":"https:\/\/brasilnoticias.org\/site\/wp-json\/wp\/v2\/posts\/7012\/revisions"}],"predecessor-version":[{"id":7014,"href":"https:\/\/brasilnoticias.org\/site\/wp-json\/wp\/v2\/posts\/7012\/revisions\/7014"}],"wp:featuredmedia":[{"embeddable":true,"href":"https:\/\/brasilnoticias.org\/site\/wp-json\/wp\/v2\/media\/7013"}],"wp:attachment":[{"href":"https:\/\/brasilnoticias.org\/site\/wp-json\/wp\/v2\/media?parent=7012"}],"wp:term":[{"taxonomy":"category","embeddable":true,"href":"https:\/\/brasilnoticias.org\/site\/wp-json\/wp\/v2\/categories?post=7012"},{"taxonomy":"post_tag","embeddable":true,"href":"https:\/\/brasilnoticias.org\/site\/wp-json\/wp\/v2\/tags?post=7012"}],"curies":[{"name":"wp","href":"https:\/\/api.w.org\/{rel}","templated":true}]}}