{"id":7019,"date":"2023-06-30T18:00:08","date_gmt":"2023-06-30T21:00:08","guid":{"rendered":"https:\/\/brasilnoticias.org\/site\/?p=7019"},"modified":"2023-06-30T17:19:45","modified_gmt":"2023-06-30T20:19:45","slug":"manoel-soares-e-demitido-apos-protagonizar-climao-na-globo","status":"publish","type":"post","link":"https:\/\/brasilnoticias.org\/site\/manoel-soares-e-demitido-apos-protagonizar-climao-na-globo\/","title":{"rendered":"Manoel Soares \u00e9 demitido ap\u00f3s protagonizar clim\u00e3o na Globo"},"content":{"rendered":"<p>Manoel Soares foi demitido nesta sexta-feira (30\/6) de todas as atra\u00e7\u00f5es do grupo Globo. Nos \u00faltimos meses, o apresentador protagonizou in\u00fameras desaven\u00e7as com Patr\u00edcia Poeta no programa \u201cEncontro\u201d.<\/p>\n<p>A parceria conturbada entre a dupla tinha t\u00e9rmino previsto h\u00e1 semanas, quando fontes revelaram que Soares sairia do programa de forma silenciosa. O apresentador tamb\u00e9m sinalizou sua despedida para amigos pr\u00f3ximos. Mas tudo indicava que isso aconteceria mais adiante.<\/p>\n<p>Sem causar alardes, a Globo aproveitou as f\u00e9rias de Patr\u00edcia Poeta para anunciar a demiss\u00e3o do apresentador. A ideia da emissora era deixar a transi\u00e7\u00e3o natural e evitar repercuss\u00e3o negativa ao programa matinal. Com isso, Manoel Soares n\u00e3o ganhou despedida no programa.<\/p>\n<p>DEMISS\u00c3O TAMB\u00c9M DO \u201cPAPO DE SEGUNDA\u201d<br \/>\nA Globo ainda aproveitou a decis\u00e3o para promover Jo\u00e3o Vicente, com quem Manoel Soares dividia o comando do \u201cPapo de Segunda\u201d, do GNT. O humorista faz parte da atra\u00e7\u00e3o desde a apresenta\u00e7\u00e3o de F\u00e1bio Porchat. Boatos indicavam que ele tamb\u00e9m teria uma desaven\u00e7a com o colega.<\/p>\n<p>Em maio deste ano, a Globo estudou o retorno de Manoel Soares para o programa \u201c\u00c9 de Casa\u201d, por\u00e9m, a produ\u00e7\u00e3o n\u00e3o aprovou a sugest\u00e3o. Fontes afirmam que o apresentador tamb\u00e9m teve fa\u00edscas com a equipe.<\/p>\n<p>TRAJET\u00d3RIA DE MANOEL SOARES<br \/>\nManoel come\u00e7ou sua carreira na RBS TV, afiliada da Globo no Rio Grande do Sul. Em sua trajet\u00f3ria, fez parte do \u201cProfiss\u00e3o Rep\u00f3rter\u201d de 2009 a 2016. Em 2017, come\u00e7ou a atuar como rep\u00f3rter do \u201cEncontro com F\u00e1tima Bernardes\u201d, e a partir de 2019, acumulou a fun\u00e7\u00e3o com o \u201cSe Joga\u201d.<\/p>\n<p>No mesmo ano, passou a fazer parte do elenco de apresentadores do \u201c\u00c9 de Casa\u201d, nas manh\u00e3s de s\u00e1bado da emissora. O apresentador ficou na atra\u00e7\u00e3o at\u00e9 2022, quando assumiu o \u201cEncontro\u201d, ao lado de Patr\u00edcia Poeta, ocupando a vaga que era de F\u00e1tima Bernardes. A demiss\u00e3o acontece em meio a rumores de desaven\u00e7as entre ele e praticamente todos com quem trabalhou.<\/p>\n<p>NOTA DA GLOBO<br \/>\nLeia a nota na \u00edntegra.<\/p>\n<p>\u201cO apresentador Manoel Soares, dos programas \u2018Encontro com Patr\u00edcia Poeta\u2019 da TV Globo e do \u2018Papo de Segunda\u2019 do GNT, deixou a Globo nesta sexta-feira. Como a apresentadora Patr\u00edcia Poeta entra de f\u00e9rias na segunda-feira, at\u00e9 a sua volta o programa das manh\u00e3s da TV Globo ser\u00e1 comandado por Tati Machado e Valeria Almeida, que j\u00e1 fazem parte do time da atra\u00e7\u00e3o.<\/p>\n<p>No dia 17 de julho, Patr\u00edcia Poeta retomar\u00e1 a apresenta\u00e7\u00e3o do \u2018Encontro\u2019, que, depois de um ano no ar com o formato atual, trar\u00e1 novidades. J\u00e1 o programa \u2018Papo de Segunda\u2019 do GNT passar\u00e1 a ser liderado, a partir da semana que vem, por Jo\u00e3o Vicente de Castro.\u201d<\/p>\n<p>Foto Divulga\u00e7\u00e3o\/globo<br \/>\nPipoca moderna<\/p>\n","protected":false},"excerpt":{"rendered":"<p>Manoel Soares foi demitido nesta sexta-feira (30\/6) de todas as atra\u00e7\u00f5es do grupo Globo. Nos \u00faltimos meses, o apresentador protagonizou<\/p>\n","protected":false},"author":1,"featured_media":7020,"comment_status":"open","ping_status":"open","sticky":false,"template":"","format":"standard","meta":{"colormag_page_container_layout":"default_layout","colormag_page_sidebar_layout":"default_layout","_FSMCFIC_featured_image_caption":"","_FSMCFIC_featured_image_nocaption":"","_FSMCFIC_featured_image_hide":"","footnotes":""},"categories":[2,1],"tags":[],"class_list":["post-7019","post","type-post","status-publish","format-standard","has-post-thumbnail","hentry","category-noticias","category-ultimas"],"yoast_head":"<!-- This site is optimized with the Yoast SEO plugin v27.1.1 - https:\/\/yoast.com\/product\/yoast-seo-wordpress\/ -->\n<title>Manoel Soares \u00e9 demitido ap\u00f3s protagonizar clim\u00e3o na Globo - Brasil not\u00edcias<\/title>\n<meta name=\"robots\" content=\"index, follow, max-snippet:-1, max-image-preview:large, max-video-preview:-1\" \/>\n<link rel=\"canonical\" href=\"https:\/\/brasilnoticias.org\/site\/manoel-soares-e-demitido-apos-protagonizar-climao-na-globo\/\" \/>\n<meta property=\"og:locale\" content=\"pt_PT\" \/>\n<meta property=\"og:type\" content=\"article\" \/>\n<meta property=\"og:title\" content=\"Manoel Soares \u00e9 demitido ap\u00f3s protagonizar clim\u00e3o na Globo - Brasil not\u00edcias\" \/>\n<meta property=\"og:description\" content=\"Manoel Soares foi demitido nesta sexta-feira (30\/6) de todas as atra\u00e7\u00f5es do grupo Globo. Nos \u00faltimos meses, o apresentador protagonizou\" \/>\n<meta property=\"og:url\" content=\"https:\/\/brasilnoticias.org\/site\/manoel-soares-e-demitido-apos-protagonizar-climao-na-globo\/\" \/>\n<meta property=\"og:site_name\" content=\"Brasil not\u00edcias\" \/>\n<meta property=\"article:published_time\" content=\"2023-06-30T21:00:08+00:00\" \/>\n<meta property=\"og:image\" content=\"https:\/\/brasilnoticias.org\/site\/wp-content\/uploads\/2023\/06\/AA1bmYnE-e1688156268181.jpg\" \/>\n\t<meta property=\"og:image:width\" content=\"610\" \/>\n\t<meta property=\"og:image:height\" content=\"497\" \/>\n\t<meta property=\"og:image:type\" content=\"image\/jpeg\" \/>\n<meta name=\"author\" content=\"Reda\u00e7\u00e3o\" \/>\n<meta name=\"twitter:card\" content=\"summary_large_image\" \/>\n<meta name=\"twitter:label1\" content=\"Escrito por\" \/>\n\t<meta name=\"twitter:data1\" content=\"Reda\u00e7\u00e3o\" \/>\n\t<meta name=\"twitter:label2\" content=\"Tempo estimado de leitura\" \/>\n\t<meta name=\"twitter:data2\" content=\"3 minutos\" \/>\n<script type=\"application\/ld+json\" class=\"yoast-schema-graph\">{\"@context\":\"https:\/\/schema.org\",\"@graph\":[{\"@type\":\"Article\",\"@id\":\"https:\/\/brasilnoticias.org\/site\/manoel-soares-e-demitido-apos-protagonizar-climao-na-globo\/#article\",\"isPartOf\":{\"@id\":\"https:\/\/brasilnoticias.org\/site\/manoel-soares-e-demitido-apos-protagonizar-climao-na-globo\/\"},\"author\":{\"name\":\"Reda\u00e7\u00e3o\",\"@id\":\"https:\/\/brasilnoticias.org\/site\/#\/schema\/person\/a0e05b973ec4d15c658d51911e53507b\"},\"headline\":\"Manoel Soares \u00e9 demitido ap\u00f3s protagonizar clim\u00e3o na Globo\",\"datePublished\":\"2023-06-30T21:00:08+00:00\",\"mainEntityOfPage\":{\"@id\":\"https:\/\/brasilnoticias.org\/site\/manoel-soares-e-demitido-apos-protagonizar-climao-na-globo\/\"},\"wordCount\":491,\"commentCount\":0,\"publisher\":{\"@id\":\"https:\/\/brasilnoticias.org\/site\/#organization\"},\"image\":{\"@id\":\"https:\/\/brasilnoticias.org\/site\/manoel-soares-e-demitido-apos-protagonizar-climao-na-globo\/#primaryimage\"},\"thumbnailUrl\":\"https:\/\/brasilnoticias.org\/site\/wp-content\/uploads\/2023\/06\/AA1bmYnE-e1688156268181.jpg\",\"articleSection\":[\"Not\u00edcias\",\"\u00daltimas\"],\"inLanguage\":\"pt-PT\",\"potentialAction\":[{\"@type\":\"CommentAction\",\"name\":\"Comment\",\"target\":[\"https:\/\/brasilnoticias.org\/site\/manoel-soares-e-demitido-apos-protagonizar-climao-na-globo\/#respond\"]}]},{\"@type\":\"WebPage\",\"@id\":\"https:\/\/brasilnoticias.org\/site\/manoel-soares-e-demitido-apos-protagonizar-climao-na-globo\/\",\"url\":\"https:\/\/brasilnoticias.org\/site\/manoel-soares-e-demitido-apos-protagonizar-climao-na-globo\/\",\"name\":\"Manoel Soares \u00e9 demitido ap\u00f3s protagonizar clim\u00e3o na Globo - Brasil not\u00edcias\",\"isPartOf\":{\"@id\":\"https:\/\/brasilnoticias.org\/site\/#website\"},\"primaryImageOfPage\":{\"@id\":\"https:\/\/brasilnoticias.org\/site\/manoel-soares-e-demitido-apos-protagonizar-climao-na-globo\/#primaryimage\"},\"image\":{\"@id\":\"https:\/\/brasilnoticias.org\/site\/manoel-soares-e-demitido-apos-protagonizar-climao-na-globo\/#primaryimage\"},\"thumbnailUrl\":\"https:\/\/brasilnoticias.org\/site\/wp-content\/uploads\/2023\/06\/AA1bmYnE-e1688156268181.jpg\",\"datePublished\":\"2023-06-30T21:00:08+00:00\",\"breadcrumb\":{\"@id\":\"https:\/\/brasilnoticias.org\/site\/manoel-soares-e-demitido-apos-protagonizar-climao-na-globo\/#breadcrumb\"},\"inLanguage\":\"pt-PT\",\"potentialAction\":[{\"@type\":\"ReadAction\",\"target\":[\"https:\/\/brasilnoticias.org\/site\/manoel-soares-e-demitido-apos-protagonizar-climao-na-globo\/\"]}]},{\"@type\":\"ImageObject\",\"inLanguage\":\"pt-PT\",\"@id\":\"https:\/\/brasilnoticias.org\/site\/manoel-soares-e-demitido-apos-protagonizar-climao-na-globo\/#primaryimage\",\"url\":\"https:\/\/brasilnoticias.org\/site\/wp-content\/uploads\/2023\/06\/AA1bmYnE-e1688156268181.jpg\",\"contentUrl\":\"https:\/\/brasilnoticias.org\/site\/wp-content\/uploads\/2023\/06\/AA1bmYnE-e1688156268181.jpg\",\"width\":610,\"height\":497},{\"@type\":\"BreadcrumbList\",\"@id\":\"https:\/\/brasilnoticias.org\/site\/manoel-soares-e-demitido-apos-protagonizar-climao-na-globo\/#breadcrumb\",\"itemListElement\":[{\"@type\":\"ListItem\",\"position\":1,\"name\":\"In\u00edcio\",\"item\":\"https:\/\/brasilnoticias.org\/site\/\"},{\"@type\":\"ListItem\",\"position\":2,\"name\":\"Manoel Soares \u00e9 demitido ap\u00f3s protagonizar clim\u00e3o na Globo\"}]},{\"@type\":\"WebSite\",\"@id\":\"https:\/\/brasilnoticias.org\/site\/#website\",\"url\":\"https:\/\/brasilnoticias.org\/site\/\",\"name\":\"Brasil not\u00edcias\",\"description\":\"Brasil not\u00edcias\",\"publisher\":{\"@id\":\"https:\/\/brasilnoticias.org\/site\/#organization\"},\"potentialAction\":[{\"@type\":\"SearchAction\",\"target\":{\"@type\":\"EntryPoint\",\"urlTemplate\":\"https:\/\/brasilnoticias.org\/site\/?s={search_term_string}\"},\"query-input\":{\"@type\":\"PropertyValueSpecification\",\"valueRequired\":true,\"valueName\":\"search_term_string\"}}],\"inLanguage\":\"pt-PT\"},{\"@type\":\"Organization\",\"@id\":\"https:\/\/brasilnoticias.org\/site\/#organization\",\"name\":\"Brasil not\u00edcias\",\"url\":\"https:\/\/brasilnoticias.org\/site\/\",\"logo\":{\"@type\":\"ImageObject\",\"inLanguage\":\"pt-PT\",\"@id\":\"https:\/\/brasilnoticias.org\/site\/#\/schema\/logo\/image\/\",\"url\":\"https:\/\/brasilnoticias.org\/site\/wp-content\/uploads\/2022\/05\/cropped-brasilnoticias-mini.jpg\",\"contentUrl\":\"https:\/\/brasilnoticias.org\/site\/wp-content\/uploads\/2022\/05\/cropped-brasilnoticias-mini.jpg\",\"width\":314,\"height\":86,\"caption\":\"Brasil not\u00edcias\"},\"image\":{\"@id\":\"https:\/\/brasilnoticias.org\/site\/#\/schema\/logo\/image\/\"}},{\"@type\":\"Person\",\"@id\":\"https:\/\/brasilnoticias.org\/site\/#\/schema\/person\/a0e05b973ec4d15c658d51911e53507b\",\"name\":\"Reda\u00e7\u00e3o\",\"image\":{\"@type\":\"ImageObject\",\"inLanguage\":\"pt-PT\",\"@id\":\"https:\/\/brasilnoticias.org\/site\/#\/schema\/person\/image\/\",\"url\":\"https:\/\/secure.gravatar.com\/avatar\/75d8b050df2de108b08ae78dfb8e374892df24a383c67db9c46a9c604f6aee9c?s=96&d=mm&r=g\",\"contentUrl\":\"https:\/\/secure.gravatar.com\/avatar\/75d8b050df2de108b08ae78dfb8e374892df24a383c67db9c46a9c604f6aee9c?s=96&d=mm&r=g\",\"caption\":\"Reda\u00e7\u00e3o\"},\"sameAs\":[\"https:\/\/brasilnoticias.org\/site\"],\"url\":\"https:\/\/brasilnoticias.org\/site\/author\/fernandozsngmail-com\/\"}]}<\/script>\n<!-- \/ Yoast SEO plugin. -->","yoast_head_json":{"title":"Manoel Soares \u00e9 demitido ap\u00f3s protagonizar clim\u00e3o na Globo - Brasil not\u00edcias","robots":{"index":"index","follow":"follow","max-snippet":"max-snippet:-1","max-image-preview":"max-image-preview:large","max-video-preview":"max-video-preview:-1"},"canonical":"https:\/\/brasilnoticias.org\/site\/manoel-soares-e-demitido-apos-protagonizar-climao-na-globo\/","og_locale":"pt_PT","og_type":"article","og_title":"Manoel Soares \u00e9 demitido ap\u00f3s protagonizar clim\u00e3o na Globo - Brasil not\u00edcias","og_description":"Manoel Soares foi demitido nesta sexta-feira (30\/6) de todas as atra\u00e7\u00f5es do grupo Globo. Nos \u00faltimos meses, o apresentador protagonizou","og_url":"https:\/\/brasilnoticias.org\/site\/manoel-soares-e-demitido-apos-protagonizar-climao-na-globo\/","og_site_name":"Brasil not\u00edcias","article_published_time":"2023-06-30T21:00:08+00:00","og_image":[{"width":610,"height":497,"url":"https:\/\/brasilnoticias.org\/site\/wp-content\/uploads\/2023\/06\/AA1bmYnE-e1688156268181.jpg","type":"image\/jpeg"}],"author":"Reda\u00e7\u00e3o","twitter_card":"summary_large_image","twitter_misc":{"Escrito por":"Reda\u00e7\u00e3o","Tempo estimado de leitura":"3 minutos"},"schema":{"@context":"https:\/\/schema.org","@graph":[{"@type":"Article","@id":"https:\/\/brasilnoticias.org\/site\/manoel-soares-e-demitido-apos-protagonizar-climao-na-globo\/#article","isPartOf":{"@id":"https:\/\/brasilnoticias.org\/site\/manoel-soares-e-demitido-apos-protagonizar-climao-na-globo\/"},"author":{"name":"Reda\u00e7\u00e3o","@id":"https:\/\/brasilnoticias.org\/site\/#\/schema\/person\/a0e05b973ec4d15c658d51911e53507b"},"headline":"Manoel Soares \u00e9 demitido ap\u00f3s protagonizar clim\u00e3o na Globo","datePublished":"2023-06-30T21:00:08+00:00","mainEntityOfPage":{"@id":"https:\/\/brasilnoticias.org\/site\/manoel-soares-e-demitido-apos-protagonizar-climao-na-globo\/"},"wordCount":491,"commentCount":0,"publisher":{"@id":"https:\/\/brasilnoticias.org\/site\/#organization"},"image":{"@id":"https:\/\/brasilnoticias.org\/site\/manoel-soares-e-demitido-apos-protagonizar-climao-na-globo\/#primaryimage"},"thumbnailUrl":"https:\/\/brasilnoticias.org\/site\/wp-content\/uploads\/2023\/06\/AA1bmYnE-e1688156268181.jpg","articleSection":["Not\u00edcias","\u00daltimas"],"inLanguage":"pt-PT","potentialAction":[{"@type":"CommentAction","name":"Comment","target":["https:\/\/brasilnoticias.org\/site\/manoel-soares-e-demitido-apos-protagonizar-climao-na-globo\/#respond"]}]},{"@type":"WebPage","@id":"https:\/\/brasilnoticias.org\/site\/manoel-soares-e-demitido-apos-protagonizar-climao-na-globo\/","url":"https:\/\/brasilnoticias.org\/site\/manoel-soares-e-demitido-apos-protagonizar-climao-na-globo\/","name":"Manoel Soares \u00e9 demitido ap\u00f3s protagonizar clim\u00e3o na Globo - Brasil not\u00edcias","isPartOf":{"@id":"https:\/\/brasilnoticias.org\/site\/#website"},"primaryImageOfPage":{"@id":"https:\/\/brasilnoticias.org\/site\/manoel-soares-e-demitido-apos-protagonizar-climao-na-globo\/#primaryimage"},"image":{"@id":"https:\/\/brasilnoticias.org\/site\/manoel-soares-e-demitido-apos-protagonizar-climao-na-globo\/#primaryimage"},"thumbnailUrl":"https:\/\/brasilnoticias.org\/site\/wp-content\/uploads\/2023\/06\/AA1bmYnE-e1688156268181.jpg","datePublished":"2023-06-30T21:00:08+00:00","breadcrumb":{"@id":"https:\/\/brasilnoticias.org\/site\/manoel-soares-e-demitido-apos-protagonizar-climao-na-globo\/#breadcrumb"},"inLanguage":"pt-PT","potentialAction":[{"@type":"ReadAction","target":["https:\/\/brasilnoticias.org\/site\/manoel-soares-e-demitido-apos-protagonizar-climao-na-globo\/"]}]},{"@type":"ImageObject","inLanguage":"pt-PT","@id":"https:\/\/brasilnoticias.org\/site\/manoel-soares-e-demitido-apos-protagonizar-climao-na-globo\/#primaryimage","url":"https:\/\/brasilnoticias.org\/site\/wp-content\/uploads\/2023\/06\/AA1bmYnE-e1688156268181.jpg","contentUrl":"https:\/\/brasilnoticias.org\/site\/wp-content\/uploads\/2023\/06\/AA1bmYnE-e1688156268181.jpg","width":610,"height":497},{"@type":"BreadcrumbList","@id":"https:\/\/brasilnoticias.org\/site\/manoel-soares-e-demitido-apos-protagonizar-climao-na-globo\/#breadcrumb","itemListElement":[{"@type":"ListItem","position":1,"name":"In\u00edcio","item":"https:\/\/brasilnoticias.org\/site\/"},{"@type":"ListItem","position":2,"name":"Manoel Soares \u00e9 demitido ap\u00f3s protagonizar clim\u00e3o na Globo"}]},{"@type":"WebSite","@id":"https:\/\/brasilnoticias.org\/site\/#website","url":"https:\/\/brasilnoticias.org\/site\/","name":"Brasil not\u00edcias","description":"Brasil not\u00edcias","publisher":{"@id":"https:\/\/brasilnoticias.org\/site\/#organization"},"potentialAction":[{"@type":"SearchAction","target":{"@type":"EntryPoint","urlTemplate":"https:\/\/brasilnoticias.org\/site\/?s={search_term_string}"},"query-input":{"@type":"PropertyValueSpecification","valueRequired":true,"valueName":"search_term_string"}}],"inLanguage":"pt-PT"},{"@type":"Organization","@id":"https:\/\/brasilnoticias.org\/site\/#organization","name":"Brasil not\u00edcias","url":"https:\/\/brasilnoticias.org\/site\/","logo":{"@type":"ImageObject","inLanguage":"pt-PT","@id":"https:\/\/brasilnoticias.org\/site\/#\/schema\/logo\/image\/","url":"https:\/\/brasilnoticias.org\/site\/wp-content\/uploads\/2022\/05\/cropped-brasilnoticias-mini.jpg","contentUrl":"https:\/\/brasilnoticias.org\/site\/wp-content\/uploads\/2022\/05\/cropped-brasilnoticias-mini.jpg","width":314,"height":86,"caption":"Brasil not\u00edcias"},"image":{"@id":"https:\/\/brasilnoticias.org\/site\/#\/schema\/logo\/image\/"}},{"@type":"Person","@id":"https:\/\/brasilnoticias.org\/site\/#\/schema\/person\/a0e05b973ec4d15c658d51911e53507b","name":"Reda\u00e7\u00e3o","image":{"@type":"ImageObject","inLanguage":"pt-PT","@id":"https:\/\/brasilnoticias.org\/site\/#\/schema\/person\/image\/","url":"https:\/\/secure.gravatar.com\/avatar\/75d8b050df2de108b08ae78dfb8e374892df24a383c67db9c46a9c604f6aee9c?s=96&d=mm&r=g","contentUrl":"https:\/\/secure.gravatar.com\/avatar\/75d8b050df2de108b08ae78dfb8e374892df24a383c67db9c46a9c604f6aee9c?s=96&d=mm&r=g","caption":"Reda\u00e7\u00e3o"},"sameAs":["https:\/\/brasilnoticias.org\/site"],"url":"https:\/\/brasilnoticias.org\/site\/author\/fernandozsngmail-com\/"}]}},"_links":{"self":[{"href":"https:\/\/brasilnoticias.org\/site\/wp-json\/wp\/v2\/posts\/7019","targetHints":{"allow":["GET"]}}],"collection":[{"href":"https:\/\/brasilnoticias.org\/site\/wp-json\/wp\/v2\/posts"}],"about":[{"href":"https:\/\/brasilnoticias.org\/site\/wp-json\/wp\/v2\/types\/post"}],"author":[{"embeddable":true,"href":"https:\/\/brasilnoticias.org\/site\/wp-json\/wp\/v2\/users\/1"}],"replies":[{"embeddable":true,"href":"https:\/\/brasilnoticias.org\/site\/wp-json\/wp\/v2\/comments?post=7019"}],"version-history":[{"count":1,"href":"https:\/\/brasilnoticias.org\/site\/wp-json\/wp\/v2\/posts\/7019\/revisions"}],"predecessor-version":[{"id":7021,"href":"https:\/\/brasilnoticias.org\/site\/wp-json\/wp\/v2\/posts\/7019\/revisions\/7021"}],"wp:featuredmedia":[{"embeddable":true,"href":"https:\/\/brasilnoticias.org\/site\/wp-json\/wp\/v2\/media\/7020"}],"wp:attachment":[{"href":"https:\/\/brasilnoticias.org\/site\/wp-json\/wp\/v2\/media?parent=7019"}],"wp:term":[{"taxonomy":"category","embeddable":true,"href":"https:\/\/brasilnoticias.org\/site\/wp-json\/wp\/v2\/categories?post=7019"},{"taxonomy":"post_tag","embeddable":true,"href":"https:\/\/brasilnoticias.org\/site\/wp-json\/wp\/v2\/tags?post=7019"}],"curies":[{"name":"wp","href":"https:\/\/api.w.org\/{rel}","templated":true}]}}