{"id":7022,"date":"2023-06-30T18:10:48","date_gmt":"2023-06-30T21:10:48","guid":{"rendered":"https:\/\/brasilnoticias.org\/site\/?p=7022"},"modified":"2023-06-30T17:23:08","modified_gmt":"2023-06-30T20:23:08","slug":"suspeito-de-estuprar-filha-de-1-ano-em-salvador-tem-prisao-em-flagrante-convertida-em-preventiva","status":"publish","type":"post","link":"https:\/\/brasilnoticias.org\/site\/suspeito-de-estuprar-filha-de-1-ano-em-salvador-tem-prisao-em-flagrante-convertida-em-preventiva\/","title":{"rendered":"Suspeito de estuprar filha de 1 ano em Salvador tem pris\u00e3o em flagrante convertida em preventiva"},"content":{"rendered":"<p>O homem preso em flagrante suspeito de estuprar a filha de um ano, na noite de quarta-feira (28), no bairro de S\u00e3o Marcos, em Salvador, teve a pris\u00e3o convertida em preventiva nesta sexta (30).<\/p>\n<p>Segundo a Pol\u00edcia Civil, o suspeito estava com a filha quando ligou para a companheira e disse que a menina caiu e bateu o rosto no ch\u00e3o. A av\u00f3 e a tia materna da crian\u00e7a foram at\u00e9 a casa da fam\u00edlia, na localidade conhecida como &#8220;Coroado&#8221;, ver o que tinha acontecido e perceberam um sangramento nos \u00f3rg\u00e3os \u00edntimos dela.<\/p>\n<p>Equipes da 47\u00aa Companhia Independente da Pol\u00edcia Militar (CIPM) faziam rondas por volta das 22h, quando foram acionadas pela av\u00f3 do beb\u00ea. A mulher informou que a neta teria sido supostamente estuprada pelo pai.<\/p>\n<p>Os policiais realizaram buscas, o suspeito foi encontrado na casa em que mora e, posteriormente, levado \u00e0 Delegacia Especializada de Repress\u00e3o aos Crimes Contra a Crian\u00e7a e o Adolescente (Dercca).<\/p>\n<p>A Pol\u00edcia Civil informou que a menina foi levada para um hospital, mas n\u00e3o deu destalhes sobre o estado de sa\u00fade dela. J\u00e1 o homem foi autuado em flagrante por estupro de vulner\u00e1vel.<\/p>\n<p>Foto: Haeckel DiasAscom-PC.<br \/>\nBNews<\/p>\n","protected":false},"excerpt":{"rendered":"<p>O homem preso em flagrante suspeito de estuprar a filha de um ano, na noite de quarta-feira (28), no bairro<\/p>\n","protected":false},"author":1,"featured_media":7023,"comment_status":"open","ping_status":"open","sticky":false,"template":"","format":"standard","meta":{"colormag_page_container_layout":"default_layout","colormag_page_sidebar_layout":"default_layout","_FSMCFIC_featured_image_caption":"","_FSMCFIC_featured_image_nocaption":"","_FSMCFIC_featured_image_hide":"","footnotes":""},"categories":[3,1],"tags":[],"class_list":["post-7022","post","type-post","status-publish","format-standard","has-post-thumbnail","hentry","category-policia","category-ultimas"],"yoast_head":"<!-- This site is optimized with the Yoast SEO plugin v27.1.1 - https:\/\/yoast.com\/product\/yoast-seo-wordpress\/ -->\n<title>Suspeito de estuprar filha de 1 ano em Salvador tem pris\u00e3o em flagrante convertida em preventiva - Brasil not\u00edcias<\/title>\n<meta name=\"robots\" content=\"index, follow, max-snippet:-1, max-image-preview:large, max-video-preview:-1\" \/>\n<link rel=\"canonical\" href=\"https:\/\/brasilnoticias.org\/site\/suspeito-de-estuprar-filha-de-1-ano-em-salvador-tem-prisao-em-flagrante-convertida-em-preventiva\/\" \/>\n<meta property=\"og:locale\" content=\"pt_PT\" \/>\n<meta property=\"og:type\" content=\"article\" \/>\n<meta property=\"og:title\" content=\"Suspeito de estuprar filha de 1 ano em Salvador tem pris\u00e3o em flagrante convertida em preventiva - Brasil not\u00edcias\" \/>\n<meta property=\"og:description\" content=\"O homem preso em flagrante suspeito de estuprar a filha de um ano, na noite de quarta-feira (28), no bairro\" \/>\n<meta property=\"og:url\" content=\"https:\/\/brasilnoticias.org\/site\/suspeito-de-estuprar-filha-de-1-ano-em-salvador-tem-prisao-em-flagrante-convertida-em-preventiva\/\" \/>\n<meta property=\"og:site_name\" content=\"Brasil not\u00edcias\" \/>\n<meta property=\"article:published_time\" content=\"2023-06-30T21:10:48+00:00\" \/>\n<meta property=\"og:image\" content=\"https:\/\/brasilnoticias.org\/site\/wp-content\/uploads\/2023\/06\/whatsapp-image-2023-01-06-at-18.45.01.webp\" \/>\n\t<meta property=\"og:image:width\" content=\"600\" \/>\n\t<meta property=\"og:image:height\" content=\"450\" \/>\n\t<meta property=\"og:image:type\" content=\"image\/webp\" \/>\n<meta name=\"author\" content=\"Reda\u00e7\u00e3o\" \/>\n<meta name=\"twitter:card\" content=\"summary_large_image\" \/>\n<meta name=\"twitter:label1\" content=\"Escrito por\" \/>\n\t<meta name=\"twitter:data1\" content=\"Reda\u00e7\u00e3o\" \/>\n<script type=\"application\/ld+json\" class=\"yoast-schema-graph\">{\"@context\":\"https:\/\/schema.org\",\"@graph\":[{\"@type\":\"Article\",\"@id\":\"https:\/\/brasilnoticias.org\/site\/suspeito-de-estuprar-filha-de-1-ano-em-salvador-tem-prisao-em-flagrante-convertida-em-preventiva\/#article\",\"isPartOf\":{\"@id\":\"https:\/\/brasilnoticias.org\/site\/suspeito-de-estuprar-filha-de-1-ano-em-salvador-tem-prisao-em-flagrante-convertida-em-preventiva\/\"},\"author\":{\"name\":\"Reda\u00e7\u00e3o\",\"@id\":\"https:\/\/brasilnoticias.org\/site\/#\/schema\/person\/a0e05b973ec4d15c658d51911e53507b\"},\"headline\":\"Suspeito de estuprar filha de 1 ano em Salvador tem pris\u00e3o em flagrante convertida em preventiva\",\"datePublished\":\"2023-06-30T21:10:48+00:00\",\"mainEntityOfPage\":{\"@id\":\"https:\/\/brasilnoticias.org\/site\/suspeito-de-estuprar-filha-de-1-ano-em-salvador-tem-prisao-em-flagrante-convertida-em-preventiva\/\"},\"wordCount\":220,\"commentCount\":0,\"publisher\":{\"@id\":\"https:\/\/brasilnoticias.org\/site\/#organization\"},\"image\":{\"@id\":\"https:\/\/brasilnoticias.org\/site\/suspeito-de-estuprar-filha-de-1-ano-em-salvador-tem-prisao-em-flagrante-convertida-em-preventiva\/#primaryimage\"},\"thumbnailUrl\":\"https:\/\/brasilnoticias.org\/site\/wp-content\/uploads\/2023\/06\/whatsapp-image-2023-01-06-at-18.45.01.webp\",\"articleSection\":[\"Pol\u00edcia\",\"\u00daltimas\"],\"inLanguage\":\"pt-PT\",\"potentialAction\":[{\"@type\":\"CommentAction\",\"name\":\"Comment\",\"target\":[\"https:\/\/brasilnoticias.org\/site\/suspeito-de-estuprar-filha-de-1-ano-em-salvador-tem-prisao-em-flagrante-convertida-em-preventiva\/#respond\"]}]},{\"@type\":\"WebPage\",\"@id\":\"https:\/\/brasilnoticias.org\/site\/suspeito-de-estuprar-filha-de-1-ano-em-salvador-tem-prisao-em-flagrante-convertida-em-preventiva\/\",\"url\":\"https:\/\/brasilnoticias.org\/site\/suspeito-de-estuprar-filha-de-1-ano-em-salvador-tem-prisao-em-flagrante-convertida-em-preventiva\/\",\"name\":\"Suspeito de estuprar filha de 1 ano em Salvador tem pris\u00e3o em flagrante convertida em preventiva - Brasil not\u00edcias\",\"isPartOf\":{\"@id\":\"https:\/\/brasilnoticias.org\/site\/#website\"},\"primaryImageOfPage\":{\"@id\":\"https:\/\/brasilnoticias.org\/site\/suspeito-de-estuprar-filha-de-1-ano-em-salvador-tem-prisao-em-flagrante-convertida-em-preventiva\/#primaryimage\"},\"image\":{\"@id\":\"https:\/\/brasilnoticias.org\/site\/suspeito-de-estuprar-filha-de-1-ano-em-salvador-tem-prisao-em-flagrante-convertida-em-preventiva\/#primaryimage\"},\"thumbnailUrl\":\"https:\/\/brasilnoticias.org\/site\/wp-content\/uploads\/2023\/06\/whatsapp-image-2023-01-06-at-18.45.01.webp\",\"datePublished\":\"2023-06-30T21:10:48+00:00\",\"breadcrumb\":{\"@id\":\"https:\/\/brasilnoticias.org\/site\/suspeito-de-estuprar-filha-de-1-ano-em-salvador-tem-prisao-em-flagrante-convertida-em-preventiva\/#breadcrumb\"},\"inLanguage\":\"pt-PT\",\"potentialAction\":[{\"@type\":\"ReadAction\",\"target\":[\"https:\/\/brasilnoticias.org\/site\/suspeito-de-estuprar-filha-de-1-ano-em-salvador-tem-prisao-em-flagrante-convertida-em-preventiva\/\"]}]},{\"@type\":\"ImageObject\",\"inLanguage\":\"pt-PT\",\"@id\":\"https:\/\/brasilnoticias.org\/site\/suspeito-de-estuprar-filha-de-1-ano-em-salvador-tem-prisao-em-flagrante-convertida-em-preventiva\/#primaryimage\",\"url\":\"https:\/\/brasilnoticias.org\/site\/wp-content\/uploads\/2023\/06\/whatsapp-image-2023-01-06-at-18.45.01.webp\",\"contentUrl\":\"https:\/\/brasilnoticias.org\/site\/wp-content\/uploads\/2023\/06\/whatsapp-image-2023-01-06-at-18.45.01.webp\",\"width\":600,\"height\":450},{\"@type\":\"BreadcrumbList\",\"@id\":\"https:\/\/brasilnoticias.org\/site\/suspeito-de-estuprar-filha-de-1-ano-em-salvador-tem-prisao-em-flagrante-convertida-em-preventiva\/#breadcrumb\",\"itemListElement\":[{\"@type\":\"ListItem\",\"position\":1,\"name\":\"In\u00edcio\",\"item\":\"https:\/\/brasilnoticias.org\/site\/\"},{\"@type\":\"ListItem\",\"position\":2,\"name\":\"Suspeito de estuprar filha de 1 ano em Salvador tem pris\u00e3o em flagrante convertida em preventiva\"}]},{\"@type\":\"WebSite\",\"@id\":\"https:\/\/brasilnoticias.org\/site\/#website\",\"url\":\"https:\/\/brasilnoticias.org\/site\/\",\"name\":\"Brasil not\u00edcias\",\"description\":\"Brasil not\u00edcias\",\"publisher\":{\"@id\":\"https:\/\/brasilnoticias.org\/site\/#organization\"},\"potentialAction\":[{\"@type\":\"SearchAction\",\"target\":{\"@type\":\"EntryPoint\",\"urlTemplate\":\"https:\/\/brasilnoticias.org\/site\/?s={search_term_string}\"},\"query-input\":{\"@type\":\"PropertyValueSpecification\",\"valueRequired\":true,\"valueName\":\"search_term_string\"}}],\"inLanguage\":\"pt-PT\"},{\"@type\":\"Organization\",\"@id\":\"https:\/\/brasilnoticias.org\/site\/#organization\",\"name\":\"Brasil not\u00edcias\",\"url\":\"https:\/\/brasilnoticias.org\/site\/\",\"logo\":{\"@type\":\"ImageObject\",\"inLanguage\":\"pt-PT\",\"@id\":\"https:\/\/brasilnoticias.org\/site\/#\/schema\/logo\/image\/\",\"url\":\"https:\/\/brasilnoticias.org\/site\/wp-content\/uploads\/2022\/05\/cropped-brasilnoticias-mini.jpg\",\"contentUrl\":\"https:\/\/brasilnoticias.org\/site\/wp-content\/uploads\/2022\/05\/cropped-brasilnoticias-mini.jpg\",\"width\":314,\"height\":86,\"caption\":\"Brasil not\u00edcias\"},\"image\":{\"@id\":\"https:\/\/brasilnoticias.org\/site\/#\/schema\/logo\/image\/\"}},{\"@type\":\"Person\",\"@id\":\"https:\/\/brasilnoticias.org\/site\/#\/schema\/person\/a0e05b973ec4d15c658d51911e53507b\",\"name\":\"Reda\u00e7\u00e3o\",\"image\":{\"@type\":\"ImageObject\",\"inLanguage\":\"pt-PT\",\"@id\":\"https:\/\/brasilnoticias.org\/site\/#\/schema\/person\/image\/\",\"url\":\"https:\/\/secure.gravatar.com\/avatar\/75d8b050df2de108b08ae78dfb8e374892df24a383c67db9c46a9c604f6aee9c?s=96&d=mm&r=g\",\"contentUrl\":\"https:\/\/secure.gravatar.com\/avatar\/75d8b050df2de108b08ae78dfb8e374892df24a383c67db9c46a9c604f6aee9c?s=96&d=mm&r=g\",\"caption\":\"Reda\u00e7\u00e3o\"},\"sameAs\":[\"https:\/\/brasilnoticias.org\/site\"],\"url\":\"https:\/\/brasilnoticias.org\/site\/author\/fernandozsngmail-com\/\"}]}<\/script>\n<!-- \/ Yoast SEO plugin. -->","yoast_head_json":{"title":"Suspeito de estuprar filha de 1 ano em Salvador tem pris\u00e3o em flagrante convertida em preventiva - Brasil not\u00edcias","robots":{"index":"index","follow":"follow","max-snippet":"max-snippet:-1","max-image-preview":"max-image-preview:large","max-video-preview":"max-video-preview:-1"},"canonical":"https:\/\/brasilnoticias.org\/site\/suspeito-de-estuprar-filha-de-1-ano-em-salvador-tem-prisao-em-flagrante-convertida-em-preventiva\/","og_locale":"pt_PT","og_type":"article","og_title":"Suspeito de estuprar filha de 1 ano em Salvador tem pris\u00e3o em flagrante convertida em preventiva - Brasil not\u00edcias","og_description":"O homem preso em flagrante suspeito de estuprar a filha de um ano, na noite de quarta-feira (28), no bairro","og_url":"https:\/\/brasilnoticias.org\/site\/suspeito-de-estuprar-filha-de-1-ano-em-salvador-tem-prisao-em-flagrante-convertida-em-preventiva\/","og_site_name":"Brasil not\u00edcias","article_published_time":"2023-06-30T21:10:48+00:00","og_image":[{"width":600,"height":450,"url":"https:\/\/brasilnoticias.org\/site\/wp-content\/uploads\/2023\/06\/whatsapp-image-2023-01-06-at-18.45.01.webp","type":"image\/webp"}],"author":"Reda\u00e7\u00e3o","twitter_card":"summary_large_image","twitter_misc":{"Escrito por":"Reda\u00e7\u00e3o"},"schema":{"@context":"https:\/\/schema.org","@graph":[{"@type":"Article","@id":"https:\/\/brasilnoticias.org\/site\/suspeito-de-estuprar-filha-de-1-ano-em-salvador-tem-prisao-em-flagrante-convertida-em-preventiva\/#article","isPartOf":{"@id":"https:\/\/brasilnoticias.org\/site\/suspeito-de-estuprar-filha-de-1-ano-em-salvador-tem-prisao-em-flagrante-convertida-em-preventiva\/"},"author":{"name":"Reda\u00e7\u00e3o","@id":"https:\/\/brasilnoticias.org\/site\/#\/schema\/person\/a0e05b973ec4d15c658d51911e53507b"},"headline":"Suspeito de estuprar filha de 1 ano em Salvador tem pris\u00e3o em flagrante convertida em preventiva","datePublished":"2023-06-30T21:10:48+00:00","mainEntityOfPage":{"@id":"https:\/\/brasilnoticias.org\/site\/suspeito-de-estuprar-filha-de-1-ano-em-salvador-tem-prisao-em-flagrante-convertida-em-preventiva\/"},"wordCount":220,"commentCount":0,"publisher":{"@id":"https:\/\/brasilnoticias.org\/site\/#organization"},"image":{"@id":"https:\/\/brasilnoticias.org\/site\/suspeito-de-estuprar-filha-de-1-ano-em-salvador-tem-prisao-em-flagrante-convertida-em-preventiva\/#primaryimage"},"thumbnailUrl":"https:\/\/brasilnoticias.org\/site\/wp-content\/uploads\/2023\/06\/whatsapp-image-2023-01-06-at-18.45.01.webp","articleSection":["Pol\u00edcia","\u00daltimas"],"inLanguage":"pt-PT","potentialAction":[{"@type":"CommentAction","name":"Comment","target":["https:\/\/brasilnoticias.org\/site\/suspeito-de-estuprar-filha-de-1-ano-em-salvador-tem-prisao-em-flagrante-convertida-em-preventiva\/#respond"]}]},{"@type":"WebPage","@id":"https:\/\/brasilnoticias.org\/site\/suspeito-de-estuprar-filha-de-1-ano-em-salvador-tem-prisao-em-flagrante-convertida-em-preventiva\/","url":"https:\/\/brasilnoticias.org\/site\/suspeito-de-estuprar-filha-de-1-ano-em-salvador-tem-prisao-em-flagrante-convertida-em-preventiva\/","name":"Suspeito de estuprar filha de 1 ano em Salvador tem pris\u00e3o em flagrante convertida em preventiva - Brasil not\u00edcias","isPartOf":{"@id":"https:\/\/brasilnoticias.org\/site\/#website"},"primaryImageOfPage":{"@id":"https:\/\/brasilnoticias.org\/site\/suspeito-de-estuprar-filha-de-1-ano-em-salvador-tem-prisao-em-flagrante-convertida-em-preventiva\/#primaryimage"},"image":{"@id":"https:\/\/brasilnoticias.org\/site\/suspeito-de-estuprar-filha-de-1-ano-em-salvador-tem-prisao-em-flagrante-convertida-em-preventiva\/#primaryimage"},"thumbnailUrl":"https:\/\/brasilnoticias.org\/site\/wp-content\/uploads\/2023\/06\/whatsapp-image-2023-01-06-at-18.45.01.webp","datePublished":"2023-06-30T21:10:48+00:00","breadcrumb":{"@id":"https:\/\/brasilnoticias.org\/site\/suspeito-de-estuprar-filha-de-1-ano-em-salvador-tem-prisao-em-flagrante-convertida-em-preventiva\/#breadcrumb"},"inLanguage":"pt-PT","potentialAction":[{"@type":"ReadAction","target":["https:\/\/brasilnoticias.org\/site\/suspeito-de-estuprar-filha-de-1-ano-em-salvador-tem-prisao-em-flagrante-convertida-em-preventiva\/"]}]},{"@type":"ImageObject","inLanguage":"pt-PT","@id":"https:\/\/brasilnoticias.org\/site\/suspeito-de-estuprar-filha-de-1-ano-em-salvador-tem-prisao-em-flagrante-convertida-em-preventiva\/#primaryimage","url":"https:\/\/brasilnoticias.org\/site\/wp-content\/uploads\/2023\/06\/whatsapp-image-2023-01-06-at-18.45.01.webp","contentUrl":"https:\/\/brasilnoticias.org\/site\/wp-content\/uploads\/2023\/06\/whatsapp-image-2023-01-06-at-18.45.01.webp","width":600,"height":450},{"@type":"BreadcrumbList","@id":"https:\/\/brasilnoticias.org\/site\/suspeito-de-estuprar-filha-de-1-ano-em-salvador-tem-prisao-em-flagrante-convertida-em-preventiva\/#breadcrumb","itemListElement":[{"@type":"ListItem","position":1,"name":"In\u00edcio","item":"https:\/\/brasilnoticias.org\/site\/"},{"@type":"ListItem","position":2,"name":"Suspeito de estuprar filha de 1 ano em Salvador tem pris\u00e3o em flagrante convertida em preventiva"}]},{"@type":"WebSite","@id":"https:\/\/brasilnoticias.org\/site\/#website","url":"https:\/\/brasilnoticias.org\/site\/","name":"Brasil not\u00edcias","description":"Brasil not\u00edcias","publisher":{"@id":"https:\/\/brasilnoticias.org\/site\/#organization"},"potentialAction":[{"@type":"SearchAction","target":{"@type":"EntryPoint","urlTemplate":"https:\/\/brasilnoticias.org\/site\/?s={search_term_string}"},"query-input":{"@type":"PropertyValueSpecification","valueRequired":true,"valueName":"search_term_string"}}],"inLanguage":"pt-PT"},{"@type":"Organization","@id":"https:\/\/brasilnoticias.org\/site\/#organization","name":"Brasil not\u00edcias","url":"https:\/\/brasilnoticias.org\/site\/","logo":{"@type":"ImageObject","inLanguage":"pt-PT","@id":"https:\/\/brasilnoticias.org\/site\/#\/schema\/logo\/image\/","url":"https:\/\/brasilnoticias.org\/site\/wp-content\/uploads\/2022\/05\/cropped-brasilnoticias-mini.jpg","contentUrl":"https:\/\/brasilnoticias.org\/site\/wp-content\/uploads\/2022\/05\/cropped-brasilnoticias-mini.jpg","width":314,"height":86,"caption":"Brasil not\u00edcias"},"image":{"@id":"https:\/\/brasilnoticias.org\/site\/#\/schema\/logo\/image\/"}},{"@type":"Person","@id":"https:\/\/brasilnoticias.org\/site\/#\/schema\/person\/a0e05b973ec4d15c658d51911e53507b","name":"Reda\u00e7\u00e3o","image":{"@type":"ImageObject","inLanguage":"pt-PT","@id":"https:\/\/brasilnoticias.org\/site\/#\/schema\/person\/image\/","url":"https:\/\/secure.gravatar.com\/avatar\/75d8b050df2de108b08ae78dfb8e374892df24a383c67db9c46a9c604f6aee9c?s=96&d=mm&r=g","contentUrl":"https:\/\/secure.gravatar.com\/avatar\/75d8b050df2de108b08ae78dfb8e374892df24a383c67db9c46a9c604f6aee9c?s=96&d=mm&r=g","caption":"Reda\u00e7\u00e3o"},"sameAs":["https:\/\/brasilnoticias.org\/site"],"url":"https:\/\/brasilnoticias.org\/site\/author\/fernandozsngmail-com\/"}]}},"_links":{"self":[{"href":"https:\/\/brasilnoticias.org\/site\/wp-json\/wp\/v2\/posts\/7022","targetHints":{"allow":["GET"]}}],"collection":[{"href":"https:\/\/brasilnoticias.org\/site\/wp-json\/wp\/v2\/posts"}],"about":[{"href":"https:\/\/brasilnoticias.org\/site\/wp-json\/wp\/v2\/types\/post"}],"author":[{"embeddable":true,"href":"https:\/\/brasilnoticias.org\/site\/wp-json\/wp\/v2\/users\/1"}],"replies":[{"embeddable":true,"href":"https:\/\/brasilnoticias.org\/site\/wp-json\/wp\/v2\/comments?post=7022"}],"version-history":[{"count":1,"href":"https:\/\/brasilnoticias.org\/site\/wp-json\/wp\/v2\/posts\/7022\/revisions"}],"predecessor-version":[{"id":7024,"href":"https:\/\/brasilnoticias.org\/site\/wp-json\/wp\/v2\/posts\/7022\/revisions\/7024"}],"wp:featuredmedia":[{"embeddable":true,"href":"https:\/\/brasilnoticias.org\/site\/wp-json\/wp\/v2\/media\/7023"}],"wp:attachment":[{"href":"https:\/\/brasilnoticias.org\/site\/wp-json\/wp\/v2\/media?parent=7022"}],"wp:term":[{"taxonomy":"category","embeddable":true,"href":"https:\/\/brasilnoticias.org\/site\/wp-json\/wp\/v2\/categories?post=7022"},{"taxonomy":"post_tag","embeddable":true,"href":"https:\/\/brasilnoticias.org\/site\/wp-json\/wp\/v2\/tags?post=7022"}],"curies":[{"name":"wp","href":"https:\/\/api.w.org\/{rel}","templated":true}]}}