{"id":7027,"date":"2023-06-30T18:30:52","date_gmt":"2023-06-30T21:30:52","guid":{"rendered":"https:\/\/brasilnoticias.org\/site\/?p=7027"},"modified":"2023-06-30T17:29:23","modified_gmt":"2023-06-30T20:29:23","slug":"suspeito-de-homicidio-e-preso-em-camacari-na-bahia-crime-ocorreu-no-final-de-maio","status":"publish","type":"post","link":"https:\/\/brasilnoticias.org\/site\/suspeito-de-homicidio-e-preso-em-camacari-na-bahia-crime-ocorreu-no-final-de-maio\/","title":{"rendered":"Suspeito de homic\u00eddio \u00e9 preso em Cama\u00e7ari, na Bahia; crime ocorreu no final de maio"},"content":{"rendered":"<p>Um homem foi preso em Cama\u00e7ari, na Regi\u00e3o Metropolitana de Salvador, acusado da morte de Maur\u00edcio Santana Lopes, ocorrida no dia 28 de maio, na Pra\u00e7a da Simpatia, no Centro da Cidade. A v\u00edtima recebeu disparos de arma de fogo. A pris\u00e3o ocorreu na quarta-feira (28), um m\u00eas ap\u00f3s o crime.<\/p>\n<p>Policiais da Delegacia de Homic\u00eddios (DH\/Cama\u00e7ari) cumpriram o mandado de pris\u00e3o do acusado. De acordo com o delegado Ant\u00f4nio Carlos Sena, o tr\u00e1fico de drogas pode ser o motivo do homic\u00eddio.<\/p>\n<p>\u201cEstamos apurando, mas a principal linha de investiga\u00e7\u00e3o aponta para a disputa entre traficantes\u201d, informou.<\/p>\n<p>Um adolescente que estava acompanhado do acusado no momento da execu\u00e7\u00e3o da v\u00edtima foi apreendido e j\u00e1 cumpre medida s\u00f3cio-educativa.<\/p>\n<p>De acordo com a Pol\u00edcia Civil, as investiga\u00e7\u00f5es continuam para identificar e prender outros poss\u00edveis envolvidos no crime. A pol\u00edcia pede ainda que qualquer informa\u00e7\u00e3o sobre a investiga\u00e7\u00e3o seja comunicada atrav\u00e9s do Disque Den\u00fancia da SSP-BA, no 181.<\/p>\n<p>Foto: Divulga\u00e7\u00e3o\/PC<br \/>\nG1 Bahia<\/p>\n","protected":false},"excerpt":{"rendered":"<p>Um homem foi preso em Cama\u00e7ari, na Regi\u00e3o Metropolitana de Salvador, acusado da morte de Maur\u00edcio Santana Lopes, ocorrida no<\/p>\n","protected":false},"author":1,"featured_media":7028,"comment_status":"open","ping_status":"open","sticky":false,"template":"","format":"standard","meta":{"colormag_page_container_layout":"default_layout","colormag_page_sidebar_layout":"default_layout","_FSMCFIC_featured_image_caption":"","_FSMCFIC_featured_image_nocaption":"","_FSMCFIC_featured_image_hide":"","footnotes":""},"categories":[3,1],"tags":[],"class_list":["post-7027","post","type-post","status-publish","format-standard","has-post-thumbnail","hentry","category-policia","category-ultimas"],"yoast_head":"<!-- This site is optimized with the Yoast SEO plugin v27.1.1 - https:\/\/yoast.com\/product\/yoast-seo-wordpress\/ -->\n<title>Suspeito de homic\u00eddio \u00e9 preso em Cama\u00e7ari, na Bahia; crime ocorreu no final de maio - Brasil not\u00edcias<\/title>\n<meta name=\"robots\" content=\"index, follow, max-snippet:-1, max-image-preview:large, max-video-preview:-1\" \/>\n<link rel=\"canonical\" href=\"https:\/\/brasilnoticias.org\/site\/suspeito-de-homicidio-e-preso-em-camacari-na-bahia-crime-ocorreu-no-final-de-maio\/\" \/>\n<meta property=\"og:locale\" content=\"pt_PT\" \/>\n<meta property=\"og:type\" content=\"article\" \/>\n<meta property=\"og:title\" content=\"Suspeito de homic\u00eddio \u00e9 preso em Cama\u00e7ari, na Bahia; crime ocorreu no final de maio - Brasil not\u00edcias\" \/>\n<meta property=\"og:description\" content=\"Um homem foi preso em Cama\u00e7ari, na Regi\u00e3o Metropolitana de Salvador, acusado da morte de Maur\u00edcio Santana Lopes, ocorrida no\" \/>\n<meta property=\"og:url\" content=\"https:\/\/brasilnoticias.org\/site\/suspeito-de-homicidio-e-preso-em-camacari-na-bahia-crime-ocorreu-no-final-de-maio\/\" \/>\n<meta property=\"og:site_name\" content=\"Brasil not\u00edcias\" \/>\n<meta property=\"article:published_time\" content=\"2023-06-30T21:30:52+00:00\" \/>\n<meta property=\"og:image\" content=\"https:\/\/brasilnoticias.org\/site\/wp-content\/uploads\/2023\/06\/whatsapp-image-2023-05-31-at-16.09.13.webp\" \/>\n\t<meta property=\"og:image:width\" content=\"600\" \/>\n\t<meta property=\"og:image:height\" content=\"400\" \/>\n\t<meta property=\"og:image:type\" content=\"image\/webp\" \/>\n<meta name=\"author\" content=\"Reda\u00e7\u00e3o\" \/>\n<meta name=\"twitter:card\" content=\"summary_large_image\" \/>\n<meta name=\"twitter:label1\" content=\"Escrito por\" \/>\n\t<meta name=\"twitter:data1\" content=\"Reda\u00e7\u00e3o\" \/>\n<script type=\"application\/ld+json\" class=\"yoast-schema-graph\">{\"@context\":\"https:\/\/schema.org\",\"@graph\":[{\"@type\":\"Article\",\"@id\":\"https:\/\/brasilnoticias.org\/site\/suspeito-de-homicidio-e-preso-em-camacari-na-bahia-crime-ocorreu-no-final-de-maio\/#article\",\"isPartOf\":{\"@id\":\"https:\/\/brasilnoticias.org\/site\/suspeito-de-homicidio-e-preso-em-camacari-na-bahia-crime-ocorreu-no-final-de-maio\/\"},\"author\":{\"name\":\"Reda\u00e7\u00e3o\",\"@id\":\"https:\/\/brasilnoticias.org\/site\/#\/schema\/person\/a0e05b973ec4d15c658d51911e53507b\"},\"headline\":\"Suspeito de homic\u00eddio \u00e9 preso em Cama\u00e7ari, na Bahia; crime ocorreu no final de maio\",\"datePublished\":\"2023-06-30T21:30:52+00:00\",\"mainEntityOfPage\":{\"@id\":\"https:\/\/brasilnoticias.org\/site\/suspeito-de-homicidio-e-preso-em-camacari-na-bahia-crime-ocorreu-no-final-de-maio\/\"},\"wordCount\":201,\"commentCount\":0,\"publisher\":{\"@id\":\"https:\/\/brasilnoticias.org\/site\/#organization\"},\"image\":{\"@id\":\"https:\/\/brasilnoticias.org\/site\/suspeito-de-homicidio-e-preso-em-camacari-na-bahia-crime-ocorreu-no-final-de-maio\/#primaryimage\"},\"thumbnailUrl\":\"https:\/\/brasilnoticias.org\/site\/wp-content\/uploads\/2023\/06\/whatsapp-image-2023-05-31-at-16.09.13.webp\",\"articleSection\":[\"Pol\u00edcia\",\"\u00daltimas\"],\"inLanguage\":\"pt-PT\",\"potentialAction\":[{\"@type\":\"CommentAction\",\"name\":\"Comment\",\"target\":[\"https:\/\/brasilnoticias.org\/site\/suspeito-de-homicidio-e-preso-em-camacari-na-bahia-crime-ocorreu-no-final-de-maio\/#respond\"]}]},{\"@type\":\"WebPage\",\"@id\":\"https:\/\/brasilnoticias.org\/site\/suspeito-de-homicidio-e-preso-em-camacari-na-bahia-crime-ocorreu-no-final-de-maio\/\",\"url\":\"https:\/\/brasilnoticias.org\/site\/suspeito-de-homicidio-e-preso-em-camacari-na-bahia-crime-ocorreu-no-final-de-maio\/\",\"name\":\"Suspeito de homic\u00eddio \u00e9 preso em Cama\u00e7ari, na Bahia; crime ocorreu no final de maio - Brasil not\u00edcias\",\"isPartOf\":{\"@id\":\"https:\/\/brasilnoticias.org\/site\/#website\"},\"primaryImageOfPage\":{\"@id\":\"https:\/\/brasilnoticias.org\/site\/suspeito-de-homicidio-e-preso-em-camacari-na-bahia-crime-ocorreu-no-final-de-maio\/#primaryimage\"},\"image\":{\"@id\":\"https:\/\/brasilnoticias.org\/site\/suspeito-de-homicidio-e-preso-em-camacari-na-bahia-crime-ocorreu-no-final-de-maio\/#primaryimage\"},\"thumbnailUrl\":\"https:\/\/brasilnoticias.org\/site\/wp-content\/uploads\/2023\/06\/whatsapp-image-2023-05-31-at-16.09.13.webp\",\"datePublished\":\"2023-06-30T21:30:52+00:00\",\"breadcrumb\":{\"@id\":\"https:\/\/brasilnoticias.org\/site\/suspeito-de-homicidio-e-preso-em-camacari-na-bahia-crime-ocorreu-no-final-de-maio\/#breadcrumb\"},\"inLanguage\":\"pt-PT\",\"potentialAction\":[{\"@type\":\"ReadAction\",\"target\":[\"https:\/\/brasilnoticias.org\/site\/suspeito-de-homicidio-e-preso-em-camacari-na-bahia-crime-ocorreu-no-final-de-maio\/\"]}]},{\"@type\":\"ImageObject\",\"inLanguage\":\"pt-PT\",\"@id\":\"https:\/\/brasilnoticias.org\/site\/suspeito-de-homicidio-e-preso-em-camacari-na-bahia-crime-ocorreu-no-final-de-maio\/#primaryimage\",\"url\":\"https:\/\/brasilnoticias.org\/site\/wp-content\/uploads\/2023\/06\/whatsapp-image-2023-05-31-at-16.09.13.webp\",\"contentUrl\":\"https:\/\/brasilnoticias.org\/site\/wp-content\/uploads\/2023\/06\/whatsapp-image-2023-05-31-at-16.09.13.webp\",\"width\":600,\"height\":400},{\"@type\":\"BreadcrumbList\",\"@id\":\"https:\/\/brasilnoticias.org\/site\/suspeito-de-homicidio-e-preso-em-camacari-na-bahia-crime-ocorreu-no-final-de-maio\/#breadcrumb\",\"itemListElement\":[{\"@type\":\"ListItem\",\"position\":1,\"name\":\"In\u00edcio\",\"item\":\"https:\/\/brasilnoticias.org\/site\/\"},{\"@type\":\"ListItem\",\"position\":2,\"name\":\"Suspeito de homic\u00eddio \u00e9 preso em Cama\u00e7ari, na Bahia; crime ocorreu no final de maio\"}]},{\"@type\":\"WebSite\",\"@id\":\"https:\/\/brasilnoticias.org\/site\/#website\",\"url\":\"https:\/\/brasilnoticias.org\/site\/\",\"name\":\"Brasil not\u00edcias\",\"description\":\"Brasil not\u00edcias\",\"publisher\":{\"@id\":\"https:\/\/brasilnoticias.org\/site\/#organization\"},\"potentialAction\":[{\"@type\":\"SearchAction\",\"target\":{\"@type\":\"EntryPoint\",\"urlTemplate\":\"https:\/\/brasilnoticias.org\/site\/?s={search_term_string}\"},\"query-input\":{\"@type\":\"PropertyValueSpecification\",\"valueRequired\":true,\"valueName\":\"search_term_string\"}}],\"inLanguage\":\"pt-PT\"},{\"@type\":\"Organization\",\"@id\":\"https:\/\/brasilnoticias.org\/site\/#organization\",\"name\":\"Brasil not\u00edcias\",\"url\":\"https:\/\/brasilnoticias.org\/site\/\",\"logo\":{\"@type\":\"ImageObject\",\"inLanguage\":\"pt-PT\",\"@id\":\"https:\/\/brasilnoticias.org\/site\/#\/schema\/logo\/image\/\",\"url\":\"https:\/\/brasilnoticias.org\/site\/wp-content\/uploads\/2022\/05\/cropped-brasilnoticias-mini.jpg\",\"contentUrl\":\"https:\/\/brasilnoticias.org\/site\/wp-content\/uploads\/2022\/05\/cropped-brasilnoticias-mini.jpg\",\"width\":314,\"height\":86,\"caption\":\"Brasil not\u00edcias\"},\"image\":{\"@id\":\"https:\/\/brasilnoticias.org\/site\/#\/schema\/logo\/image\/\"}},{\"@type\":\"Person\",\"@id\":\"https:\/\/brasilnoticias.org\/site\/#\/schema\/person\/a0e05b973ec4d15c658d51911e53507b\",\"name\":\"Reda\u00e7\u00e3o\",\"image\":{\"@type\":\"ImageObject\",\"inLanguage\":\"pt-PT\",\"@id\":\"https:\/\/brasilnoticias.org\/site\/#\/schema\/person\/image\/\",\"url\":\"https:\/\/secure.gravatar.com\/avatar\/75d8b050df2de108b08ae78dfb8e374892df24a383c67db9c46a9c604f6aee9c?s=96&d=mm&r=g\",\"contentUrl\":\"https:\/\/secure.gravatar.com\/avatar\/75d8b050df2de108b08ae78dfb8e374892df24a383c67db9c46a9c604f6aee9c?s=96&d=mm&r=g\",\"caption\":\"Reda\u00e7\u00e3o\"},\"sameAs\":[\"https:\/\/brasilnoticias.org\/site\"],\"url\":\"https:\/\/brasilnoticias.org\/site\/author\/fernandozsngmail-com\/\"}]}<\/script>\n<!-- \/ Yoast SEO plugin. -->","yoast_head_json":{"title":"Suspeito de homic\u00eddio \u00e9 preso em Cama\u00e7ari, na Bahia; crime ocorreu no final de maio - Brasil not\u00edcias","robots":{"index":"index","follow":"follow","max-snippet":"max-snippet:-1","max-image-preview":"max-image-preview:large","max-video-preview":"max-video-preview:-1"},"canonical":"https:\/\/brasilnoticias.org\/site\/suspeito-de-homicidio-e-preso-em-camacari-na-bahia-crime-ocorreu-no-final-de-maio\/","og_locale":"pt_PT","og_type":"article","og_title":"Suspeito de homic\u00eddio \u00e9 preso em Cama\u00e7ari, na Bahia; crime ocorreu no final de maio - Brasil not\u00edcias","og_description":"Um homem foi preso em Cama\u00e7ari, na Regi\u00e3o Metropolitana de Salvador, acusado da morte de Maur\u00edcio Santana Lopes, ocorrida no","og_url":"https:\/\/brasilnoticias.org\/site\/suspeito-de-homicidio-e-preso-em-camacari-na-bahia-crime-ocorreu-no-final-de-maio\/","og_site_name":"Brasil not\u00edcias","article_published_time":"2023-06-30T21:30:52+00:00","og_image":[{"width":600,"height":400,"url":"https:\/\/brasilnoticias.org\/site\/wp-content\/uploads\/2023\/06\/whatsapp-image-2023-05-31-at-16.09.13.webp","type":"image\/webp"}],"author":"Reda\u00e7\u00e3o","twitter_card":"summary_large_image","twitter_misc":{"Escrito por":"Reda\u00e7\u00e3o"},"schema":{"@context":"https:\/\/schema.org","@graph":[{"@type":"Article","@id":"https:\/\/brasilnoticias.org\/site\/suspeito-de-homicidio-e-preso-em-camacari-na-bahia-crime-ocorreu-no-final-de-maio\/#article","isPartOf":{"@id":"https:\/\/brasilnoticias.org\/site\/suspeito-de-homicidio-e-preso-em-camacari-na-bahia-crime-ocorreu-no-final-de-maio\/"},"author":{"name":"Reda\u00e7\u00e3o","@id":"https:\/\/brasilnoticias.org\/site\/#\/schema\/person\/a0e05b973ec4d15c658d51911e53507b"},"headline":"Suspeito de homic\u00eddio \u00e9 preso em Cama\u00e7ari, na Bahia; crime ocorreu no final de maio","datePublished":"2023-06-30T21:30:52+00:00","mainEntityOfPage":{"@id":"https:\/\/brasilnoticias.org\/site\/suspeito-de-homicidio-e-preso-em-camacari-na-bahia-crime-ocorreu-no-final-de-maio\/"},"wordCount":201,"commentCount":0,"publisher":{"@id":"https:\/\/brasilnoticias.org\/site\/#organization"},"image":{"@id":"https:\/\/brasilnoticias.org\/site\/suspeito-de-homicidio-e-preso-em-camacari-na-bahia-crime-ocorreu-no-final-de-maio\/#primaryimage"},"thumbnailUrl":"https:\/\/brasilnoticias.org\/site\/wp-content\/uploads\/2023\/06\/whatsapp-image-2023-05-31-at-16.09.13.webp","articleSection":["Pol\u00edcia","\u00daltimas"],"inLanguage":"pt-PT","potentialAction":[{"@type":"CommentAction","name":"Comment","target":["https:\/\/brasilnoticias.org\/site\/suspeito-de-homicidio-e-preso-em-camacari-na-bahia-crime-ocorreu-no-final-de-maio\/#respond"]}]},{"@type":"WebPage","@id":"https:\/\/brasilnoticias.org\/site\/suspeito-de-homicidio-e-preso-em-camacari-na-bahia-crime-ocorreu-no-final-de-maio\/","url":"https:\/\/brasilnoticias.org\/site\/suspeito-de-homicidio-e-preso-em-camacari-na-bahia-crime-ocorreu-no-final-de-maio\/","name":"Suspeito de homic\u00eddio \u00e9 preso em Cama\u00e7ari, na Bahia; crime ocorreu no final de maio - Brasil not\u00edcias","isPartOf":{"@id":"https:\/\/brasilnoticias.org\/site\/#website"},"primaryImageOfPage":{"@id":"https:\/\/brasilnoticias.org\/site\/suspeito-de-homicidio-e-preso-em-camacari-na-bahia-crime-ocorreu-no-final-de-maio\/#primaryimage"},"image":{"@id":"https:\/\/brasilnoticias.org\/site\/suspeito-de-homicidio-e-preso-em-camacari-na-bahia-crime-ocorreu-no-final-de-maio\/#primaryimage"},"thumbnailUrl":"https:\/\/brasilnoticias.org\/site\/wp-content\/uploads\/2023\/06\/whatsapp-image-2023-05-31-at-16.09.13.webp","datePublished":"2023-06-30T21:30:52+00:00","breadcrumb":{"@id":"https:\/\/brasilnoticias.org\/site\/suspeito-de-homicidio-e-preso-em-camacari-na-bahia-crime-ocorreu-no-final-de-maio\/#breadcrumb"},"inLanguage":"pt-PT","potentialAction":[{"@type":"ReadAction","target":["https:\/\/brasilnoticias.org\/site\/suspeito-de-homicidio-e-preso-em-camacari-na-bahia-crime-ocorreu-no-final-de-maio\/"]}]},{"@type":"ImageObject","inLanguage":"pt-PT","@id":"https:\/\/brasilnoticias.org\/site\/suspeito-de-homicidio-e-preso-em-camacari-na-bahia-crime-ocorreu-no-final-de-maio\/#primaryimage","url":"https:\/\/brasilnoticias.org\/site\/wp-content\/uploads\/2023\/06\/whatsapp-image-2023-05-31-at-16.09.13.webp","contentUrl":"https:\/\/brasilnoticias.org\/site\/wp-content\/uploads\/2023\/06\/whatsapp-image-2023-05-31-at-16.09.13.webp","width":600,"height":400},{"@type":"BreadcrumbList","@id":"https:\/\/brasilnoticias.org\/site\/suspeito-de-homicidio-e-preso-em-camacari-na-bahia-crime-ocorreu-no-final-de-maio\/#breadcrumb","itemListElement":[{"@type":"ListItem","position":1,"name":"In\u00edcio","item":"https:\/\/brasilnoticias.org\/site\/"},{"@type":"ListItem","position":2,"name":"Suspeito de homic\u00eddio \u00e9 preso em Cama\u00e7ari, na Bahia; crime ocorreu no final de maio"}]},{"@type":"WebSite","@id":"https:\/\/brasilnoticias.org\/site\/#website","url":"https:\/\/brasilnoticias.org\/site\/","name":"Brasil not\u00edcias","description":"Brasil not\u00edcias","publisher":{"@id":"https:\/\/brasilnoticias.org\/site\/#organization"},"potentialAction":[{"@type":"SearchAction","target":{"@type":"EntryPoint","urlTemplate":"https:\/\/brasilnoticias.org\/site\/?s={search_term_string}"},"query-input":{"@type":"PropertyValueSpecification","valueRequired":true,"valueName":"search_term_string"}}],"inLanguage":"pt-PT"},{"@type":"Organization","@id":"https:\/\/brasilnoticias.org\/site\/#organization","name":"Brasil not\u00edcias","url":"https:\/\/brasilnoticias.org\/site\/","logo":{"@type":"ImageObject","inLanguage":"pt-PT","@id":"https:\/\/brasilnoticias.org\/site\/#\/schema\/logo\/image\/","url":"https:\/\/brasilnoticias.org\/site\/wp-content\/uploads\/2022\/05\/cropped-brasilnoticias-mini.jpg","contentUrl":"https:\/\/brasilnoticias.org\/site\/wp-content\/uploads\/2022\/05\/cropped-brasilnoticias-mini.jpg","width":314,"height":86,"caption":"Brasil not\u00edcias"},"image":{"@id":"https:\/\/brasilnoticias.org\/site\/#\/schema\/logo\/image\/"}},{"@type":"Person","@id":"https:\/\/brasilnoticias.org\/site\/#\/schema\/person\/a0e05b973ec4d15c658d51911e53507b","name":"Reda\u00e7\u00e3o","image":{"@type":"ImageObject","inLanguage":"pt-PT","@id":"https:\/\/brasilnoticias.org\/site\/#\/schema\/person\/image\/","url":"https:\/\/secure.gravatar.com\/avatar\/75d8b050df2de108b08ae78dfb8e374892df24a383c67db9c46a9c604f6aee9c?s=96&d=mm&r=g","contentUrl":"https:\/\/secure.gravatar.com\/avatar\/75d8b050df2de108b08ae78dfb8e374892df24a383c67db9c46a9c604f6aee9c?s=96&d=mm&r=g","caption":"Reda\u00e7\u00e3o"},"sameAs":["https:\/\/brasilnoticias.org\/site"],"url":"https:\/\/brasilnoticias.org\/site\/author\/fernandozsngmail-com\/"}]}},"_links":{"self":[{"href":"https:\/\/brasilnoticias.org\/site\/wp-json\/wp\/v2\/posts\/7027","targetHints":{"allow":["GET"]}}],"collection":[{"href":"https:\/\/brasilnoticias.org\/site\/wp-json\/wp\/v2\/posts"}],"about":[{"href":"https:\/\/brasilnoticias.org\/site\/wp-json\/wp\/v2\/types\/post"}],"author":[{"embeddable":true,"href":"https:\/\/brasilnoticias.org\/site\/wp-json\/wp\/v2\/users\/1"}],"replies":[{"embeddable":true,"href":"https:\/\/brasilnoticias.org\/site\/wp-json\/wp\/v2\/comments?post=7027"}],"version-history":[{"count":1,"href":"https:\/\/brasilnoticias.org\/site\/wp-json\/wp\/v2\/posts\/7027\/revisions"}],"predecessor-version":[{"id":7029,"href":"https:\/\/brasilnoticias.org\/site\/wp-json\/wp\/v2\/posts\/7027\/revisions\/7029"}],"wp:featuredmedia":[{"embeddable":true,"href":"https:\/\/brasilnoticias.org\/site\/wp-json\/wp\/v2\/media\/7028"}],"wp:attachment":[{"href":"https:\/\/brasilnoticias.org\/site\/wp-json\/wp\/v2\/media?parent=7027"}],"wp:term":[{"taxonomy":"category","embeddable":true,"href":"https:\/\/brasilnoticias.org\/site\/wp-json\/wp\/v2\/categories?post=7027"},{"taxonomy":"post_tag","embeddable":true,"href":"https:\/\/brasilnoticias.org\/site\/wp-json\/wp\/v2\/tags?post=7027"}],"curies":[{"name":"wp","href":"https:\/\/api.w.org\/{rel}","templated":true}]}}